{"id":10570,"date":"2026-04-27T18:15:24","date_gmt":"2026-04-27T14:15:24","guid":{"rendered":"https:\/\/amip.az\/?p=10570"},"modified":"2026-04-27T18:15:53","modified_gmt":"2026-04-27T14:15:53","slug":"pasinyanin-s%c9%99rh%c9%99dl%c9%99-bagli-aciqlamasina-bakidan-reaksiya-mubahis%c9%99li-%c9%99razil%c9%99r-var","status":"publish","type":"post","link":"https:\/\/amip.az\/az\/2026\/04\/27\/pasinyanin-s%c9%99rh%c9%99dl%c9%99-bagli-aciqlamasina-bakidan-reaksiya-mubahis%c9%99li-%c9%99razil%c9%99r-var\/","title":{"rendered":"Pa\u015finyan\u0131n s\u0259rh\u0259dl\u0259 ba\u011fl\u0131 a\u00e7\u0131qlamas\u0131na Bak\u0131dan REAKS\u0130YA: \u201cM\u00fcbahis\u0259li \u0259razil\u0259r var&#8230;\u201d"},"content":{"rendered":"\n<p><strong>Erm\u0259nistan\u0131n s\u0259rh\u0259dl\u0259ri il\u0259 ba\u011fl\u0131 son iki ild\u0259 ba\u015f ver\u0259n m\u00fch\u00fcm inki\u015faf s\u0259rh\u0259d qo\u015funlar\u0131n\u0131n xidm\u0259t etdiyi s\u0259rh\u0259din 12 kilometrlik demarkasiya olunmu\u015f hiss\u0259sinin olmas\u0131d\u0131r. Bu bar\u0259d\u0259 Ba\u015f nazir Nikol Pa\u015finyan bildirib.<\/strong><\/p>\n\n\n\n<p>Pa\u015finyan qeyd edib ki, s\u00f6z\u00fcged\u0259n 12 kilometr s\u0259rh\u0259din yegan\u0259 hiss\u0259sidir ki, Erm\u0259nistan v\u0259 Az\u0259rbaycan silahl\u0131 q\u00fcvv\u0259l\u0259rinin \u00fczvl\u0259ri d\u0259bilq\u0259siz, \u201cbronejiletsiz\u201d xidm\u0259t edir v\u0259 silahlar torbalarda saxlan\u0131l\u0131r. \u201cBizim ist\u0259yimiz v\u0259 m\u0259qs\u0259dimiz Erm\u0259nistan Respublikas\u0131n\u0131n s\u0259rh\u0259dinin b\u00fct\u00fcn hiss\u0259l\u0259rinin s\u0259rh\u0259d qo\u015funlar\u0131n\u0131n m\u0259suliyy\u0259tind\u0259 olmas\u0131n\u0131 t\u0259min etm\u0259kdir. Biz bu istiqam\u0259td\u0259 ir\u0259lil\u0259yirik. \u018flb\u0259tt\u0259 ki, yax\u0131n g\u0259l\u0259c\u0259kd\u0259 Erm\u0259nistan v\u0259 Az\u0259rbaycan aras\u0131nda s\u0259rh\u0259din demarkasiyas\u0131 prosesini davam etdir\u0259c\u0259yik v\u0259 prosesi m\u0259ntiqli m\u00fcdd\u0259t \u0259rzind\u0259 ba\u015fa \u00e7atd\u0131raca\u011f\u0131q, &#8211; Pa\u015finyan \u0259lav\u0259 edib.<\/p>\n\n\n\n<p><strong>Milli M\u0259clisin \u00fczv\u00fc Arzuxan \u018flizad\u0259 <\/strong>Musavat.com-a \u015f\u0259rhind\u0259 xat\u0131rlad\u0131b ki,<strong>\u00a0<\/strong>Az\u0259rbaycanla Erm\u0259nistan aras\u0131nda yekun s\u00fclh m\u00fcqavil\u0259sinin imzalanmas\u0131 \u00fc\u00e7\u00fcn Erm\u0259nistan\u0131n \u00fcz\u0259rin\u0259 g\u00f6t\u00fcrd\u00fcy\u00fc bir s\u0131ra \u00f6hd\u0259likl\u0259r var: \u201c\u0130lk n\u00f6vb\u0259d\u0259 Erm\u0259nistan Konstitusiyas\u0131ndan Az\u0259rbaycana qar\u015f\u0131 \u0259razi iddialar\u0131n\u0131 \u00f6z\u00fcnd\u0259 ehtiva ed\u0259n m\u00fcdd\u0259alar \u00e7\u0131xar\u0131lmal\u0131d\u0131r. Bu, bizim h\u0259m h\u00fcquqi, h\u0259m d\u0259 \u0259dal\u0259t bax\u0131m\u0131ndan t\u0259l\u0259bimizdir. Dig\u0259r \u00f6hd\u0259likl\u0259r\u0259 g\u0259linc\u0259, s\u00fclh\u0259 nail olmaq \u00fc\u00e7\u00fcn demarkasiya v\u0259 delimitasiya prosesl\u0259ri yekunla\u015fmal\u0131d\u0131r. Bu m\u0259qs\u0259dl\u0259 \u00f6lk\u0259l\u0259rimiz aras\u0131nda Az\u0259rbaycan\u0131 v\u0259 Erm\u0259nistan\u0131 h\u00f6kum\u0259t s\u0259viyy\u0259sind\u0259 t\u0259msil ed\u0259n h\u00f6kum\u0259tl\u0259raras\u0131 komissiyalar f\u0259aliyy\u0259t g\u00f6st\u0259rir. Komissiyalar\u0131n s\u0259rh\u0259d zonalar\u0131nda bir ne\u00e7\u0259 d\u0259f\u0259 iclas\u0131 ke\u00e7irilib.<\/p>\n\n\n\n<p><strong>M\u0259lum oldu\u011fu kimi, Qazax\u0131n i\u015f\u011fal alt\u0131nda qalan k\u0259ndl\u0259ri il\u0259 ba\u011fl\u0131 m\u00fc\u0259yy\u0259n q\u0259rar verilib, amma m\u00fcbahis\u0259li \u0259razil\u0259r yen\u0259 d\u0259 qalmaqdad\u0131r. Eyni zamanda, Erm\u0259nistanla s\u0259rh\u0259d boyu bir \u00e7ox problem qalmaqdad\u0131r. Proses ara verilm\u0259kl\u0259 davam etm\u0259kd\u0259dir. Delimitasiya s\u0259rh\u0259dl\u0259rin daha geni\u015f x\u0259rit\u0259l\u0259r \u00fcz\u0259rind\u0259 m\u00fc\u0259yy\u0259n edilm\u0259sidir. Bu m\u0259rh\u0259l\u0259d\u0259 co\u011frafi relyef v\u0259 dig\u0259r amill\u0259r n\u0259z\u0259r\u0259 al\u0131n\u0131r. Demarkasiya is\u0259 s\u0259rh\u0259dl\u0259rin m\u00fc\u0259yy\u0259n edilm\u0259sinin ikinci v\u0259 yekun m\u0259rh\u0259l\u0259sidir. Bu proses\u0259 h\u00fcquqi n\u00f6qteyi-n\u0259z\u0259rd\u0259n yana\u015f\u0131lmal\u0131d\u0131r. M\u0259s\u0259l\u0259nin siyasi t\u0259r\u0259fi d\u0259 var. Az\u0259rbaycan v\u0259 Erm\u0259nistan aras\u0131nda m\u00fcbahis\u0259li s\u0259rh\u0259dl\u0259r m\u00f6vcuddur. Bu s\u0259rh\u0259dl\u0259r t\u0259kc\u0259 texniki t\u0259r\u0259fd\u0259n deyil, siyasi dan\u0131\u015f\u0131qlar yolu il\u0259 m\u00fc\u0259yy\u0259n olunmal\u0131d\u0131r. Proses \u0259slind\u0259 siyasi bax\u0131mdan m\u0259s\u0259l\u0259nin h\u0259ll olunmas\u0131 \u00fc\u00e7\u00fcn dan\u0131\u015f\u0131qlardan ke\u00e7ir\u201d.<\/strong><\/p>\n\n\n\n<p>Deputat\u0131n fikrinc\u0259, Erm\u0259nistanda parlament se\u00e7kil\u0259rind\u0259n sonra Nikol Pa\u015finyan hakimiyy\u0259tini qoruyub saxlaya bils\u0259, s\u00f6z verdiyi kimi, Erm\u0259nistan Konstitusiyas\u0131ndan Az\u0259rbaycana qar\u015f\u0131 \u0259razi iddialar\u0131n\u0131 ehtiva ed\u0259n m\u00fcdd\u0259alar \u00e7\u0131xar\u0131la bil\u0259r. A.\u018flizad\u0259y\u0259 g\u00f6r\u0259, yaln\u0131z bundan sonra yekun s\u00fclh sazi\u015finin imzalanmas\u0131 bar\u0259d\u0259 dan\u0131\u015fmaq m\u00fcmk\u00fcnd\u00fcr.<\/p>\n","protected":false},"excerpt":{"rendered":"<p>Erm\u0259nistan\u0131n s\u0259rh\u0259dl\u0259ri il\u0259 ba\u011fl\u0131 son iki ild\u0259 ba\u015f ver\u0259n m\u00fch\u00fcm inki\u015faf s\u0259rh\u0259d qo\u015funlar\u0131n\u0131n xidm\u0259t etdiyi s\u0259rh\u0259din 12 kilometrlik demarkasiya olunmu\u015f hiss\u0259sinin olmas\u0131d\u0131r. Bu bar\u0259d\u0259 Ba\u015f nazir Nikol Pa\u015finyan bildirib. Pa\u015finyan qeyd edib ki, s\u00f6z\u00fcged\u0259n 12 kilometr s\u0259rh\u0259din yegan\u0259 hiss\u0259sidir ki, Erm\u0259nistan v\u0259 Az\u0259rbaycan silahl\u0131 q\u00fcvv\u0259l\u0259rinin \u00fczvl\u0259ri d\u0259bilq\u0259siz, \u201cbronejiletsiz\u201d xidm\u0259t edir v\u0259 silahlar torbalarda saxlan\u0131l\u0131r. \u201cBizim ist\u0259yimiz v\u0259 m\u0259qs\u0259dimiz Erm\u0259nistan Respublikas\u0131n\u0131n s\u0259rh\u0259dinin b\u00fct\u00fcn hiss\u0259l\u0259rinin s\u0259rh\u0259d qo\u015funlar\u0131n\u0131n m\u0259suliyy\u0259tind\u0259 olmas\u0131n\u0131 t\u0259min etm\u0259kdir. Biz bu istiqam\u0259td\u0259 ir\u0259lil\u0259yirik. \u018flb\u0259tt\u0259 ki, yax\u0131n g\u0259l\u0259c\u0259kd\u0259 Erm\u0259nistan v\u0259 Az\u0259rbaycan aras\u0131nda s\u0259rh\u0259din demarkasiyas\u0131 prosesini [&hellip;]<\/p>\n","protected":false},"author":2,"featured_media":10376,"comment_status":"closed","ping_status":"closed","sticky":false,"template":"","format":"standard","meta":{"footnotes":""},"categories":[10],"tags":[],"class_list":["post-10570","post","type-post","status-publish","format-standard","has-post-thumbnail","hentry","category-kiv"],"yoast_head":"<!-- This site is optimized with the Yoast SEO plugin v23.8 - https:\/\/yoast.com\/wordpress\/plugins\/seo\/ -->\n<title>Pa\u015finyan\u0131n s\u0259rh\u0259dl\u0259 ba\u011fl\u0131 a\u00e7\u0131qlamas\u0131na Bak\u0131dan REAKS\u0130YA: \u201cM\u00fcbahis\u0259li \u0259razil\u0259r var...\u201d - Az\u0259rbaycan Milli \u0130stiqlal Partiyas\u0131<\/title>\n<meta name=\"robots\" content=\"index, follow, max-snippet:-1, max-image-preview:large, max-video-preview:-1\" \/>\n<link rel=\"canonical\" href=\"https:\/\/amip.az\/az\/2026\/04\/27\/pasinyanin-s\u0259rh\u0259dl\u0259-bagli-aciqlamasina-bakidan-reaksiya-mubahis\u0259li-\u0259razil\u0259r-var\/\" \/>\n<meta property=\"og:locale\" content=\"az_AZ\" \/>\n<meta property=\"og:type\" content=\"article\" \/>\n<meta property=\"og:title\" content=\"Pa\u015finyan\u0131n s\u0259rh\u0259dl\u0259 ba\u011fl\u0131 a\u00e7\u0131qlamas\u0131na Bak\u0131dan REAKS\u0130YA: \u201cM\u00fcbahis\u0259li \u0259razil\u0259r var...\u201d - Az\u0259rbaycan Milli \u0130stiqlal Partiyas\u0131\" \/>\n<meta property=\"og:description\" content=\"Erm\u0259nistan\u0131n s\u0259rh\u0259dl\u0259ri il\u0259 ba\u011fl\u0131 son iki ild\u0259 ba\u015f ver\u0259n m\u00fch\u00fcm inki\u015faf s\u0259rh\u0259d qo\u015funlar\u0131n\u0131n xidm\u0259t etdiyi s\u0259rh\u0259din 12 kilometrlik demarkasiya olunmu\u015f hiss\u0259sinin olmas\u0131d\u0131r. Bu bar\u0259d\u0259 Ba\u015f nazir Nikol Pa\u015finyan bildirib. Pa\u015finyan qeyd edib ki, s\u00f6z\u00fcged\u0259n 12 kilometr s\u0259rh\u0259din yegan\u0259 hiss\u0259sidir ki, Erm\u0259nistan v\u0259 Az\u0259rbaycan silahl\u0131 q\u00fcvv\u0259l\u0259rinin \u00fczvl\u0259ri d\u0259bilq\u0259siz, \u201cbronejiletsiz\u201d xidm\u0259t edir v\u0259 silahlar torbalarda saxlan\u0131l\u0131r. \u201cBizim ist\u0259yimiz v\u0259 m\u0259qs\u0259dimiz Erm\u0259nistan Respublikas\u0131n\u0131n s\u0259rh\u0259dinin b\u00fct\u00fcn hiss\u0259l\u0259rinin s\u0259rh\u0259d qo\u015funlar\u0131n\u0131n m\u0259suliyy\u0259tind\u0259 olmas\u0131n\u0131 t\u0259min etm\u0259kdir. Biz bu istiqam\u0259td\u0259 ir\u0259lil\u0259yirik. \u018flb\u0259tt\u0259 ki, yax\u0131n g\u0259l\u0259c\u0259kd\u0259 Erm\u0259nistan v\u0259 Az\u0259rbaycan aras\u0131nda s\u0259rh\u0259din demarkasiyas\u0131 prosesini [&hellip;]\" \/>\n<meta property=\"og:url\" content=\"https:\/\/amip.az\/az\/2026\/04\/27\/pasinyanin-s\u0259rh\u0259dl\u0259-bagli-aciqlamasina-bakidan-reaksiya-mubahis\u0259li-\u0259razil\u0259r-var\/\" \/>\n<meta property=\"og:site_name\" content=\"Az\u0259rbaycan Milli \u0130stiqlal Partiyas\u0131\" \/>\n<meta property=\"article:publisher\" content=\"https:\/\/www.facebook.com\/istiqlal91\" \/>\n<meta property=\"article:published_time\" content=\"2026-04-27T14:15:24+00:00\" \/>\n<meta property=\"article:modified_time\" content=\"2026-04-27T14:15:53+00:00\" \/>\n<meta property=\"og:image\" content=\"https:\/\/amip.az\/wp-content\/uploads\/2026\/04\/arzuxan.jpg\" \/>\n\t<meta property=\"og:image:width\" content=\"700\" \/>\n\t<meta property=\"og:image:height\" content=\"433\" \/>\n\t<meta property=\"og:image:type\" content=\"image\/jpeg\" \/>\n<meta name=\"author\" content=\"admin_amip\" \/>\n<meta name=\"twitter:card\" content=\"summary_large_image\" \/>\n<meta name=\"twitter:creator\" content=\"@APartiyas\" \/>\n<meta name=\"twitter:site\" content=\"@APartiyas\" \/>\n<meta name=\"twitter:label1\" content=\"Written by\" \/>\n\t<meta name=\"twitter:data1\" content=\"admin_amip\" \/>\n\t<meta name=\"twitter:label2\" content=\"Est. reading time\" \/>\n\t<meta name=\"twitter:data2\" content=\"2 minutes\" \/>\n<script type=\"application\/ld+json\" class=\"yoast-schema-graph\">{\"@context\":\"https:\/\/schema.org\",\"@graph\":[{\"@type\":\"Article\",\"@id\":\"https:\/\/amip.az\/2026\/04\/27\/pasinyanin-s%c9%99rh%c9%99dl%c9%99-bagli-aciqlamasina-bakidan-reaksiya-mubahis%c9%99li-%c9%99razil%c9%99r-var\/#article\",\"isPartOf\":{\"@id\":\"https:\/\/amip.az\/2026\/04\/27\/pasinyanin-s%c9%99rh%c9%99dl%c9%99-bagli-aciqlamasina-bakidan-reaksiya-mubahis%c9%99li-%c9%99razil%c9%99r-var\/\"},\"author\":{\"name\":\"admin_amip\",\"@id\":\"https:\/\/amip.az\/az\/#\/schema\/person\/a7055ff0b4631c41849ee16f8ff51da7\"},\"headline\":\"Pa\u015finyan\u0131n s\u0259rh\u0259dl\u0259 ba\u011fl\u0131 a\u00e7\u0131qlamas\u0131na Bak\u0131dan REAKS\u0130YA: \u201cM\u00fcbahis\u0259li \u0259razil\u0259r var&#8230;\u201d\",\"datePublished\":\"2026-04-27T14:15:24+00:00\",\"dateModified\":\"2026-04-27T14:15:53+00:00\",\"mainEntityOfPage\":{\"@id\":\"https:\/\/amip.az\/2026\/04\/27\/pasinyanin-s%c9%99rh%c9%99dl%c9%99-bagli-aciqlamasina-bakidan-reaksiya-mubahis%c9%99li-%c9%99razil%c9%99r-var\/\"},\"wordCount\":613,\"publisher\":{\"@id\":\"https:\/\/amip.az\/az\/#organization\"},\"image\":{\"@id\":\"https:\/\/amip.az\/2026\/04\/27\/pasinyanin-s%c9%99rh%c9%99dl%c9%99-bagli-aciqlamasina-bakidan-reaksiya-mubahis%c9%99li-%c9%99razil%c9%99r-var\/#primaryimage\"},\"thumbnailUrl\":\"https:\/\/amip.az\/wp-content\/uploads\/2026\/04\/arzuxan.jpg\",\"articleSection\":[\"K\u0130V\"],\"inLanguage\":\"az\"},{\"@type\":\"WebPage\",\"@id\":\"https:\/\/amip.az\/2026\/04\/27\/pasinyanin-s%c9%99rh%c9%99dl%c9%99-bagli-aciqlamasina-bakidan-reaksiya-mubahis%c9%99li-%c9%99razil%c9%99r-var\/\",\"url\":\"https:\/\/amip.az\/2026\/04\/27\/pasinyanin-s%c9%99rh%c9%99dl%c9%99-bagli-aciqlamasina-bakidan-reaksiya-mubahis%c9%99li-%c9%99razil%c9%99r-var\/\",\"name\":\"Pa\u015finyan\u0131n s\u0259rh\u0259dl\u0259 ba\u011fl\u0131 a\u00e7\u0131qlamas\u0131na Bak\u0131dan REAKS\u0130YA: \u201cM\u00fcbahis\u0259li \u0259razil\u0259r var...\u201d - Az\u0259rbaycan Milli \u0130stiqlal Partiyas\u0131\",\"isPartOf\":{\"@id\":\"https:\/\/amip.az\/az\/#website\"},\"primaryImageOfPage\":{\"@id\":\"https:\/\/amip.az\/2026\/04\/27\/pasinyanin-s%c9%99rh%c9%99dl%c9%99-bagli-aciqlamasina-bakidan-reaksiya-mubahis%c9%99li-%c9%99razil%c9%99r-var\/#primaryimage\"},\"image\":{\"@id\":\"https:\/\/amip.az\/2026\/04\/27\/pasinyanin-s%c9%99rh%c9%99dl%c9%99-bagli-aciqlamasina-bakidan-reaksiya-mubahis%c9%99li-%c9%99razil%c9%99r-var\/#primaryimage\"},\"thumbnailUrl\":\"https:\/\/amip.az\/wp-content\/uploads\/2026\/04\/arzuxan.jpg\",\"datePublished\":\"2026-04-27T14:15:24+00:00\",\"dateModified\":\"2026-04-27T14:15:53+00:00\",\"breadcrumb\":{\"@id\":\"https:\/\/amip.az\/2026\/04\/27\/pasinyanin-s%c9%99rh%c9%99dl%c9%99-bagli-aciqlamasina-bakidan-reaksiya-mubahis%c9%99li-%c9%99razil%c9%99r-var\/#breadcrumb\"},\"inLanguage\":\"az\",\"potentialAction\":[{\"@type\":\"ReadAction\",\"target\":[\"https:\/\/amip.az\/2026\/04\/27\/pasinyanin-s%c9%99rh%c9%99dl%c9%99-bagli-aciqlamasina-bakidan-reaksiya-mubahis%c9%99li-%c9%99razil%c9%99r-var\/\"]}]},{\"@type\":\"ImageObject\",\"inLanguage\":\"az\",\"@id\":\"https:\/\/amip.az\/2026\/04\/27\/pasinyanin-s%c9%99rh%c9%99dl%c9%99-bagli-aciqlamasina-bakidan-reaksiya-mubahis%c9%99li-%c9%99razil%c9%99r-var\/#primaryimage\",\"url\":\"https:\/\/amip.az\/wp-content\/uploads\/2026\/04\/arzuxan.jpg\",\"contentUrl\":\"https:\/\/amip.az\/wp-content\/uploads\/2026\/04\/arzuxan.jpg\",\"width\":700,\"height\":433},{\"@type\":\"BreadcrumbList\",\"@id\":\"https:\/\/amip.az\/2026\/04\/27\/pasinyanin-s%c9%99rh%c9%99dl%c9%99-bagli-aciqlamasina-bakidan-reaksiya-mubahis%c9%99li-%c9%99razil%c9%99r-var\/#breadcrumb\",\"itemListElement\":[{\"@type\":\"ListItem\",\"position\":1,\"name\":\"Home\",\"item\":\"https:\/\/amip.az\/\"},{\"@type\":\"ListItem\",\"position\":2,\"name\":\"Pa\u015finyan\u0131n s\u0259rh\u0259dl\u0259 ba\u011fl\u0131 a\u00e7\u0131qlamas\u0131na Bak\u0131dan REAKS\u0130YA: \u201cM\u00fcbahis\u0259li \u0259razil\u0259r var&#8230;\u201d\"}]},{\"@type\":\"WebSite\",\"@id\":\"https:\/\/amip.az\/az\/#website\",\"url\":\"https:\/\/amip.az\/az\/\",\"name\":\"Az\u0259rbaycan Milli \u0130stiqlal Partiyas\u0131\",\"description\":\"AM\u0130P\",\"publisher\":{\"@id\":\"https:\/\/amip.az\/az\/#organization\"},\"potentialAction\":[{\"@type\":\"SearchAction\",\"target\":{\"@type\":\"EntryPoint\",\"urlTemplate\":\"https:\/\/amip.az\/az\/?s={search_term_string}\"},\"query-input\":{\"@type\":\"PropertyValueSpecification\",\"valueRequired\":true,\"valueName\":\"search_term_string\"}}],\"inLanguage\":\"az\"},{\"@type\":\"Organization\",\"@id\":\"https:\/\/amip.az\/az\/#organization\",\"name\":\"Az\u0259rbaycan Milli \u0130stiqlal Partiyas\u0131\",\"url\":\"https:\/\/amip.az\/az\/\",\"logo\":{\"@type\":\"ImageObject\",\"inLanguage\":\"az\",\"@id\":\"https:\/\/amip.az\/az\/#\/schema\/logo\/image\/\",\"url\":\"https:\/\/amip.az\/wp-content\/uploads\/2023\/06\/amiplogo.png\",\"contentUrl\":\"https:\/\/amip.az\/wp-content\/uploads\/2023\/06\/amiplogo.png\",\"width\":723,\"height\":423,\"caption\":\"Az\u0259rbaycan Milli \u0130stiqlal Partiyas\u0131\"},\"image\":{\"@id\":\"https:\/\/amip.az\/az\/#\/schema\/logo\/image\/\"},\"sameAs\":[\"https:\/\/www.facebook.com\/istiqlal91\",\"https:\/\/x.com\/APartiyas\",\"https:\/\/www.youtube.com\/channel\/UCF3pc8spko_xON2sr4vUC5A\"]},{\"@type\":\"Person\",\"@id\":\"https:\/\/amip.az\/az\/#\/schema\/person\/a7055ff0b4631c41849ee16f8ff51da7\",\"name\":\"admin_amip\",\"image\":{\"@type\":\"ImageObject\",\"inLanguage\":\"az\",\"@id\":\"https:\/\/amip.az\/az\/#\/schema\/person\/image\/\",\"url\":\"https:\/\/secure.gravatar.com\/avatar\/6c3dc6902fd066c5a5d68c8f0038dcc56ec283faa7337f8e6b219cf7e7321d3f?s=96&d=mm&r=g\",\"contentUrl\":\"https:\/\/secure.gravatar.com\/avatar\/6c3dc6902fd066c5a5d68c8f0038dcc56ec283faa7337f8e6b219cf7e7321d3f?s=96&d=mm&r=g\",\"caption\":\"admin_amip\"},\"url\":\"https:\/\/amip.az\/az\/author\/admin_amip\/\"}]}<\/script>\n<!-- \/ Yoast SEO plugin. -->","yoast_head_json":{"title":"Pa\u015finyan\u0131n s\u0259rh\u0259dl\u0259 ba\u011fl\u0131 a\u00e7\u0131qlamas\u0131na Bak\u0131dan REAKS\u0130YA: \u201cM\u00fcbahis\u0259li \u0259razil\u0259r var...\u201d - Az\u0259rbaycan Milli \u0130stiqlal Partiyas\u0131","robots":{"index":"index","follow":"follow","max-snippet":"max-snippet:-1","max-image-preview":"max-image-preview:large","max-video-preview":"max-video-preview:-1"},"canonical":"https:\/\/amip.az\/az\/2026\/04\/27\/pasinyanin-s\u0259rh\u0259dl\u0259-bagli-aciqlamasina-bakidan-reaksiya-mubahis\u0259li-\u0259razil\u0259r-var\/","og_locale":"az_AZ","og_type":"article","og_title":"Pa\u015finyan\u0131n s\u0259rh\u0259dl\u0259 ba\u011fl\u0131 a\u00e7\u0131qlamas\u0131na Bak\u0131dan REAKS\u0130YA: \u201cM\u00fcbahis\u0259li \u0259razil\u0259r var...\u201d - Az\u0259rbaycan Milli \u0130stiqlal Partiyas\u0131","og_description":"Erm\u0259nistan\u0131n s\u0259rh\u0259dl\u0259ri il\u0259 ba\u011fl\u0131 son iki ild\u0259 ba\u015f ver\u0259n m\u00fch\u00fcm inki\u015faf s\u0259rh\u0259d qo\u015funlar\u0131n\u0131n xidm\u0259t etdiyi s\u0259rh\u0259din 12 kilometrlik demarkasiya olunmu\u015f hiss\u0259sinin olmas\u0131d\u0131r. Bu bar\u0259d\u0259 Ba\u015f nazir Nikol Pa\u015finyan bildirib. Pa\u015finyan qeyd edib ki, s\u00f6z\u00fcged\u0259n 12 kilometr s\u0259rh\u0259din yegan\u0259 hiss\u0259sidir ki, Erm\u0259nistan v\u0259 Az\u0259rbaycan silahl\u0131 q\u00fcvv\u0259l\u0259rinin \u00fczvl\u0259ri d\u0259bilq\u0259siz, \u201cbronejiletsiz\u201d xidm\u0259t edir v\u0259 silahlar torbalarda saxlan\u0131l\u0131r. \u201cBizim ist\u0259yimiz v\u0259 m\u0259qs\u0259dimiz Erm\u0259nistan Respublikas\u0131n\u0131n s\u0259rh\u0259dinin b\u00fct\u00fcn hiss\u0259l\u0259rinin s\u0259rh\u0259d qo\u015funlar\u0131n\u0131n m\u0259suliyy\u0259tind\u0259 olmas\u0131n\u0131 t\u0259min etm\u0259kdir. Biz bu istiqam\u0259td\u0259 ir\u0259lil\u0259yirik. \u018flb\u0259tt\u0259 ki, yax\u0131n g\u0259l\u0259c\u0259kd\u0259 Erm\u0259nistan v\u0259 Az\u0259rbaycan aras\u0131nda s\u0259rh\u0259din demarkasiyas\u0131 prosesini [&hellip;]","og_url":"https:\/\/amip.az\/az\/2026\/04\/27\/pasinyanin-s\u0259rh\u0259dl\u0259-bagli-aciqlamasina-bakidan-reaksiya-mubahis\u0259li-\u0259razil\u0259r-var\/","og_site_name":"Az\u0259rbaycan Milli \u0130stiqlal Partiyas\u0131","article_publisher":"https:\/\/www.facebook.com\/istiqlal91","article_published_time":"2026-04-27T14:15:24+00:00","article_modified_time":"2026-04-27T14:15:53+00:00","og_image":[{"width":700,"height":433,"url":"https:\/\/amip.az\/wp-content\/uploads\/2026\/04\/arzuxan.jpg","type":"image\/jpeg"}],"author":"admin_amip","twitter_card":"summary_large_image","twitter_creator":"@APartiyas","twitter_site":"@APartiyas","twitter_misc":{"Written by":"admin_amip","Est. reading time":"2 minutes"},"schema":{"@context":"https:\/\/schema.org","@graph":[{"@type":"Article","@id":"https:\/\/amip.az\/2026\/04\/27\/pasinyanin-s%c9%99rh%c9%99dl%c9%99-bagli-aciqlamasina-bakidan-reaksiya-mubahis%c9%99li-%c9%99razil%c9%99r-var\/#article","isPartOf":{"@id":"https:\/\/amip.az\/2026\/04\/27\/pasinyanin-s%c9%99rh%c9%99dl%c9%99-bagli-aciqlamasina-bakidan-reaksiya-mubahis%c9%99li-%c9%99razil%c9%99r-var\/"},"author":{"name":"admin_amip","@id":"https:\/\/amip.az\/az\/#\/schema\/person\/a7055ff0b4631c41849ee16f8ff51da7"},"headline":"Pa\u015finyan\u0131n s\u0259rh\u0259dl\u0259 ba\u011fl\u0131 a\u00e7\u0131qlamas\u0131na Bak\u0131dan REAKS\u0130YA: \u201cM\u00fcbahis\u0259li \u0259razil\u0259r var&#8230;\u201d","datePublished":"2026-04-27T14:15:24+00:00","dateModified":"2026-04-27T14:15:53+00:00","mainEntityOfPage":{"@id":"https:\/\/amip.az\/2026\/04\/27\/pasinyanin-s%c9%99rh%c9%99dl%c9%99-bagli-aciqlamasina-bakidan-reaksiya-mubahis%c9%99li-%c9%99razil%c9%99r-var\/"},"wordCount":613,"publisher":{"@id":"https:\/\/amip.az\/az\/#organization"},"image":{"@id":"https:\/\/amip.az\/2026\/04\/27\/pasinyanin-s%c9%99rh%c9%99dl%c9%99-bagli-aciqlamasina-bakidan-reaksiya-mubahis%c9%99li-%c9%99razil%c9%99r-var\/#primaryimage"},"thumbnailUrl":"https:\/\/amip.az\/wp-content\/uploads\/2026\/04\/arzuxan.jpg","articleSection":["K\u0130V"],"inLanguage":"az"},{"@type":"WebPage","@id":"https:\/\/amip.az\/2026\/04\/27\/pasinyanin-s%c9%99rh%c9%99dl%c9%99-bagli-aciqlamasina-bakidan-reaksiya-mubahis%c9%99li-%c9%99razil%c9%99r-var\/","url":"https:\/\/amip.az\/2026\/04\/27\/pasinyanin-s%c9%99rh%c9%99dl%c9%99-bagli-aciqlamasina-bakidan-reaksiya-mubahis%c9%99li-%c9%99razil%c9%99r-var\/","name":"Pa\u015finyan\u0131n s\u0259rh\u0259dl\u0259 ba\u011fl\u0131 a\u00e7\u0131qlamas\u0131na Bak\u0131dan REAKS\u0130YA: \u201cM\u00fcbahis\u0259li \u0259razil\u0259r var...\u201d - Az\u0259rbaycan Milli \u0130stiqlal Partiyas\u0131","isPartOf":{"@id":"https:\/\/amip.az\/az\/#website"},"primaryImageOfPage":{"@id":"https:\/\/amip.az\/2026\/04\/27\/pasinyanin-s%c9%99rh%c9%99dl%c9%99-bagli-aciqlamasina-bakidan-reaksiya-mubahis%c9%99li-%c9%99razil%c9%99r-var\/#primaryimage"},"image":{"@id":"https:\/\/amip.az\/2026\/04\/27\/pasinyanin-s%c9%99rh%c9%99dl%c9%99-bagli-aciqlamasina-bakidan-reaksiya-mubahis%c9%99li-%c9%99razil%c9%99r-var\/#primaryimage"},"thumbnailUrl":"https:\/\/amip.az\/wp-content\/uploads\/2026\/04\/arzuxan.jpg","datePublished":"2026-04-27T14:15:24+00:00","dateModified":"2026-04-27T14:15:53+00:00","breadcrumb":{"@id":"https:\/\/amip.az\/2026\/04\/27\/pasinyanin-s%c9%99rh%c9%99dl%c9%99-bagli-aciqlamasina-bakidan-reaksiya-mubahis%c9%99li-%c9%99razil%c9%99r-var\/#breadcrumb"},"inLanguage":"az","potentialAction":[{"@type":"ReadAction","target":["https:\/\/amip.az\/2026\/04\/27\/pasinyanin-s%c9%99rh%c9%99dl%c9%99-bagli-aciqlamasina-bakidan-reaksiya-mubahis%c9%99li-%c9%99razil%c9%99r-var\/"]}]},{"@type":"ImageObject","inLanguage":"az","@id":"https:\/\/amip.az\/2026\/04\/27\/pasinyanin-s%c9%99rh%c9%99dl%c9%99-bagli-aciqlamasina-bakidan-reaksiya-mubahis%c9%99li-%c9%99razil%c9%99r-var\/#primaryimage","url":"https:\/\/amip.az\/wp-content\/uploads\/2026\/04\/arzuxan.jpg","contentUrl":"https:\/\/amip.az\/wp-content\/uploads\/2026\/04\/arzuxan.jpg","width":700,"height":433},{"@type":"BreadcrumbList","@id":"https:\/\/amip.az\/2026\/04\/27\/pasinyanin-s%c9%99rh%c9%99dl%c9%99-bagli-aciqlamasina-bakidan-reaksiya-mubahis%c9%99li-%c9%99razil%c9%99r-var\/#breadcrumb","itemListElement":[{"@type":"ListItem","position":1,"name":"Home","item":"https:\/\/amip.az\/"},{"@type":"ListItem","position":2,"name":"Pa\u015finyan\u0131n s\u0259rh\u0259dl\u0259 ba\u011fl\u0131 a\u00e7\u0131qlamas\u0131na Bak\u0131dan REAKS\u0130YA: \u201cM\u00fcbahis\u0259li \u0259razil\u0259r var&#8230;\u201d"}]},{"@type":"WebSite","@id":"https:\/\/amip.az\/az\/#website","url":"https:\/\/amip.az\/az\/","name":"Az\u0259rbaycan Milli \u0130stiqlal Partiyas\u0131","description":"AM\u0130P","publisher":{"@id":"https:\/\/amip.az\/az\/#organization"},"potentialAction":[{"@type":"SearchAction","target":{"@type":"EntryPoint","urlTemplate":"https:\/\/amip.az\/az\/?s={search_term_string}"},"query-input":{"@type":"PropertyValueSpecification","valueRequired":true,"valueName":"search_term_string"}}],"inLanguage":"az"},{"@type":"Organization","@id":"https:\/\/amip.az\/az\/#organization","name":"Az\u0259rbaycan Milli \u0130stiqlal Partiyas\u0131","url":"https:\/\/amip.az\/az\/","logo":{"@type":"ImageObject","inLanguage":"az","@id":"https:\/\/amip.az\/az\/#\/schema\/logo\/image\/","url":"https:\/\/amip.az\/wp-content\/uploads\/2023\/06\/amiplogo.png","contentUrl":"https:\/\/amip.az\/wp-content\/uploads\/2023\/06\/amiplogo.png","width":723,"height":423,"caption":"Az\u0259rbaycan Milli \u0130stiqlal Partiyas\u0131"},"image":{"@id":"https:\/\/amip.az\/az\/#\/schema\/logo\/image\/"},"sameAs":["https:\/\/www.facebook.com\/istiqlal91","https:\/\/x.com\/APartiyas","https:\/\/www.youtube.com\/channel\/UCF3pc8spko_xON2sr4vUC5A"]},{"@type":"Person","@id":"https:\/\/amip.az\/az\/#\/schema\/person\/a7055ff0b4631c41849ee16f8ff51da7","name":"admin_amip","image":{"@type":"ImageObject","inLanguage":"az","@id":"https:\/\/amip.az\/az\/#\/schema\/person\/image\/","url":"https:\/\/secure.gravatar.com\/avatar\/6c3dc6902fd066c5a5d68c8f0038dcc56ec283faa7337f8e6b219cf7e7321d3f?s=96&d=mm&r=g","contentUrl":"https:\/\/secure.gravatar.com\/avatar\/6c3dc6902fd066c5a5d68c8f0038dcc56ec283faa7337f8e6b219cf7e7321d3f?s=96&d=mm&r=g","caption":"admin_amip"},"url":"https:\/\/amip.az\/az\/author\/admin_amip\/"}]}},"_links":{"self":[{"href":"https:\/\/amip.az\/az\/wp-json\/wp\/v2\/posts\/10570","targetHints":{"allow":["GET"]}}],"collection":[{"href":"https:\/\/amip.az\/az\/wp-json\/wp\/v2\/posts"}],"about":[{"href":"https:\/\/amip.az\/az\/wp-json\/wp\/v2\/types\/post"}],"author":[{"embeddable":true,"href":"https:\/\/amip.az\/az\/wp-json\/wp\/v2\/users\/2"}],"replies":[{"embeddable":true,"href":"https:\/\/amip.az\/az\/wp-json\/wp\/v2\/comments?post=10570"}],"version-history":[{"count":2,"href":"https:\/\/amip.az\/az\/wp-json\/wp\/v2\/posts\/10570\/revisions"}],"predecessor-version":[{"id":10572,"href":"https:\/\/amip.az\/az\/wp-json\/wp\/v2\/posts\/10570\/revisions\/10572"}],"wp:featuredmedia":[{"embeddable":true,"href":"https:\/\/amip.az\/az\/wp-json\/wp\/v2\/media\/10376"}],"wp:attachment":[{"href":"https:\/\/amip.az\/az\/wp-json\/wp\/v2\/media?parent=10570"}],"wp:term":[{"taxonomy":"category","embeddable":true,"href":"https:\/\/amip.az\/az\/wp-json\/wp\/v2\/categories?post=10570"},{"taxonomy":"post_tag","embeddable":true,"href":"https:\/\/amip.az\/az\/wp-json\/wp\/v2\/tags?post=10570"}],"curies":[{"name":"wp","href":"https:\/\/api.w.org\/{rel}","templated":true}]}}