{"id":10576,"date":"2026-04-28T07:50:41","date_gmt":"2026-04-28T03:50:41","guid":{"rendered":"https:\/\/amip.az\/?p=10576"},"modified":"2026-04-28T07:50:45","modified_gmt":"2026-04-28T03:50:45","slug":"baki-kiyev-munasib%c9%99tl%c9%99ri-bundan-sonra-da-%c9%99n-yuks%c9%99k-s%c9%99viyy%c9%99d%c9%99-davam-ed%c9%99c%c9%99k-arzuxan-%c9%99lizad%c9%99","status":"publish","type":"post","link":"https:\/\/amip.az\/az\/2026\/04\/28\/baki-kiyev-munasib%c9%99tl%c9%99ri-bundan-sonra-da-%c9%99n-yuks%c9%99k-s%c9%99viyy%c9%99d%c9%99-davam-ed%c9%99c%c9%99k-arzuxan-%c9%99lizad%c9%99\/","title":{"rendered":"\u201cBak\u0131-Kiyev m\u00fcnasib\u0259tl\u0259ri bundan sonra da \u0259n y\u00fcks\u0259k s\u0259viyy\u0259d\u0259 davam ed\u0259c\u0259k\u201d &#8211;\u00a0Arzuxan \u018flizad\u0259"},"content":{"rendered":"\n<p><strong>\u201cUkrayna Prezidenti Volodimir Zelenski aprelin 25-d\u0259 Az\u0259rbaycanda r\u0259smi s\u0259f\u0259rd\u0259 olub v\u0259 Prezident \u0130lham \u018fliyev il\u0259 Q\u0259b\u0259l\u0259 \u015f\u0259h\u0259rind\u0259 g\u00f6r\u00fc\u015f ke\u00e7irib. Bu, Az\u0259rbaycan-Ukrayna m\u00fcnasib\u0259tl\u0259rinin yeni d\u00f6vrd\u0259 inki\u015faf\u0131 bax\u0131m\u0131ndan \u0259lam\u0259tdar hadis\u0259 kimi qiym\u0259tl\u0259ndirilm\u0259lidir. M\u0259lumdur ki, Bak\u0131-Kiyev m\u00fcnasib\u0259tl\u0259ri uzun ill\u0259r \u0259rzind\u0259 artan dinamika il\u0259 inki\u015faf edib. Az\u0259rbaycan v\u0259 Ukrayna m\u00fcxt\u0259lif platformalarda birlikd\u0259 t\u0259msil olunublar. \u0130st\u0259r ke\u00e7mi\u015f Sovet d\u00f6vr\u00fcnd\u0259, ist\u0259rs\u0259 d\u0259 ondan sonrak\u0131 m\u0259rh\u0259l\u0259d\u0259 \u2013 BMT, MDB \u00e7\u0259r\u00e7iv\u0259sind\u0259 v\u0259 dig\u0259r platformalarda h\u0259r iki t\u0259r\u0259f bir-birini m\u00fct\u0259madi olaraq d\u0259st\u0259kl\u0259yib. \u0130ki dost xalq aras\u0131ndak\u0131 m\u00fcnasib\u0259tl\u0259r m\u00fcsb\u0259t m\u0259crada inki\u015faf edir\u201d.<\/strong><\/p>\n\n\n\n<p>Bu s\u00f6zl\u0259ri\u00a0Patrul.az-a a\u00e7\u0131qlamas\u0131nda <strong>Milli M\u0259clisin deputat\u0131 Arzuxan \u018flizad\u0259<\/strong> Ukrayna Prezidenti Volodimir Zelenskinin aprelin 25-d\u0259 \u00f6lk\u0259miz\u0259 s\u0259f\u0259rini v\u0259 Bak\u0131-Kiyev m\u00fcnasib\u0259tl\u0259rinin m\u00f6vcud v\u0259ziyy\u0259tini \u015f\u0259rh ed\u0259rk\u0259n deyib.<\/p>\n\n\n\n<p><strong>Deputat Az\u0259rbaycan\u0131n vaxtil\u0259 d\u00fc\u015fm\u0259n tapda\u011f\u0131 alt\u0131nda olan torpaqlar\u0131n\u0131 xat\u0131rladaraq Ukraynan\u0131n indiki v\u0259ziyy\u0259ti il\u0259 paralell\u0259r apar\u0131b:<\/strong><\/p>\n\n\n\n<p>\u201cM\u0259lumdur ki, Az\u0259rbaycan 30 il \u0259rzind\u0259 \u0259razil\u0259ri i\u015f\u011fal alt\u0131nda olan v\u0259 bundan \u0259ziyy\u0259t \u00e7\u0259k\u0259n d\u00f6vl\u0259t kimi m\u00f6vcud olub. Bu g\u00fcn d\u0259 Ukrayna ciddi probleml\u0259rl\u0259 \u00fcz-\u00fcz\u0259dir. Art\u0131q 4 ild\u0259n \u00e7oxdur ki, Ukraynada Rusiya il\u0259 davam ed\u0259n m\u00fcharib\u0259 n\u0259tic\u0259sind\u0259 \u0259razinin 20 faizi i\u015f\u011fala m\u0259ruz qal\u0131b. N\u0259tic\u0259d\u0259 b\u00f6y\u00fck da\u011f\u0131nt\u0131lar, insan itkil\u0259ri v\u0259 m\u00fcharib\u0259nin h\u0259l\u0259 d\u0259 davam etm\u0259si Ukraynan\u0131 olduqca a\u011f\u0131r v\u0259ziyy\u0259t\u0259 sal\u0131b\u201d.<\/p>\n\n\n\n<p>\u201cM\u0259s\u0259l\u0259 buras\u0131ndad\u0131r ki, bir \u00e7ox d\u00f6vl\u0259tl\u0259rd\u0259n f\u0259rqli olaraq Az\u0259rbaycan daim Ukraynan\u0131n \u0259razi b\u00fct\u00f6vl\u00fcy\u00fcn\u00fc d\u0259st\u0259kl\u0259yib. \u00d6lk\u0259miz bununla ba\u011fl\u0131 m\u00f6vqeyini a\u00e7\u0131q \u015f\u0259kild\u0259 b\u0259yan edib v\u0259 bu istiqam\u0259td\u0259 prinsipial m\u00f6vqe n\u00fcmayi\u015f etdirib. Bunun bariz n\u00fcmun\u0259si m\u00fcharib\u0259 davam etdiyi m\u00fcdd\u0259td\u0259 Az\u0259rbaycan\u0131n Ukraynaya g\u00f6st\u0259rdiyi davaml\u0131 humanitar yard\u0131md\u0131r\u201d.<\/p>\n\n\n\n<p><strong>A. \u018flizad\u0259 h\u0259r iki \u00f6lk\u0259 aras\u0131nda x\u00fcsusil\u0259 enerji sah\u0259sind\u0259 davam ed\u0259n u\u011furlu m\u00fcnasib\u0259tl\u0259ri vur\u011fulay\u0131b:<\/strong><\/p>\n\n\n\n<p>\u201cEyni zamanda enerji sah\u0259sind\u0259 d\u0259 \u0259m\u0259kda\u015fl\u0131\u011f\u0131m\u0131z m\u00f6vcuddur. Dig\u0259r sah\u0259l\u0259rd\u0259 d\u0259 Bak\u0131-Kiyev m\u00fcnasib\u0259tl\u0259ri u\u011furla inki\u015faf edir. Bu d\u00f6vr \u0259rzind\u0259 iki \u00f6lk\u0259 aras\u0131nda 160-dan \u00e7ox s\u0259n\u0259d imzalan\u0131b. Eyni zamanda, 2008-ci ild\u0259 Kiyevd\u0259, 2011-ci ild\u0259 is\u0259 Bak\u0131da iki \u00f6lk\u0259 aras\u0131nda strateji t\u0259r\u0259fda\u015fl\u0131q haqq\u0131nda s\u0259n\u0259dl\u0259r imzalan\u0131b. Bu kontekstd\u0259 m\u00fcnasib\u0259tl\u0259rin davaml\u0131 inki\u015faf\u0131 t\u0259biidir\u201d.<\/p>\n\n\n\n<p><strong>H\u0259ms\u00f6hb\u0259timiz qeyd edib ki, 2022-ci ild\u0259n etibar\u0259n Ukraynada davam ed\u0259n m\u00fcharib\u0259 d\u00f6vr\u00fcnd\u0259 Az\u0259rbaycan bu \u00f6lk\u0259y\u0259 siyasi d\u0259st\u0259yini davam etdirib, iqtisadi bax\u0131mdan is\u0259 humanitar yard\u0131m g\u00f6st\u0259rib:<\/strong><\/p>\n\n\n\n<p>\u201cEyni zamanda, h\u0259m Az\u0259rbaycanda, h\u0259m d\u0259 Ukraynada h\u0259rbi s\u0259naye inki\u015faf edir. Volodimir Zelenskinin bu d\u0259f\u0259ki s\u0259f\u0259ri \u00e7\u0259r\u00e7iv\u0259sind\u0259 bir s\u0131ra s\u0259n\u0259dl\u0259rin imzalanmas\u0131 il\u0259 yana\u015f\u0131, g\u0259l\u0259c\u0259kd\u0259 h\u0259rbi s\u0259naye sah\u0259sind\u0259 \u0259m\u0259kda\u015fl\u0131q, t\u0259cr\u00fcb\u0259 m\u00fcbadil\u0259si v\u0259 h\u0259tta birg\u0259 istehsal m\u00fc\u0259ssis\u0259l\u0259rinin yarad\u0131lmas\u0131 il\u0259 ba\u011fl\u0131 m\u0259s\u0259l\u0259l\u0259r d\u0259 m\u00fczakir\u0259 olunub. \u018fminlikl\u0259 dem\u0259k olar ki, Bak\u0131-Kiyev m\u00fcnasib\u0259tl\u0259ri bundan sonra da \u0259n y\u00fcks\u0259k s\u0259viyy\u0259d\u0259 davam ed\u0259c\u0259k. Az\u0259rbaycan Ukrayna xalq\u0131n\u0131n a\u011f\u0131r g\u00fcnl\u0259rind\u0259 daim yan\u0131nda olub. Prezident \u0130lham \u018fliyevin t\u0259dbirl\u0259rin birind\u0259 s\u0259sl\u0259ndirdiyi \u201cyet\u0259r ki, i\u015f\u011falla bar\u0131\u015fmayas\u0131z\u201d ifad\u0259si d\u0259 ukraynal\u0131lar t\u0259r\u0259find\u0259n y\u00fcks\u0259k qiym\u0259tl\u0259ndirilib. Bu g\u00fcn Ukrayna xalq\u0131 da \u00f6z \u0259razi b\u00fct\u00f6vl\u00fcy\u00fc u\u011frunda f\u0259dakarl\u0131qla m\u00fcbariz\u0259 apar\u0131r. Onlar\u0131n qar\u015f\u0131s\u0131nda Az\u0259rbaycan n\u00fcmun\u0259si var. Biz d\u0259 torpaqlar\u0131m\u0131z\u0131n i\u015f\u011faldan azad olunmas\u0131 istiqam\u0259tind\u0259 ill\u0259rl\u0259 m\u00fcbariz\u0259 apard\u0131q v\u0259 n\u0259hay\u0259t, \u0259razi b\u00fct\u00f6vl\u00fcy\u00fcm\u00fcz\u00fc v\u0259 suverenliyimizi b\u0259rpa etdik. \u0130nan\u0131ram ki, Ukrayna xalq\u0131 da bu a\u011f\u0131r g\u00fcnl\u0259rd\u0259n \u015f\u0259r\u0259fl\u0259 \u00e7\u0131xacaq. Bu d\u00f6vrd\u0259 \u00f6lk\u0259mizin d\u0259st\u0259yi Ukrayna xalq\u0131n\u0131n diqq\u0259t m\u0259rk\u0259zind\u0259 olub. D\u0259f\u0259l\u0259rl\u0259 Volodimir Zelenski \u0130lham \u018fliyev\u0259 v\u0259 Az\u0259rbaycan xalq\u0131na g\u00f6st\u0259ril\u0259n d\u0259st\u0259y\u0259 g\u00f6r\u0259 minn\u0259tdarl\u0131\u011f\u0131n\u0131 bildirib. Son g\u00fcnl\u0259r ba\u015f tutan d\u00f6vl\u0259t ba\u015f\u00e7\u0131lar\u0131n\u0131n g\u00f6r\u00fc\u015f\u00fcnd\u0259 d\u0259 bir s\u0131ra m\u0259s\u0259l\u0259l\u0259rin m\u00fczakir\u0259si il\u0259 yana\u015f\u0131, Ukrayna Prezidenti Az\u0259rbaycan Prezidenti v\u0259 xalq\u0131na g\u00f6st\u0259ril\u0259n d\u0259st\u0259y\u0259 g\u00f6r\u0259 bir daha t\u0259\u015f\u0259kk\u00fcr\u00fcn\u00fc ifad\u0259 edib\u201d.<\/p>\n","protected":false},"excerpt":{"rendered":"<p>\u201cUkrayna Prezidenti Volodimir Zelenski aprelin 25-d\u0259 Az\u0259rbaycanda r\u0259smi s\u0259f\u0259rd\u0259 olub v\u0259 Prezident \u0130lham \u018fliyev il\u0259 Q\u0259b\u0259l\u0259 \u015f\u0259h\u0259rind\u0259 g\u00f6r\u00fc\u015f ke\u00e7irib. Bu, Az\u0259rbaycan-Ukrayna m\u00fcnasib\u0259tl\u0259rinin yeni d\u00f6vrd\u0259 inki\u015faf\u0131 bax\u0131m\u0131ndan \u0259lam\u0259tdar hadis\u0259 kimi qiym\u0259tl\u0259ndirilm\u0259lidir. M\u0259lumdur ki, Bak\u0131-Kiyev m\u00fcnasib\u0259tl\u0259ri uzun ill\u0259r \u0259rzind\u0259 artan dinamika il\u0259 inki\u015faf edib. Az\u0259rbaycan v\u0259 Ukrayna m\u00fcxt\u0259lif platformalarda birlikd\u0259 t\u0259msil olunublar. \u0130st\u0259r ke\u00e7mi\u015f Sovet d\u00f6vr\u00fcnd\u0259, ist\u0259rs\u0259 d\u0259 ondan sonrak\u0131 m\u0259rh\u0259l\u0259d\u0259 \u2013 BMT, MDB \u00e7\u0259r\u00e7iv\u0259sind\u0259 v\u0259 dig\u0259r platformalarda h\u0259r iki t\u0259r\u0259f bir-birini m\u00fct\u0259madi olaraq d\u0259st\u0259kl\u0259yib. \u0130ki dost xalq aras\u0131ndak\u0131 m\u00fcnasib\u0259tl\u0259r m\u00fcsb\u0259t m\u0259crada inki\u015faf edir\u201d. Bu s\u00f6zl\u0259ri\u00a0Patrul.az-a [&hellip;]<\/p>\n","protected":false},"author":2,"featured_media":10488,"comment_status":"closed","ping_status":"closed","sticky":false,"template":"","format":"standard","meta":{"footnotes":""},"categories":[10],"tags":[],"class_list":["post-10576","post","type-post","status-publish","format-standard","has-post-thumbnail","hentry","category-kiv"],"yoast_head":"<!-- This site is optimized with the Yoast SEO plugin v23.8 - https:\/\/yoast.com\/wordpress\/plugins\/seo\/ -->\n<title>\u201cBak\u0131-Kiyev m\u00fcnasib\u0259tl\u0259ri bundan sonra da \u0259n y\u00fcks\u0259k s\u0259viyy\u0259d\u0259 davam ed\u0259c\u0259k\u201d -\u00a0Arzuxan \u018flizad\u0259 - Az\u0259rbaycan Milli \u0130stiqlal Partiyas\u0131<\/title>\n<meta name=\"robots\" content=\"index, follow, max-snippet:-1, max-image-preview:large, max-video-preview:-1\" \/>\n<link rel=\"canonical\" href=\"https:\/\/amip.az\/az\/2026\/04\/28\/baki-kiyev-munasib\u0259tl\u0259ri-bundan-sonra-da-\u0259n-yuks\u0259k-s\u0259viyy\u0259d\u0259-davam-ed\u0259c\u0259k-arzuxan-\u0259lizad\u0259\/\" \/>\n<meta property=\"og:locale\" content=\"az_AZ\" \/>\n<meta property=\"og:type\" content=\"article\" \/>\n<meta property=\"og:title\" content=\"\u201cBak\u0131-Kiyev m\u00fcnasib\u0259tl\u0259ri bundan sonra da \u0259n y\u00fcks\u0259k s\u0259viyy\u0259d\u0259 davam ed\u0259c\u0259k\u201d -\u00a0Arzuxan \u018flizad\u0259 - Az\u0259rbaycan Milli \u0130stiqlal Partiyas\u0131\" \/>\n<meta property=\"og:description\" content=\"\u201cUkrayna Prezidenti Volodimir Zelenski aprelin 25-d\u0259 Az\u0259rbaycanda r\u0259smi s\u0259f\u0259rd\u0259 olub v\u0259 Prezident \u0130lham \u018fliyev il\u0259 Q\u0259b\u0259l\u0259 \u015f\u0259h\u0259rind\u0259 g\u00f6r\u00fc\u015f ke\u00e7irib. Bu, Az\u0259rbaycan-Ukrayna m\u00fcnasib\u0259tl\u0259rinin yeni d\u00f6vrd\u0259 inki\u015faf\u0131 bax\u0131m\u0131ndan \u0259lam\u0259tdar hadis\u0259 kimi qiym\u0259tl\u0259ndirilm\u0259lidir. M\u0259lumdur ki, Bak\u0131-Kiyev m\u00fcnasib\u0259tl\u0259ri uzun ill\u0259r \u0259rzind\u0259 artan dinamika il\u0259 inki\u015faf edib. Az\u0259rbaycan v\u0259 Ukrayna m\u00fcxt\u0259lif platformalarda birlikd\u0259 t\u0259msil olunublar. \u0130st\u0259r ke\u00e7mi\u015f Sovet d\u00f6vr\u00fcnd\u0259, ist\u0259rs\u0259 d\u0259 ondan sonrak\u0131 m\u0259rh\u0259l\u0259d\u0259 \u2013 BMT, MDB \u00e7\u0259r\u00e7iv\u0259sind\u0259 v\u0259 dig\u0259r platformalarda h\u0259r iki t\u0259r\u0259f bir-birini m\u00fct\u0259madi olaraq d\u0259st\u0259kl\u0259yib. \u0130ki dost xalq aras\u0131ndak\u0131 m\u00fcnasib\u0259tl\u0259r m\u00fcsb\u0259t m\u0259crada inki\u015faf edir\u201d. Bu s\u00f6zl\u0259ri\u00a0Patrul.az-a [&hellip;]\" \/>\n<meta property=\"og:url\" content=\"https:\/\/amip.az\/az\/2026\/04\/28\/baki-kiyev-munasib\u0259tl\u0259ri-bundan-sonra-da-\u0259n-yuks\u0259k-s\u0259viyy\u0259d\u0259-davam-ed\u0259c\u0259k-arzuxan-\u0259lizad\u0259\/\" \/>\n<meta property=\"og:site_name\" content=\"Az\u0259rbaycan Milli \u0130stiqlal Partiyas\u0131\" \/>\n<meta property=\"article:publisher\" content=\"https:\/\/www.facebook.com\/istiqlal91\" \/>\n<meta property=\"article:published_time\" content=\"2026-04-28T03:50:41+00:00\" \/>\n<meta property=\"article:modified_time\" content=\"2026-04-28T03:50:45+00:00\" \/>\n<meta property=\"og:image\" content=\"https:\/\/amip.az\/wp-content\/uploads\/2026\/04\/Arzuxan_Elizade.jpg\" \/>\n\t<meta property=\"og:image:width\" content=\"500\" \/>\n\t<meta property=\"og:image:height\" content=\"625\" \/>\n\t<meta property=\"og:image:type\" content=\"image\/jpeg\" \/>\n<meta name=\"author\" content=\"admin_amip\" \/>\n<meta name=\"twitter:card\" content=\"summary_large_image\" \/>\n<meta name=\"twitter:creator\" content=\"@APartiyas\" \/>\n<meta name=\"twitter:site\" content=\"@APartiyas\" \/>\n<meta name=\"twitter:label1\" content=\"Written by\" \/>\n\t<meta name=\"twitter:data1\" content=\"admin_amip\" \/>\n\t<meta name=\"twitter:label2\" content=\"Est. reading time\" \/>\n\t<meta name=\"twitter:data2\" content=\"3 minutes\" \/>\n<script type=\"application\/ld+json\" class=\"yoast-schema-graph\">{\"@context\":\"https:\/\/schema.org\",\"@graph\":[{\"@type\":\"Article\",\"@id\":\"https:\/\/amip.az\/2026\/04\/28\/baki-kiyev-munasib%c9%99tl%c9%99ri-bundan-sonra-da-%c9%99n-yuks%c9%99k-s%c9%99viyy%c9%99d%c9%99-davam-ed%c9%99c%c9%99k-arzuxan-%c9%99lizad%c9%99\/#article\",\"isPartOf\":{\"@id\":\"https:\/\/amip.az\/2026\/04\/28\/baki-kiyev-munasib%c9%99tl%c9%99ri-bundan-sonra-da-%c9%99n-yuks%c9%99k-s%c9%99viyy%c9%99d%c9%99-davam-ed%c9%99c%c9%99k-arzuxan-%c9%99lizad%c9%99\/\"},\"author\":{\"name\":\"admin_amip\",\"@id\":\"https:\/\/amip.az\/az\/#\/schema\/person\/a7055ff0b4631c41849ee16f8ff51da7\"},\"headline\":\"\u201cBak\u0131-Kiyev m\u00fcnasib\u0259tl\u0259ri bundan sonra da \u0259n y\u00fcks\u0259k s\u0259viyy\u0259d\u0259 davam ed\u0259c\u0259k\u201d &#8211;\u00a0Arzuxan \u018flizad\u0259\",\"datePublished\":\"2026-04-28T03:50:41+00:00\",\"dateModified\":\"2026-04-28T03:50:45+00:00\",\"mainEntityOfPage\":{\"@id\":\"https:\/\/amip.az\/2026\/04\/28\/baki-kiyev-munasib%c9%99tl%c9%99ri-bundan-sonra-da-%c9%99n-yuks%c9%99k-s%c9%99viyy%c9%99d%c9%99-davam-ed%c9%99c%c9%99k-arzuxan-%c9%99lizad%c9%99\/\"},\"wordCount\":893,\"publisher\":{\"@id\":\"https:\/\/amip.az\/az\/#organization\"},\"image\":{\"@id\":\"https:\/\/amip.az\/2026\/04\/28\/baki-kiyev-munasib%c9%99tl%c9%99ri-bundan-sonra-da-%c9%99n-yuks%c9%99k-s%c9%99viyy%c9%99d%c9%99-davam-ed%c9%99c%c9%99k-arzuxan-%c9%99lizad%c9%99\/#primaryimage\"},\"thumbnailUrl\":\"https:\/\/amip.az\/wp-content\/uploads\/2026\/04\/Arzuxan_Elizade.jpg\",\"articleSection\":[\"K\u0130V\"],\"inLanguage\":\"az\"},{\"@type\":\"WebPage\",\"@id\":\"https:\/\/amip.az\/2026\/04\/28\/baki-kiyev-munasib%c9%99tl%c9%99ri-bundan-sonra-da-%c9%99n-yuks%c9%99k-s%c9%99viyy%c9%99d%c9%99-davam-ed%c9%99c%c9%99k-arzuxan-%c9%99lizad%c9%99\/\",\"url\":\"https:\/\/amip.az\/2026\/04\/28\/baki-kiyev-munasib%c9%99tl%c9%99ri-bundan-sonra-da-%c9%99n-yuks%c9%99k-s%c9%99viyy%c9%99d%c9%99-davam-ed%c9%99c%c9%99k-arzuxan-%c9%99lizad%c9%99\/\",\"name\":\"\u201cBak\u0131-Kiyev m\u00fcnasib\u0259tl\u0259ri bundan sonra da \u0259n y\u00fcks\u0259k s\u0259viyy\u0259d\u0259 davam ed\u0259c\u0259k\u201d -\u00a0Arzuxan \u018flizad\u0259 - Az\u0259rbaycan Milli \u0130stiqlal Partiyas\u0131\",\"isPartOf\":{\"@id\":\"https:\/\/amip.az\/az\/#website\"},\"primaryImageOfPage\":{\"@id\":\"https:\/\/amip.az\/2026\/04\/28\/baki-kiyev-munasib%c9%99tl%c9%99ri-bundan-sonra-da-%c9%99n-yuks%c9%99k-s%c9%99viyy%c9%99d%c9%99-davam-ed%c9%99c%c9%99k-arzuxan-%c9%99lizad%c9%99\/#primaryimage\"},\"image\":{\"@id\":\"https:\/\/amip.az\/2026\/04\/28\/baki-kiyev-munasib%c9%99tl%c9%99ri-bundan-sonra-da-%c9%99n-yuks%c9%99k-s%c9%99viyy%c9%99d%c9%99-davam-ed%c9%99c%c9%99k-arzuxan-%c9%99lizad%c9%99\/#primaryimage\"},\"thumbnailUrl\":\"https:\/\/amip.az\/wp-content\/uploads\/2026\/04\/Arzuxan_Elizade.jpg\",\"datePublished\":\"2026-04-28T03:50:41+00:00\",\"dateModified\":\"2026-04-28T03:50:45+00:00\",\"breadcrumb\":{\"@id\":\"https:\/\/amip.az\/2026\/04\/28\/baki-kiyev-munasib%c9%99tl%c9%99ri-bundan-sonra-da-%c9%99n-yuks%c9%99k-s%c9%99viyy%c9%99d%c9%99-davam-ed%c9%99c%c9%99k-arzuxan-%c9%99lizad%c9%99\/#breadcrumb\"},\"inLanguage\":\"az\",\"potentialAction\":[{\"@type\":\"ReadAction\",\"target\":[\"https:\/\/amip.az\/2026\/04\/28\/baki-kiyev-munasib%c9%99tl%c9%99ri-bundan-sonra-da-%c9%99n-yuks%c9%99k-s%c9%99viyy%c9%99d%c9%99-davam-ed%c9%99c%c9%99k-arzuxan-%c9%99lizad%c9%99\/\"]}]},{\"@type\":\"ImageObject\",\"inLanguage\":\"az\",\"@id\":\"https:\/\/amip.az\/2026\/04\/28\/baki-kiyev-munasib%c9%99tl%c9%99ri-bundan-sonra-da-%c9%99n-yuks%c9%99k-s%c9%99viyy%c9%99d%c9%99-davam-ed%c9%99c%c9%99k-arzuxan-%c9%99lizad%c9%99\/#primaryimage\",\"url\":\"https:\/\/amip.az\/wp-content\/uploads\/2026\/04\/Arzuxan_Elizade.jpg\",\"contentUrl\":\"https:\/\/amip.az\/wp-content\/uploads\/2026\/04\/Arzuxan_Elizade.jpg\",\"width\":500,\"height\":625},{\"@type\":\"BreadcrumbList\",\"@id\":\"https:\/\/amip.az\/2026\/04\/28\/baki-kiyev-munasib%c9%99tl%c9%99ri-bundan-sonra-da-%c9%99n-yuks%c9%99k-s%c9%99viyy%c9%99d%c9%99-davam-ed%c9%99c%c9%99k-arzuxan-%c9%99lizad%c9%99\/#breadcrumb\",\"itemListElement\":[{\"@type\":\"ListItem\",\"position\":1,\"name\":\"Home\",\"item\":\"https:\/\/amip.az\/\"},{\"@type\":\"ListItem\",\"position\":2,\"name\":\"\u201cBak\u0131-Kiyev m\u00fcnasib\u0259tl\u0259ri bundan sonra da \u0259n y\u00fcks\u0259k s\u0259viyy\u0259d\u0259 davam ed\u0259c\u0259k\u201d &#8211;\u00a0Arzuxan \u018flizad\u0259\"}]},{\"@type\":\"WebSite\",\"@id\":\"https:\/\/amip.az\/az\/#website\",\"url\":\"https:\/\/amip.az\/az\/\",\"name\":\"Az\u0259rbaycan Milli \u0130stiqlal Partiyas\u0131\",\"description\":\"AM\u0130P\",\"publisher\":{\"@id\":\"https:\/\/amip.az\/az\/#organization\"},\"potentialAction\":[{\"@type\":\"SearchAction\",\"target\":{\"@type\":\"EntryPoint\",\"urlTemplate\":\"https:\/\/amip.az\/az\/?s={search_term_string}\"},\"query-input\":{\"@type\":\"PropertyValueSpecification\",\"valueRequired\":true,\"valueName\":\"search_term_string\"}}],\"inLanguage\":\"az\"},{\"@type\":\"Organization\",\"@id\":\"https:\/\/amip.az\/az\/#organization\",\"name\":\"Az\u0259rbaycan Milli \u0130stiqlal Partiyas\u0131\",\"url\":\"https:\/\/amip.az\/az\/\",\"logo\":{\"@type\":\"ImageObject\",\"inLanguage\":\"az\",\"@id\":\"https:\/\/amip.az\/az\/#\/schema\/logo\/image\/\",\"url\":\"https:\/\/amip.az\/wp-content\/uploads\/2023\/06\/amiplogo.png\",\"contentUrl\":\"https:\/\/amip.az\/wp-content\/uploads\/2023\/06\/amiplogo.png\",\"width\":723,\"height\":423,\"caption\":\"Az\u0259rbaycan Milli \u0130stiqlal Partiyas\u0131\"},\"image\":{\"@id\":\"https:\/\/amip.az\/az\/#\/schema\/logo\/image\/\"},\"sameAs\":[\"https:\/\/www.facebook.com\/istiqlal91\",\"https:\/\/x.com\/APartiyas\",\"https:\/\/www.youtube.com\/channel\/UCF3pc8spko_xON2sr4vUC5A\"]},{\"@type\":\"Person\",\"@id\":\"https:\/\/amip.az\/az\/#\/schema\/person\/a7055ff0b4631c41849ee16f8ff51da7\",\"name\":\"admin_amip\",\"image\":{\"@type\":\"ImageObject\",\"inLanguage\":\"az\",\"@id\":\"https:\/\/amip.az\/az\/#\/schema\/person\/image\/\",\"url\":\"https:\/\/secure.gravatar.com\/avatar\/6c3dc6902fd066c5a5d68c8f0038dcc56ec283faa7337f8e6b219cf7e7321d3f?s=96&d=mm&r=g\",\"contentUrl\":\"https:\/\/secure.gravatar.com\/avatar\/6c3dc6902fd066c5a5d68c8f0038dcc56ec283faa7337f8e6b219cf7e7321d3f?s=96&d=mm&r=g\",\"caption\":\"admin_amip\"},\"url\":\"https:\/\/amip.az\/az\/author\/admin_amip\/\"}]}<\/script>\n<!-- \/ Yoast SEO plugin. -->","yoast_head_json":{"title":"\u201cBak\u0131-Kiyev m\u00fcnasib\u0259tl\u0259ri bundan sonra da \u0259n y\u00fcks\u0259k s\u0259viyy\u0259d\u0259 davam ed\u0259c\u0259k\u201d -\u00a0Arzuxan \u018flizad\u0259 - Az\u0259rbaycan Milli \u0130stiqlal Partiyas\u0131","robots":{"index":"index","follow":"follow","max-snippet":"max-snippet:-1","max-image-preview":"max-image-preview:large","max-video-preview":"max-video-preview:-1"},"canonical":"https:\/\/amip.az\/az\/2026\/04\/28\/baki-kiyev-munasib\u0259tl\u0259ri-bundan-sonra-da-\u0259n-yuks\u0259k-s\u0259viyy\u0259d\u0259-davam-ed\u0259c\u0259k-arzuxan-\u0259lizad\u0259\/","og_locale":"az_AZ","og_type":"article","og_title":"\u201cBak\u0131-Kiyev m\u00fcnasib\u0259tl\u0259ri bundan sonra da \u0259n y\u00fcks\u0259k s\u0259viyy\u0259d\u0259 davam ed\u0259c\u0259k\u201d -\u00a0Arzuxan \u018flizad\u0259 - Az\u0259rbaycan Milli \u0130stiqlal Partiyas\u0131","og_description":"\u201cUkrayna Prezidenti Volodimir Zelenski aprelin 25-d\u0259 Az\u0259rbaycanda r\u0259smi s\u0259f\u0259rd\u0259 olub v\u0259 Prezident \u0130lham \u018fliyev il\u0259 Q\u0259b\u0259l\u0259 \u015f\u0259h\u0259rind\u0259 g\u00f6r\u00fc\u015f ke\u00e7irib. Bu, Az\u0259rbaycan-Ukrayna m\u00fcnasib\u0259tl\u0259rinin yeni d\u00f6vrd\u0259 inki\u015faf\u0131 bax\u0131m\u0131ndan \u0259lam\u0259tdar hadis\u0259 kimi qiym\u0259tl\u0259ndirilm\u0259lidir. M\u0259lumdur ki, Bak\u0131-Kiyev m\u00fcnasib\u0259tl\u0259ri uzun ill\u0259r \u0259rzind\u0259 artan dinamika il\u0259 inki\u015faf edib. Az\u0259rbaycan v\u0259 Ukrayna m\u00fcxt\u0259lif platformalarda birlikd\u0259 t\u0259msil olunublar. \u0130st\u0259r ke\u00e7mi\u015f Sovet d\u00f6vr\u00fcnd\u0259, ist\u0259rs\u0259 d\u0259 ondan sonrak\u0131 m\u0259rh\u0259l\u0259d\u0259 \u2013 BMT, MDB \u00e7\u0259r\u00e7iv\u0259sind\u0259 v\u0259 dig\u0259r platformalarda h\u0259r iki t\u0259r\u0259f bir-birini m\u00fct\u0259madi olaraq d\u0259st\u0259kl\u0259yib. \u0130ki dost xalq aras\u0131ndak\u0131 m\u00fcnasib\u0259tl\u0259r m\u00fcsb\u0259t m\u0259crada inki\u015faf edir\u201d. Bu s\u00f6zl\u0259ri\u00a0Patrul.az-a [&hellip;]","og_url":"https:\/\/amip.az\/az\/2026\/04\/28\/baki-kiyev-munasib\u0259tl\u0259ri-bundan-sonra-da-\u0259n-yuks\u0259k-s\u0259viyy\u0259d\u0259-davam-ed\u0259c\u0259k-arzuxan-\u0259lizad\u0259\/","og_site_name":"Az\u0259rbaycan Milli \u0130stiqlal Partiyas\u0131","article_publisher":"https:\/\/www.facebook.com\/istiqlal91","article_published_time":"2026-04-28T03:50:41+00:00","article_modified_time":"2026-04-28T03:50:45+00:00","og_image":[{"width":500,"height":625,"url":"https:\/\/amip.az\/wp-content\/uploads\/2026\/04\/Arzuxan_Elizade.jpg","type":"image\/jpeg"}],"author":"admin_amip","twitter_card":"summary_large_image","twitter_creator":"@APartiyas","twitter_site":"@APartiyas","twitter_misc":{"Written by":"admin_amip","Est. reading time":"3 minutes"},"schema":{"@context":"https:\/\/schema.org","@graph":[{"@type":"Article","@id":"https:\/\/amip.az\/2026\/04\/28\/baki-kiyev-munasib%c9%99tl%c9%99ri-bundan-sonra-da-%c9%99n-yuks%c9%99k-s%c9%99viyy%c9%99d%c9%99-davam-ed%c9%99c%c9%99k-arzuxan-%c9%99lizad%c9%99\/#article","isPartOf":{"@id":"https:\/\/amip.az\/2026\/04\/28\/baki-kiyev-munasib%c9%99tl%c9%99ri-bundan-sonra-da-%c9%99n-yuks%c9%99k-s%c9%99viyy%c9%99d%c9%99-davam-ed%c9%99c%c9%99k-arzuxan-%c9%99lizad%c9%99\/"},"author":{"name":"admin_amip","@id":"https:\/\/amip.az\/az\/#\/schema\/person\/a7055ff0b4631c41849ee16f8ff51da7"},"headline":"\u201cBak\u0131-Kiyev m\u00fcnasib\u0259tl\u0259ri bundan sonra da \u0259n y\u00fcks\u0259k s\u0259viyy\u0259d\u0259 davam ed\u0259c\u0259k\u201d &#8211;\u00a0Arzuxan \u018flizad\u0259","datePublished":"2026-04-28T03:50:41+00:00","dateModified":"2026-04-28T03:50:45+00:00","mainEntityOfPage":{"@id":"https:\/\/amip.az\/2026\/04\/28\/baki-kiyev-munasib%c9%99tl%c9%99ri-bundan-sonra-da-%c9%99n-yuks%c9%99k-s%c9%99viyy%c9%99d%c9%99-davam-ed%c9%99c%c9%99k-arzuxan-%c9%99lizad%c9%99\/"},"wordCount":893,"publisher":{"@id":"https:\/\/amip.az\/az\/#organization"},"image":{"@id":"https:\/\/amip.az\/2026\/04\/28\/baki-kiyev-munasib%c9%99tl%c9%99ri-bundan-sonra-da-%c9%99n-yuks%c9%99k-s%c9%99viyy%c9%99d%c9%99-davam-ed%c9%99c%c9%99k-arzuxan-%c9%99lizad%c9%99\/#primaryimage"},"thumbnailUrl":"https:\/\/amip.az\/wp-content\/uploads\/2026\/04\/Arzuxan_Elizade.jpg","articleSection":["K\u0130V"],"inLanguage":"az"},{"@type":"WebPage","@id":"https:\/\/amip.az\/2026\/04\/28\/baki-kiyev-munasib%c9%99tl%c9%99ri-bundan-sonra-da-%c9%99n-yuks%c9%99k-s%c9%99viyy%c9%99d%c9%99-davam-ed%c9%99c%c9%99k-arzuxan-%c9%99lizad%c9%99\/","url":"https:\/\/amip.az\/2026\/04\/28\/baki-kiyev-munasib%c9%99tl%c9%99ri-bundan-sonra-da-%c9%99n-yuks%c9%99k-s%c9%99viyy%c9%99d%c9%99-davam-ed%c9%99c%c9%99k-arzuxan-%c9%99lizad%c9%99\/","name":"\u201cBak\u0131-Kiyev m\u00fcnasib\u0259tl\u0259ri bundan sonra da \u0259n y\u00fcks\u0259k s\u0259viyy\u0259d\u0259 davam ed\u0259c\u0259k\u201d -\u00a0Arzuxan \u018flizad\u0259 - Az\u0259rbaycan Milli \u0130stiqlal Partiyas\u0131","isPartOf":{"@id":"https:\/\/amip.az\/az\/#website"},"primaryImageOfPage":{"@id":"https:\/\/amip.az\/2026\/04\/28\/baki-kiyev-munasib%c9%99tl%c9%99ri-bundan-sonra-da-%c9%99n-yuks%c9%99k-s%c9%99viyy%c9%99d%c9%99-davam-ed%c9%99c%c9%99k-arzuxan-%c9%99lizad%c9%99\/#primaryimage"},"image":{"@id":"https:\/\/amip.az\/2026\/04\/28\/baki-kiyev-munasib%c9%99tl%c9%99ri-bundan-sonra-da-%c9%99n-yuks%c9%99k-s%c9%99viyy%c9%99d%c9%99-davam-ed%c9%99c%c9%99k-arzuxan-%c9%99lizad%c9%99\/#primaryimage"},"thumbnailUrl":"https:\/\/amip.az\/wp-content\/uploads\/2026\/04\/Arzuxan_Elizade.jpg","datePublished":"2026-04-28T03:50:41+00:00","dateModified":"2026-04-28T03:50:45+00:00","breadcrumb":{"@id":"https:\/\/amip.az\/2026\/04\/28\/baki-kiyev-munasib%c9%99tl%c9%99ri-bundan-sonra-da-%c9%99n-yuks%c9%99k-s%c9%99viyy%c9%99d%c9%99-davam-ed%c9%99c%c9%99k-arzuxan-%c9%99lizad%c9%99\/#breadcrumb"},"inLanguage":"az","potentialAction":[{"@type":"ReadAction","target":["https:\/\/amip.az\/2026\/04\/28\/baki-kiyev-munasib%c9%99tl%c9%99ri-bundan-sonra-da-%c9%99n-yuks%c9%99k-s%c9%99viyy%c9%99d%c9%99-davam-ed%c9%99c%c9%99k-arzuxan-%c9%99lizad%c9%99\/"]}]},{"@type":"ImageObject","inLanguage":"az","@id":"https:\/\/amip.az\/2026\/04\/28\/baki-kiyev-munasib%c9%99tl%c9%99ri-bundan-sonra-da-%c9%99n-yuks%c9%99k-s%c9%99viyy%c9%99d%c9%99-davam-ed%c9%99c%c9%99k-arzuxan-%c9%99lizad%c9%99\/#primaryimage","url":"https:\/\/amip.az\/wp-content\/uploads\/2026\/04\/Arzuxan_Elizade.jpg","contentUrl":"https:\/\/amip.az\/wp-content\/uploads\/2026\/04\/Arzuxan_Elizade.jpg","width":500,"height":625},{"@type":"BreadcrumbList","@id":"https:\/\/amip.az\/2026\/04\/28\/baki-kiyev-munasib%c9%99tl%c9%99ri-bundan-sonra-da-%c9%99n-yuks%c9%99k-s%c9%99viyy%c9%99d%c9%99-davam-ed%c9%99c%c9%99k-arzuxan-%c9%99lizad%c9%99\/#breadcrumb","itemListElement":[{"@type":"ListItem","position":1,"name":"Home","item":"https:\/\/amip.az\/"},{"@type":"ListItem","position":2,"name":"\u201cBak\u0131-Kiyev m\u00fcnasib\u0259tl\u0259ri bundan sonra da \u0259n y\u00fcks\u0259k s\u0259viyy\u0259d\u0259 davam ed\u0259c\u0259k\u201d &#8211;\u00a0Arzuxan \u018flizad\u0259"}]},{"@type":"WebSite","@id":"https:\/\/amip.az\/az\/#website","url":"https:\/\/amip.az\/az\/","name":"Az\u0259rbaycan Milli \u0130stiqlal Partiyas\u0131","description":"AM\u0130P","publisher":{"@id":"https:\/\/amip.az\/az\/#organization"},"potentialAction":[{"@type":"SearchAction","target":{"@type":"EntryPoint","urlTemplate":"https:\/\/amip.az\/az\/?s={search_term_string}"},"query-input":{"@type":"PropertyValueSpecification","valueRequired":true,"valueName":"search_term_string"}}],"inLanguage":"az"},{"@type":"Organization","@id":"https:\/\/amip.az\/az\/#organization","name":"Az\u0259rbaycan Milli \u0130stiqlal Partiyas\u0131","url":"https:\/\/amip.az\/az\/","logo":{"@type":"ImageObject","inLanguage":"az","@id":"https:\/\/amip.az\/az\/#\/schema\/logo\/image\/","url":"https:\/\/amip.az\/wp-content\/uploads\/2023\/06\/amiplogo.png","contentUrl":"https:\/\/amip.az\/wp-content\/uploads\/2023\/06\/amiplogo.png","width":723,"height":423,"caption":"Az\u0259rbaycan Milli \u0130stiqlal Partiyas\u0131"},"image":{"@id":"https:\/\/amip.az\/az\/#\/schema\/logo\/image\/"},"sameAs":["https:\/\/www.facebook.com\/istiqlal91","https:\/\/x.com\/APartiyas","https:\/\/www.youtube.com\/channel\/UCF3pc8spko_xON2sr4vUC5A"]},{"@type":"Person","@id":"https:\/\/amip.az\/az\/#\/schema\/person\/a7055ff0b4631c41849ee16f8ff51da7","name":"admin_amip","image":{"@type":"ImageObject","inLanguage":"az","@id":"https:\/\/amip.az\/az\/#\/schema\/person\/image\/","url":"https:\/\/secure.gravatar.com\/avatar\/6c3dc6902fd066c5a5d68c8f0038dcc56ec283faa7337f8e6b219cf7e7321d3f?s=96&d=mm&r=g","contentUrl":"https:\/\/secure.gravatar.com\/avatar\/6c3dc6902fd066c5a5d68c8f0038dcc56ec283faa7337f8e6b219cf7e7321d3f?s=96&d=mm&r=g","caption":"admin_amip"},"url":"https:\/\/amip.az\/az\/author\/admin_amip\/"}]}},"_links":{"self":[{"href":"https:\/\/amip.az\/az\/wp-json\/wp\/v2\/posts\/10576","targetHints":{"allow":["GET"]}}],"collection":[{"href":"https:\/\/amip.az\/az\/wp-json\/wp\/v2\/posts"}],"about":[{"href":"https:\/\/amip.az\/az\/wp-json\/wp\/v2\/types\/post"}],"author":[{"embeddable":true,"href":"https:\/\/amip.az\/az\/wp-json\/wp\/v2\/users\/2"}],"replies":[{"embeddable":true,"href":"https:\/\/amip.az\/az\/wp-json\/wp\/v2\/comments?post=10576"}],"version-history":[{"count":1,"href":"https:\/\/amip.az\/az\/wp-json\/wp\/v2\/posts\/10576\/revisions"}],"predecessor-version":[{"id":10577,"href":"https:\/\/amip.az\/az\/wp-json\/wp\/v2\/posts\/10576\/revisions\/10577"}],"wp:featuredmedia":[{"embeddable":true,"href":"https:\/\/amip.az\/az\/wp-json\/wp\/v2\/media\/10488"}],"wp:attachment":[{"href":"https:\/\/amip.az\/az\/wp-json\/wp\/v2\/media?parent=10576"}],"wp:term":[{"taxonomy":"category","embeddable":true,"href":"https:\/\/amip.az\/az\/wp-json\/wp\/v2\/categories?post=10576"},{"taxonomy":"post_tag","embeddable":true,"href":"https:\/\/amip.az\/az\/wp-json\/wp\/v2\/tags?post=10576"}],"curies":[{"name":"wp","href":"https:\/\/api.w.org\/{rel}","templated":true}]}}