{"id":10584,"date":"2026-05-01T08:12:10","date_gmt":"2026-05-01T04:12:10","guid":{"rendered":"https:\/\/amip.az\/?p=10584"},"modified":"2026-05-01T08:12:14","modified_gmt":"2026-05-01T04:12:14","slug":"arzuxan-%c9%99lizad%c9%99-m%c9%99qs%c9%99d-olk%c9%99d%c9%99-sosial-g%c9%99rginlik-yaratmaq-v%c9%99-bunu-seckid%c9%99-pasinyanin-%c9%99leyhin%c9%99-cevirm%c9%99kdir","status":"publish","type":"post","link":"https:\/\/amip.az\/az\/2026\/05\/01\/arzuxan-%c9%99lizad%c9%99-m%c9%99qs%c9%99d-olk%c9%99d%c9%99-sosial-g%c9%99rginlik-yaratmaq-v%c9%99-bunu-seckid%c9%99-pasinyanin-%c9%99leyhin%c9%99-cevirm%c9%99kdir\/","title":{"rendered":"Arzuxan \u018flizad\u0259: \u201cM\u0259qs\u0259d \u00f6lk\u0259d\u0259 sosial g\u0259rginlik yaratmaq v\u0259 bunu se\u00e7kid\u0259 Pa\u015finyan\u0131n \u0259leyhin\u0259 \u00e7evirm\u0259kdir\u201d"},"content":{"rendered":"\n<p><strong>Rusiya Erm\u0259nistandan g\u0259tiril\u0259n mineral suyun sat\u0131\u015f\u0131na qada\u011fa qoyub. Bel\u0259 ki, Rusiyan\u0131n &#8220;\u00c7estn\u0131y znak&#8221; d\u00f6vl\u0259t markalanma sistemi Erm\u0259nistandan idxal edil\u0259n &#8220;Cermuk&#8221; mineral sular\u0131n\u0131n ma\u011fazalarda sat\u0131\u015f\u0131n\u0131 dayand\u0131r\u0131b.<\/strong><\/p>\n\n\n\n<p>Bu bar\u0259d\u0259 Markalama Sisteminin operatoru olan Perspektiv Texnologiyalar\u0131n \u0130nki\u015faf\u0131 M\u0259rk\u0259zinin ba\u015f direktorunun m\u00fcavini Revez Yusupov bildirib.<\/p>\n\n\n\n<p>M\u0259lum olub ki, haz\u0131rda d\u00f6vriyy\u0259d\u0259 olan 338 min \u015f\u00fc\u015f\u0259 mineral su yoxlamalar ba\u015fa \u00e7atana q\u0259d\u0259r bloklan\u0131b. &#8220;Rospotrebnadzor&#8221;un r\u0259smi m\u0259ktubunda is\u0259 qeyd olunub ki, Rusiya v\u0259t\u0259nda\u015flar\u0131n\u0131n h\u0259yat v\u0259 sa\u011flaml\u0131\u011f\u0131na d\u0259y\u0259 bil\u0259c\u0259k m\u00fcmk\u00fcn z\u0259r\u0259rin qar\u015f\u0131s\u0131n\u0131 almaq \u00fc\u00e7\u00fcn t\u0259cili t\u0259dbirl\u0259rin g\u00f6r\u00fclm\u0259si z\u0259ruridir. M\u0259hdudiyy\u0259t\u0259 s\u0259b\u0259b kimi m\u0259cburi t\u0259l\u0259bl\u0259rin pozulmas\u0131 g\u00f6st\u0259rilir.<\/p>\n\n\n\n<p>&#8220;Chestny znak&#8221; sonradan Erm\u0259nistanda istehsal olunan daha 1,1 milyon \u015f\u00fc\u015f\u0259 \u201cCermuk\u201d suyun sat\u0131\u015f\u0131n\u0131 dayand\u0131r\u0131b. Bununla da, \u0259vv\u0259ll\u0259r bloklanm\u0131\u015f 338 min \u015f\u00fc\u015f\u0259 d\u0259 daxil olmaqla, m\u00fcv\u0259qq\u0259ti sat\u0131\u015f qada\u011fas\u0131 alt\u0131nda olan m\u0259hsullar\u0131n \u00fcmumi say\u0131 1,4 milyona \u00e7at\u0131b.<\/p>\n\n\n\n<p>Maraql\u0131d\u0131r, niy\u0259 m\u0259hz indi? G\u00f6r\u00fcn\u0259n odur ki, se\u00e7ki \u0259r\u0259f\u0259sind\u0259 Rusiya Erm\u0259nistana qar\u015f\u0131 iqtisadi t\u0259zyiq r\u0131\u00e7aqlar\u0131n\u0131 m\u0259rh\u0259l\u0259li \u015f\u0259kild\u0259 i\u015f\u0259 sal\u0131r.<\/p>\n\n\n\n<p>S\u00f6z\u00fcged\u0259n m\u0259s\u0259l\u0259ni baki-xeber.com-a \u015f\u0259rh ed\u0259n<strong> AM\u0130P s\u0259dri, mill\u0259t v\u0259kili Arzuxan \u018flizad\u0259nin<\/strong> fikrinc\u0259, Rusiya kimi d\u00f6vl\u0259td\u0259n yaln\u0131z bunu g\u00f6zl\u0259m\u0259k olar: \u201c<strong>B\u0259li, b\u00fct\u00fcn bu oyunlar Rusiyan\u0131n Erm\u0259nistana qar\u015f\u0131 iqtisadi t\u0259zyiql\u0259rinin g\u00f6st\u0259ricisidir. M\u0259qs\u0259d \u00f6lk\u0259d\u0259 sosial g\u0259rginlik yaratmaq v\u0259 bunu 7 iyun parlament se\u00e7kil\u0259rind\u0259 Pa\u015finyan\u0131n \u0259leyhin\u0259 \u00e7evirm\u0259kdir. N\u0259z\u0259r\u0259 almaq laz\u0131md\u0131r ki, Erm\u0259nistan\u0131n iqtisadi ticar\u0259t d\u00f6vriyy\u0259sinin 40 faizi Rusiya il\u0259dir. Erm\u0259nistanda istehsal olunan m\u00fcxt\u0259lif aqrar m\u0259hsullar\u0131n \u0259sas bazar\u0131 Rusiyad\u0131r. 2024-c\u00fc ild\u0259 Erm\u0259nistanla Rusiya aras\u0131nda ticar\u0259t d\u00f6vriyy\u0259si 12 milyard dollara yax\u0131n olubsa, 2025-ci ild\u0259 bu r\u0259q\u0259m 2 d\u0259f\u0259y\u0259 q\u0259d\u0259r azalaraq 6 milyard dollardan bir q\u0259d\u0259r \u00e7ox olub. D\u00fczd\u00fcr, Erm\u0259nistan\u0131n Rusiya il\u0259 ticar\u0259t d\u00f6vriyy\u0259sind\u0259 bir il \u0259vv\u0259l m\u00fc\u015fahid\u0259 olunan art\u0131m reeksport hesab\u0131na olub. Y\u0259ni Rusiya sanksiyalardan yay\u0131nmaq \u00fc\u00e7\u00fcn bir s\u0131ra m\u0259hsullar\u0131 Erm\u0259nistan \u00fcz\u0259rind\u0259n idxal edirdi. Ancaq n\u0259 q\u0259d\u0259r olmasa da, bu, dolay\u0131 da olsa Erm\u0259nistan iqtisadiyyat\u0131na fayda verirdi. N\u0259tic\u0259d\u0259 b\u00fct\u00fcn bunlar Pa\u015finyan\u0131n aktivin\u0259 yaz\u0131l\u0131rd\u0131. Rusiya t\u0259r\u0259fi d\u0259 b\u00fct\u00fcn bunlar\u0131n f\u0259rqind\u0259 oldu\u011fu \u00fc\u00e7\u00fcn, m\u0259hdudiyy\u0259tl\u0259ri art\u0131r\u0131r. \u00c7\u00fcnki yax\u015f\u0131 bilirl\u0259r ki, Erm\u0259nistanda m\u00f6vcud hakimiyy\u0259tin strategiyas\u0131 \u00f6lk\u0259ni Avropa \u0130ttifaq\u0131 il\u0259 yax\u0131nla\u015fd\u0131rmaq, Q\u0259rbl\u0259 \u0259laq\u0259l\u0259ri geni\u015fl\u0259ndirm\u0259kdir. Putin Pa\u015finyanla sonuncu g\u00f6r\u00fc\u015f\u00fcnd\u0259 publik olaraq Pa\u015finyan\u0131 qazla \u015fantaj etdi. Bildirdi ki, Avropada qaz\u0131n ixrac qiym\u0259ti 600 dollar oldu\u011fu halda, Rusiya bunu Erm\u0259nistana 177,7 dollara ixrac edir. B\u00fct\u00fcn bunlar t\u0259bii ki, t\u0259sad\u00fcf\u00fc deyildi. O bax\u0131mdan istisna etmir\u0259m ki, may ay\u0131 \u0259rzind\u0259 Rusiya Erm\u0259nistana qar\u015f\u0131 dig\u0259r iqtisadi t\u0259zyiql\u0259ri i\u015f\u0259 sala bil\u0259r. Erm\u0259ni c\u0259miyy\u0259tin\u0259 t\u0259zyiq xarakterli mesaj verirl\u0259r ki, Rusiya olmasa Erm\u0259nistan\u0131 iqtisadi \u00e7\u00f6k\u00fc\u015f g\u00f6zl\u0259yir. M\u0259qs\u0259d \u0259halini qorxutmaq v\u0259 7 iyun se\u00e7kil\u0259rind\u0259 revan\u015fist m\u00fcxalif\u0259t\u0259 s\u0259s verm\u0259y\u0259 m\u0259cbur etm\u0259kdir. Ancaq d\u00fc\u015f\u00fcnm\u00fcr\u0259m ki, Rusiyan\u0131n bu planlar\u0131 hans\u0131sa ciddi effekt versin. \u018fn az\u0131ndan ona g\u00f6r\u0259 ki, Avropa \u0130ttifaq\u0131 m\u00f6vqel\u0259rini Erm\u0259nistanda m\u00f6hk\u0259ml\u0259ndirm\u0259k ist\u0259yir. Bu bax\u0131mdan Br\u00fcsseld\u0259n Erm\u0259nistana siyasi-iqtisadi d\u0259st\u0259k arta bil\u0259r<\/strong>\u201d.<\/p>\n","protected":false},"excerpt":{"rendered":"<p>Rusiya Erm\u0259nistandan g\u0259tiril\u0259n mineral suyun sat\u0131\u015f\u0131na qada\u011fa qoyub. Bel\u0259 ki, Rusiyan\u0131n &#8220;\u00c7estn\u0131y znak&#8221; d\u00f6vl\u0259t markalanma sistemi Erm\u0259nistandan idxal edil\u0259n &#8220;Cermuk&#8221; mineral sular\u0131n\u0131n ma\u011fazalarda sat\u0131\u015f\u0131n\u0131 dayand\u0131r\u0131b. Bu bar\u0259d\u0259 Markalama Sisteminin operatoru olan Perspektiv Texnologiyalar\u0131n \u0130nki\u015faf\u0131 M\u0259rk\u0259zinin ba\u015f direktorunun m\u00fcavini Revez Yusupov bildirib. M\u0259lum olub ki, haz\u0131rda d\u00f6vriyy\u0259d\u0259 olan 338 min \u015f\u00fc\u015f\u0259 mineral su yoxlamalar ba\u015fa \u00e7atana q\u0259d\u0259r bloklan\u0131b. &#8220;Rospotrebnadzor&#8221;un r\u0259smi m\u0259ktubunda is\u0259 qeyd olunub ki, Rusiya v\u0259t\u0259nda\u015flar\u0131n\u0131n h\u0259yat v\u0259 sa\u011flaml\u0131\u011f\u0131na d\u0259y\u0259 bil\u0259c\u0259k m\u00fcmk\u00fcn z\u0259r\u0259rin qar\u015f\u0131s\u0131n\u0131 almaq \u00fc\u00e7\u00fcn t\u0259cili t\u0259dbirl\u0259rin g\u00f6r\u00fclm\u0259si z\u0259ruridir. M\u0259hdudiyy\u0259t\u0259 s\u0259b\u0259b kimi m\u0259cburi [&hellip;]<\/p>\n","protected":false},"author":2,"featured_media":9358,"comment_status":"closed","ping_status":"closed","sticky":false,"template":"","format":"standard","meta":{"footnotes":""},"categories":[10],"tags":[],"class_list":["post-10584","post","type-post","status-publish","format-standard","has-post-thumbnail","hentry","category-kiv"],"yoast_head":"<!-- This site is optimized with the Yoast SEO plugin v23.8 - https:\/\/yoast.com\/wordpress\/plugins\/seo\/ -->\n<title>Arzuxan \u018flizad\u0259: \u201cM\u0259qs\u0259d \u00f6lk\u0259d\u0259 sosial g\u0259rginlik yaratmaq v\u0259 bunu se\u00e7kid\u0259 Pa\u015finyan\u0131n \u0259leyhin\u0259 \u00e7evirm\u0259kdir\u201d - Az\u0259rbaycan Milli \u0130stiqlal Partiyas\u0131<\/title>\n<meta name=\"robots\" content=\"index, follow, max-snippet:-1, max-image-preview:large, max-video-preview:-1\" \/>\n<link rel=\"canonical\" href=\"https:\/\/amip.az\/az\/2026\/05\/01\/arzuxan-\u0259lizad\u0259-m\u0259qs\u0259d-olk\u0259d\u0259-sosial-g\u0259rginlik-yaratmaq-v\u0259-bunu-seckid\u0259-pasinyanin-\u0259leyhin\u0259-cevirm\u0259kdir\/\" \/>\n<meta property=\"og:locale\" content=\"az_AZ\" \/>\n<meta property=\"og:type\" content=\"article\" \/>\n<meta property=\"og:title\" content=\"Arzuxan \u018flizad\u0259: \u201cM\u0259qs\u0259d \u00f6lk\u0259d\u0259 sosial g\u0259rginlik yaratmaq v\u0259 bunu se\u00e7kid\u0259 Pa\u015finyan\u0131n \u0259leyhin\u0259 \u00e7evirm\u0259kdir\u201d - Az\u0259rbaycan Milli \u0130stiqlal Partiyas\u0131\" \/>\n<meta property=\"og:description\" content=\"Rusiya Erm\u0259nistandan g\u0259tiril\u0259n mineral suyun sat\u0131\u015f\u0131na qada\u011fa qoyub. Bel\u0259 ki, Rusiyan\u0131n &#8220;\u00c7estn\u0131y znak&#8221; d\u00f6vl\u0259t markalanma sistemi Erm\u0259nistandan idxal edil\u0259n &#8220;Cermuk&#8221; mineral sular\u0131n\u0131n ma\u011fazalarda sat\u0131\u015f\u0131n\u0131 dayand\u0131r\u0131b. Bu bar\u0259d\u0259 Markalama Sisteminin operatoru olan Perspektiv Texnologiyalar\u0131n \u0130nki\u015faf\u0131 M\u0259rk\u0259zinin ba\u015f direktorunun m\u00fcavini Revez Yusupov bildirib. M\u0259lum olub ki, haz\u0131rda d\u00f6vriyy\u0259d\u0259 olan 338 min \u015f\u00fc\u015f\u0259 mineral su yoxlamalar ba\u015fa \u00e7atana q\u0259d\u0259r bloklan\u0131b. &#8220;Rospotrebnadzor&#8221;un r\u0259smi m\u0259ktubunda is\u0259 qeyd olunub ki, Rusiya v\u0259t\u0259nda\u015flar\u0131n\u0131n h\u0259yat v\u0259 sa\u011flaml\u0131\u011f\u0131na d\u0259y\u0259 bil\u0259c\u0259k m\u00fcmk\u00fcn z\u0259r\u0259rin qar\u015f\u0131s\u0131n\u0131 almaq \u00fc\u00e7\u00fcn t\u0259cili t\u0259dbirl\u0259rin g\u00f6r\u00fclm\u0259si z\u0259ruridir. M\u0259hdudiyy\u0259t\u0259 s\u0259b\u0259b kimi m\u0259cburi [&hellip;]\" \/>\n<meta property=\"og:url\" content=\"https:\/\/amip.az\/az\/2026\/05\/01\/arzuxan-\u0259lizad\u0259-m\u0259qs\u0259d-olk\u0259d\u0259-sosial-g\u0259rginlik-yaratmaq-v\u0259-bunu-seckid\u0259-pasinyanin-\u0259leyhin\u0259-cevirm\u0259kdir\/\" \/>\n<meta property=\"og:site_name\" content=\"Az\u0259rbaycan Milli \u0130stiqlal Partiyas\u0131\" \/>\n<meta property=\"article:publisher\" content=\"https:\/\/www.facebook.com\/istiqlal91\" \/>\n<meta property=\"article:published_time\" content=\"2026-05-01T04:12:10+00:00\" \/>\n<meta property=\"article:modified_time\" content=\"2026-05-01T04:12:14+00:00\" \/>\n<meta property=\"og:image\" content=\"https:\/\/amip.az\/wp-content\/uploads\/2025\/10\/arzuxan.jpg\" \/>\n\t<meta property=\"og:image:width\" content=\"800\" \/>\n\t<meta property=\"og:image:height\" content=\"600\" \/>\n\t<meta property=\"og:image:type\" content=\"image\/jpeg\" \/>\n<meta name=\"author\" content=\"admin_amip\" \/>\n<meta name=\"twitter:card\" content=\"summary_large_image\" \/>\n<meta name=\"twitter:creator\" content=\"@APartiyas\" \/>\n<meta name=\"twitter:site\" content=\"@APartiyas\" \/>\n<meta name=\"twitter:label1\" content=\"Written by\" \/>\n\t<meta name=\"twitter:data1\" content=\"admin_amip\" \/>\n\t<meta name=\"twitter:label2\" content=\"Est. reading time\" \/>\n\t<meta name=\"twitter:data2\" content=\"3 minutes\" \/>\n<script type=\"application\/ld+json\" class=\"yoast-schema-graph\">{\"@context\":\"https:\/\/schema.org\",\"@graph\":[{\"@type\":\"Article\",\"@id\":\"https:\/\/amip.az\/2026\/05\/01\/arzuxan-%c9%99lizad%c9%99-m%c9%99qs%c9%99d-olk%c9%99d%c9%99-sosial-g%c9%99rginlik-yaratmaq-v%c9%99-bunu-seckid%c9%99-pasinyanin-%c9%99leyhin%c9%99-cevirm%c9%99kdir\/#article\",\"isPartOf\":{\"@id\":\"https:\/\/amip.az\/2026\/05\/01\/arzuxan-%c9%99lizad%c9%99-m%c9%99qs%c9%99d-olk%c9%99d%c9%99-sosial-g%c9%99rginlik-yaratmaq-v%c9%99-bunu-seckid%c9%99-pasinyanin-%c9%99leyhin%c9%99-cevirm%c9%99kdir\/\"},\"author\":{\"name\":\"admin_amip\",\"@id\":\"https:\/\/amip.az\/az\/#\/schema\/person\/a7055ff0b4631c41849ee16f8ff51da7\"},\"headline\":\"Arzuxan \u018flizad\u0259: \u201cM\u0259qs\u0259d \u00f6lk\u0259d\u0259 sosial g\u0259rginlik yaratmaq v\u0259 bunu se\u00e7kid\u0259 Pa\u015finyan\u0131n \u0259leyhin\u0259 \u00e7evirm\u0259kdir\u201d\",\"datePublished\":\"2026-05-01T04:12:10+00:00\",\"dateModified\":\"2026-05-01T04:12:14+00:00\",\"mainEntityOfPage\":{\"@id\":\"https:\/\/amip.az\/2026\/05\/01\/arzuxan-%c9%99lizad%c9%99-m%c9%99qs%c9%99d-olk%c9%99d%c9%99-sosial-g%c9%99rginlik-yaratmaq-v%c9%99-bunu-seckid%c9%99-pasinyanin-%c9%99leyhin%c9%99-cevirm%c9%99kdir\/\"},\"wordCount\":699,\"publisher\":{\"@id\":\"https:\/\/amip.az\/az\/#organization\"},\"image\":{\"@id\":\"https:\/\/amip.az\/2026\/05\/01\/arzuxan-%c9%99lizad%c9%99-m%c9%99qs%c9%99d-olk%c9%99d%c9%99-sosial-g%c9%99rginlik-yaratmaq-v%c9%99-bunu-seckid%c9%99-pasinyanin-%c9%99leyhin%c9%99-cevirm%c9%99kdir\/#primaryimage\"},\"thumbnailUrl\":\"https:\/\/amip.az\/wp-content\/uploads\/2025\/10\/arzuxan.jpg\",\"articleSection\":[\"K\u0130V\"],\"inLanguage\":\"az\"},{\"@type\":\"WebPage\",\"@id\":\"https:\/\/amip.az\/2026\/05\/01\/arzuxan-%c9%99lizad%c9%99-m%c9%99qs%c9%99d-olk%c9%99d%c9%99-sosial-g%c9%99rginlik-yaratmaq-v%c9%99-bunu-seckid%c9%99-pasinyanin-%c9%99leyhin%c9%99-cevirm%c9%99kdir\/\",\"url\":\"https:\/\/amip.az\/2026\/05\/01\/arzuxan-%c9%99lizad%c9%99-m%c9%99qs%c9%99d-olk%c9%99d%c9%99-sosial-g%c9%99rginlik-yaratmaq-v%c9%99-bunu-seckid%c9%99-pasinyanin-%c9%99leyhin%c9%99-cevirm%c9%99kdir\/\",\"name\":\"Arzuxan \u018flizad\u0259: \u201cM\u0259qs\u0259d \u00f6lk\u0259d\u0259 sosial g\u0259rginlik yaratmaq v\u0259 bunu se\u00e7kid\u0259 Pa\u015finyan\u0131n \u0259leyhin\u0259 \u00e7evirm\u0259kdir\u201d - Az\u0259rbaycan Milli \u0130stiqlal Partiyas\u0131\",\"isPartOf\":{\"@id\":\"https:\/\/amip.az\/az\/#website\"},\"primaryImageOfPage\":{\"@id\":\"https:\/\/amip.az\/2026\/05\/01\/arzuxan-%c9%99lizad%c9%99-m%c9%99qs%c9%99d-olk%c9%99d%c9%99-sosial-g%c9%99rginlik-yaratmaq-v%c9%99-bunu-seckid%c9%99-pasinyanin-%c9%99leyhin%c9%99-cevirm%c9%99kdir\/#primaryimage\"},\"image\":{\"@id\":\"https:\/\/amip.az\/2026\/05\/01\/arzuxan-%c9%99lizad%c9%99-m%c9%99qs%c9%99d-olk%c9%99d%c9%99-sosial-g%c9%99rginlik-yaratmaq-v%c9%99-bunu-seckid%c9%99-pasinyanin-%c9%99leyhin%c9%99-cevirm%c9%99kdir\/#primaryimage\"},\"thumbnailUrl\":\"https:\/\/amip.az\/wp-content\/uploads\/2025\/10\/arzuxan.jpg\",\"datePublished\":\"2026-05-01T04:12:10+00:00\",\"dateModified\":\"2026-05-01T04:12:14+00:00\",\"breadcrumb\":{\"@id\":\"https:\/\/amip.az\/2026\/05\/01\/arzuxan-%c9%99lizad%c9%99-m%c9%99qs%c9%99d-olk%c9%99d%c9%99-sosial-g%c9%99rginlik-yaratmaq-v%c9%99-bunu-seckid%c9%99-pasinyanin-%c9%99leyhin%c9%99-cevirm%c9%99kdir\/#breadcrumb\"},\"inLanguage\":\"az\",\"potentialAction\":[{\"@type\":\"ReadAction\",\"target\":[\"https:\/\/amip.az\/2026\/05\/01\/arzuxan-%c9%99lizad%c9%99-m%c9%99qs%c9%99d-olk%c9%99d%c9%99-sosial-g%c9%99rginlik-yaratmaq-v%c9%99-bunu-seckid%c9%99-pasinyanin-%c9%99leyhin%c9%99-cevirm%c9%99kdir\/\"]}]},{\"@type\":\"ImageObject\",\"inLanguage\":\"az\",\"@id\":\"https:\/\/amip.az\/2026\/05\/01\/arzuxan-%c9%99lizad%c9%99-m%c9%99qs%c9%99d-olk%c9%99d%c9%99-sosial-g%c9%99rginlik-yaratmaq-v%c9%99-bunu-seckid%c9%99-pasinyanin-%c9%99leyhin%c9%99-cevirm%c9%99kdir\/#primaryimage\",\"url\":\"https:\/\/amip.az\/wp-content\/uploads\/2025\/10\/arzuxan.jpg\",\"contentUrl\":\"https:\/\/amip.az\/wp-content\/uploads\/2025\/10\/arzuxan.jpg\",\"width\":800,\"height\":600},{\"@type\":\"BreadcrumbList\",\"@id\":\"https:\/\/amip.az\/2026\/05\/01\/arzuxan-%c9%99lizad%c9%99-m%c9%99qs%c9%99d-olk%c9%99d%c9%99-sosial-g%c9%99rginlik-yaratmaq-v%c9%99-bunu-seckid%c9%99-pasinyanin-%c9%99leyhin%c9%99-cevirm%c9%99kdir\/#breadcrumb\",\"itemListElement\":[{\"@type\":\"ListItem\",\"position\":1,\"name\":\"Home\",\"item\":\"https:\/\/amip.az\/\"},{\"@type\":\"ListItem\",\"position\":2,\"name\":\"Arzuxan \u018flizad\u0259: \u201cM\u0259qs\u0259d \u00f6lk\u0259d\u0259 sosial g\u0259rginlik yaratmaq v\u0259 bunu se\u00e7kid\u0259 Pa\u015finyan\u0131n \u0259leyhin\u0259 \u00e7evirm\u0259kdir\u201d\"}]},{\"@type\":\"WebSite\",\"@id\":\"https:\/\/amip.az\/az\/#website\",\"url\":\"https:\/\/amip.az\/az\/\",\"name\":\"Az\u0259rbaycan Milli \u0130stiqlal Partiyas\u0131\",\"description\":\"AM\u0130P\",\"publisher\":{\"@id\":\"https:\/\/amip.az\/az\/#organization\"},\"potentialAction\":[{\"@type\":\"SearchAction\",\"target\":{\"@type\":\"EntryPoint\",\"urlTemplate\":\"https:\/\/amip.az\/az\/?s={search_term_string}\"},\"query-input\":{\"@type\":\"PropertyValueSpecification\",\"valueRequired\":true,\"valueName\":\"search_term_string\"}}],\"inLanguage\":\"az\"},{\"@type\":\"Organization\",\"@id\":\"https:\/\/amip.az\/az\/#organization\",\"name\":\"Az\u0259rbaycan Milli \u0130stiqlal Partiyas\u0131\",\"url\":\"https:\/\/amip.az\/az\/\",\"logo\":{\"@type\":\"ImageObject\",\"inLanguage\":\"az\",\"@id\":\"https:\/\/amip.az\/az\/#\/schema\/logo\/image\/\",\"url\":\"https:\/\/amip.az\/wp-content\/uploads\/2023\/06\/amiplogo.png\",\"contentUrl\":\"https:\/\/amip.az\/wp-content\/uploads\/2023\/06\/amiplogo.png\",\"width\":723,\"height\":423,\"caption\":\"Az\u0259rbaycan Milli \u0130stiqlal Partiyas\u0131\"},\"image\":{\"@id\":\"https:\/\/amip.az\/az\/#\/schema\/logo\/image\/\"},\"sameAs\":[\"https:\/\/www.facebook.com\/istiqlal91\",\"https:\/\/x.com\/APartiyas\",\"https:\/\/www.youtube.com\/channel\/UCF3pc8spko_xON2sr4vUC5A\"]},{\"@type\":\"Person\",\"@id\":\"https:\/\/amip.az\/az\/#\/schema\/person\/a7055ff0b4631c41849ee16f8ff51da7\",\"name\":\"admin_amip\",\"image\":{\"@type\":\"ImageObject\",\"inLanguage\":\"az\",\"@id\":\"https:\/\/amip.az\/az\/#\/schema\/person\/image\/\",\"url\":\"https:\/\/secure.gravatar.com\/avatar\/6c3dc6902fd066c5a5d68c8f0038dcc56ec283faa7337f8e6b219cf7e7321d3f?s=96&d=mm&r=g\",\"contentUrl\":\"https:\/\/secure.gravatar.com\/avatar\/6c3dc6902fd066c5a5d68c8f0038dcc56ec283faa7337f8e6b219cf7e7321d3f?s=96&d=mm&r=g\",\"caption\":\"admin_amip\"},\"url\":\"https:\/\/amip.az\/az\/author\/admin_amip\/\"}]}<\/script>\n<!-- \/ Yoast SEO plugin. -->","yoast_head_json":{"title":"Arzuxan \u018flizad\u0259: \u201cM\u0259qs\u0259d \u00f6lk\u0259d\u0259 sosial g\u0259rginlik yaratmaq v\u0259 bunu se\u00e7kid\u0259 Pa\u015finyan\u0131n \u0259leyhin\u0259 \u00e7evirm\u0259kdir\u201d - Az\u0259rbaycan Milli \u0130stiqlal Partiyas\u0131","robots":{"index":"index","follow":"follow","max-snippet":"max-snippet:-1","max-image-preview":"max-image-preview:large","max-video-preview":"max-video-preview:-1"},"canonical":"https:\/\/amip.az\/az\/2026\/05\/01\/arzuxan-\u0259lizad\u0259-m\u0259qs\u0259d-olk\u0259d\u0259-sosial-g\u0259rginlik-yaratmaq-v\u0259-bunu-seckid\u0259-pasinyanin-\u0259leyhin\u0259-cevirm\u0259kdir\/","og_locale":"az_AZ","og_type":"article","og_title":"Arzuxan \u018flizad\u0259: \u201cM\u0259qs\u0259d \u00f6lk\u0259d\u0259 sosial g\u0259rginlik yaratmaq v\u0259 bunu se\u00e7kid\u0259 Pa\u015finyan\u0131n \u0259leyhin\u0259 \u00e7evirm\u0259kdir\u201d - Az\u0259rbaycan Milli \u0130stiqlal Partiyas\u0131","og_description":"Rusiya Erm\u0259nistandan g\u0259tiril\u0259n mineral suyun sat\u0131\u015f\u0131na qada\u011fa qoyub. Bel\u0259 ki, Rusiyan\u0131n &#8220;\u00c7estn\u0131y znak&#8221; d\u00f6vl\u0259t markalanma sistemi Erm\u0259nistandan idxal edil\u0259n &#8220;Cermuk&#8221; mineral sular\u0131n\u0131n ma\u011fazalarda sat\u0131\u015f\u0131n\u0131 dayand\u0131r\u0131b. Bu bar\u0259d\u0259 Markalama Sisteminin operatoru olan Perspektiv Texnologiyalar\u0131n \u0130nki\u015faf\u0131 M\u0259rk\u0259zinin ba\u015f direktorunun m\u00fcavini Revez Yusupov bildirib. M\u0259lum olub ki, haz\u0131rda d\u00f6vriyy\u0259d\u0259 olan 338 min \u015f\u00fc\u015f\u0259 mineral su yoxlamalar ba\u015fa \u00e7atana q\u0259d\u0259r bloklan\u0131b. &#8220;Rospotrebnadzor&#8221;un r\u0259smi m\u0259ktubunda is\u0259 qeyd olunub ki, Rusiya v\u0259t\u0259nda\u015flar\u0131n\u0131n h\u0259yat v\u0259 sa\u011flaml\u0131\u011f\u0131na d\u0259y\u0259 bil\u0259c\u0259k m\u00fcmk\u00fcn z\u0259r\u0259rin qar\u015f\u0131s\u0131n\u0131 almaq \u00fc\u00e7\u00fcn t\u0259cili t\u0259dbirl\u0259rin g\u00f6r\u00fclm\u0259si z\u0259ruridir. M\u0259hdudiyy\u0259t\u0259 s\u0259b\u0259b kimi m\u0259cburi [&hellip;]","og_url":"https:\/\/amip.az\/az\/2026\/05\/01\/arzuxan-\u0259lizad\u0259-m\u0259qs\u0259d-olk\u0259d\u0259-sosial-g\u0259rginlik-yaratmaq-v\u0259-bunu-seckid\u0259-pasinyanin-\u0259leyhin\u0259-cevirm\u0259kdir\/","og_site_name":"Az\u0259rbaycan Milli \u0130stiqlal Partiyas\u0131","article_publisher":"https:\/\/www.facebook.com\/istiqlal91","article_published_time":"2026-05-01T04:12:10+00:00","article_modified_time":"2026-05-01T04:12:14+00:00","og_image":[{"width":800,"height":600,"url":"https:\/\/amip.az\/wp-content\/uploads\/2025\/10\/arzuxan.jpg","type":"image\/jpeg"}],"author":"admin_amip","twitter_card":"summary_large_image","twitter_creator":"@APartiyas","twitter_site":"@APartiyas","twitter_misc":{"Written by":"admin_amip","Est. reading time":"3 minutes"},"schema":{"@context":"https:\/\/schema.org","@graph":[{"@type":"Article","@id":"https:\/\/amip.az\/2026\/05\/01\/arzuxan-%c9%99lizad%c9%99-m%c9%99qs%c9%99d-olk%c9%99d%c9%99-sosial-g%c9%99rginlik-yaratmaq-v%c9%99-bunu-seckid%c9%99-pasinyanin-%c9%99leyhin%c9%99-cevirm%c9%99kdir\/#article","isPartOf":{"@id":"https:\/\/amip.az\/2026\/05\/01\/arzuxan-%c9%99lizad%c9%99-m%c9%99qs%c9%99d-olk%c9%99d%c9%99-sosial-g%c9%99rginlik-yaratmaq-v%c9%99-bunu-seckid%c9%99-pasinyanin-%c9%99leyhin%c9%99-cevirm%c9%99kdir\/"},"author":{"name":"admin_amip","@id":"https:\/\/amip.az\/az\/#\/schema\/person\/a7055ff0b4631c41849ee16f8ff51da7"},"headline":"Arzuxan \u018flizad\u0259: \u201cM\u0259qs\u0259d \u00f6lk\u0259d\u0259 sosial g\u0259rginlik yaratmaq v\u0259 bunu se\u00e7kid\u0259 Pa\u015finyan\u0131n \u0259leyhin\u0259 \u00e7evirm\u0259kdir\u201d","datePublished":"2026-05-01T04:12:10+00:00","dateModified":"2026-05-01T04:12:14+00:00","mainEntityOfPage":{"@id":"https:\/\/amip.az\/2026\/05\/01\/arzuxan-%c9%99lizad%c9%99-m%c9%99qs%c9%99d-olk%c9%99d%c9%99-sosial-g%c9%99rginlik-yaratmaq-v%c9%99-bunu-seckid%c9%99-pasinyanin-%c9%99leyhin%c9%99-cevirm%c9%99kdir\/"},"wordCount":699,"publisher":{"@id":"https:\/\/amip.az\/az\/#organization"},"image":{"@id":"https:\/\/amip.az\/2026\/05\/01\/arzuxan-%c9%99lizad%c9%99-m%c9%99qs%c9%99d-olk%c9%99d%c9%99-sosial-g%c9%99rginlik-yaratmaq-v%c9%99-bunu-seckid%c9%99-pasinyanin-%c9%99leyhin%c9%99-cevirm%c9%99kdir\/#primaryimage"},"thumbnailUrl":"https:\/\/amip.az\/wp-content\/uploads\/2025\/10\/arzuxan.jpg","articleSection":["K\u0130V"],"inLanguage":"az"},{"@type":"WebPage","@id":"https:\/\/amip.az\/2026\/05\/01\/arzuxan-%c9%99lizad%c9%99-m%c9%99qs%c9%99d-olk%c9%99d%c9%99-sosial-g%c9%99rginlik-yaratmaq-v%c9%99-bunu-seckid%c9%99-pasinyanin-%c9%99leyhin%c9%99-cevirm%c9%99kdir\/","url":"https:\/\/amip.az\/2026\/05\/01\/arzuxan-%c9%99lizad%c9%99-m%c9%99qs%c9%99d-olk%c9%99d%c9%99-sosial-g%c9%99rginlik-yaratmaq-v%c9%99-bunu-seckid%c9%99-pasinyanin-%c9%99leyhin%c9%99-cevirm%c9%99kdir\/","name":"Arzuxan \u018flizad\u0259: \u201cM\u0259qs\u0259d \u00f6lk\u0259d\u0259 sosial g\u0259rginlik yaratmaq v\u0259 bunu se\u00e7kid\u0259 Pa\u015finyan\u0131n \u0259leyhin\u0259 \u00e7evirm\u0259kdir\u201d - Az\u0259rbaycan Milli \u0130stiqlal Partiyas\u0131","isPartOf":{"@id":"https:\/\/amip.az\/az\/#website"},"primaryImageOfPage":{"@id":"https:\/\/amip.az\/2026\/05\/01\/arzuxan-%c9%99lizad%c9%99-m%c9%99qs%c9%99d-olk%c9%99d%c9%99-sosial-g%c9%99rginlik-yaratmaq-v%c9%99-bunu-seckid%c9%99-pasinyanin-%c9%99leyhin%c9%99-cevirm%c9%99kdir\/#primaryimage"},"image":{"@id":"https:\/\/amip.az\/2026\/05\/01\/arzuxan-%c9%99lizad%c9%99-m%c9%99qs%c9%99d-olk%c9%99d%c9%99-sosial-g%c9%99rginlik-yaratmaq-v%c9%99-bunu-seckid%c9%99-pasinyanin-%c9%99leyhin%c9%99-cevirm%c9%99kdir\/#primaryimage"},"thumbnailUrl":"https:\/\/amip.az\/wp-content\/uploads\/2025\/10\/arzuxan.jpg","datePublished":"2026-05-01T04:12:10+00:00","dateModified":"2026-05-01T04:12:14+00:00","breadcrumb":{"@id":"https:\/\/amip.az\/2026\/05\/01\/arzuxan-%c9%99lizad%c9%99-m%c9%99qs%c9%99d-olk%c9%99d%c9%99-sosial-g%c9%99rginlik-yaratmaq-v%c9%99-bunu-seckid%c9%99-pasinyanin-%c9%99leyhin%c9%99-cevirm%c9%99kdir\/#breadcrumb"},"inLanguage":"az","potentialAction":[{"@type":"ReadAction","target":["https:\/\/amip.az\/2026\/05\/01\/arzuxan-%c9%99lizad%c9%99-m%c9%99qs%c9%99d-olk%c9%99d%c9%99-sosial-g%c9%99rginlik-yaratmaq-v%c9%99-bunu-seckid%c9%99-pasinyanin-%c9%99leyhin%c9%99-cevirm%c9%99kdir\/"]}]},{"@type":"ImageObject","inLanguage":"az","@id":"https:\/\/amip.az\/2026\/05\/01\/arzuxan-%c9%99lizad%c9%99-m%c9%99qs%c9%99d-olk%c9%99d%c9%99-sosial-g%c9%99rginlik-yaratmaq-v%c9%99-bunu-seckid%c9%99-pasinyanin-%c9%99leyhin%c9%99-cevirm%c9%99kdir\/#primaryimage","url":"https:\/\/amip.az\/wp-content\/uploads\/2025\/10\/arzuxan.jpg","contentUrl":"https:\/\/amip.az\/wp-content\/uploads\/2025\/10\/arzuxan.jpg","width":800,"height":600},{"@type":"BreadcrumbList","@id":"https:\/\/amip.az\/2026\/05\/01\/arzuxan-%c9%99lizad%c9%99-m%c9%99qs%c9%99d-olk%c9%99d%c9%99-sosial-g%c9%99rginlik-yaratmaq-v%c9%99-bunu-seckid%c9%99-pasinyanin-%c9%99leyhin%c9%99-cevirm%c9%99kdir\/#breadcrumb","itemListElement":[{"@type":"ListItem","position":1,"name":"Home","item":"https:\/\/amip.az\/"},{"@type":"ListItem","position":2,"name":"Arzuxan \u018flizad\u0259: \u201cM\u0259qs\u0259d \u00f6lk\u0259d\u0259 sosial g\u0259rginlik yaratmaq v\u0259 bunu se\u00e7kid\u0259 Pa\u015finyan\u0131n \u0259leyhin\u0259 \u00e7evirm\u0259kdir\u201d"}]},{"@type":"WebSite","@id":"https:\/\/amip.az\/az\/#website","url":"https:\/\/amip.az\/az\/","name":"Az\u0259rbaycan Milli \u0130stiqlal Partiyas\u0131","description":"AM\u0130P","publisher":{"@id":"https:\/\/amip.az\/az\/#organization"},"potentialAction":[{"@type":"SearchAction","target":{"@type":"EntryPoint","urlTemplate":"https:\/\/amip.az\/az\/?s={search_term_string}"},"query-input":{"@type":"PropertyValueSpecification","valueRequired":true,"valueName":"search_term_string"}}],"inLanguage":"az"},{"@type":"Organization","@id":"https:\/\/amip.az\/az\/#organization","name":"Az\u0259rbaycan Milli \u0130stiqlal Partiyas\u0131","url":"https:\/\/amip.az\/az\/","logo":{"@type":"ImageObject","inLanguage":"az","@id":"https:\/\/amip.az\/az\/#\/schema\/logo\/image\/","url":"https:\/\/amip.az\/wp-content\/uploads\/2023\/06\/amiplogo.png","contentUrl":"https:\/\/amip.az\/wp-content\/uploads\/2023\/06\/amiplogo.png","width":723,"height":423,"caption":"Az\u0259rbaycan Milli \u0130stiqlal Partiyas\u0131"},"image":{"@id":"https:\/\/amip.az\/az\/#\/schema\/logo\/image\/"},"sameAs":["https:\/\/www.facebook.com\/istiqlal91","https:\/\/x.com\/APartiyas","https:\/\/www.youtube.com\/channel\/UCF3pc8spko_xON2sr4vUC5A"]},{"@type":"Person","@id":"https:\/\/amip.az\/az\/#\/schema\/person\/a7055ff0b4631c41849ee16f8ff51da7","name":"admin_amip","image":{"@type":"ImageObject","inLanguage":"az","@id":"https:\/\/amip.az\/az\/#\/schema\/person\/image\/","url":"https:\/\/secure.gravatar.com\/avatar\/6c3dc6902fd066c5a5d68c8f0038dcc56ec283faa7337f8e6b219cf7e7321d3f?s=96&d=mm&r=g","contentUrl":"https:\/\/secure.gravatar.com\/avatar\/6c3dc6902fd066c5a5d68c8f0038dcc56ec283faa7337f8e6b219cf7e7321d3f?s=96&d=mm&r=g","caption":"admin_amip"},"url":"https:\/\/amip.az\/az\/author\/admin_amip\/"}]}},"_links":{"self":[{"href":"https:\/\/amip.az\/az\/wp-json\/wp\/v2\/posts\/10584","targetHints":{"allow":["GET"]}}],"collection":[{"href":"https:\/\/amip.az\/az\/wp-json\/wp\/v2\/posts"}],"about":[{"href":"https:\/\/amip.az\/az\/wp-json\/wp\/v2\/types\/post"}],"author":[{"embeddable":true,"href":"https:\/\/amip.az\/az\/wp-json\/wp\/v2\/users\/2"}],"replies":[{"embeddable":true,"href":"https:\/\/amip.az\/az\/wp-json\/wp\/v2\/comments?post=10584"}],"version-history":[{"count":1,"href":"https:\/\/amip.az\/az\/wp-json\/wp\/v2\/posts\/10584\/revisions"}],"predecessor-version":[{"id":10585,"href":"https:\/\/amip.az\/az\/wp-json\/wp\/v2\/posts\/10584\/revisions\/10585"}],"wp:featuredmedia":[{"embeddable":true,"href":"https:\/\/amip.az\/az\/wp-json\/wp\/v2\/media\/9358"}],"wp:attachment":[{"href":"https:\/\/amip.az\/az\/wp-json\/wp\/v2\/media?parent=10584"}],"wp:term":[{"taxonomy":"category","embeddable":true,"href":"https:\/\/amip.az\/az\/wp-json\/wp\/v2\/categories?post=10584"},{"taxonomy":"post_tag","embeddable":true,"href":"https:\/\/amip.az\/az\/wp-json\/wp\/v2\/tags?post=10584"}],"curies":[{"name":"wp","href":"https:\/\/api.w.org\/{rel}","templated":true}]}}