{"id":10586,"date":"2026-05-01T21:12:44","date_gmt":"2026-05-01T17:12:44","guid":{"rendered":"https:\/\/amip.az\/?p=10586"},"modified":"2026-05-01T21:12:49","modified_gmt":"2026-05-01T17:12:49","slug":"afs%c9%99ddin-n%c9%99biyev-bakinin-danisiqlar-m%c9%99kani-kimi-r%c9%99dd-edilm%c9%99si-rusiyanin-sulh%c9%99-hazir-olmamasindan-x%c9%99b%c9%99r-verir","status":"publish","type":"post","link":"https:\/\/amip.az\/az\/2026\/05\/01\/afs%c9%99ddin-n%c9%99biyev-bakinin-danisiqlar-m%c9%99kani-kimi-r%c9%99dd-edilm%c9%99si-rusiyanin-sulh%c9%99-hazir-olmamasindan-x%c9%99b%c9%99r-verir\/","title":{"rendered":"Afs\u0259ddin N\u0259biyev: \u201cBak\u0131n\u0131n dan\u0131\u015f\u0131qlar m\u0259kan\u0131 kimi r\u0259dd edilm\u0259si Rusiyan\u0131n s\u00fclh\u0259 haz\u0131r olmamas\u0131ndan x\u0259b\u0259r verir\u201d"},"content":{"rendered":"\n<p><strong>Rusiya haz\u0131rda Az\u0259rbaycan\u0131 Ukrayna il\u0259 dan\u0131\u015f\u0131qlar \u00fc\u00e7\u00fcn meydan\u00e7a qismind\u0259 n\u0259z\u0259rd\u0259n ke\u00e7irmir. Bunu Rusiya prezidentinin m\u0259tbuat katibi Dmitri Peskov bildirib.<\/strong><\/p>\n\n\n\n<p>M\u0259lumat \u00fc\u00e7\u00fcn qeyd ed\u0259k ki, aprelin 25-d\u0259 Ukrayna prezidenti Volodimir Zelenski Az\u0259rbaycana s\u0259f\u0259rind\u0259 Rusiya il\u0259 Ukrayna aras\u0131ndak\u0131 dan\u0131\u015f\u0131qlar\u0131n Az\u0259rbaycanda ke\u00e7irilm\u0259sini t\u0259klif edib: \u201cBizim \u00fc\u00e7t\u0259r\u0259fli v\u0259 dig\u0259r formatlarda dan\u0131\u015f\u0131qlar\u0131m\u0131z ba\u015f tutdu. G\u00f6r\u00fc\u015fl\u0259rin bir qismi T\u00fcrkiy\u0259d\u0259, n\u00f6vb\u0259ti m\u0259rh\u0259l\u0259si is\u0259 amerikal\u0131 t\u0259r\u0259fda\u015flar\u0131m\u0131z\u0131n i\u015ftirak\u0131 il\u0259 Cenevr\u0259d\u0259 ke\u00e7irildi. \u018fg\u0259r Rusiya t\u0259r\u0259fi d\u0259 diplomatiya yolunu se\u00e7\u0259rs\u0259, biz dan\u0131\u015f\u0131qlar\u0131 Az\u0259rbaycanda aparmaq ist\u0259rdik\u201d.<\/p>\n\n\n\n<p>Ax\u0131 niy\u0259, n\u0259 \u00fc\u00e7\u00fcn Rusiya bu variant\u0131 n\u0259z\u0259rd\u0259n ke\u00e7irmir? Nec\u0259 olur ki, d\u0259f\u0259l\u0259rl\u0259 AB\u015e-Rusiya ba\u015f q\u0259rargah r\u0259isl\u0259ri, Rusiya-NATO r\u0259smil\u0259ri Bak\u0131da dan\u0131\u015f\u0131qlar apara bilir, amma indi bu m\u00fcmk\u00fcn olmur? Rusiya n\u0259y\u0259 g\u00f6r\u0259 Zelenski il\u0259 Az\u0259rbaycanda g\u00f6r\u00fc\u015fm\u0259y\u0259 maraql\u0131 deyil? Niy\u0259 t\u0259r\u0259fsiz olan Az\u0259rbaycan\u0131 dan\u0131\u015f\u0131q m\u0259kan\u0131 kimi g\u00f6rm\u0259k ist\u0259mir?<\/p>\n\n\n\n<p>S\u00f6z\u00fcged\u0259n m\u0259s\u0259l\u0259y\u0259 ayd\u0131nl\u0131q g\u0259tir\u0259n<strong> AM\u0130P-in s\u0259dr m\u00fcavini Afs\u0259ddin N\u0259biyev <\/strong>baki-xeber.com-a a\u00e7\u0131qlamas\u0131nda Moskvan\u0131n bel\u0259 m\u00f6vqe s\u0259rgil\u0259m\u0259sini bir s\u0131ra amill\u0259rl\u0259 \u0259laq\u0259l\u0259ndirdi:<strong> \u201cAz\u0259rbaycan\u0131n m\u00fcst\u0259qil v\u0259 balansl\u0131 xarici siyas\u0259ti, \u0259slind\u0259, Moskvan\u0131n \u201cvasit\u0259\u00e7i\u201d anlay\u0131\u015f\u0131na uy\u011fun g\u0259lmir. Kreml ad\u0259t\u0259n dan\u0131\u015f\u0131qlar masas\u0131nda ya tam \u00fcst\u00fcnl\u00fcy\u00fcn\u00fc hiss etdiyi, ya da Q\u0259rb\u0259 qar\u015f\u0131 r\u0259qab\u0259td\u0259 istifad\u0259 ed\u0259 bil\u0259c\u0259yi platformalar\u0131 se\u00e7ir. Az\u0259rbaycan\u0131n h\u0259m Ukraynan\u0131n \u0259razi b\u00fct\u00f6vl\u00fcy\u00fcn\u00fc tan\u0131mas\u0131, h\u0259m d\u0259 Rusiya il\u0259 m\u00fctt\u0259fiqlik b\u0259yannam\u0259si imzalamas\u0131 onu neytral m\u00f6vqed\u0259 saxlay\u0131r. Lakin Rusiya haz\u0131rda s\u0259mimi, t\u0259r\u0259fsiz vasit\u0259\u00e7i yox, \u00f6z \u015f\u0259rtl\u0259rini dikt\u0259 ed\u0259 bil\u0259c\u0259yi m\u00fchit axtar\u0131r. Dmitri Peskovun Bak\u0131 variant\u0131n\u0131 k\u0259nara qoymas\u0131 Kremlin diplomatik h\u0259ll\u0259 deyil, h\u0259rbi \u00fcst\u00fcnl\u00fcy\u0259 g\u00fcv\u0259ndiyini g\u00f6st\u0259rir. Moskva s\u00fclh masas\u0131na yaln\u0131z Ukraynan\u0131n tam z\u0259ifl\u0259diyi v\u0259 \u015f\u0259rtl\u0259rin dikt\u0259 olundu\u011fu anda oturmaq ist\u0259yir. Bu is\u0259 Az\u0259rbaycan\u0131n t\u0259klif etdiyi beyn\u0259lxalq h\u00fcquqa \u0259saslanan \u0259dal\u0259tli m\u00fczakir\u0259 m\u00fchitin\u0259 ziddir. Az\u0259rbaycan son ill\u0259rd\u0259 h\u0259m h\u0259rbi, h\u0259m d\u0259 diplomatik sah\u0259d\u0259 qazand\u0131\u011f\u0131 u\u011furlarla regional g\u00fcc m\u0259rk\u0259zin\u0259 \u00e7evrilib. Bak\u0131n\u0131n Rusiya v\u0259 Ukrayna aras\u0131nda s\u00fclh\u0259 nail olmas\u0131 \u00f6lk\u0259nin qlobal n\u00fcfuzunu daha da art\u0131rard\u0131. Lakin Rusiyan\u0131n b\u0259zi dair\u0259l\u0259rind\u0259 bel\u0259 bir u\u011furun Moskvan\u0131n birba\u015fa dikt\u0259si olmadan ba\u015f verm\u0259sin\u0259 qar\u015f\u0131 gizli m\u00fcqavim\u0259t hiss olunur. Bu, Az\u0259rbaycan\u0131n artan n\u00fcfuzuna qar\u015f\u0131 q\u0131sqancl\u0131\u011f\u0131n a\u00e7\u0131q g\u00f6st\u0259ricisidir. Az\u0259rbaycan 30 illik i\u015f\u011fal t\u0259cr\u00fcb\u0259sind\u0259n \u00e7\u0131x\u0131\u015f ed\u0259r\u0259k h\u0259mi\u015f\u0259 beyn\u0259lxalq h\u00fcququ v\u0259 s\u0259rh\u0259dl\u0259rin toxunulmazl\u0131\u011f\u0131n\u0131 m\u00fcdafi\u0259 edib. Ukrayna m\u0259s\u0259l\u0259sind\u0259 d\u0259 Bak\u0131n\u0131n m\u00f6vqeyi bu prinsip\u0259 \u0259saslan\u0131r. Rusiya is\u0259 \u201cg\u00fcc h\u00fcququ\u201d strategiyas\u0131n\u0131 \u00fcst\u00fcn tutaraq, \u0259dal\u0259tli vasit\u0259\u00e7ilik imkanlar\u0131n\u0131 q\u0259bul etmir. N\u0259tic\u0259 etibaril\u0259, Bak\u0131n\u0131n dan\u0131\u015f\u0131qlar m\u0259kan\u0131 kimi r\u0259dd edilm\u0259si Az\u0259rbaycan\u0131n qeyri-m\u00fcnasibliyind\u0259n deyil, Rusiyan\u0131n s\u00fclh\u0259 haz\u0131r olmamas\u0131ndan x\u0259b\u0259r verir. \u018fsl s\u00fclh ist\u0259y\u0259n t\u0259r\u0259f \u00fc\u00e7\u00fcn yerin f\u0259rqi olmamal\u0131d\u0131r. Amma g\u00f6r\u00fcn\u00fcr, Moskva \u00fc\u00e7\u00fcn \u201cs\u00fclh\u201d h\u0259l\u0259 d\u0259 \u201ctabe etm\u0259k\u201d s\u00f6z\u00fcn\u00fcn sinonimi olaraq qal\u0131r. Bel\u0259 bir a\u011fr\u0131l\u0131 m\u00fcharib\u0259nin zamana ehtiyac\u0131 var. Vaxt g\u0259l\u0259c\u0259k Rusiya r\u0259smil\u0259ri burax\u0131lm\u0131\u015f f\u00fcrs\u0259tl\u0259r \u00fc\u00e7\u00fcn \u00e7ox pe\u015fman\u00e7\u0131l\u0131q \u00e7\u0259k\u0259c\u0259kl\u0259r. H\u0259l\u0259 bu d\u00fcnyada he\u00e7 bir q\u00fcvv\u0259 s\u00fclh\u0259 qalib g\u0259l\u0259 bilm\u0259yib\u201d.<\/strong><\/p>\n","protected":false},"excerpt":{"rendered":"<p>Rusiya haz\u0131rda Az\u0259rbaycan\u0131 Ukrayna il\u0259 dan\u0131\u015f\u0131qlar \u00fc\u00e7\u00fcn meydan\u00e7a qismind\u0259 n\u0259z\u0259rd\u0259n ke\u00e7irmir. Bunu Rusiya prezidentinin m\u0259tbuat katibi Dmitri Peskov bildirib. M\u0259lumat \u00fc\u00e7\u00fcn qeyd ed\u0259k ki, aprelin 25-d\u0259 Ukrayna prezidenti Volodimir Zelenski Az\u0259rbaycana s\u0259f\u0259rind\u0259 Rusiya il\u0259 Ukrayna aras\u0131ndak\u0131 dan\u0131\u015f\u0131qlar\u0131n Az\u0259rbaycanda ke\u00e7irilm\u0259sini t\u0259klif edib: \u201cBizim \u00fc\u00e7t\u0259r\u0259fli v\u0259 dig\u0259r formatlarda dan\u0131\u015f\u0131qlar\u0131m\u0131z ba\u015f tutdu. G\u00f6r\u00fc\u015fl\u0259rin bir qismi T\u00fcrkiy\u0259d\u0259, n\u00f6vb\u0259ti m\u0259rh\u0259l\u0259si is\u0259 amerikal\u0131 t\u0259r\u0259fda\u015flar\u0131m\u0131z\u0131n i\u015ftirak\u0131 il\u0259 Cenevr\u0259d\u0259 ke\u00e7irildi. \u018fg\u0259r Rusiya t\u0259r\u0259fi d\u0259 diplomatiya yolunu se\u00e7\u0259rs\u0259, biz dan\u0131\u015f\u0131qlar\u0131 Az\u0259rbaycanda aparmaq ist\u0259rdik\u201d. Ax\u0131 niy\u0259, n\u0259 \u00fc\u00e7\u00fcn Rusiya bu variant\u0131 n\u0259z\u0259rd\u0259n ke\u00e7irmir? Nec\u0259 [&hellip;]<\/p>\n","protected":false},"author":2,"featured_media":8358,"comment_status":"closed","ping_status":"closed","sticky":false,"template":"","format":"standard","meta":{"footnotes":""},"categories":[10],"tags":[],"class_list":["post-10586","post","type-post","status-publish","format-standard","has-post-thumbnail","hentry","category-kiv"],"yoast_head":"<!-- This site is optimized with the Yoast SEO plugin v23.8 - https:\/\/yoast.com\/wordpress\/plugins\/seo\/ -->\n<title>Afs\u0259ddin N\u0259biyev: \u201cBak\u0131n\u0131n dan\u0131\u015f\u0131qlar m\u0259kan\u0131 kimi r\u0259dd edilm\u0259si Rusiyan\u0131n s\u00fclh\u0259 haz\u0131r olmamas\u0131ndan x\u0259b\u0259r verir\u201d - Az\u0259rbaycan Milli \u0130stiqlal Partiyas\u0131<\/title>\n<meta name=\"robots\" content=\"index, follow, max-snippet:-1, max-image-preview:large, max-video-preview:-1\" \/>\n<link rel=\"canonical\" href=\"https:\/\/amip.az\/az\/2026\/05\/01\/afs\u0259ddin-n\u0259biyev-bakinin-danisiqlar-m\u0259kani-kimi-r\u0259dd-edilm\u0259si-rusiyanin-sulh\u0259-hazir-olmamasindan-x\u0259b\u0259r-verir\/\" \/>\n<meta property=\"og:locale\" content=\"az_AZ\" \/>\n<meta property=\"og:type\" content=\"article\" \/>\n<meta property=\"og:title\" content=\"Afs\u0259ddin N\u0259biyev: \u201cBak\u0131n\u0131n dan\u0131\u015f\u0131qlar m\u0259kan\u0131 kimi r\u0259dd edilm\u0259si Rusiyan\u0131n s\u00fclh\u0259 haz\u0131r olmamas\u0131ndan x\u0259b\u0259r verir\u201d - Az\u0259rbaycan Milli \u0130stiqlal Partiyas\u0131\" \/>\n<meta property=\"og:description\" content=\"Rusiya haz\u0131rda Az\u0259rbaycan\u0131 Ukrayna il\u0259 dan\u0131\u015f\u0131qlar \u00fc\u00e7\u00fcn meydan\u00e7a qismind\u0259 n\u0259z\u0259rd\u0259n ke\u00e7irmir. Bunu Rusiya prezidentinin m\u0259tbuat katibi Dmitri Peskov bildirib. M\u0259lumat \u00fc\u00e7\u00fcn qeyd ed\u0259k ki, aprelin 25-d\u0259 Ukrayna prezidenti Volodimir Zelenski Az\u0259rbaycana s\u0259f\u0259rind\u0259 Rusiya il\u0259 Ukrayna aras\u0131ndak\u0131 dan\u0131\u015f\u0131qlar\u0131n Az\u0259rbaycanda ke\u00e7irilm\u0259sini t\u0259klif edib: \u201cBizim \u00fc\u00e7t\u0259r\u0259fli v\u0259 dig\u0259r formatlarda dan\u0131\u015f\u0131qlar\u0131m\u0131z ba\u015f tutdu. G\u00f6r\u00fc\u015fl\u0259rin bir qismi T\u00fcrkiy\u0259d\u0259, n\u00f6vb\u0259ti m\u0259rh\u0259l\u0259si is\u0259 amerikal\u0131 t\u0259r\u0259fda\u015flar\u0131m\u0131z\u0131n i\u015ftirak\u0131 il\u0259 Cenevr\u0259d\u0259 ke\u00e7irildi. \u018fg\u0259r Rusiya t\u0259r\u0259fi d\u0259 diplomatiya yolunu se\u00e7\u0259rs\u0259, biz dan\u0131\u015f\u0131qlar\u0131 Az\u0259rbaycanda aparmaq ist\u0259rdik\u201d. Ax\u0131 niy\u0259, n\u0259 \u00fc\u00e7\u00fcn Rusiya bu variant\u0131 n\u0259z\u0259rd\u0259n ke\u00e7irmir? Nec\u0259 [&hellip;]\" \/>\n<meta property=\"og:url\" content=\"https:\/\/amip.az\/az\/2026\/05\/01\/afs\u0259ddin-n\u0259biyev-bakinin-danisiqlar-m\u0259kani-kimi-r\u0259dd-edilm\u0259si-rusiyanin-sulh\u0259-hazir-olmamasindan-x\u0259b\u0259r-verir\/\" \/>\n<meta property=\"og:site_name\" content=\"Az\u0259rbaycan Milli \u0130stiqlal Partiyas\u0131\" \/>\n<meta property=\"article:publisher\" content=\"https:\/\/www.facebook.com\/istiqlal91\" \/>\n<meta property=\"article:published_time\" content=\"2026-05-01T17:12:44+00:00\" \/>\n<meta property=\"article:modified_time\" content=\"2026-05-01T17:12:49+00:00\" \/>\n<meta property=\"og:image\" content=\"https:\/\/amip.az\/wp-content\/uploads\/2025\/05\/afseddin.jpeg\" \/>\n\t<meta property=\"og:image:width\" content=\"1280\" \/>\n\t<meta property=\"og:image:height\" content=\"720\" \/>\n\t<meta property=\"og:image:type\" content=\"image\/jpeg\" \/>\n<meta name=\"author\" content=\"admin_amip\" \/>\n<meta name=\"twitter:card\" content=\"summary_large_image\" \/>\n<meta name=\"twitter:creator\" content=\"@APartiyas\" \/>\n<meta name=\"twitter:site\" content=\"@APartiyas\" \/>\n<meta name=\"twitter:label1\" content=\"Written by\" \/>\n\t<meta name=\"twitter:data1\" content=\"admin_amip\" \/>\n\t<meta name=\"twitter:label2\" content=\"Est. reading time\" \/>\n\t<meta name=\"twitter:data2\" content=\"3 minutes\" \/>\n<script type=\"application\/ld+json\" class=\"yoast-schema-graph\">{\"@context\":\"https:\/\/schema.org\",\"@graph\":[{\"@type\":\"Article\",\"@id\":\"https:\/\/amip.az\/2026\/05\/01\/afs%c9%99ddin-n%c9%99biyev-bakinin-danisiqlar-m%c9%99kani-kimi-r%c9%99dd-edilm%c9%99si-rusiyanin-sulh%c9%99-hazir-olmamasindan-x%c9%99b%c9%99r-verir\/#article\",\"isPartOf\":{\"@id\":\"https:\/\/amip.az\/2026\/05\/01\/afs%c9%99ddin-n%c9%99biyev-bakinin-danisiqlar-m%c9%99kani-kimi-r%c9%99dd-edilm%c9%99si-rusiyanin-sulh%c9%99-hazir-olmamasindan-x%c9%99b%c9%99r-verir\/\"},\"author\":{\"name\":\"admin_amip\",\"@id\":\"https:\/\/amip.az\/az\/#\/schema\/person\/a7055ff0b4631c41849ee16f8ff51da7\"},\"headline\":\"Afs\u0259ddin N\u0259biyev: \u201cBak\u0131n\u0131n dan\u0131\u015f\u0131qlar m\u0259kan\u0131 kimi r\u0259dd edilm\u0259si Rusiyan\u0131n s\u00fclh\u0259 haz\u0131r olmamas\u0131ndan x\u0259b\u0259r verir\u201d\",\"datePublished\":\"2026-05-01T17:12:44+00:00\",\"dateModified\":\"2026-05-01T17:12:49+00:00\",\"mainEntityOfPage\":{\"@id\":\"https:\/\/amip.az\/2026\/05\/01\/afs%c9%99ddin-n%c9%99biyev-bakinin-danisiqlar-m%c9%99kani-kimi-r%c9%99dd-edilm%c9%99si-rusiyanin-sulh%c9%99-hazir-olmamasindan-x%c9%99b%c9%99r-verir\/\"},\"wordCount\":737,\"publisher\":{\"@id\":\"https:\/\/amip.az\/az\/#organization\"},\"image\":{\"@id\":\"https:\/\/amip.az\/2026\/05\/01\/afs%c9%99ddin-n%c9%99biyev-bakinin-danisiqlar-m%c9%99kani-kimi-r%c9%99dd-edilm%c9%99si-rusiyanin-sulh%c9%99-hazir-olmamasindan-x%c9%99b%c9%99r-verir\/#primaryimage\"},\"thumbnailUrl\":\"https:\/\/amip.az\/wp-content\/uploads\/2025\/05\/afseddin.jpeg\",\"articleSection\":[\"K\u0130V\"],\"inLanguage\":\"az\"},{\"@type\":\"WebPage\",\"@id\":\"https:\/\/amip.az\/2026\/05\/01\/afs%c9%99ddin-n%c9%99biyev-bakinin-danisiqlar-m%c9%99kani-kimi-r%c9%99dd-edilm%c9%99si-rusiyanin-sulh%c9%99-hazir-olmamasindan-x%c9%99b%c9%99r-verir\/\",\"url\":\"https:\/\/amip.az\/2026\/05\/01\/afs%c9%99ddin-n%c9%99biyev-bakinin-danisiqlar-m%c9%99kani-kimi-r%c9%99dd-edilm%c9%99si-rusiyanin-sulh%c9%99-hazir-olmamasindan-x%c9%99b%c9%99r-verir\/\",\"name\":\"Afs\u0259ddin N\u0259biyev: \u201cBak\u0131n\u0131n dan\u0131\u015f\u0131qlar m\u0259kan\u0131 kimi r\u0259dd edilm\u0259si Rusiyan\u0131n s\u00fclh\u0259 haz\u0131r olmamas\u0131ndan x\u0259b\u0259r verir\u201d - Az\u0259rbaycan Milli \u0130stiqlal Partiyas\u0131\",\"isPartOf\":{\"@id\":\"https:\/\/amip.az\/az\/#website\"},\"primaryImageOfPage\":{\"@id\":\"https:\/\/amip.az\/2026\/05\/01\/afs%c9%99ddin-n%c9%99biyev-bakinin-danisiqlar-m%c9%99kani-kimi-r%c9%99dd-edilm%c9%99si-rusiyanin-sulh%c9%99-hazir-olmamasindan-x%c9%99b%c9%99r-verir\/#primaryimage\"},\"image\":{\"@id\":\"https:\/\/amip.az\/2026\/05\/01\/afs%c9%99ddin-n%c9%99biyev-bakinin-danisiqlar-m%c9%99kani-kimi-r%c9%99dd-edilm%c9%99si-rusiyanin-sulh%c9%99-hazir-olmamasindan-x%c9%99b%c9%99r-verir\/#primaryimage\"},\"thumbnailUrl\":\"https:\/\/amip.az\/wp-content\/uploads\/2025\/05\/afseddin.jpeg\",\"datePublished\":\"2026-05-01T17:12:44+00:00\",\"dateModified\":\"2026-05-01T17:12:49+00:00\",\"breadcrumb\":{\"@id\":\"https:\/\/amip.az\/2026\/05\/01\/afs%c9%99ddin-n%c9%99biyev-bakinin-danisiqlar-m%c9%99kani-kimi-r%c9%99dd-edilm%c9%99si-rusiyanin-sulh%c9%99-hazir-olmamasindan-x%c9%99b%c9%99r-verir\/#breadcrumb\"},\"inLanguage\":\"az\",\"potentialAction\":[{\"@type\":\"ReadAction\",\"target\":[\"https:\/\/amip.az\/2026\/05\/01\/afs%c9%99ddin-n%c9%99biyev-bakinin-danisiqlar-m%c9%99kani-kimi-r%c9%99dd-edilm%c9%99si-rusiyanin-sulh%c9%99-hazir-olmamasindan-x%c9%99b%c9%99r-verir\/\"]}]},{\"@type\":\"ImageObject\",\"inLanguage\":\"az\",\"@id\":\"https:\/\/amip.az\/2026\/05\/01\/afs%c9%99ddin-n%c9%99biyev-bakinin-danisiqlar-m%c9%99kani-kimi-r%c9%99dd-edilm%c9%99si-rusiyanin-sulh%c9%99-hazir-olmamasindan-x%c9%99b%c9%99r-verir\/#primaryimage\",\"url\":\"https:\/\/amip.az\/wp-content\/uploads\/2025\/05\/afseddin.jpeg\",\"contentUrl\":\"https:\/\/amip.az\/wp-content\/uploads\/2025\/05\/afseddin.jpeg\",\"width\":1280,\"height\":720},{\"@type\":\"BreadcrumbList\",\"@id\":\"https:\/\/amip.az\/2026\/05\/01\/afs%c9%99ddin-n%c9%99biyev-bakinin-danisiqlar-m%c9%99kani-kimi-r%c9%99dd-edilm%c9%99si-rusiyanin-sulh%c9%99-hazir-olmamasindan-x%c9%99b%c9%99r-verir\/#breadcrumb\",\"itemListElement\":[{\"@type\":\"ListItem\",\"position\":1,\"name\":\"Home\",\"item\":\"https:\/\/amip.az\/\"},{\"@type\":\"ListItem\",\"position\":2,\"name\":\"Afs\u0259ddin N\u0259biyev: \u201cBak\u0131n\u0131n dan\u0131\u015f\u0131qlar m\u0259kan\u0131 kimi r\u0259dd edilm\u0259si Rusiyan\u0131n s\u00fclh\u0259 haz\u0131r olmamas\u0131ndan x\u0259b\u0259r verir\u201d\"}]},{\"@type\":\"WebSite\",\"@id\":\"https:\/\/amip.az\/az\/#website\",\"url\":\"https:\/\/amip.az\/az\/\",\"name\":\"Az\u0259rbaycan Milli \u0130stiqlal Partiyas\u0131\",\"description\":\"AM\u0130P\",\"publisher\":{\"@id\":\"https:\/\/amip.az\/az\/#organization\"},\"potentialAction\":[{\"@type\":\"SearchAction\",\"target\":{\"@type\":\"EntryPoint\",\"urlTemplate\":\"https:\/\/amip.az\/az\/?s={search_term_string}\"},\"query-input\":{\"@type\":\"PropertyValueSpecification\",\"valueRequired\":true,\"valueName\":\"search_term_string\"}}],\"inLanguage\":\"az\"},{\"@type\":\"Organization\",\"@id\":\"https:\/\/amip.az\/az\/#organization\",\"name\":\"Az\u0259rbaycan Milli \u0130stiqlal Partiyas\u0131\",\"url\":\"https:\/\/amip.az\/az\/\",\"logo\":{\"@type\":\"ImageObject\",\"inLanguage\":\"az\",\"@id\":\"https:\/\/amip.az\/az\/#\/schema\/logo\/image\/\",\"url\":\"https:\/\/amip.az\/wp-content\/uploads\/2023\/06\/amiplogo.png\",\"contentUrl\":\"https:\/\/amip.az\/wp-content\/uploads\/2023\/06\/amiplogo.png\",\"width\":723,\"height\":423,\"caption\":\"Az\u0259rbaycan Milli \u0130stiqlal Partiyas\u0131\"},\"image\":{\"@id\":\"https:\/\/amip.az\/az\/#\/schema\/logo\/image\/\"},\"sameAs\":[\"https:\/\/www.facebook.com\/istiqlal91\",\"https:\/\/x.com\/APartiyas\",\"https:\/\/www.youtube.com\/channel\/UCF3pc8spko_xON2sr4vUC5A\"]},{\"@type\":\"Person\",\"@id\":\"https:\/\/amip.az\/az\/#\/schema\/person\/a7055ff0b4631c41849ee16f8ff51da7\",\"name\":\"admin_amip\",\"image\":{\"@type\":\"ImageObject\",\"inLanguage\":\"az\",\"@id\":\"https:\/\/amip.az\/az\/#\/schema\/person\/image\/\",\"url\":\"https:\/\/secure.gravatar.com\/avatar\/6c3dc6902fd066c5a5d68c8f0038dcc56ec283faa7337f8e6b219cf7e7321d3f?s=96&d=mm&r=g\",\"contentUrl\":\"https:\/\/secure.gravatar.com\/avatar\/6c3dc6902fd066c5a5d68c8f0038dcc56ec283faa7337f8e6b219cf7e7321d3f?s=96&d=mm&r=g\",\"caption\":\"admin_amip\"},\"url\":\"https:\/\/amip.az\/az\/author\/admin_amip\/\"}]}<\/script>\n<!-- \/ Yoast SEO plugin. -->","yoast_head_json":{"title":"Afs\u0259ddin N\u0259biyev: \u201cBak\u0131n\u0131n dan\u0131\u015f\u0131qlar m\u0259kan\u0131 kimi r\u0259dd edilm\u0259si Rusiyan\u0131n s\u00fclh\u0259 haz\u0131r olmamas\u0131ndan x\u0259b\u0259r verir\u201d - Az\u0259rbaycan Milli \u0130stiqlal Partiyas\u0131","robots":{"index":"index","follow":"follow","max-snippet":"max-snippet:-1","max-image-preview":"max-image-preview:large","max-video-preview":"max-video-preview:-1"},"canonical":"https:\/\/amip.az\/az\/2026\/05\/01\/afs\u0259ddin-n\u0259biyev-bakinin-danisiqlar-m\u0259kani-kimi-r\u0259dd-edilm\u0259si-rusiyanin-sulh\u0259-hazir-olmamasindan-x\u0259b\u0259r-verir\/","og_locale":"az_AZ","og_type":"article","og_title":"Afs\u0259ddin N\u0259biyev: \u201cBak\u0131n\u0131n dan\u0131\u015f\u0131qlar m\u0259kan\u0131 kimi r\u0259dd edilm\u0259si Rusiyan\u0131n s\u00fclh\u0259 haz\u0131r olmamas\u0131ndan x\u0259b\u0259r verir\u201d - Az\u0259rbaycan Milli \u0130stiqlal Partiyas\u0131","og_description":"Rusiya haz\u0131rda Az\u0259rbaycan\u0131 Ukrayna il\u0259 dan\u0131\u015f\u0131qlar \u00fc\u00e7\u00fcn meydan\u00e7a qismind\u0259 n\u0259z\u0259rd\u0259n ke\u00e7irmir. Bunu Rusiya prezidentinin m\u0259tbuat katibi Dmitri Peskov bildirib. M\u0259lumat \u00fc\u00e7\u00fcn qeyd ed\u0259k ki, aprelin 25-d\u0259 Ukrayna prezidenti Volodimir Zelenski Az\u0259rbaycana s\u0259f\u0259rind\u0259 Rusiya il\u0259 Ukrayna aras\u0131ndak\u0131 dan\u0131\u015f\u0131qlar\u0131n Az\u0259rbaycanda ke\u00e7irilm\u0259sini t\u0259klif edib: \u201cBizim \u00fc\u00e7t\u0259r\u0259fli v\u0259 dig\u0259r formatlarda dan\u0131\u015f\u0131qlar\u0131m\u0131z ba\u015f tutdu. G\u00f6r\u00fc\u015fl\u0259rin bir qismi T\u00fcrkiy\u0259d\u0259, n\u00f6vb\u0259ti m\u0259rh\u0259l\u0259si is\u0259 amerikal\u0131 t\u0259r\u0259fda\u015flar\u0131m\u0131z\u0131n i\u015ftirak\u0131 il\u0259 Cenevr\u0259d\u0259 ke\u00e7irildi. \u018fg\u0259r Rusiya t\u0259r\u0259fi d\u0259 diplomatiya yolunu se\u00e7\u0259rs\u0259, biz dan\u0131\u015f\u0131qlar\u0131 Az\u0259rbaycanda aparmaq ist\u0259rdik\u201d. Ax\u0131 niy\u0259, n\u0259 \u00fc\u00e7\u00fcn Rusiya bu variant\u0131 n\u0259z\u0259rd\u0259n ke\u00e7irmir? Nec\u0259 [&hellip;]","og_url":"https:\/\/amip.az\/az\/2026\/05\/01\/afs\u0259ddin-n\u0259biyev-bakinin-danisiqlar-m\u0259kani-kimi-r\u0259dd-edilm\u0259si-rusiyanin-sulh\u0259-hazir-olmamasindan-x\u0259b\u0259r-verir\/","og_site_name":"Az\u0259rbaycan Milli \u0130stiqlal Partiyas\u0131","article_publisher":"https:\/\/www.facebook.com\/istiqlal91","article_published_time":"2026-05-01T17:12:44+00:00","article_modified_time":"2026-05-01T17:12:49+00:00","og_image":[{"width":1280,"height":720,"url":"https:\/\/amip.az\/wp-content\/uploads\/2025\/05\/afseddin.jpeg","type":"image\/jpeg"}],"author":"admin_amip","twitter_card":"summary_large_image","twitter_creator":"@APartiyas","twitter_site":"@APartiyas","twitter_misc":{"Written by":"admin_amip","Est. reading time":"3 minutes"},"schema":{"@context":"https:\/\/schema.org","@graph":[{"@type":"Article","@id":"https:\/\/amip.az\/2026\/05\/01\/afs%c9%99ddin-n%c9%99biyev-bakinin-danisiqlar-m%c9%99kani-kimi-r%c9%99dd-edilm%c9%99si-rusiyanin-sulh%c9%99-hazir-olmamasindan-x%c9%99b%c9%99r-verir\/#article","isPartOf":{"@id":"https:\/\/amip.az\/2026\/05\/01\/afs%c9%99ddin-n%c9%99biyev-bakinin-danisiqlar-m%c9%99kani-kimi-r%c9%99dd-edilm%c9%99si-rusiyanin-sulh%c9%99-hazir-olmamasindan-x%c9%99b%c9%99r-verir\/"},"author":{"name":"admin_amip","@id":"https:\/\/amip.az\/az\/#\/schema\/person\/a7055ff0b4631c41849ee16f8ff51da7"},"headline":"Afs\u0259ddin N\u0259biyev: \u201cBak\u0131n\u0131n dan\u0131\u015f\u0131qlar m\u0259kan\u0131 kimi r\u0259dd edilm\u0259si Rusiyan\u0131n s\u00fclh\u0259 haz\u0131r olmamas\u0131ndan x\u0259b\u0259r verir\u201d","datePublished":"2026-05-01T17:12:44+00:00","dateModified":"2026-05-01T17:12:49+00:00","mainEntityOfPage":{"@id":"https:\/\/amip.az\/2026\/05\/01\/afs%c9%99ddin-n%c9%99biyev-bakinin-danisiqlar-m%c9%99kani-kimi-r%c9%99dd-edilm%c9%99si-rusiyanin-sulh%c9%99-hazir-olmamasindan-x%c9%99b%c9%99r-verir\/"},"wordCount":737,"publisher":{"@id":"https:\/\/amip.az\/az\/#organization"},"image":{"@id":"https:\/\/amip.az\/2026\/05\/01\/afs%c9%99ddin-n%c9%99biyev-bakinin-danisiqlar-m%c9%99kani-kimi-r%c9%99dd-edilm%c9%99si-rusiyanin-sulh%c9%99-hazir-olmamasindan-x%c9%99b%c9%99r-verir\/#primaryimage"},"thumbnailUrl":"https:\/\/amip.az\/wp-content\/uploads\/2025\/05\/afseddin.jpeg","articleSection":["K\u0130V"],"inLanguage":"az"},{"@type":"WebPage","@id":"https:\/\/amip.az\/2026\/05\/01\/afs%c9%99ddin-n%c9%99biyev-bakinin-danisiqlar-m%c9%99kani-kimi-r%c9%99dd-edilm%c9%99si-rusiyanin-sulh%c9%99-hazir-olmamasindan-x%c9%99b%c9%99r-verir\/","url":"https:\/\/amip.az\/2026\/05\/01\/afs%c9%99ddin-n%c9%99biyev-bakinin-danisiqlar-m%c9%99kani-kimi-r%c9%99dd-edilm%c9%99si-rusiyanin-sulh%c9%99-hazir-olmamasindan-x%c9%99b%c9%99r-verir\/","name":"Afs\u0259ddin N\u0259biyev: \u201cBak\u0131n\u0131n dan\u0131\u015f\u0131qlar m\u0259kan\u0131 kimi r\u0259dd edilm\u0259si Rusiyan\u0131n s\u00fclh\u0259 haz\u0131r olmamas\u0131ndan x\u0259b\u0259r verir\u201d - Az\u0259rbaycan Milli \u0130stiqlal Partiyas\u0131","isPartOf":{"@id":"https:\/\/amip.az\/az\/#website"},"primaryImageOfPage":{"@id":"https:\/\/amip.az\/2026\/05\/01\/afs%c9%99ddin-n%c9%99biyev-bakinin-danisiqlar-m%c9%99kani-kimi-r%c9%99dd-edilm%c9%99si-rusiyanin-sulh%c9%99-hazir-olmamasindan-x%c9%99b%c9%99r-verir\/#primaryimage"},"image":{"@id":"https:\/\/amip.az\/2026\/05\/01\/afs%c9%99ddin-n%c9%99biyev-bakinin-danisiqlar-m%c9%99kani-kimi-r%c9%99dd-edilm%c9%99si-rusiyanin-sulh%c9%99-hazir-olmamasindan-x%c9%99b%c9%99r-verir\/#primaryimage"},"thumbnailUrl":"https:\/\/amip.az\/wp-content\/uploads\/2025\/05\/afseddin.jpeg","datePublished":"2026-05-01T17:12:44+00:00","dateModified":"2026-05-01T17:12:49+00:00","breadcrumb":{"@id":"https:\/\/amip.az\/2026\/05\/01\/afs%c9%99ddin-n%c9%99biyev-bakinin-danisiqlar-m%c9%99kani-kimi-r%c9%99dd-edilm%c9%99si-rusiyanin-sulh%c9%99-hazir-olmamasindan-x%c9%99b%c9%99r-verir\/#breadcrumb"},"inLanguage":"az","potentialAction":[{"@type":"ReadAction","target":["https:\/\/amip.az\/2026\/05\/01\/afs%c9%99ddin-n%c9%99biyev-bakinin-danisiqlar-m%c9%99kani-kimi-r%c9%99dd-edilm%c9%99si-rusiyanin-sulh%c9%99-hazir-olmamasindan-x%c9%99b%c9%99r-verir\/"]}]},{"@type":"ImageObject","inLanguage":"az","@id":"https:\/\/amip.az\/2026\/05\/01\/afs%c9%99ddin-n%c9%99biyev-bakinin-danisiqlar-m%c9%99kani-kimi-r%c9%99dd-edilm%c9%99si-rusiyanin-sulh%c9%99-hazir-olmamasindan-x%c9%99b%c9%99r-verir\/#primaryimage","url":"https:\/\/amip.az\/wp-content\/uploads\/2025\/05\/afseddin.jpeg","contentUrl":"https:\/\/amip.az\/wp-content\/uploads\/2025\/05\/afseddin.jpeg","width":1280,"height":720},{"@type":"BreadcrumbList","@id":"https:\/\/amip.az\/2026\/05\/01\/afs%c9%99ddin-n%c9%99biyev-bakinin-danisiqlar-m%c9%99kani-kimi-r%c9%99dd-edilm%c9%99si-rusiyanin-sulh%c9%99-hazir-olmamasindan-x%c9%99b%c9%99r-verir\/#breadcrumb","itemListElement":[{"@type":"ListItem","position":1,"name":"Home","item":"https:\/\/amip.az\/"},{"@type":"ListItem","position":2,"name":"Afs\u0259ddin N\u0259biyev: \u201cBak\u0131n\u0131n dan\u0131\u015f\u0131qlar m\u0259kan\u0131 kimi r\u0259dd edilm\u0259si Rusiyan\u0131n s\u00fclh\u0259 haz\u0131r olmamas\u0131ndan x\u0259b\u0259r verir\u201d"}]},{"@type":"WebSite","@id":"https:\/\/amip.az\/az\/#website","url":"https:\/\/amip.az\/az\/","name":"Az\u0259rbaycan Milli \u0130stiqlal Partiyas\u0131","description":"AM\u0130P","publisher":{"@id":"https:\/\/amip.az\/az\/#organization"},"potentialAction":[{"@type":"SearchAction","target":{"@type":"EntryPoint","urlTemplate":"https:\/\/amip.az\/az\/?s={search_term_string}"},"query-input":{"@type":"PropertyValueSpecification","valueRequired":true,"valueName":"search_term_string"}}],"inLanguage":"az"},{"@type":"Organization","@id":"https:\/\/amip.az\/az\/#organization","name":"Az\u0259rbaycan Milli \u0130stiqlal Partiyas\u0131","url":"https:\/\/amip.az\/az\/","logo":{"@type":"ImageObject","inLanguage":"az","@id":"https:\/\/amip.az\/az\/#\/schema\/logo\/image\/","url":"https:\/\/amip.az\/wp-content\/uploads\/2023\/06\/amiplogo.png","contentUrl":"https:\/\/amip.az\/wp-content\/uploads\/2023\/06\/amiplogo.png","width":723,"height":423,"caption":"Az\u0259rbaycan Milli \u0130stiqlal Partiyas\u0131"},"image":{"@id":"https:\/\/amip.az\/az\/#\/schema\/logo\/image\/"},"sameAs":["https:\/\/www.facebook.com\/istiqlal91","https:\/\/x.com\/APartiyas","https:\/\/www.youtube.com\/channel\/UCF3pc8spko_xON2sr4vUC5A"]},{"@type":"Person","@id":"https:\/\/amip.az\/az\/#\/schema\/person\/a7055ff0b4631c41849ee16f8ff51da7","name":"admin_amip","image":{"@type":"ImageObject","inLanguage":"az","@id":"https:\/\/amip.az\/az\/#\/schema\/person\/image\/","url":"https:\/\/secure.gravatar.com\/avatar\/6c3dc6902fd066c5a5d68c8f0038dcc56ec283faa7337f8e6b219cf7e7321d3f?s=96&d=mm&r=g","contentUrl":"https:\/\/secure.gravatar.com\/avatar\/6c3dc6902fd066c5a5d68c8f0038dcc56ec283faa7337f8e6b219cf7e7321d3f?s=96&d=mm&r=g","caption":"admin_amip"},"url":"https:\/\/amip.az\/az\/author\/admin_amip\/"}]}},"_links":{"self":[{"href":"https:\/\/amip.az\/az\/wp-json\/wp\/v2\/posts\/10586","targetHints":{"allow":["GET"]}}],"collection":[{"href":"https:\/\/amip.az\/az\/wp-json\/wp\/v2\/posts"}],"about":[{"href":"https:\/\/amip.az\/az\/wp-json\/wp\/v2\/types\/post"}],"author":[{"embeddable":true,"href":"https:\/\/amip.az\/az\/wp-json\/wp\/v2\/users\/2"}],"replies":[{"embeddable":true,"href":"https:\/\/amip.az\/az\/wp-json\/wp\/v2\/comments?post=10586"}],"version-history":[{"count":1,"href":"https:\/\/amip.az\/az\/wp-json\/wp\/v2\/posts\/10586\/revisions"}],"predecessor-version":[{"id":10587,"href":"https:\/\/amip.az\/az\/wp-json\/wp\/v2\/posts\/10586\/revisions\/10587"}],"wp:featuredmedia":[{"embeddable":true,"href":"https:\/\/amip.az\/az\/wp-json\/wp\/v2\/media\/8358"}],"wp:attachment":[{"href":"https:\/\/amip.az\/az\/wp-json\/wp\/v2\/media?parent=10586"}],"wp:term":[{"taxonomy":"category","embeddable":true,"href":"https:\/\/amip.az\/az\/wp-json\/wp\/v2\/categories?post=10586"},{"taxonomy":"post_tag","embeddable":true,"href":"https:\/\/amip.az\/az\/wp-json\/wp\/v2\/tags?post=10586"}],"curies":[{"name":"wp","href":"https:\/\/api.w.org\/{rel}","templated":true}]}}