{"id":11527,"date":"2026-09-02T17:53:36","date_gmt":"2026-09-02T13:53:36","guid":{"rendered":"https:\/\/amip.az\/?p=11527"},"modified":"2026-09-02T17:53:40","modified_gmt":"2026-09-02T13:53:40","slug":"arzuxan-%c9%99lizad%c9%99-davamli-sulh-yalniz-abs-v%c9%99-rusiya-arasinda-razilasma-il%c9%99-mumkun-deyil","status":"publish","type":"post","link":"https:\/\/amip.az\/az\/2026\/09\/02\/arzuxan-%c9%99lizad%c9%99-davamli-sulh-yalniz-abs-v%c9%99-rusiya-arasinda-razilasma-il%c9%99-mumkun-deyil\/","title":{"rendered":"Arzuxan \u018flizad\u0259: \u201cDavaml\u0131 s\u00fclh yaln\u0131z AB\u015e v\u0259 Rusiya aras\u0131nda raz\u0131la\u015fma il\u0259 m\u00fcmk\u00fcn deyil\u201d"},"content":{"rendered":"\n<blockquote class=\"wp-block-quote is-layout-flow wp-block-quote-is-layout-flow\">\n<p class=\"wp-block-paragraph\"><strong>Reuters-in m\u0259lumat\u0131na g\u00f6r\u0259, AB\u015e maliyy\u0259 naziri Skott Bessent G20 \u00e7\u0259r\u00e7iv\u0259sind\u0259 A\u015fvil \u015f\u0259h\u0259rind\u0259 ke\u00e7iril\u0259n g\u00f6r\u00fc\u015f zaman\u0131 rusiyal\u0131 h\u0259mkar\u0131 Anton Siluanova bildirib ki, Moskva Ukraynadak\u0131 m\u00fcharib\u0259 ba\u015fa \u00e7atana q\u0259d\u0259r AB\u015e-\u0131n iqtisadi t\u0259zyiql\u0259rinin z\u0259ifl\u0259m\u0259sini g\u00f6zl\u0259m\u0259m\u0259lidir. Va\u015finqtonun m\u00f6vqeyin\u0259 g\u00f6r\u0259, m\u00fcharib\u0259 davam etdiyi m\u00fcdd\u0259td\u0259 Rusiyaya qar\u015f\u0131 iqtisadi t\u0259zyiq v\u0259 sanksiyalar siyas\u0259ti saxlan\u0131lacaq.<\/strong><\/p>\n<\/blockquote>\n\n\n\n<p class=\"wp-block-paragraph\">Bessentl\u0259 Siluanov AB\u015e-\u0131n \u015eimali Karolina \u015ftat\u0131n\u0131n A\u015fvil \u015f\u0259h\u0259rind\u0259 ke\u00e7iril\u0259n G20 maliyy\u0259 nazirl\u0259ri v\u0259 m\u0259rk\u0259zi bank r\u0259hb\u0259rl\u0259rinin toplant\u0131s\u0131 \u00e7\u0259r\u00e7iv\u0259sind\u0259 ikit\u0259r\u0259fli g\u00f6r\u00fc\u015f ke\u00e7iribl\u0259r. G\u00f6r\u00fc\u015fd\u0259 Rusiya-AB\u015e maliyy\u0259 \u0259laq\u0259l\u0259ri v\u0259 G20 \u00e7\u0259r\u00e7iv\u0259sind\u0259 \u0259m\u0259kda\u015fl\u0131q m\u0259s\u0259l\u0259l\u0259ri m\u00fczakir\u0259 olunub. AB\u015e t\u0259r\u0259finin g\u00f6r\u00fc\u015fd\u0259 Donald Tramp\u0131n Ukrayna il\u0259 ba\u011fl\u0131 s\u00fclh plan\u0131n\u0131 da m\u00fczakir\u0259 etdiyi bildirilir.<\/p>\n\n\n\n<p class=\"wp-block-paragraph\">Siluanovun G20 toplant\u0131s\u0131nda i\u015ftirak\u0131 is\u0259 Avropa \u00f6lk\u0259l\u0259rind\u0259 naraz\u0131l\u0131q yarad\u0131b. Almaniyan\u0131n maliyy\u0259 naziri v\u0259 vitse-kansleri Lars Klingbeyl Rusiya n\u00fcmay\u0259nd\u0259sinin bel\u0259 bir t\u0259dbird\u0259 q\u0259bul edilm\u0259sini \u201cnarahatedici siqnal\u201d adland\u0131r\u0131b. O, Siluanov i\u015ftirak etdiyi halda G20-nin \u0259n\u0259n\u0259vi kollektiv fotosunda yer almayaca\u011f\u0131n\u0131 bildirib v\u0259 dig\u0259r Avropa n\u00fcmay\u0259nd\u0259l\u0259rinin d\u0259 bu m\u00f6vqey\u0259 qo\u015fuldu\u011funu deyib. N\u0259tic\u0259d\u0259 qrup fotosu Rusiya maliyy\u0259 naziri olmadan \u00e7\u0259kilib.<\/p>\n\n\n\n<p class=\"wp-block-paragraph\">Klingbeyl h\u0259m\u00e7inin toplant\u0131n\u0131n s\u0259h\u0259r sessiyas\u0131nda Siluanova Ukraynadak\u0131 m\u00fcharib\u0259ni dayand\u0131rma\u011f\u0131n vacibliyini \u00e7atd\u0131rd\u0131\u011f\u0131n\u0131 v\u0259 Almaniyan\u0131n Kiyev\u0259 d\u0259st\u0259yini bir daha t\u0259sdiql\u0259diyini bildirib.<\/p>\n\n\n\n<p class=\"wp-block-paragraph\">Bel\u0259likl\u0259, G20 \u00e7\u0259r\u00e7iv\u0259sind\u0259 AB\u015e v\u0259 Rusiya maliyy\u0259 nazirl\u0259rinin g\u00f6r\u00fc\u015f\u00fc bir t\u0259r\u0259fd\u0259n Va\u015finqtonla Moskva aras\u0131nda diplomatik v\u0259 maliyy\u0259 kanallar\u0131n\u0131n tamamil\u0259 ba\u011flanmad\u0131\u011f\u0131n\u0131 g\u00f6st\u0259rir, dig\u0259r t\u0259r\u0259fd\u0259n is\u0259 AB\u015e-\u0131n Rusiyaya qar\u015f\u0131 iqtisadi t\u0259zyiqi Ukraynada m\u00fcharib\u0259 ba\u015fa \u00e7atana q\u0259d\u0259r saxlamaq niyy\u0259tind\u0259 oldu\u011funu ortaya qoyur. Bu, Rusiyan\u0131n iqtisadi sanksiyalar\u0131n yax\u0131n perspektivd\u0259 yum\u015fald\u0131laca\u011f\u0131na dair g\u00f6zl\u0259ntil\u0259rinin qar\u015f\u0131s\u0131nda ciddi mesajd\u0131r.<\/p>\n\n\n\n<p class=\"wp-block-paragraph\">AB\u015e v\u0259 Rusiya aras\u0131nda Ukraynada s\u00fclh sazi\u015fi \u00fczr\u0259 dan\u0131\u015f\u0131qlar\u0131n apar\u0131lmas\u0131, lakin bu prosesd\u0259 Ukrayna v\u0259 Avropa \u00f6lk\u0259l\u0259rinin birba\u015fa i\u015ftirak etm\u0259m\u0259si n\u0259z\u0259rd\u0259 tutulan raz\u0131la\u015fman\u0131n legitimliyin\u0259 v\u0259 davaml\u0131l\u0131\u011f\u0131na n\u0259 d\u0259r\u0259c\u0259d\u0259 t\u0259sir g\u00f6st\u0259r\u0259 bil\u0259r?<\/p>\n\n\n\n<p class=\"wp-block-paragraph\">AB\u015e v\u0259 Rusiya aras\u0131nda Ukraynada s\u00fclh sazi\u015finin \u0259ld\u0259 olunmas\u0131 il\u0259 ba\u011fl\u0131 birba\u015fa dan\u0131\u015f\u0131qlar\u0131n apar\u0131lmas\u0131, \u015f\u00fcbh\u0259siz ki, m\u00fcharib\u0259nin dayand\u0131r\u0131lmas\u0131 bax\u0131m\u0131ndan m\u00fc\u0259yy\u0259n diplomatik imkanlar yarad\u0131r. Lakin Ukraynan\u0131n prosesd\u0259n k\u0259narda qalmas\u0131 \u0259sas problem olaraq qal\u0131r. \u00c7\u00fcnki m\u00fcharib\u0259nin birba\u015fa t\u0259r\u0259fi olan Ukraynan\u0131n raz\u0131l\u0131\u011f\u0131 olmadan onun \u0259razi b\u00fct\u00f6vl\u00fcy\u00fc, t\u0259hl\u00fck\u0259sizliyi v\u0259 g\u0259l\u0259c\u0259yi il\u0259 ba\u011fl\u0131 h\u0259r hans\u0131 raz\u0131la\u015fman\u0131n \u0259ld\u0259 edilm\u0259si h\u0259m siyasi, h\u0259m d\u0259 h\u00fcquqi bax\u0131mdan ciddi suallar do\u011fura bil\u0259r.<\/p>\n\n\n\n<p class=\"wp-block-paragraph\"><strong>Mill\u0259t v\u0259kili, AM\u0130P lideri Arzuxan \u018flizad\u0259<\/strong> m\u0259s\u0259l\u0259 il\u0259 ba\u011fl\u0131 \u201cBak\u0131-X\u0259b\u0259r\u201d q\u0259zetin\u0259 a\u00e7\u0131qlamas\u0131nda bildirib ki, AB\u015e v\u0259 Rusiya aras\u0131nda \u0259ld\u0259 edil\u0259c\u0259k m\u00fcmk\u00fcn raz\u0131la\u015fman\u0131n Ukrayna t\u0259r\u0259find\u0259n q\u0259bul edilm\u0259m\u0259si onun praktiki icras\u0131n\u0131 ciddi \u015f\u0259kild\u0259 \u00e7\u0259tinl\u0259\u015fdir\u0259 bil\u0259r.<\/p>\n\n\n\n<p class=\"wp-block-paragraph\"><strong>Onun s\u00f6zl\u0259rin\u0259 g\u00f6r\u0259, eyni zamanda Avropa d\u00f6vl\u0259tl\u0259rinin dan\u0131\u015f\u0131qlardan k\u0259narda qalmas\u0131 da s\u00fclh prosesinin legitimliyi v\u0259 davaml\u0131l\u0131\u011f\u0131 bax\u0131m\u0131ndan m\u00fc\u0259yy\u0259n riskl\u0259r yarad\u0131r. Ukrayna m\u00fcharib\u0259sinin n\u0259tic\u0259l\u0259ri yaln\u0131z Rusiya v\u0259 Ukrayna il\u0259 m\u0259hdudla\u015fm\u0131r. M\u00fcharib\u0259 Avropan\u0131n t\u0259hl\u00fck\u0259sizlik sistemin\u0259, enerji siyas\u0259tin\u0259, iqtisadi sabitliyin\u0259 v\u0259 g\u0259l\u0259c\u0259k geosiyasi balans\u0131na birba\u015fa t\u0259sir g\u00f6st\u0259rir.<\/strong><\/p>\n\n\n\n<p class=\"wp-block-paragraph\"><strong>\u201cAvropa d\u00f6vl\u0259tl\u0259rinin \u00f6z t\u0259hl\u00fck\u0259sizlik maraqlar\u0131n\u0131 m\u00fcdafi\u0259 etm\u0259k v\u0259 \u0259ld\u0259 olunacaq raz\u0131la\u015fman\u0131n icras\u0131nda i\u015ftirak etm\u0259k imkan\u0131na malik olmas\u0131 vacibdir. \u018fks halda Va\u015finqton v\u0259 Moskva aras\u0131nda \u0259ld\u0259 edil\u0259n raz\u0131la\u015fma Avropada \u0259lav\u0259 fikir ayr\u0131l\u0131qlar\u0131na s\u0259b\u0259b ola bil\u0259r\u201d, \u2013 dey\u0259 Arzuxan \u018flizad\u0259 bildirib.<\/strong><\/p>\n\n\n\n<p class=\"wp-block-paragraph\"><strong>Deputat hesab edir ki, AB\u015e-Rusiya dan\u0131\u015f\u0131qlar\u0131 s\u00fclh prosesinin ba\u015flanmas\u0131 v\u0259 \u0259sas m\u0259s\u0259l\u0259l\u0259rin m\u00fc\u0259yy\u0259nl\u0259\u015fdirilm\u0259si bax\u0131m\u0131ndan \u0259h\u0259miyy\u0259tli ola bil\u0259r. Lakin yekun v\u0259 davaml\u0131 s\u00fclh daha geni\u015f formatda m\u00fcmk\u00fcn olacaq. Bu prosesd\u0259 Ukraynan\u0131n birba\u015fa i\u015ftirak\u0131, Avropa d\u00f6vl\u0259tl\u0259rinin t\u0259hl\u00fck\u0259sizlik maraqlar\u0131n\u0131n n\u0259z\u0259r\u0259 al\u0131nmas\u0131 v\u0259 t\u0259r\u0259fl\u0259rin \u00fcz\u0259rin\u0259 g\u00f6t\u00fcrd\u00fcy\u00fc \u00f6hd\u0259likl\u0259rin beyn\u0259lxalq mexanizml\u0259rl\u0259 t\u0259min olunmas\u0131 m\u00fch\u00fcm \u015f\u0259rtl\u0259rdir.<\/strong><\/p>\n\n\n\n<p class=\"wp-block-paragraph\">Arzuxan \u018flizad\u0259nin fikrinc\u0259, \u0259sas m\u0259qs\u0259d yaln\u0131z at\u0259\u015fk\u0259s\u0259 nail olmaq deyil, g\u0259l\u0259c\u0259kd\u0259 yeni h\u0259rbi qar\u015f\u0131durma riskini aradan qald\u0131racaq siyasi raz\u0131la\u015fman\u0131n formala\u015fd\u0131r\u0131lmas\u0131d\u0131r. Bunun \u00fc\u00e7\u00fcn t\u0259r\u0259fl\u0259rin t\u0259hl\u00fck\u0259sizlik narahatl\u0131qlar\u0131 n\u0259z\u0259r\u0259 al\u0131nmal\u0131, \u0259ld\u0259 edil\u0259c\u0259k raz\u0131la\u015fman\u0131n icras\u0131na real t\u0259minatlar yarad\u0131lmal\u0131d\u0131r.<\/p>\n\n\n\n<p class=\"wp-block-paragraph\">\u201c\u018fks halda m\u00fcharib\u0259nin dayand\u0131r\u0131lmas\u0131 il\u0259 yana\u015f\u0131, g\u0259l\u0259c\u0259kd\u0259 yeni qar\u015f\u0131durma riskinin aradan qald\u0131r\u0131lmas\u0131 m\u00fcmk\u00fcn olmayacaq. Davaml\u0131 s\u00fclh \u00fc\u00e7\u00fcn \u0259sas m\u0259qs\u0259d sad\u0259c\u0259 at\u0259\u015fk\u0259s\u0259 nail olmaq deyil, t\u0259r\u0259fl\u0259rin t\u0259hl\u00fck\u0259sizlik narahatl\u0131qlar\u0131n\u0131 n\u0259z\u0259r\u0259 alan v\u0259 uzunm\u00fcdd\u0259tli sabitliyi t\u0259min ed\u0259n siyasi raz\u0131la\u015fma formala\u015fd\u0131rmaqd\u0131r\u201d, \u2013 dey\u0259 mill\u0259t v\u0259kili vur\u011fulay\u0131b.<\/p>\n","protected":false},"excerpt":{"rendered":"<p>Reuters-in m\u0259lumat\u0131na g\u00f6r\u0259, AB\u015e maliyy\u0259 naziri Skott Bessent G20 \u00e7\u0259r\u00e7iv\u0259sind\u0259 A\u015fvil \u015f\u0259h\u0259rind\u0259 ke\u00e7iril\u0259n g\u00f6r\u00fc\u015f zaman\u0131 rusiyal\u0131 h\u0259mkar\u0131 Anton Siluanova bildirib ki, Moskva Ukraynadak\u0131 m\u00fcharib\u0259 ba\u015fa \u00e7atana q\u0259d\u0259r AB\u015e-\u0131n iqtisadi t\u0259zyiql\u0259rinin z\u0259ifl\u0259m\u0259sini g\u00f6zl\u0259m\u0259m\u0259lidir. Va\u015finqtonun m\u00f6vqeyin\u0259 g\u00f6r\u0259, m\u00fcharib\u0259 davam etdiyi m\u00fcdd\u0259td\u0259 Rusiyaya qar\u015f\u0131 iqtisadi t\u0259zyiq v\u0259 sanksiyalar siyas\u0259ti saxlan\u0131lacaq. Bessentl\u0259 Siluanov AB\u015e-\u0131n \u015eimali Karolina \u015ftat\u0131n\u0131n A\u015fvil \u015f\u0259h\u0259rind\u0259 ke\u00e7iril\u0259n G20 maliyy\u0259 nazirl\u0259ri v\u0259 m\u0259rk\u0259zi bank r\u0259hb\u0259rl\u0259rinin toplant\u0131s\u0131 \u00e7\u0259r\u00e7iv\u0259sind\u0259 ikit\u0259r\u0259fli g\u00f6r\u00fc\u015f ke\u00e7iribl\u0259r. G\u00f6r\u00fc\u015fd\u0259 Rusiya-AB\u015e maliyy\u0259 \u0259laq\u0259l\u0259ri v\u0259 G20 \u00e7\u0259r\u00e7iv\u0259sind\u0259 \u0259m\u0259kda\u015fl\u0131q m\u0259s\u0259l\u0259l\u0259ri m\u00fczakir\u0259 olunub. AB\u015e t\u0259r\u0259finin g\u00f6r\u00fc\u015fd\u0259 Donald Tramp\u0131n [&hellip;]<\/p>\n","protected":false},"author":2,"featured_media":7794,"comment_status":"closed","ping_status":"closed","sticky":false,"template":"","format":"standard","meta":{"give_campaign_id":0,"footnotes":""},"categories":[10],"tags":[],"class_list":["post-11527","post","type-post","status-publish","format-standard","has-post-thumbnail","hentry","category-kiv"],"yoast_head":"<!-- This site is optimized with the Yoast SEO plugin v27.8 - https:\/\/yoast.com\/product\/yoast-seo-wordpress\/ -->\n<title>Arzuxan \u018flizad\u0259: \u201cDavaml\u0131 s\u00fclh yaln\u0131z AB\u015e v\u0259 Rusiya aras\u0131nda raz\u0131la\u015fma il\u0259 m\u00fcmk\u00fcn deyil\u201d - Az\u0259rbaycan Milli \u0130stiqlal Partiyas\u0131<\/title>\n<meta name=\"robots\" content=\"index, follow, max-snippet:-1, max-image-preview:large, max-video-preview:-1\" \/>\n<link rel=\"canonical\" href=\"https:\/\/amip.az\/az\/2026\/09\/02\/arzuxan-\u0259lizad\u0259-davamli-sulh-yalniz-abs-v\u0259-rusiya-arasinda-razilasma-il\u0259-mumkun-deyil\/\" \/>\n<meta property=\"og:locale\" content=\"az_AZ\" \/>\n<meta property=\"og:type\" content=\"article\" \/>\n<meta property=\"og:title\" content=\"Arzuxan \u018flizad\u0259: \u201cDavaml\u0131 s\u00fclh yaln\u0131z AB\u015e v\u0259 Rusiya aras\u0131nda raz\u0131la\u015fma il\u0259 m\u00fcmk\u00fcn deyil\u201d - Az\u0259rbaycan Milli \u0130stiqlal Partiyas\u0131\" \/>\n<meta property=\"og:description\" content=\"Reuters-in m\u0259lumat\u0131na g\u00f6r\u0259, AB\u015e maliyy\u0259 naziri Skott Bessent G20 \u00e7\u0259r\u00e7iv\u0259sind\u0259 A\u015fvil \u015f\u0259h\u0259rind\u0259 ke\u00e7iril\u0259n g\u00f6r\u00fc\u015f zaman\u0131 rusiyal\u0131 h\u0259mkar\u0131 Anton Siluanova bildirib ki, Moskva Ukraynadak\u0131 m\u00fcharib\u0259 ba\u015fa \u00e7atana q\u0259d\u0259r AB\u015e-\u0131n iqtisadi t\u0259zyiql\u0259rinin z\u0259ifl\u0259m\u0259sini g\u00f6zl\u0259m\u0259m\u0259lidir. Va\u015finqtonun m\u00f6vqeyin\u0259 g\u00f6r\u0259, m\u00fcharib\u0259 davam etdiyi m\u00fcdd\u0259td\u0259 Rusiyaya qar\u015f\u0131 iqtisadi t\u0259zyiq v\u0259 sanksiyalar siyas\u0259ti saxlan\u0131lacaq. Bessentl\u0259 Siluanov AB\u015e-\u0131n \u015eimali Karolina \u015ftat\u0131n\u0131n A\u015fvil \u015f\u0259h\u0259rind\u0259 ke\u00e7iril\u0259n G20 maliyy\u0259 nazirl\u0259ri v\u0259 m\u0259rk\u0259zi bank r\u0259hb\u0259rl\u0259rinin toplant\u0131s\u0131 \u00e7\u0259r\u00e7iv\u0259sind\u0259 ikit\u0259r\u0259fli g\u00f6r\u00fc\u015f ke\u00e7iribl\u0259r. G\u00f6r\u00fc\u015fd\u0259 Rusiya-AB\u015e maliyy\u0259 \u0259laq\u0259l\u0259ri v\u0259 G20 \u00e7\u0259r\u00e7iv\u0259sind\u0259 \u0259m\u0259kda\u015fl\u0131q m\u0259s\u0259l\u0259l\u0259ri m\u00fczakir\u0259 olunub. AB\u015e t\u0259r\u0259finin g\u00f6r\u00fc\u015fd\u0259 Donald Tramp\u0131n [&hellip;]\" \/>\n<meta property=\"og:url\" content=\"https:\/\/amip.az\/az\/2026\/09\/02\/arzuxan-\u0259lizad\u0259-davamli-sulh-yalniz-abs-v\u0259-rusiya-arasinda-razilasma-il\u0259-mumkun-deyil\/\" \/>\n<meta property=\"og:site_name\" content=\"Az\u0259rbaycan Milli \u0130stiqlal Partiyas\u0131\" \/>\n<meta property=\"article:publisher\" content=\"https:\/\/www.facebook.com\/istiqlal91\" \/>\n<meta property=\"article:published_time\" content=\"2026-09-02T13:53:36+00:00\" \/>\n<meta property=\"article:modified_time\" content=\"2026-09-02T13:53:40+00:00\" \/>\n<meta property=\"og:image\" content=\"https:\/\/amip.az\/wp-content\/uploads\/2025\/02\/arzuxan.jpg\" \/>\n\t<meta property=\"og:image:width\" content=\"1200\" \/>\n\t<meta property=\"og:image:height\" content=\"800\" \/>\n\t<meta property=\"og:image:type\" content=\"image\/jpeg\" \/>\n<meta name=\"author\" content=\"admin_amip\" \/>\n<meta name=\"twitter:card\" content=\"summary_large_image\" \/>\n<meta name=\"twitter:creator\" content=\"@APartiyas\" \/>\n<meta name=\"twitter:site\" content=\"@APartiyas\" \/>\n<meta name=\"twitter:label1\" content=\"Written by\" \/>\n\t<meta name=\"twitter:data1\" content=\"admin_amip\" \/>\n\t<meta name=\"twitter:label2\" content=\"Est. reading time\" \/>\n\t<meta name=\"twitter:data2\" content=\"3 minutes\" \/>\n<script type=\"application\/ld+json\" class=\"yoast-schema-graph\">{\"@context\":\"https:\\\/\\\/schema.org\",\"@graph\":[{\"@type\":\"Article\",\"@id\":\"https:\\\/\\\/amip.az\\\/2026\\\/09\\\/02\\\/arzuxan-%c9%99lizad%c9%99-davamli-sulh-yalniz-abs-v%c9%99-rusiya-arasinda-razilasma-il%c9%99-mumkun-deyil\\\/#article\",\"isPartOf\":{\"@id\":\"https:\\\/\\\/amip.az\\\/2026\\\/09\\\/02\\\/arzuxan-%c9%99lizad%c9%99-davamli-sulh-yalniz-abs-v%c9%99-rusiya-arasinda-razilasma-il%c9%99-mumkun-deyil\\\/\"},\"author\":{\"name\":\"admin_amip\",\"@id\":\"https:\\\/\\\/amip.az\\\/az\\\/#\\\/schema\\\/person\\\/a7055ff0b4631c41849ee16f8ff51da7\"},\"headline\":\"Arzuxan \u018flizad\u0259: \u201cDavaml\u0131 s\u00fclh yaln\u0131z AB\u015e v\u0259 Rusiya aras\u0131nda raz\u0131la\u015fma il\u0259 m\u00fcmk\u00fcn deyil\u201d\",\"datePublished\":\"2026-09-02T13:53:36+00:00\",\"dateModified\":\"2026-09-02T13:53:40+00:00\",\"mainEntityOfPage\":{\"@id\":\"https:\\\/\\\/amip.az\\\/2026\\\/09\\\/02\\\/arzuxan-%c9%99lizad%c9%99-davamli-sulh-yalniz-abs-v%c9%99-rusiya-arasinda-razilasma-il%c9%99-mumkun-deyil\\\/\"},\"wordCount\":1043,\"publisher\":{\"@id\":\"https:\\\/\\\/amip.az\\\/az\\\/#organization\"},\"image\":{\"@id\":\"https:\\\/\\\/amip.az\\\/2026\\\/09\\\/02\\\/arzuxan-%c9%99lizad%c9%99-davamli-sulh-yalniz-abs-v%c9%99-rusiya-arasinda-razilasma-il%c9%99-mumkun-deyil\\\/#primaryimage\"},\"thumbnailUrl\":\"https:\\\/\\\/amip.az\\\/wp-content\\\/uploads\\\/2025\\\/02\\\/arzuxan.jpg\",\"articleSection\":[\"K\u0130V\"],\"inLanguage\":\"az\"},{\"@type\":\"WebPage\",\"@id\":\"https:\\\/\\\/amip.az\\\/2026\\\/09\\\/02\\\/arzuxan-%c9%99lizad%c9%99-davamli-sulh-yalniz-abs-v%c9%99-rusiya-arasinda-razilasma-il%c9%99-mumkun-deyil\\\/\",\"url\":\"https:\\\/\\\/amip.az\\\/2026\\\/09\\\/02\\\/arzuxan-%c9%99lizad%c9%99-davamli-sulh-yalniz-abs-v%c9%99-rusiya-arasinda-razilasma-il%c9%99-mumkun-deyil\\\/\",\"name\":\"Arzuxan \u018flizad\u0259: \u201cDavaml\u0131 s\u00fclh yaln\u0131z AB\u015e v\u0259 Rusiya aras\u0131nda raz\u0131la\u015fma il\u0259 m\u00fcmk\u00fcn deyil\u201d - Az\u0259rbaycan Milli \u0130stiqlal Partiyas\u0131\",\"isPartOf\":{\"@id\":\"https:\\\/\\\/amip.az\\\/az\\\/#website\"},\"primaryImageOfPage\":{\"@id\":\"https:\\\/\\\/amip.az\\\/2026\\\/09\\\/02\\\/arzuxan-%c9%99lizad%c9%99-davamli-sulh-yalniz-abs-v%c9%99-rusiya-arasinda-razilasma-il%c9%99-mumkun-deyil\\\/#primaryimage\"},\"image\":{\"@id\":\"https:\\\/\\\/amip.az\\\/2026\\\/09\\\/02\\\/arzuxan-%c9%99lizad%c9%99-davamli-sulh-yalniz-abs-v%c9%99-rusiya-arasinda-razilasma-il%c9%99-mumkun-deyil\\\/#primaryimage\"},\"thumbnailUrl\":\"https:\\\/\\\/amip.az\\\/wp-content\\\/uploads\\\/2025\\\/02\\\/arzuxan.jpg\",\"datePublished\":\"2026-09-02T13:53:36+00:00\",\"dateModified\":\"2026-09-02T13:53:40+00:00\",\"breadcrumb\":{\"@id\":\"https:\\\/\\\/amip.az\\\/2026\\\/09\\\/02\\\/arzuxan-%c9%99lizad%c9%99-davamli-sulh-yalniz-abs-v%c9%99-rusiya-arasinda-razilasma-il%c9%99-mumkun-deyil\\\/#breadcrumb\"},\"inLanguage\":\"az\",\"potentialAction\":[{\"@type\":\"ReadAction\",\"target\":[\"https:\\\/\\\/amip.az\\\/2026\\\/09\\\/02\\\/arzuxan-%c9%99lizad%c9%99-davamli-sulh-yalniz-abs-v%c9%99-rusiya-arasinda-razilasma-il%c9%99-mumkun-deyil\\\/\"]}]},{\"@type\":\"ImageObject\",\"inLanguage\":\"az\",\"@id\":\"https:\\\/\\\/amip.az\\\/2026\\\/09\\\/02\\\/arzuxan-%c9%99lizad%c9%99-davamli-sulh-yalniz-abs-v%c9%99-rusiya-arasinda-razilasma-il%c9%99-mumkun-deyil\\\/#primaryimage\",\"url\":\"https:\\\/\\\/amip.az\\\/wp-content\\\/uploads\\\/2025\\\/02\\\/arzuxan.jpg\",\"contentUrl\":\"https:\\\/\\\/amip.az\\\/wp-content\\\/uploads\\\/2025\\\/02\\\/arzuxan.jpg\",\"width\":1200,\"height\":800},{\"@type\":\"BreadcrumbList\",\"@id\":\"https:\\\/\\\/amip.az\\\/2026\\\/09\\\/02\\\/arzuxan-%c9%99lizad%c9%99-davamli-sulh-yalniz-abs-v%c9%99-rusiya-arasinda-razilasma-il%c9%99-mumkun-deyil\\\/#breadcrumb\",\"itemListElement\":[{\"@type\":\"ListItem\",\"position\":1,\"name\":\"Home\",\"item\":\"https:\\\/\\\/amip.az\\\/\"},{\"@type\":\"ListItem\",\"position\":2,\"name\":\"Arzuxan \u018flizad\u0259: \u201cDavaml\u0131 s\u00fclh yaln\u0131z AB\u015e v\u0259 Rusiya aras\u0131nda raz\u0131la\u015fma il\u0259 m\u00fcmk\u00fcn deyil\u201d\"}]},{\"@type\":\"WebSite\",\"@id\":\"https:\\\/\\\/amip.az\\\/az\\\/#website\",\"url\":\"https:\\\/\\\/amip.az\\\/az\\\/\",\"name\":\"Az\u0259rbaycan Milli \u0130stiqlal Partiyas\u0131\",\"description\":\"AM\u0130P\",\"publisher\":{\"@id\":\"https:\\\/\\\/amip.az\\\/az\\\/#organization\"},\"potentialAction\":[{\"@type\":\"SearchAction\",\"target\":{\"@type\":\"EntryPoint\",\"urlTemplate\":\"https:\\\/\\\/amip.az\\\/az\\\/?s={search_term_string}\"},\"query-input\":{\"@type\":\"PropertyValueSpecification\",\"valueRequired\":true,\"valueName\":\"search_term_string\"}}],\"inLanguage\":\"az\"},{\"@type\":\"Organization\",\"@id\":\"https:\\\/\\\/amip.az\\\/az\\\/#organization\",\"name\":\"Az\u0259rbaycan Milli \u0130stiqlal Partiyas\u0131\",\"url\":\"https:\\\/\\\/amip.az\\\/az\\\/\",\"logo\":{\"@type\":\"ImageObject\",\"inLanguage\":\"az\",\"@id\":\"https:\\\/\\\/amip.az\\\/az\\\/#\\\/schema\\\/logo\\\/image\\\/\",\"url\":\"https:\\\/\\\/amip.az\\\/wp-content\\\/uploads\\\/2023\\\/06\\\/amiplogo.png\",\"contentUrl\":\"https:\\\/\\\/amip.az\\\/wp-content\\\/uploads\\\/2023\\\/06\\\/amiplogo.png\",\"width\":723,\"height\":423,\"caption\":\"Az\u0259rbaycan Milli \u0130stiqlal Partiyas\u0131\"},\"image\":{\"@id\":\"https:\\\/\\\/amip.az\\\/az\\\/#\\\/schema\\\/logo\\\/image\\\/\"},\"sameAs\":[\"https:\\\/\\\/www.facebook.com\\\/istiqlal91\",\"https:\\\/\\\/x.com\\\/APartiyas\",\"https:\\\/\\\/www.youtube.com\\\/channel\\\/UCF3pc8spko_xON2sr4vUC5A\"]},{\"@type\":\"Person\",\"@id\":\"https:\\\/\\\/amip.az\\\/az\\\/#\\\/schema\\\/person\\\/a7055ff0b4631c41849ee16f8ff51da7\",\"name\":\"admin_amip\",\"image\":{\"@type\":\"ImageObject\",\"inLanguage\":\"az\",\"@id\":\"https:\\\/\\\/secure.gravatar.com\\\/avatar\\\/6c3dc6902fd066c5a5d68c8f0038dcc56ec283faa7337f8e6b219cf7e7321d3f?s=96&d=mm&r=g\",\"url\":\"https:\\\/\\\/secure.gravatar.com\\\/avatar\\\/6c3dc6902fd066c5a5d68c8f0038dcc56ec283faa7337f8e6b219cf7e7321d3f?s=96&d=mm&r=g\",\"contentUrl\":\"https:\\\/\\\/secure.gravatar.com\\\/avatar\\\/6c3dc6902fd066c5a5d68c8f0038dcc56ec283faa7337f8e6b219cf7e7321d3f?s=96&d=mm&r=g\",\"caption\":\"admin_amip\"},\"url\":\"https:\\\/\\\/amip.az\\\/az\\\/author\\\/admin_amip\\\/\"}]}<\/script>\n<!-- \/ Yoast SEO plugin. -->","yoast_head_json":{"title":"Arzuxan \u018flizad\u0259: \u201cDavaml\u0131 s\u00fclh yaln\u0131z AB\u015e v\u0259 Rusiya aras\u0131nda raz\u0131la\u015fma il\u0259 m\u00fcmk\u00fcn deyil\u201d - Az\u0259rbaycan Milli \u0130stiqlal Partiyas\u0131","robots":{"index":"index","follow":"follow","max-snippet":"max-snippet:-1","max-image-preview":"max-image-preview:large","max-video-preview":"max-video-preview:-1"},"canonical":"https:\/\/amip.az\/az\/2026\/09\/02\/arzuxan-\u0259lizad\u0259-davamli-sulh-yalniz-abs-v\u0259-rusiya-arasinda-razilasma-il\u0259-mumkun-deyil\/","og_locale":"az_AZ","og_type":"article","og_title":"Arzuxan \u018flizad\u0259: \u201cDavaml\u0131 s\u00fclh yaln\u0131z AB\u015e v\u0259 Rusiya aras\u0131nda raz\u0131la\u015fma il\u0259 m\u00fcmk\u00fcn deyil\u201d - Az\u0259rbaycan Milli \u0130stiqlal Partiyas\u0131","og_description":"Reuters-in m\u0259lumat\u0131na g\u00f6r\u0259, AB\u015e maliyy\u0259 naziri Skott Bessent G20 \u00e7\u0259r\u00e7iv\u0259sind\u0259 A\u015fvil \u015f\u0259h\u0259rind\u0259 ke\u00e7iril\u0259n g\u00f6r\u00fc\u015f zaman\u0131 rusiyal\u0131 h\u0259mkar\u0131 Anton Siluanova bildirib ki, Moskva Ukraynadak\u0131 m\u00fcharib\u0259 ba\u015fa \u00e7atana q\u0259d\u0259r AB\u015e-\u0131n iqtisadi t\u0259zyiql\u0259rinin z\u0259ifl\u0259m\u0259sini g\u00f6zl\u0259m\u0259m\u0259lidir. Va\u015finqtonun m\u00f6vqeyin\u0259 g\u00f6r\u0259, m\u00fcharib\u0259 davam etdiyi m\u00fcdd\u0259td\u0259 Rusiyaya qar\u015f\u0131 iqtisadi t\u0259zyiq v\u0259 sanksiyalar siyas\u0259ti saxlan\u0131lacaq. Bessentl\u0259 Siluanov AB\u015e-\u0131n \u015eimali Karolina \u015ftat\u0131n\u0131n A\u015fvil \u015f\u0259h\u0259rind\u0259 ke\u00e7iril\u0259n G20 maliyy\u0259 nazirl\u0259ri v\u0259 m\u0259rk\u0259zi bank r\u0259hb\u0259rl\u0259rinin toplant\u0131s\u0131 \u00e7\u0259r\u00e7iv\u0259sind\u0259 ikit\u0259r\u0259fli g\u00f6r\u00fc\u015f ke\u00e7iribl\u0259r. G\u00f6r\u00fc\u015fd\u0259 Rusiya-AB\u015e maliyy\u0259 \u0259laq\u0259l\u0259ri v\u0259 G20 \u00e7\u0259r\u00e7iv\u0259sind\u0259 \u0259m\u0259kda\u015fl\u0131q m\u0259s\u0259l\u0259l\u0259ri m\u00fczakir\u0259 olunub. AB\u015e t\u0259r\u0259finin g\u00f6r\u00fc\u015fd\u0259 Donald Tramp\u0131n [&hellip;]","og_url":"https:\/\/amip.az\/az\/2026\/09\/02\/arzuxan-\u0259lizad\u0259-davamli-sulh-yalniz-abs-v\u0259-rusiya-arasinda-razilasma-il\u0259-mumkun-deyil\/","og_site_name":"Az\u0259rbaycan Milli \u0130stiqlal Partiyas\u0131","article_publisher":"https:\/\/www.facebook.com\/istiqlal91","article_published_time":"2026-09-02T13:53:36+00:00","article_modified_time":"2026-09-02T13:53:40+00:00","og_image":[{"width":1200,"height":800,"url":"https:\/\/amip.az\/wp-content\/uploads\/2025\/02\/arzuxan.jpg","type":"image\/jpeg"}],"author":"admin_amip","twitter_card":"summary_large_image","twitter_creator":"@APartiyas","twitter_site":"@APartiyas","twitter_misc":{"Written by":"admin_amip","Est. reading time":"3 minutes"},"schema":{"@context":"https:\/\/schema.org","@graph":[{"@type":"Article","@id":"https:\/\/amip.az\/2026\/09\/02\/arzuxan-%c9%99lizad%c9%99-davamli-sulh-yalniz-abs-v%c9%99-rusiya-arasinda-razilasma-il%c9%99-mumkun-deyil\/#article","isPartOf":{"@id":"https:\/\/amip.az\/2026\/09\/02\/arzuxan-%c9%99lizad%c9%99-davamli-sulh-yalniz-abs-v%c9%99-rusiya-arasinda-razilasma-il%c9%99-mumkun-deyil\/"},"author":{"name":"admin_amip","@id":"https:\/\/amip.az\/az\/#\/schema\/person\/a7055ff0b4631c41849ee16f8ff51da7"},"headline":"Arzuxan \u018flizad\u0259: \u201cDavaml\u0131 s\u00fclh yaln\u0131z AB\u015e v\u0259 Rusiya aras\u0131nda raz\u0131la\u015fma il\u0259 m\u00fcmk\u00fcn deyil\u201d","datePublished":"2026-09-02T13:53:36+00:00","dateModified":"2026-09-02T13:53:40+00:00","mainEntityOfPage":{"@id":"https:\/\/amip.az\/2026\/09\/02\/arzuxan-%c9%99lizad%c9%99-davamli-sulh-yalniz-abs-v%c9%99-rusiya-arasinda-razilasma-il%c9%99-mumkun-deyil\/"},"wordCount":1043,"publisher":{"@id":"https:\/\/amip.az\/az\/#organization"},"image":{"@id":"https:\/\/amip.az\/2026\/09\/02\/arzuxan-%c9%99lizad%c9%99-davamli-sulh-yalniz-abs-v%c9%99-rusiya-arasinda-razilasma-il%c9%99-mumkun-deyil\/#primaryimage"},"thumbnailUrl":"https:\/\/amip.az\/wp-content\/uploads\/2025\/02\/arzuxan.jpg","articleSection":["K\u0130V"],"inLanguage":"az"},{"@type":"WebPage","@id":"https:\/\/amip.az\/2026\/09\/02\/arzuxan-%c9%99lizad%c9%99-davamli-sulh-yalniz-abs-v%c9%99-rusiya-arasinda-razilasma-il%c9%99-mumkun-deyil\/","url":"https:\/\/amip.az\/2026\/09\/02\/arzuxan-%c9%99lizad%c9%99-davamli-sulh-yalniz-abs-v%c9%99-rusiya-arasinda-razilasma-il%c9%99-mumkun-deyil\/","name":"Arzuxan \u018flizad\u0259: \u201cDavaml\u0131 s\u00fclh yaln\u0131z AB\u015e v\u0259 Rusiya aras\u0131nda raz\u0131la\u015fma il\u0259 m\u00fcmk\u00fcn deyil\u201d - Az\u0259rbaycan Milli \u0130stiqlal Partiyas\u0131","isPartOf":{"@id":"https:\/\/amip.az\/az\/#website"},"primaryImageOfPage":{"@id":"https:\/\/amip.az\/2026\/09\/02\/arzuxan-%c9%99lizad%c9%99-davamli-sulh-yalniz-abs-v%c9%99-rusiya-arasinda-razilasma-il%c9%99-mumkun-deyil\/#primaryimage"},"image":{"@id":"https:\/\/amip.az\/2026\/09\/02\/arzuxan-%c9%99lizad%c9%99-davamli-sulh-yalniz-abs-v%c9%99-rusiya-arasinda-razilasma-il%c9%99-mumkun-deyil\/#primaryimage"},"thumbnailUrl":"https:\/\/amip.az\/wp-content\/uploads\/2025\/02\/arzuxan.jpg","datePublished":"2026-09-02T13:53:36+00:00","dateModified":"2026-09-02T13:53:40+00:00","breadcrumb":{"@id":"https:\/\/amip.az\/2026\/09\/02\/arzuxan-%c9%99lizad%c9%99-davamli-sulh-yalniz-abs-v%c9%99-rusiya-arasinda-razilasma-il%c9%99-mumkun-deyil\/#breadcrumb"},"inLanguage":"az","potentialAction":[{"@type":"ReadAction","target":["https:\/\/amip.az\/2026\/09\/02\/arzuxan-%c9%99lizad%c9%99-davamli-sulh-yalniz-abs-v%c9%99-rusiya-arasinda-razilasma-il%c9%99-mumkun-deyil\/"]}]},{"@type":"ImageObject","inLanguage":"az","@id":"https:\/\/amip.az\/2026\/09\/02\/arzuxan-%c9%99lizad%c9%99-davamli-sulh-yalniz-abs-v%c9%99-rusiya-arasinda-razilasma-il%c9%99-mumkun-deyil\/#primaryimage","url":"https:\/\/amip.az\/wp-content\/uploads\/2025\/02\/arzuxan.jpg","contentUrl":"https:\/\/amip.az\/wp-content\/uploads\/2025\/02\/arzuxan.jpg","width":1200,"height":800},{"@type":"BreadcrumbList","@id":"https:\/\/amip.az\/2026\/09\/02\/arzuxan-%c9%99lizad%c9%99-davamli-sulh-yalniz-abs-v%c9%99-rusiya-arasinda-razilasma-il%c9%99-mumkun-deyil\/#breadcrumb","itemListElement":[{"@type":"ListItem","position":1,"name":"Home","item":"https:\/\/amip.az\/"},{"@type":"ListItem","position":2,"name":"Arzuxan \u018flizad\u0259: \u201cDavaml\u0131 s\u00fclh yaln\u0131z AB\u015e v\u0259 Rusiya aras\u0131nda raz\u0131la\u015fma il\u0259 m\u00fcmk\u00fcn deyil\u201d"}]},{"@type":"WebSite","@id":"https:\/\/amip.az\/az\/#website","url":"https:\/\/amip.az\/az\/","name":"Az\u0259rbaycan Milli \u0130stiqlal Partiyas\u0131","description":"AM\u0130P","publisher":{"@id":"https:\/\/amip.az\/az\/#organization"},"potentialAction":[{"@type":"SearchAction","target":{"@type":"EntryPoint","urlTemplate":"https:\/\/amip.az\/az\/?s={search_term_string}"},"query-input":{"@type":"PropertyValueSpecification","valueRequired":true,"valueName":"search_term_string"}}],"inLanguage":"az"},{"@type":"Organization","@id":"https:\/\/amip.az\/az\/#organization","name":"Az\u0259rbaycan Milli \u0130stiqlal Partiyas\u0131","url":"https:\/\/amip.az\/az\/","logo":{"@type":"ImageObject","inLanguage":"az","@id":"https:\/\/amip.az\/az\/#\/schema\/logo\/image\/","url":"https:\/\/amip.az\/wp-content\/uploads\/2023\/06\/amiplogo.png","contentUrl":"https:\/\/amip.az\/wp-content\/uploads\/2023\/06\/amiplogo.png","width":723,"height":423,"caption":"Az\u0259rbaycan Milli \u0130stiqlal Partiyas\u0131"},"image":{"@id":"https:\/\/amip.az\/az\/#\/schema\/logo\/image\/"},"sameAs":["https:\/\/www.facebook.com\/istiqlal91","https:\/\/x.com\/APartiyas","https:\/\/www.youtube.com\/channel\/UCF3pc8spko_xON2sr4vUC5A"]},{"@type":"Person","@id":"https:\/\/amip.az\/az\/#\/schema\/person\/a7055ff0b4631c41849ee16f8ff51da7","name":"admin_amip","image":{"@type":"ImageObject","inLanguage":"az","@id":"https:\/\/secure.gravatar.com\/avatar\/6c3dc6902fd066c5a5d68c8f0038dcc56ec283faa7337f8e6b219cf7e7321d3f?s=96&d=mm&r=g","url":"https:\/\/secure.gravatar.com\/avatar\/6c3dc6902fd066c5a5d68c8f0038dcc56ec283faa7337f8e6b219cf7e7321d3f?s=96&d=mm&r=g","contentUrl":"https:\/\/secure.gravatar.com\/avatar\/6c3dc6902fd066c5a5d68c8f0038dcc56ec283faa7337f8e6b219cf7e7321d3f?s=96&d=mm&r=g","caption":"admin_amip"},"url":"https:\/\/amip.az\/az\/author\/admin_amip\/"}]}},"_links":{"self":[{"href":"https:\/\/amip.az\/az\/wp-json\/wp\/v2\/posts\/11527","targetHints":{"allow":["GET"]}}],"collection":[{"href":"https:\/\/amip.az\/az\/wp-json\/wp\/v2\/posts"}],"about":[{"href":"https:\/\/amip.az\/az\/wp-json\/wp\/v2\/types\/post"}],"author":[{"embeddable":true,"href":"https:\/\/amip.az\/az\/wp-json\/wp\/v2\/users\/2"}],"replies":[{"embeddable":true,"href":"https:\/\/amip.az\/az\/wp-json\/wp\/v2\/comments?post=11527"}],"version-history":[{"count":1,"href":"https:\/\/amip.az\/az\/wp-json\/wp\/v2\/posts\/11527\/revisions"}],"predecessor-version":[{"id":11528,"href":"https:\/\/amip.az\/az\/wp-json\/wp\/v2\/posts\/11527\/revisions\/11528"}],"wp:featuredmedia":[{"embeddable":true,"href":"https:\/\/amip.az\/az\/wp-json\/wp\/v2\/media\/7794"}],"wp:attachment":[{"href":"https:\/\/amip.az\/az\/wp-json\/wp\/v2\/media?parent=11527"}],"wp:term":[{"taxonomy":"category","embeddable":true,"href":"https:\/\/amip.az\/az\/wp-json\/wp\/v2\/categories?post=11527"},{"taxonomy":"post_tag","embeddable":true,"href":"https:\/\/amip.az\/az\/wp-json\/wp\/v2\/tags?post=11527"}],"curies":[{"name":"wp","href":"https:\/\/api.w.org\/{rel}","templated":true}]}}