{"id":11530,"date":"2026-09-02T21:15:01","date_gmt":"2026-09-02T17:15:01","guid":{"rendered":"https:\/\/amip.az\/?p=11530"},"modified":"2026-09-02T21:15:06","modified_gmt":"2026-09-02T17:15:06","slug":"r%c9%99sad-bayramov-s%c9%99t-d%c9%99-d%c9%99st%c9%99yin-ifad%c9%99-olunmasi-iran-ucun-%c9%99n-azindan-t%c9%99k-qalmadigini-numayis-etdirm%c9%99k-baximindan-on%c9%99mlidir","status":"publish","type":"post","link":"https:\/\/amip.az\/az\/2026\/09\/02\/r%c9%99sad-bayramov-s%c9%99t-d%c9%99-d%c9%99st%c9%99yin-ifad%c9%99-olunmasi-iran-ucun-%c9%99n-azindan-t%c9%99k-qalmadigini-numayis-etdirm%c9%99k-baximindan-on%c9%99mlidir\/","title":{"rendered":"R\u0259\u015fad Bayramov: \u201c\u015e\u018fT-d\u0259 d\u0259st\u0259yin ifad\u0259 olunmas\u0131 \u0130ran \u00fc\u00e7\u00fcn \u0259n az\u0131ndan t\u0259k qalmad\u0131\u011f\u0131n\u0131 n\u00fcmayi\u015f etdirm\u0259k bax\u0131m\u0131ndan \u00f6n\u0259mlidir\u201d"},"content":{"rendered":"\n<p class=\"wp-block-paragraph\"><strong>Q\u0131r\u011f\u0131z\u0131standa ba\u015f tutan sammitin yekununda imzalanan Bi\u015fkek b\u0259yannam\u0259sind\u0259 \u015eanxay \u018fm\u0259kda\u015fl\u0131q T\u0259\u015fkilat\u0131n\u0131n (\u015e\u018fT) liderl\u0259ri \u0130ran\u0131n suverenlik v\u0259 \u0259razi b\u00fct\u00f6vl\u00fcy\u00fcn\u00fc d\u0259st\u0259kl\u0259dikl\u0259rini b\u0259yan edibl\u0259r.<\/strong><\/p>\n\n\n\n<p class=\"wp-block-paragraph\">S\u0259n\u0259dd\u0259 Yax\u0131n \u015e\u0259rqd\u0259 v\u0259 \u0130randak\u0131 hadis\u0259l\u0259rd\u0259n ciddi narahatl\u0131q vur\u011fulan\u0131r: \u201c\u00dczv d\u00f6vl\u0259tl\u0259r \u0130ran \u0130slam Respublikan\u0131n \u0259razisin\u0259 edil\u0259n, m\u00fclki \u0259hali aras\u0131nda \u00e7oxsayl\u0131 itkil\u0259r\u0259 v\u0259 \u00f6lk\u0259 iqtisadiyyat\u0131na ciddi ziyan vuran h\u0259rbi z\u0259rb\u0259l\u0259ri q\u0259tiyy\u0259tl\u0259 pisl\u0259dikl\u0259rini t\u0259sdiql\u0259yirl\u0259r\u201d.<\/p>\n\n\n\n<p class=\"wp-block-paragraph\">B\u0259yannam\u0259 m\u00fc\u0259llifl\u0259ri bu c\u00fcr add\u0131mlar\u0131n beyn\u0259lxalq h\u00fcquq prinsipl\u0259rin\u0259 v\u0259 BMT Nizamnam\u0259sin\u0259 zidd oldu\u011funu, h\u0259m\u00e7inin qlobal s\u00fclh v\u0259 t\u0259hl\u00fck\u0259sizliy\u0259 ciddi riskl\u0259r yaratd\u0131\u011f\u0131n\u0131 qeyd edibl\u0259r. Konfliktin yaln\u0131z siyasi v\u0259 diplomatik vasit\u0259l\u0259rl\u0259 nizamlanmal\u0131 oldu\u011fu vur\u011fulan\u0131b.<\/p>\n\n\n\n<p class=\"wp-block-paragraph\">Maraql\u0131d\u0131r, \u0130ranla ba\u011fl\u0131 bel\u0259 m\u00f6vqe n\u0259yi d\u0259yi\u015f\u0259 bil\u0259r?<\/p>\n\n\n\n<p class=\"wp-block-paragraph\">S\u00f6z\u00fcged\u0259n m\u0259s\u0259l\u0259y\u0259 ayd\u0131nl\u0131q g\u0259tir\u0259n <strong>AM\u0130P Ali M\u0259clisin s\u0259dri R\u0259\u015fad Bayramov<\/strong> baki-xeber.com-a a\u00e7\u0131qlamas\u0131nda bununla ba\u011fl\u0131 bir s\u0131ra m\u0259qamlara toxundu: \u201c<strong>Bi\u015fkek b\u0259yannam\u0259sind\u0259 \u0130ran\u0131n suverenliyi v\u0259 \u0259razi b\u00fct\u00f6vl\u00fcy\u00fcn\u00fcn d\u0259st\u0259kl\u0259nm\u0259si s\u00f6zs\u00fcz ki, Tehrana m\u00fc\u0259yy\u0259n siyasi v\u0259 diplomatik legitimlik qazand\u0131r\u0131r. \u018fslind\u0259 bu ilk bel\u0259 b\u0259yanat da deyil. 2026-c\u0131 ilin mart\u0131nda da \u015e\u018fT \u0130ran\u0131n suverenliyi v\u0259 \u0259razi b\u00fct\u00f6vl\u00fcy\u00fcn\u0259 d\u0259st\u0259k ifad\u0259 etmi\u015fdi. Bu da \u0259slind\u0259 t\u0259biidir. \u00c7\u00fcnki t\u0259\u015fkilat\u0131n daxilind\u0259 \u0130ranla yana\u015f\u0131 onun \u0259sas m\u00fctt\u0259fiql\u0259ri \u00c7in, Rusiya v\u0259 dig\u0259r b\u00f6y\u00fck regional d\u00f6vl\u0259tl\u0259r var. Bu d\u00f6vl\u0259tl\u0259rin ham\u0131s\u0131n\u0131n AB\u015e-\u0131n \u0130ran siyas\u0259tind\u0259n naraz\u0131 olmas\u0131 eyni d\u0259r\u0259c\u0259d\u0259 olmasa da, ortaq m\u00f6vqe formala\u015fd\u0131rmalar\u0131 Va\u015finqtona g\u00f6st\u0259rir ki, \u0130ran m\u0259s\u0259l\u0259sind\u0259 AB\u015e \u00f6z\u00fcn\u00fc b\u00fct\u00fcn beyn\u0259lxalq sistemin m\u00f6vqeyi il\u0259 eynil\u0259\u015fdir\u0259 bilm\u0259z. X\u00fcsusil\u0259 \u00c7in v\u0259 Rusiya kimi BMT T\u0259hl\u00fck\u0259sizlik \u015euras\u0131n\u0131n daimi \u00fczvl\u0259rinin bu m\u00f6vqed\u0259 olmas\u0131 Tehran\u0131n diplomatik manevr imkanlar\u0131n\u0131 art\u0131r\u0131r.<\/strong><\/p>\n\n\n\n<p class=\"wp-block-paragraph\"><strong>Ancaq n\u0259z\u0259r\u0259 almaq laz\u0131md\u0131r ki, \u015e\u018fT NATO deyil. B\u0259yannam\u0259nin imzalanmas\u0131 \u0130ran\u0131n h\u0259rbi c\u0259h\u0259td\u0259n m\u00fcdafi\u0259 olunaca\u011f\u0131, \u015e\u018fT \u00f6lk\u0259l\u0259rinin AB\u015e-a qar\u015f\u0131 m\u00fcharib\u0259y\u0259 qo\u015fulaca\u011f\u0131 v\u0259 ya \u0130rana silahl\u0131 q\u00fcvv\u0259 g\u00f6nd\u0259r\u0259c\u0259yi anlam\u0131na g\u0259lmir. T\u0259\u015fkilat\u0131n daxilind\u0259 Hindistan kimi AB\u015e-la strateji \u0259laq\u0259l\u0259ri olan d\u00f6vl\u0259tl\u0259rin m\u00f6vcudlu\u011fu da bunu g\u00f6st\u0259rir. H\u0259tta Bi\u015fkek s\u0259n\u0259dind\u0259 AB\u015e v\u0259 \u0130srailin adlar\u0131n\u0131n birba\u015fa \u00e7\u0259kilm\u0259m\u0259si \u00fczvl\u0259rin ortaq m\u00f6vqeyinin d\u0259 m\u00fc\u0259yy\u0259n s\u0259rh\u0259dl\u0259ri oldu\u011funu g\u00f6st\u0259rir. Bununla bel\u0259, bu \u015f\u0259kild\u0259 d\u0259st\u0259yin ifad\u0259 olunmas\u0131 \u0130ran \u00fc\u00e7\u00fcn \u0259n az\u0131ndan t\u0259k qalmad\u0131\u011f\u0131n\u0131 n\u00fcmayi\u015f etdirm\u0259k bax\u0131m\u0131ndan \u00f6n\u0259mlidir. Tehran \u00fc\u00e7\u00fcn x\u00fcsusil\u0259 vacib olan budur ki, Rusiya v\u0259 \u00c7inl\u0259 yana\u015f\u0131, Hindistan kimi m\u00fch\u00fcm regional oyun\u00e7u da m\u00fcnaqi\u015f\u0259nin diplomatik h\u0259llini m\u00fcdafi\u0259 edir. Onu da qeyd edim ki, Hindistan\u0131n Ba\u015f naziri Narendra Modi eyni sammit \u00e7\u0259r\u00e7iv\u0259sind\u0259 Ukrayna m\u00fcharib\u0259sinin d\u0259 dayand\u0131r\u0131lmas\u0131n\u0131 v\u0259 s\u00fclh s\u0259yl\u0259rinin davam etdirilm\u0259sinin vacibliyini vur\u011fulay\u0131b.<\/strong><\/p>\n\n\n\n<p class=\"wp-block-paragraph\"><strong>\u00dcmumiyy\u0259tl\u0259 is\u0259 bu b\u0259yanat\u0131n AB\u015e-nin \u0130ranla ba\u011fl\u0131 siyas\u0259tind\u0259 hans\u0131sa d\u0259yi\u015fiklikl\u0259r\u0259 s\u0259b\u0259b olaca\u011f\u0131 inand\u0131r\u0131c\u0131 deyil. M\u0259nc\u0259, s\u0259n\u0259din \u0259n ciddi n\u0259tic\u0259si h\u0259rbi deyil, geosiyasi xarakter da\u015f\u0131mas\u0131d\u0131r. Tehran b\u00f6y\u00fck ehtimalla yen\u0259 d\u0259 bu b\u0259yanat\u0131 \u00f6z daxili v\u0259 xarici t\u0259bli\u011fat\u0131nda istifad\u0259 ed\u0259r\u0259k daha geni\u015f d\u00f6vl\u0259tl\u0259r qrupunun d\u0259st\u0259yin\u0259 malik oldu\u011fu g\u00f6r\u00fcnt\u00fcs\u00fcn\u00fc yaratma\u011fa c\u0259hd g\u00f6st\u0259r\u0259c\u0259k\u201d.<\/strong><\/p>\n","protected":false},"excerpt":{"rendered":"<p>Q\u0131r\u011f\u0131z\u0131standa ba\u015f tutan sammitin yekununda imzalanan Bi\u015fkek b\u0259yannam\u0259sind\u0259 \u015eanxay \u018fm\u0259kda\u015fl\u0131q T\u0259\u015fkilat\u0131n\u0131n (\u015e\u018fT) liderl\u0259ri \u0130ran\u0131n suverenlik v\u0259 \u0259razi b\u00fct\u00f6vl\u00fcy\u00fcn\u00fc d\u0259st\u0259kl\u0259dikl\u0259rini b\u0259yan edibl\u0259r. S\u0259n\u0259dd\u0259 Yax\u0131n \u015e\u0259rqd\u0259 v\u0259 \u0130randak\u0131 hadis\u0259l\u0259rd\u0259n ciddi narahatl\u0131q vur\u011fulan\u0131r: \u201c\u00dczv d\u00f6vl\u0259tl\u0259r \u0130ran \u0130slam Respublikan\u0131n \u0259razisin\u0259 edil\u0259n, m\u00fclki \u0259hali aras\u0131nda \u00e7oxsayl\u0131 itkil\u0259r\u0259 v\u0259 \u00f6lk\u0259 iqtisadiyyat\u0131na ciddi ziyan vuran h\u0259rbi z\u0259rb\u0259l\u0259ri q\u0259tiyy\u0259tl\u0259 pisl\u0259dikl\u0259rini t\u0259sdiql\u0259yirl\u0259r\u201d. B\u0259yannam\u0259 m\u00fc\u0259llifl\u0259ri bu c\u00fcr add\u0131mlar\u0131n beyn\u0259lxalq h\u00fcquq prinsipl\u0259rin\u0259 v\u0259 BMT Nizamnam\u0259sin\u0259 zidd oldu\u011funu, h\u0259m\u00e7inin qlobal s\u00fclh v\u0259 t\u0259hl\u00fck\u0259sizliy\u0259 ciddi riskl\u0259r yaratd\u0131\u011f\u0131n\u0131 qeyd edibl\u0259r. Konfliktin yaln\u0131z siyasi v\u0259 diplomatik vasit\u0259l\u0259rl\u0259 nizamlanmal\u0131 oldu\u011fu [&hellip;]<\/p>\n","protected":false},"author":2,"featured_media":9161,"comment_status":"closed","ping_status":"closed","sticky":false,"template":"","format":"standard","meta":{"give_campaign_id":0,"footnotes":""},"categories":[10],"tags":[],"class_list":["post-11530","post","type-post","status-publish","format-standard","has-post-thumbnail","hentry","category-kiv"],"yoast_head":"<!-- This site is optimized with the Yoast SEO plugin v27.8 - https:\/\/yoast.com\/product\/yoast-seo-wordpress\/ -->\n<title>R\u0259\u015fad Bayramov: \u201c\u015e\u018fT-d\u0259 d\u0259st\u0259yin ifad\u0259 olunmas\u0131 \u0130ran \u00fc\u00e7\u00fcn \u0259n az\u0131ndan t\u0259k qalmad\u0131\u011f\u0131n\u0131 n\u00fcmayi\u015f etdirm\u0259k bax\u0131m\u0131ndan \u00f6n\u0259mlidir\u201d - Az\u0259rbaycan Milli \u0130stiqlal Partiyas\u0131<\/title>\n<meta name=\"robots\" content=\"index, follow, max-snippet:-1, max-image-preview:large, max-video-preview:-1\" \/>\n<link rel=\"canonical\" href=\"https:\/\/amip.az\/az\/2026\/09\/02\/r\u0259sad-bayramov-s\u0259t-d\u0259-d\u0259st\u0259yin-ifad\u0259-olunmasi-iran-ucun-\u0259n-azindan-t\u0259k-qalmadigini-numayis-etdirm\u0259k-baximindan-on\u0259mlidir\/\" \/>\n<meta property=\"og:locale\" content=\"az_AZ\" \/>\n<meta property=\"og:type\" content=\"article\" \/>\n<meta property=\"og:title\" content=\"R\u0259\u015fad Bayramov: \u201c\u015e\u018fT-d\u0259 d\u0259st\u0259yin ifad\u0259 olunmas\u0131 \u0130ran \u00fc\u00e7\u00fcn \u0259n az\u0131ndan t\u0259k qalmad\u0131\u011f\u0131n\u0131 n\u00fcmayi\u015f etdirm\u0259k bax\u0131m\u0131ndan \u00f6n\u0259mlidir\u201d - Az\u0259rbaycan Milli \u0130stiqlal Partiyas\u0131\" \/>\n<meta property=\"og:description\" content=\"Q\u0131r\u011f\u0131z\u0131standa ba\u015f tutan sammitin yekununda imzalanan Bi\u015fkek b\u0259yannam\u0259sind\u0259 \u015eanxay \u018fm\u0259kda\u015fl\u0131q T\u0259\u015fkilat\u0131n\u0131n (\u015e\u018fT) liderl\u0259ri \u0130ran\u0131n suverenlik v\u0259 \u0259razi b\u00fct\u00f6vl\u00fcy\u00fcn\u00fc d\u0259st\u0259kl\u0259dikl\u0259rini b\u0259yan edibl\u0259r. S\u0259n\u0259dd\u0259 Yax\u0131n \u015e\u0259rqd\u0259 v\u0259 \u0130randak\u0131 hadis\u0259l\u0259rd\u0259n ciddi narahatl\u0131q vur\u011fulan\u0131r: \u201c\u00dczv d\u00f6vl\u0259tl\u0259r \u0130ran \u0130slam Respublikan\u0131n \u0259razisin\u0259 edil\u0259n, m\u00fclki \u0259hali aras\u0131nda \u00e7oxsayl\u0131 itkil\u0259r\u0259 v\u0259 \u00f6lk\u0259 iqtisadiyyat\u0131na ciddi ziyan vuran h\u0259rbi z\u0259rb\u0259l\u0259ri q\u0259tiyy\u0259tl\u0259 pisl\u0259dikl\u0259rini t\u0259sdiql\u0259yirl\u0259r\u201d. B\u0259yannam\u0259 m\u00fc\u0259llifl\u0259ri bu c\u00fcr add\u0131mlar\u0131n beyn\u0259lxalq h\u00fcquq prinsipl\u0259rin\u0259 v\u0259 BMT Nizamnam\u0259sin\u0259 zidd oldu\u011funu, h\u0259m\u00e7inin qlobal s\u00fclh v\u0259 t\u0259hl\u00fck\u0259sizliy\u0259 ciddi riskl\u0259r yaratd\u0131\u011f\u0131n\u0131 qeyd edibl\u0259r. Konfliktin yaln\u0131z siyasi v\u0259 diplomatik vasit\u0259l\u0259rl\u0259 nizamlanmal\u0131 oldu\u011fu [&hellip;]\" \/>\n<meta property=\"og:url\" content=\"https:\/\/amip.az\/az\/2026\/09\/02\/r\u0259sad-bayramov-s\u0259t-d\u0259-d\u0259st\u0259yin-ifad\u0259-olunmasi-iran-ucun-\u0259n-azindan-t\u0259k-qalmadigini-numayis-etdirm\u0259k-baximindan-on\u0259mlidir\/\" \/>\n<meta property=\"og:site_name\" content=\"Az\u0259rbaycan Milli \u0130stiqlal Partiyas\u0131\" \/>\n<meta property=\"article:publisher\" content=\"https:\/\/www.facebook.com\/istiqlal91\" \/>\n<meta property=\"article:published_time\" content=\"2026-09-02T17:15:01+00:00\" \/>\n<meta property=\"article:modified_time\" content=\"2026-09-02T17:15:06+00:00\" \/>\n<meta property=\"og:image\" content=\"https:\/\/amip.az\/wp-content\/uploads\/2025\/09\/resad.jpg\" \/>\n\t<meta property=\"og:image:width\" content=\"892\" \/>\n\t<meta property=\"og:image:height\" content=\"887\" \/>\n\t<meta property=\"og:image:type\" content=\"image\/jpeg\" \/>\n<meta name=\"author\" content=\"admin_amip\" \/>\n<meta name=\"twitter:card\" content=\"summary_large_image\" \/>\n<meta name=\"twitter:creator\" content=\"@APartiyas\" \/>\n<meta name=\"twitter:site\" content=\"@APartiyas\" \/>\n<meta name=\"twitter:label1\" content=\"Written by\" \/>\n\t<meta name=\"twitter:data1\" content=\"admin_amip\" \/>\n\t<meta name=\"twitter:label2\" content=\"Est. reading time\" \/>\n\t<meta name=\"twitter:data2\" content=\"3 minutes\" \/>\n<script type=\"application\/ld+json\" class=\"yoast-schema-graph\">{\"@context\":\"https:\\\/\\\/schema.org\",\"@graph\":[{\"@type\":\"Article\",\"@id\":\"https:\\\/\\\/amip.az\\\/2026\\\/09\\\/02\\\/r%c9%99sad-bayramov-s%c9%99t-d%c9%99-d%c9%99st%c9%99yin-ifad%c9%99-olunmasi-iran-ucun-%c9%99n-azindan-t%c9%99k-qalmadigini-numayis-etdirm%c9%99k-baximindan-on%c9%99mlidir\\\/#article\",\"isPartOf\":{\"@id\":\"https:\\\/\\\/amip.az\\\/2026\\\/09\\\/02\\\/r%c9%99sad-bayramov-s%c9%99t-d%c9%99-d%c9%99st%c9%99yin-ifad%c9%99-olunmasi-iran-ucun-%c9%99n-azindan-t%c9%99k-qalmadigini-numayis-etdirm%c9%99k-baximindan-on%c9%99mlidir\\\/\"},\"author\":{\"name\":\"admin_amip\",\"@id\":\"https:\\\/\\\/amip.az\\\/az\\\/#\\\/schema\\\/person\\\/a7055ff0b4631c41849ee16f8ff51da7\"},\"headline\":\"R\u0259\u015fad Bayramov: \u201c\u015e\u018fT-d\u0259 d\u0259st\u0259yin ifad\u0259 olunmas\u0131 \u0130ran \u00fc\u00e7\u00fcn \u0259n az\u0131ndan t\u0259k qalmad\u0131\u011f\u0131n\u0131 n\u00fcmayi\u015f etdirm\u0259k bax\u0131m\u0131ndan \u00f6n\u0259mlidir\u201d\",\"datePublished\":\"2026-09-02T17:15:01+00:00\",\"dateModified\":\"2026-09-02T17:15:06+00:00\",\"mainEntityOfPage\":{\"@id\":\"https:\\\/\\\/amip.az\\\/2026\\\/09\\\/02\\\/r%c9%99sad-bayramov-s%c9%99t-d%c9%99-d%c9%99st%c9%99yin-ifad%c9%99-olunmasi-iran-ucun-%c9%99n-azindan-t%c9%99k-qalmadigini-numayis-etdirm%c9%99k-baximindan-on%c9%99mlidir\\\/\"},\"wordCount\":736,\"publisher\":{\"@id\":\"https:\\\/\\\/amip.az\\\/az\\\/#organization\"},\"image\":{\"@id\":\"https:\\\/\\\/amip.az\\\/2026\\\/09\\\/02\\\/r%c9%99sad-bayramov-s%c9%99t-d%c9%99-d%c9%99st%c9%99yin-ifad%c9%99-olunmasi-iran-ucun-%c9%99n-azindan-t%c9%99k-qalmadigini-numayis-etdirm%c9%99k-baximindan-on%c9%99mlidir\\\/#primaryimage\"},\"thumbnailUrl\":\"https:\\\/\\\/amip.az\\\/wp-content\\\/uploads\\\/2025\\\/09\\\/resad.jpg\",\"articleSection\":[\"K\u0130V\"],\"inLanguage\":\"az\"},{\"@type\":\"WebPage\",\"@id\":\"https:\\\/\\\/amip.az\\\/2026\\\/09\\\/02\\\/r%c9%99sad-bayramov-s%c9%99t-d%c9%99-d%c9%99st%c9%99yin-ifad%c9%99-olunmasi-iran-ucun-%c9%99n-azindan-t%c9%99k-qalmadigini-numayis-etdirm%c9%99k-baximindan-on%c9%99mlidir\\\/\",\"url\":\"https:\\\/\\\/amip.az\\\/2026\\\/09\\\/02\\\/r%c9%99sad-bayramov-s%c9%99t-d%c9%99-d%c9%99st%c9%99yin-ifad%c9%99-olunmasi-iran-ucun-%c9%99n-azindan-t%c9%99k-qalmadigini-numayis-etdirm%c9%99k-baximindan-on%c9%99mlidir\\\/\",\"name\":\"R\u0259\u015fad Bayramov: \u201c\u015e\u018fT-d\u0259 d\u0259st\u0259yin ifad\u0259 olunmas\u0131 \u0130ran \u00fc\u00e7\u00fcn \u0259n az\u0131ndan t\u0259k qalmad\u0131\u011f\u0131n\u0131 n\u00fcmayi\u015f etdirm\u0259k bax\u0131m\u0131ndan \u00f6n\u0259mlidir\u201d - Az\u0259rbaycan Milli \u0130stiqlal Partiyas\u0131\",\"isPartOf\":{\"@id\":\"https:\\\/\\\/amip.az\\\/az\\\/#website\"},\"primaryImageOfPage\":{\"@id\":\"https:\\\/\\\/amip.az\\\/2026\\\/09\\\/02\\\/r%c9%99sad-bayramov-s%c9%99t-d%c9%99-d%c9%99st%c9%99yin-ifad%c9%99-olunmasi-iran-ucun-%c9%99n-azindan-t%c9%99k-qalmadigini-numayis-etdirm%c9%99k-baximindan-on%c9%99mlidir\\\/#primaryimage\"},\"image\":{\"@id\":\"https:\\\/\\\/amip.az\\\/2026\\\/09\\\/02\\\/r%c9%99sad-bayramov-s%c9%99t-d%c9%99-d%c9%99st%c9%99yin-ifad%c9%99-olunmasi-iran-ucun-%c9%99n-azindan-t%c9%99k-qalmadigini-numayis-etdirm%c9%99k-baximindan-on%c9%99mlidir\\\/#primaryimage\"},\"thumbnailUrl\":\"https:\\\/\\\/amip.az\\\/wp-content\\\/uploads\\\/2025\\\/09\\\/resad.jpg\",\"datePublished\":\"2026-09-02T17:15:01+00:00\",\"dateModified\":\"2026-09-02T17:15:06+00:00\",\"breadcrumb\":{\"@id\":\"https:\\\/\\\/amip.az\\\/2026\\\/09\\\/02\\\/r%c9%99sad-bayramov-s%c9%99t-d%c9%99-d%c9%99st%c9%99yin-ifad%c9%99-olunmasi-iran-ucun-%c9%99n-azindan-t%c9%99k-qalmadigini-numayis-etdirm%c9%99k-baximindan-on%c9%99mlidir\\\/#breadcrumb\"},\"inLanguage\":\"az\",\"potentialAction\":[{\"@type\":\"ReadAction\",\"target\":[\"https:\\\/\\\/amip.az\\\/2026\\\/09\\\/02\\\/r%c9%99sad-bayramov-s%c9%99t-d%c9%99-d%c9%99st%c9%99yin-ifad%c9%99-olunmasi-iran-ucun-%c9%99n-azindan-t%c9%99k-qalmadigini-numayis-etdirm%c9%99k-baximindan-on%c9%99mlidir\\\/\"]}]},{\"@type\":\"ImageObject\",\"inLanguage\":\"az\",\"@id\":\"https:\\\/\\\/amip.az\\\/2026\\\/09\\\/02\\\/r%c9%99sad-bayramov-s%c9%99t-d%c9%99-d%c9%99st%c9%99yin-ifad%c9%99-olunmasi-iran-ucun-%c9%99n-azindan-t%c9%99k-qalmadigini-numayis-etdirm%c9%99k-baximindan-on%c9%99mlidir\\\/#primaryimage\",\"url\":\"https:\\\/\\\/amip.az\\\/wp-content\\\/uploads\\\/2025\\\/09\\\/resad.jpg\",\"contentUrl\":\"https:\\\/\\\/amip.az\\\/wp-content\\\/uploads\\\/2025\\\/09\\\/resad.jpg\",\"width\":892,\"height\":887},{\"@type\":\"BreadcrumbList\",\"@id\":\"https:\\\/\\\/amip.az\\\/2026\\\/09\\\/02\\\/r%c9%99sad-bayramov-s%c9%99t-d%c9%99-d%c9%99st%c9%99yin-ifad%c9%99-olunmasi-iran-ucun-%c9%99n-azindan-t%c9%99k-qalmadigini-numayis-etdirm%c9%99k-baximindan-on%c9%99mlidir\\\/#breadcrumb\",\"itemListElement\":[{\"@type\":\"ListItem\",\"position\":1,\"name\":\"Home\",\"item\":\"https:\\\/\\\/amip.az\\\/\"},{\"@type\":\"ListItem\",\"position\":2,\"name\":\"R\u0259\u015fad Bayramov: \u201c\u015e\u018fT-d\u0259 d\u0259st\u0259yin ifad\u0259 olunmas\u0131 \u0130ran \u00fc\u00e7\u00fcn \u0259n az\u0131ndan t\u0259k qalmad\u0131\u011f\u0131n\u0131 n\u00fcmayi\u015f etdirm\u0259k bax\u0131m\u0131ndan \u00f6n\u0259mlidir\u201d\"}]},{\"@type\":\"WebSite\",\"@id\":\"https:\\\/\\\/amip.az\\\/az\\\/#website\",\"url\":\"https:\\\/\\\/amip.az\\\/az\\\/\",\"name\":\"Az\u0259rbaycan Milli \u0130stiqlal Partiyas\u0131\",\"description\":\"AM\u0130P\",\"publisher\":{\"@id\":\"https:\\\/\\\/amip.az\\\/az\\\/#organization\"},\"potentialAction\":[{\"@type\":\"SearchAction\",\"target\":{\"@type\":\"EntryPoint\",\"urlTemplate\":\"https:\\\/\\\/amip.az\\\/az\\\/?s={search_term_string}\"},\"query-input\":{\"@type\":\"PropertyValueSpecification\",\"valueRequired\":true,\"valueName\":\"search_term_string\"}}],\"inLanguage\":\"az\"},{\"@type\":\"Organization\",\"@id\":\"https:\\\/\\\/amip.az\\\/az\\\/#organization\",\"name\":\"Az\u0259rbaycan Milli \u0130stiqlal Partiyas\u0131\",\"url\":\"https:\\\/\\\/amip.az\\\/az\\\/\",\"logo\":{\"@type\":\"ImageObject\",\"inLanguage\":\"az\",\"@id\":\"https:\\\/\\\/amip.az\\\/az\\\/#\\\/schema\\\/logo\\\/image\\\/\",\"url\":\"https:\\\/\\\/amip.az\\\/wp-content\\\/uploads\\\/2023\\\/06\\\/amiplogo.png\",\"contentUrl\":\"https:\\\/\\\/amip.az\\\/wp-content\\\/uploads\\\/2023\\\/06\\\/amiplogo.png\",\"width\":723,\"height\":423,\"caption\":\"Az\u0259rbaycan Milli \u0130stiqlal Partiyas\u0131\"},\"image\":{\"@id\":\"https:\\\/\\\/amip.az\\\/az\\\/#\\\/schema\\\/logo\\\/image\\\/\"},\"sameAs\":[\"https:\\\/\\\/www.facebook.com\\\/istiqlal91\",\"https:\\\/\\\/x.com\\\/APartiyas\",\"https:\\\/\\\/www.youtube.com\\\/channel\\\/UCF3pc8spko_xON2sr4vUC5A\"]},{\"@type\":\"Person\",\"@id\":\"https:\\\/\\\/amip.az\\\/az\\\/#\\\/schema\\\/person\\\/a7055ff0b4631c41849ee16f8ff51da7\",\"name\":\"admin_amip\",\"image\":{\"@type\":\"ImageObject\",\"inLanguage\":\"az\",\"@id\":\"https:\\\/\\\/secure.gravatar.com\\\/avatar\\\/6c3dc6902fd066c5a5d68c8f0038dcc56ec283faa7337f8e6b219cf7e7321d3f?s=96&d=mm&r=g\",\"url\":\"https:\\\/\\\/secure.gravatar.com\\\/avatar\\\/6c3dc6902fd066c5a5d68c8f0038dcc56ec283faa7337f8e6b219cf7e7321d3f?s=96&d=mm&r=g\",\"contentUrl\":\"https:\\\/\\\/secure.gravatar.com\\\/avatar\\\/6c3dc6902fd066c5a5d68c8f0038dcc56ec283faa7337f8e6b219cf7e7321d3f?s=96&d=mm&r=g\",\"caption\":\"admin_amip\"},\"url\":\"https:\\\/\\\/amip.az\\\/az\\\/author\\\/admin_amip\\\/\"}]}<\/script>\n<!-- \/ Yoast SEO plugin. -->","yoast_head_json":{"title":"R\u0259\u015fad Bayramov: \u201c\u015e\u018fT-d\u0259 d\u0259st\u0259yin ifad\u0259 olunmas\u0131 \u0130ran \u00fc\u00e7\u00fcn \u0259n az\u0131ndan t\u0259k qalmad\u0131\u011f\u0131n\u0131 n\u00fcmayi\u015f etdirm\u0259k bax\u0131m\u0131ndan \u00f6n\u0259mlidir\u201d - Az\u0259rbaycan Milli \u0130stiqlal Partiyas\u0131","robots":{"index":"index","follow":"follow","max-snippet":"max-snippet:-1","max-image-preview":"max-image-preview:large","max-video-preview":"max-video-preview:-1"},"canonical":"https:\/\/amip.az\/az\/2026\/09\/02\/r\u0259sad-bayramov-s\u0259t-d\u0259-d\u0259st\u0259yin-ifad\u0259-olunmasi-iran-ucun-\u0259n-azindan-t\u0259k-qalmadigini-numayis-etdirm\u0259k-baximindan-on\u0259mlidir\/","og_locale":"az_AZ","og_type":"article","og_title":"R\u0259\u015fad Bayramov: \u201c\u015e\u018fT-d\u0259 d\u0259st\u0259yin ifad\u0259 olunmas\u0131 \u0130ran \u00fc\u00e7\u00fcn \u0259n az\u0131ndan t\u0259k qalmad\u0131\u011f\u0131n\u0131 n\u00fcmayi\u015f etdirm\u0259k bax\u0131m\u0131ndan \u00f6n\u0259mlidir\u201d - Az\u0259rbaycan Milli \u0130stiqlal Partiyas\u0131","og_description":"Q\u0131r\u011f\u0131z\u0131standa ba\u015f tutan sammitin yekununda imzalanan Bi\u015fkek b\u0259yannam\u0259sind\u0259 \u015eanxay \u018fm\u0259kda\u015fl\u0131q T\u0259\u015fkilat\u0131n\u0131n (\u015e\u018fT) liderl\u0259ri \u0130ran\u0131n suverenlik v\u0259 \u0259razi b\u00fct\u00f6vl\u00fcy\u00fcn\u00fc d\u0259st\u0259kl\u0259dikl\u0259rini b\u0259yan edibl\u0259r. S\u0259n\u0259dd\u0259 Yax\u0131n \u015e\u0259rqd\u0259 v\u0259 \u0130randak\u0131 hadis\u0259l\u0259rd\u0259n ciddi narahatl\u0131q vur\u011fulan\u0131r: \u201c\u00dczv d\u00f6vl\u0259tl\u0259r \u0130ran \u0130slam Respublikan\u0131n \u0259razisin\u0259 edil\u0259n, m\u00fclki \u0259hali aras\u0131nda \u00e7oxsayl\u0131 itkil\u0259r\u0259 v\u0259 \u00f6lk\u0259 iqtisadiyyat\u0131na ciddi ziyan vuran h\u0259rbi z\u0259rb\u0259l\u0259ri q\u0259tiyy\u0259tl\u0259 pisl\u0259dikl\u0259rini t\u0259sdiql\u0259yirl\u0259r\u201d. B\u0259yannam\u0259 m\u00fc\u0259llifl\u0259ri bu c\u00fcr add\u0131mlar\u0131n beyn\u0259lxalq h\u00fcquq prinsipl\u0259rin\u0259 v\u0259 BMT Nizamnam\u0259sin\u0259 zidd oldu\u011funu, h\u0259m\u00e7inin qlobal s\u00fclh v\u0259 t\u0259hl\u00fck\u0259sizliy\u0259 ciddi riskl\u0259r yaratd\u0131\u011f\u0131n\u0131 qeyd edibl\u0259r. Konfliktin yaln\u0131z siyasi v\u0259 diplomatik vasit\u0259l\u0259rl\u0259 nizamlanmal\u0131 oldu\u011fu [&hellip;]","og_url":"https:\/\/amip.az\/az\/2026\/09\/02\/r\u0259sad-bayramov-s\u0259t-d\u0259-d\u0259st\u0259yin-ifad\u0259-olunmasi-iran-ucun-\u0259n-azindan-t\u0259k-qalmadigini-numayis-etdirm\u0259k-baximindan-on\u0259mlidir\/","og_site_name":"Az\u0259rbaycan Milli \u0130stiqlal Partiyas\u0131","article_publisher":"https:\/\/www.facebook.com\/istiqlal91","article_published_time":"2026-09-02T17:15:01+00:00","article_modified_time":"2026-09-02T17:15:06+00:00","og_image":[{"width":892,"height":887,"url":"https:\/\/amip.az\/wp-content\/uploads\/2025\/09\/resad.jpg","type":"image\/jpeg"}],"author":"admin_amip","twitter_card":"summary_large_image","twitter_creator":"@APartiyas","twitter_site":"@APartiyas","twitter_misc":{"Written by":"admin_amip","Est. reading time":"3 minutes"},"schema":{"@context":"https:\/\/schema.org","@graph":[{"@type":"Article","@id":"https:\/\/amip.az\/2026\/09\/02\/r%c9%99sad-bayramov-s%c9%99t-d%c9%99-d%c9%99st%c9%99yin-ifad%c9%99-olunmasi-iran-ucun-%c9%99n-azindan-t%c9%99k-qalmadigini-numayis-etdirm%c9%99k-baximindan-on%c9%99mlidir\/#article","isPartOf":{"@id":"https:\/\/amip.az\/2026\/09\/02\/r%c9%99sad-bayramov-s%c9%99t-d%c9%99-d%c9%99st%c9%99yin-ifad%c9%99-olunmasi-iran-ucun-%c9%99n-azindan-t%c9%99k-qalmadigini-numayis-etdirm%c9%99k-baximindan-on%c9%99mlidir\/"},"author":{"name":"admin_amip","@id":"https:\/\/amip.az\/az\/#\/schema\/person\/a7055ff0b4631c41849ee16f8ff51da7"},"headline":"R\u0259\u015fad Bayramov: \u201c\u015e\u018fT-d\u0259 d\u0259st\u0259yin ifad\u0259 olunmas\u0131 \u0130ran \u00fc\u00e7\u00fcn \u0259n az\u0131ndan t\u0259k qalmad\u0131\u011f\u0131n\u0131 n\u00fcmayi\u015f etdirm\u0259k bax\u0131m\u0131ndan \u00f6n\u0259mlidir\u201d","datePublished":"2026-09-02T17:15:01+00:00","dateModified":"2026-09-02T17:15:06+00:00","mainEntityOfPage":{"@id":"https:\/\/amip.az\/2026\/09\/02\/r%c9%99sad-bayramov-s%c9%99t-d%c9%99-d%c9%99st%c9%99yin-ifad%c9%99-olunmasi-iran-ucun-%c9%99n-azindan-t%c9%99k-qalmadigini-numayis-etdirm%c9%99k-baximindan-on%c9%99mlidir\/"},"wordCount":736,"publisher":{"@id":"https:\/\/amip.az\/az\/#organization"},"image":{"@id":"https:\/\/amip.az\/2026\/09\/02\/r%c9%99sad-bayramov-s%c9%99t-d%c9%99-d%c9%99st%c9%99yin-ifad%c9%99-olunmasi-iran-ucun-%c9%99n-azindan-t%c9%99k-qalmadigini-numayis-etdirm%c9%99k-baximindan-on%c9%99mlidir\/#primaryimage"},"thumbnailUrl":"https:\/\/amip.az\/wp-content\/uploads\/2025\/09\/resad.jpg","articleSection":["K\u0130V"],"inLanguage":"az"},{"@type":"WebPage","@id":"https:\/\/amip.az\/2026\/09\/02\/r%c9%99sad-bayramov-s%c9%99t-d%c9%99-d%c9%99st%c9%99yin-ifad%c9%99-olunmasi-iran-ucun-%c9%99n-azindan-t%c9%99k-qalmadigini-numayis-etdirm%c9%99k-baximindan-on%c9%99mlidir\/","url":"https:\/\/amip.az\/2026\/09\/02\/r%c9%99sad-bayramov-s%c9%99t-d%c9%99-d%c9%99st%c9%99yin-ifad%c9%99-olunmasi-iran-ucun-%c9%99n-azindan-t%c9%99k-qalmadigini-numayis-etdirm%c9%99k-baximindan-on%c9%99mlidir\/","name":"R\u0259\u015fad Bayramov: \u201c\u015e\u018fT-d\u0259 d\u0259st\u0259yin ifad\u0259 olunmas\u0131 \u0130ran \u00fc\u00e7\u00fcn \u0259n az\u0131ndan t\u0259k qalmad\u0131\u011f\u0131n\u0131 n\u00fcmayi\u015f etdirm\u0259k bax\u0131m\u0131ndan \u00f6n\u0259mlidir\u201d - Az\u0259rbaycan Milli \u0130stiqlal Partiyas\u0131","isPartOf":{"@id":"https:\/\/amip.az\/az\/#website"},"primaryImageOfPage":{"@id":"https:\/\/amip.az\/2026\/09\/02\/r%c9%99sad-bayramov-s%c9%99t-d%c9%99-d%c9%99st%c9%99yin-ifad%c9%99-olunmasi-iran-ucun-%c9%99n-azindan-t%c9%99k-qalmadigini-numayis-etdirm%c9%99k-baximindan-on%c9%99mlidir\/#primaryimage"},"image":{"@id":"https:\/\/amip.az\/2026\/09\/02\/r%c9%99sad-bayramov-s%c9%99t-d%c9%99-d%c9%99st%c9%99yin-ifad%c9%99-olunmasi-iran-ucun-%c9%99n-azindan-t%c9%99k-qalmadigini-numayis-etdirm%c9%99k-baximindan-on%c9%99mlidir\/#primaryimage"},"thumbnailUrl":"https:\/\/amip.az\/wp-content\/uploads\/2025\/09\/resad.jpg","datePublished":"2026-09-02T17:15:01+00:00","dateModified":"2026-09-02T17:15:06+00:00","breadcrumb":{"@id":"https:\/\/amip.az\/2026\/09\/02\/r%c9%99sad-bayramov-s%c9%99t-d%c9%99-d%c9%99st%c9%99yin-ifad%c9%99-olunmasi-iran-ucun-%c9%99n-azindan-t%c9%99k-qalmadigini-numayis-etdirm%c9%99k-baximindan-on%c9%99mlidir\/#breadcrumb"},"inLanguage":"az","potentialAction":[{"@type":"ReadAction","target":["https:\/\/amip.az\/2026\/09\/02\/r%c9%99sad-bayramov-s%c9%99t-d%c9%99-d%c9%99st%c9%99yin-ifad%c9%99-olunmasi-iran-ucun-%c9%99n-azindan-t%c9%99k-qalmadigini-numayis-etdirm%c9%99k-baximindan-on%c9%99mlidir\/"]}]},{"@type":"ImageObject","inLanguage":"az","@id":"https:\/\/amip.az\/2026\/09\/02\/r%c9%99sad-bayramov-s%c9%99t-d%c9%99-d%c9%99st%c9%99yin-ifad%c9%99-olunmasi-iran-ucun-%c9%99n-azindan-t%c9%99k-qalmadigini-numayis-etdirm%c9%99k-baximindan-on%c9%99mlidir\/#primaryimage","url":"https:\/\/amip.az\/wp-content\/uploads\/2025\/09\/resad.jpg","contentUrl":"https:\/\/amip.az\/wp-content\/uploads\/2025\/09\/resad.jpg","width":892,"height":887},{"@type":"BreadcrumbList","@id":"https:\/\/amip.az\/2026\/09\/02\/r%c9%99sad-bayramov-s%c9%99t-d%c9%99-d%c9%99st%c9%99yin-ifad%c9%99-olunmasi-iran-ucun-%c9%99n-azindan-t%c9%99k-qalmadigini-numayis-etdirm%c9%99k-baximindan-on%c9%99mlidir\/#breadcrumb","itemListElement":[{"@type":"ListItem","position":1,"name":"Home","item":"https:\/\/amip.az\/"},{"@type":"ListItem","position":2,"name":"R\u0259\u015fad Bayramov: \u201c\u015e\u018fT-d\u0259 d\u0259st\u0259yin ifad\u0259 olunmas\u0131 \u0130ran \u00fc\u00e7\u00fcn \u0259n az\u0131ndan t\u0259k qalmad\u0131\u011f\u0131n\u0131 n\u00fcmayi\u015f etdirm\u0259k bax\u0131m\u0131ndan \u00f6n\u0259mlidir\u201d"}]},{"@type":"WebSite","@id":"https:\/\/amip.az\/az\/#website","url":"https:\/\/amip.az\/az\/","name":"Az\u0259rbaycan Milli \u0130stiqlal Partiyas\u0131","description":"AM\u0130P","publisher":{"@id":"https:\/\/amip.az\/az\/#organization"},"potentialAction":[{"@type":"SearchAction","target":{"@type":"EntryPoint","urlTemplate":"https:\/\/amip.az\/az\/?s={search_term_string}"},"query-input":{"@type":"PropertyValueSpecification","valueRequired":true,"valueName":"search_term_string"}}],"inLanguage":"az"},{"@type":"Organization","@id":"https:\/\/amip.az\/az\/#organization","name":"Az\u0259rbaycan Milli \u0130stiqlal Partiyas\u0131","url":"https:\/\/amip.az\/az\/","logo":{"@type":"ImageObject","inLanguage":"az","@id":"https:\/\/amip.az\/az\/#\/schema\/logo\/image\/","url":"https:\/\/amip.az\/wp-content\/uploads\/2023\/06\/amiplogo.png","contentUrl":"https:\/\/amip.az\/wp-content\/uploads\/2023\/06\/amiplogo.png","width":723,"height":423,"caption":"Az\u0259rbaycan Milli \u0130stiqlal Partiyas\u0131"},"image":{"@id":"https:\/\/amip.az\/az\/#\/schema\/logo\/image\/"},"sameAs":["https:\/\/www.facebook.com\/istiqlal91","https:\/\/x.com\/APartiyas","https:\/\/www.youtube.com\/channel\/UCF3pc8spko_xON2sr4vUC5A"]},{"@type":"Person","@id":"https:\/\/amip.az\/az\/#\/schema\/person\/a7055ff0b4631c41849ee16f8ff51da7","name":"admin_amip","image":{"@type":"ImageObject","inLanguage":"az","@id":"https:\/\/secure.gravatar.com\/avatar\/6c3dc6902fd066c5a5d68c8f0038dcc56ec283faa7337f8e6b219cf7e7321d3f?s=96&d=mm&r=g","url":"https:\/\/secure.gravatar.com\/avatar\/6c3dc6902fd066c5a5d68c8f0038dcc56ec283faa7337f8e6b219cf7e7321d3f?s=96&d=mm&r=g","contentUrl":"https:\/\/secure.gravatar.com\/avatar\/6c3dc6902fd066c5a5d68c8f0038dcc56ec283faa7337f8e6b219cf7e7321d3f?s=96&d=mm&r=g","caption":"admin_amip"},"url":"https:\/\/amip.az\/az\/author\/admin_amip\/"}]}},"_links":{"self":[{"href":"https:\/\/amip.az\/az\/wp-json\/wp\/v2\/posts\/11530","targetHints":{"allow":["GET"]}}],"collection":[{"href":"https:\/\/amip.az\/az\/wp-json\/wp\/v2\/posts"}],"about":[{"href":"https:\/\/amip.az\/az\/wp-json\/wp\/v2\/types\/post"}],"author":[{"embeddable":true,"href":"https:\/\/amip.az\/az\/wp-json\/wp\/v2\/users\/2"}],"replies":[{"embeddable":true,"href":"https:\/\/amip.az\/az\/wp-json\/wp\/v2\/comments?post=11530"}],"version-history":[{"count":1,"href":"https:\/\/amip.az\/az\/wp-json\/wp\/v2\/posts\/11530\/revisions"}],"predecessor-version":[{"id":11531,"href":"https:\/\/amip.az\/az\/wp-json\/wp\/v2\/posts\/11530\/revisions\/11531"}],"wp:featuredmedia":[{"embeddable":true,"href":"https:\/\/amip.az\/az\/wp-json\/wp\/v2\/media\/9161"}],"wp:attachment":[{"href":"https:\/\/amip.az\/az\/wp-json\/wp\/v2\/media?parent=11530"}],"wp:term":[{"taxonomy":"category","embeddable":true,"href":"https:\/\/amip.az\/az\/wp-json\/wp\/v2\/categories?post=11530"},{"taxonomy":"post_tag","embeddable":true,"href":"https:\/\/amip.az\/az\/wp-json\/wp\/v2\/tags?post=11530"}],"curies":[{"name":"wp","href":"https:\/\/api.w.org\/{rel}","templated":true}]}}