{"id":11533,"date":"2026-09-03T07:56:15","date_gmt":"2026-09-03T03:56:15","guid":{"rendered":"https:\/\/amip.az\/?p=11533"},"modified":"2026-09-03T07:56:19","modified_gmt":"2026-09-03T03:56:19","slug":"az%c9%99rbayan-t%c9%99kc%c9%99-suverenliyini-b%c9%99rpa-etm%c9%99di-h%c9%99m-d%c9%99-bolg%c9%99y%c9%99-yeni-realliq-g%c9%99tirdi","status":"publish","type":"post","link":"https:\/\/amip.az\/az\/2026\/09\/03\/az%c9%99rbayan-t%c9%99kc%c9%99-suverenliyini-b%c9%99rpa-etm%c9%99di-h%c9%99m-d%c9%99-bolg%c9%99y%c9%99-yeni-realliq-g%c9%99tirdi\/","title":{"rendered":"Az\u0259rbayan t\u0259kc\u0259 suverenliyini b\u0259rpa etm\u0259di: H\u0259m d\u0259 b\u00f6lg\u0259y\u0259 yeni reall\u0131q g\u0259tirdi"},"content":{"rendered":"\n<p class=\"wp-block-paragraph\"><strong>Q\u0131r\u011f\u0131z Respublikas\u0131n\u0131n paytaxt\u0131 Bi\u015fkek \u015f\u0259h\u0259rind\u0259 \u201c\u015e\u018fT plyus\u201d format\u0131nda ke\u00e7iril\u0259n g\u00f6r\u00fc\u015fd\u0259 \u00e7\u0131x\u0131\u015f\u0131 zaman\u0131 Prezident \u0130lham \u018fliyev bir s\u0131ra m\u0259s\u0259l\u0259l\u0259r\u0259 toxunub.&nbsp;<\/strong><\/p>\n\n\n\n<p class=\"wp-block-paragraph\">D\u00f6vl\u0259t ba\u015f\u00e7\u0131s\u0131 bildirib ki, BMT T\u0259hl\u00fck\u0259sizlik \u015euras\u0131n\u0131n 1993-c\u00fc ild\u0259 q\u0259bul edilmi\u015f d\u00f6rd q\u0259tnam\u0259si 30 ild\u0259n sonra, \u00fc\u00e7 il \u0259vv\u0259l icra edildi:&nbsp;<\/p>\n\n\n\n<p class=\"wp-block-paragraph\"><strong>\u201cLakin t\u0259\u0259ss\u00fcf ki, BMT bu q\u0259tnam\u0259l\u0259rin icras\u0131nda he\u00e7 bir rol oynamay\u0131b. Az\u0259rbaycan \u00f6z suverenliyini v\u0259 \u0259razi b\u00fct\u00f6vl\u00fcy\u00fcn\u00fc tamamil\u0259 \u00f6z\u00fc b\u0259rpa edib. BMT T\u0259hl\u00fck\u0259sizlik \u015euras\u0131n\u0131n q\u0259tnam\u0259l\u0259rinin q\u0131sa m\u00fcdd\u0259td\u0259 icras\u0131 \u00fc\u00e7\u00fcn m\u00fcvafiq mexanizml\u0259rin haz\u0131rlanmas\u0131 t\u0259l\u0259b olunur.&nbsp;<\/strong><\/p>\n\n\n\n<p class=\"wp-block-paragraph\"><strong>Bu h\u0259yata ke\u00e7iril\u0259rs\u0259, BMT-nin n\u00fcfuzunun v\u0259 t\u0259\u015fkilat\u0131n m\u00fcnaqi\u015f\u0259l\u0259rin nizamlanmas\u0131ndak\u0131 rolunun artmas\u0131na xidm\u0259t ed\u0259r. Son vaxtlara q\u0259d\u0259r d\u00f6rd il \u0259rzind\u0259 Qo\u015fulmama H\u0259r\u0259kat\u0131na r\u0259hb\u0259rlik etmi\u015f Az\u0259rbaycan bundan sonra da beyn\u0259lxalq m\u0259s\u0259l\u0259l\u0259rd\u0259 \u00e7oxt\u0259r\u0259flilik prinsipl\u0259rinin m\u00f6hk\u0259ml\u0259ndirilm\u0259sin\u0259 \u00f6z t\u00f6hf\u0259sini ver\u0259c\u0259k\u201d.&nbsp;<\/strong><\/p>\n\n\n\n<p class=\"wp-block-paragraph\"><strong>\u201cAz\u0259rbaycan Prezidenti c\u0259nab \u0130lham \u018fliyev h\u0259r d\u0259f\u0259 ist\u0259nil\u0259n beyn\u0259lxalq t\u0259dbird\u0259 \u00e7\u0131x\u0131\u015flar\u0131 il\u0259 g\u00fcnd\u0259m\u0259 g\u0259lir v\u0259 h\u0259d\u0259f\u0259 vuran mesajlar verir. Bi\u015fkek \u015f\u0259h\u0259rind\u0259 \u201c\u015e\u018fT plyus\u201d format\u0131nda g\u00f6r\u00fc\u015fd\u0259 d\u0259 bu q\u0259bild\u0259n olan \u00e7\u0131x\u0131\u015f etdi. H\u0259min \u00e7\u0131x\u0131\u015f\u0131 q\u0131sa, lakonik, eyni zamanda geni\u015f m\u0259zmunlu hesab edir\u0259m.&nbsp;<\/strong><\/p>\n\n\n\n<p class=\"wp-block-paragraph\"><strong>\u00c7\u00fcnki n\u00f6vb\u0259ti d\u0259f\u0259 BMT T\u0259hl\u00fck\u0259sizlik \u015euras\u0131, \u00fcmumiyy\u0259tl\u0259, BMT-nin i\u015fl\u0259k mexanizm olmamas\u0131 il\u0259 ba\u011fl\u0131 fikirl\u0259ri g\u00fcnd\u0259m\u0259 g\u0259tirmi\u015f oldu v\u0259 \u00e7ox b\u00f6y\u00fck h\u0259qiq\u0259tl\u0259ri dedi\u201d.&nbsp;<\/strong><\/p>\n\n\n\n<p class=\"wp-block-paragraph\">Bu fikirl\u0259ri\u00a0\u201cCebheinfo.az\u201d-a a\u00e7\u0131qlamas\u0131nda <strong>mill\u0259t v\u0259kili Arzuxan \u018flizad\u0259<\/strong> deyib.\u00a0<\/p>\n\n\n\n<p class=\"wp-block-paragraph\">Mill\u0259t v\u0259kili bildirib ki, 1993-c\u00fc ild\u0259 Az\u0259rbaycan\u0131n i\u015f\u011fal alt\u0131nda olan \u0259razil\u0259ri il\u0259 ba\u011fl\u0131 BMT T\u0259hl\u00fck\u0259sizlik \u015euras\u0131n\u0131n 4 q\u0259tnam\u0259si q\u0259bul olunmu\u015fdu, ancaq 30 il \u0259rzind\u0259 icra olunmad\u0131:&nbsp;<\/p>\n\n\n\n<p class=\"wp-block-paragraph\"><strong>\u201cS\u0259b\u0259b odur ki, BMT-nin s\u00f6z\u00fcn h\u0259qiqi m\u0259nas\u0131nda i\u015fl\u0259k mexanizmi yoxdur. Dig\u0259r t\u0259r\u0259fd\u0259n d\u0259 BMT T\u0259hl\u00fck\u0259sizlik \u015euras\u0131n\u0131n daimi \u00fczvl\u0259rinin maraqlar\u0131 \u00fcst-\u00fcst\u0259 d\u00fc\u015fd\u00fcy\u00fc \u00fc\u00e7\u00fcn Az\u0259rbaycan\u0131n i\u015f\u011fal alt\u0131nda olan \u0259razil\u0259ri il\u0259 ba\u011fl\u0131 konkret add\u0131mlar atmad\u0131lar.&nbsp;<\/strong><\/p>\n\n\n\n<p class=\"wp-block-paragraph\"><strong>C\u0259nab Prezident x\u00fcsusi qeyd etdi ki, biz o q\u0259tnam\u0259l\u0259ri \u00f6z g\u00fcc\u00fcm\u00fcz\u0259 icra etmi\u015f olduq, \u0259razil\u0259rimizi, suverenliyimizi \u00f6z\u00fcm\u00fcz b\u0259rpa etdik.&nbsp;<\/strong><\/p>\n\n\n\n<p class=\"wp-block-paragraph\"><strong>Beyn\u0259lxalq ictimaiyy\u0259t t\u0259r\u0259find\u0259n tan\u0131nm\u0131\u015f Az\u0259rbaycan \u0259razil\u0259ri faktiki olaraq 30 il i\u015f\u011fal alt\u0131nda idi v\u0259 BMT he\u00e7 bir t\u0259dbir g\u00f6rm\u00fcrd\u00fc. Yaln\u0131z q\u0259tnam\u0259l\u0259r q\u0259bul etm\u0259kl\u0259 i\u015fini bitmi\u015f hesab etmi\u015fdi.&nbsp;<\/strong><\/p>\n\n\n\n<p class=\"wp-block-paragraph\"><strong>Baxmayaraq ki, dig\u0259r m\u00fcnaqi\u015f\u0259 b\u00f6lg\u0259l\u0259rind\u0259 BMT-nin s\u00fclhm\u0259raml\u0131 q\u00fcvv\u0259l\u0259r ad\u0131 alt\u0131nda h\u0259min \u0259razil\u0259r\u0259 daxil olmas\u0131 v\u0259 prosesi ist\u0259diyi istiqam\u0259t\u0259 y\u00f6nl\u0259ndirm\u0259si faktlar\u0131 m\u00f6vcuddur. Ancaq Az\u0259rbaycanla ba\u011fl\u0131 bunu etm\u0259dil\u0259r.&nbsp;<\/strong><\/p>\n\n\n\n<p class=\"wp-block-paragraph\"><strong>AT\u018fT-in Minsk qrupu vasit\u0259\u00e7i qismind\u0259 bu prosesd\u0259 i\u015ftirak edirdi. AT\u018fT-in Minsk qrupunun \u00fc\u00e7 h\u0259ms\u0259dri, dig\u0259r d\u00f6vl\u0259tl\u0259r BMT T\u0259hl\u00fck\u0259sizlik \u015euras\u0131n\u0131n daimi \u00fczvl\u0259ridir. \u018fslind\u0259 bununla ba\u011fl\u0131 da mesaj verildi. Bir m\u00fcdd\u0259t bundan \u0259vv\u0259l qarda\u015f T\u00fcrkiy\u0259 C\u00fcmhuriyy\u0259tinin Prezidenti R\u0259c\u0259b Tayyib \u018frdo\u011fan \u201cD\u00fcnya be\u015fd\u0259n b\u00f6y\u00fckd\u00fcr\u201d fikrini g\u00fcnd\u0259m\u0259 g\u0259tirmi\u015fdi.&nbsp;<\/strong><\/p>\n\n\n\n<p class=\"wp-block-paragraph\"><strong>Eyni zamanda, Az\u0259rbaycan Prezidenti d\u0259 bir ne\u00e7\u0259 d\u0259f\u0259 m\u0259s\u0259l\u0259 il\u0259 ba\u011fl\u0131 \u00f6z m\u00f6vqeyini bildirib. Biz Qo\u015fulmama H\u0259r\u0259kat\u0131na s\u0259drlik etdiyimiz d\u00f6vrd\u0259 bu qurumun \u0259n az\u0131 bir n\u00fcmay\u0259nd\u0259sinin BMT T\u0259hl\u00fck\u0259sizlik \u015euras\u0131n\u0131n daimi \u00fczv\u00fc olaraq t\u0259msil olunmas\u0131 il\u0259 ba\u011fl\u0131 Az\u0259rbaycan Prezidentinin t\u0259klifi var. &nbsp;T\u00fcrk D\u00f6vl\u0259tl\u0259ri T\u0259\u015fkilat\u0131n\u0131n da bu qurumda daimi t\u0259msil\u00e7iliyinin faydal\u0131 ola bil\u0259c\u0259yi il\u0259 ba\u011fl\u0131 fikirl\u0259r var\u201d.&nbsp;<\/strong><\/p>\n\n\n\n<p class=\"wp-block-paragraph\">Mill\u0259t v\u0259kilinin s\u00f6zl\u0259rin\u0259 g\u00f6r\u0259, \u00fcmumilikd\u0259 BMT T\u0259hl\u00fck\u0259sizlik \u015euras\u0131n\u0131n daimi \u00fczvl\u0259rinin, el\u0259c\u0259 d\u0259 b\u00fct\u00f6vl\u00fckd\u0259 BMT mexanizminin yenil\u0259nm\u0259sin\u0259 ehtiyac var:&nbsp;<\/p>\n\n\n\n<p class=\"wp-block-paragraph\"><strong>\u201cAz\u0259rbaycan Prezidenti onun i\u015fl\u0259k icra mexanizml\u0259r\u0259 malik olmas\u0131 il\u0259 ba\u011fl\u0131 \u00e7ox ciddi rekonstruksiyalara ehtiyac duyldu\u011fu il\u0259 ba\u011fl\u0131 mesaj verdi.&nbsp;<\/strong><\/p>\n\n\n\n<p class=\"wp-block-paragraph\"><strong>Eyni zamanda, onu da qeyd etdi ki, biz \u00f6z g\u00fcc\u00fcm\u00fcz\u0259 torpaqlar\u0131m\u0131z\u0131 i\u015f\u011faldan azad etdik. \u018frazi b\u00fct\u00f6vl\u00fcy\u00fcm\u00fcz\u00fc v\u0259 suverenliyimizi b\u0259rpa etdik v\u0259 biz bu co\u011frafiyada reall\u0131qlar\u0131 d\u0259yi\u015fdik.&nbsp;<\/strong><\/p>\n\n\n\n<p class=\"wp-block-paragraph\"><strong>\u015e\u018fT-d\u0259 10 \u00f6lk\u0259 t\u0259msil olunur v\u0259 Az\u0259rbaycan da \u201c\u015e\u018fT plyus\u201d format\u0131nda g\u00f6r\u00fc\u015fd\u0259 i\u015ftirak edib. \u00c7ox b\u00f6y\u00fck bir co\u011frafiyan\u0131 \u0259hat\u0259 ed\u0259n beyn\u0259lxalq t\u0259\u015fkilat\u0131n \u0259slind\u0259 Az\u0259rbaycanla \u0259m\u0259kda\u015fl\u0131\u011fa maraql\u0131 g\u00f6r\u00fcnm\u0259sind\u0259 d\u0259 bu fakt x\u00fcsusi vur\u011fulanmal\u0131d\u0131r ki, Az\u0259rbaycan C\u0259nubi Qafqazdak\u0131 m\u00f6vcud reall\u0131qlar\u0131 d\u0259yi\u015fdirib. Az\u0259rbaycan\u0131n yaratd\u0131\u011f\u0131 bug\u00fcnki reall\u0131qlar \u00f6lk\u0259mizi h\u0259min t\u0259\u015fkilatda t\u0259msil olunan \u00f6lk\u0259l\u0259r \u00fc\u00e7\u00fcn olduqca maraql\u0131 edir.&nbsp;<\/strong><\/p>\n\n\n\n<p class=\"wp-block-paragraph\"><strong>Yeni kommunikasiya qov\u015faqlar\u0131, b\u00fct\u00f6vl\u00fckd\u0259 k\u00f6hn\u0259 qov\u015faqlar da \u015eimal, C\u0259nub, Orta D\u0259hliz, Az\u0259rbaycan\u0131n i\u00e7\u0259risind\u0259 oldu\u011fu bir m\u0259kandan ke\u00e7ir. Bunun \u00fc\u00e7\u00fcn h\u0259m Az\u0259rbaycan\u0131n yaratd\u0131\u011f\u0131 reall\u0131qlar, h\u0259m d\u0259 infrastrukturu buna imkan verir. Ona g\u00f6r\u0259 d\u0259 Az\u0259rbaycana maraq art\u0131b.&nbsp;<\/strong><\/p>\n\n\n\n<p class=\"wp-block-paragraph\"><strong>Biz yaln\u0131z suverenliyimizi b\u0259rpa etm\u0259dik. H\u0259m d\u0259 co\u011frafiyada s\u00fclh\u0259 v\u0259 sabitliy\u0259 y\u00f6n\u0259lik \u00e7ox ciddi d\u0259yi\u015fiklikl\u0259r\u0259 nail olduq ki, art\u0131q d\u00fcnyan\u0131n apar\u0131c\u0131 d\u00f6vl\u0259tl\u0259ri, \u00c7in, AB\u015e, B\u00f6y\u00fck Britaniya, Avropa \u00f6lk\u0259l\u0259ri, el\u0259c\u0259 d\u0259 qarda\u015f t\u00fcrk d\u00f6vl\u0259tl\u0259ri maraql\u0131d\u0131rlar ki, kommunikasiya qov\u015faqlar\u0131 i\u015fl\u0259k v\u0259ziyy\u0259td\u0259 olsun, geni\u015fl\u0259ndirilsin. Burada Az\u0259rbaycana \u00e7ox b\u00f6y\u00fck maraq v\u0259 ehtiyac yaran\u0131b. Bunu da biz \u00f6z g\u00fcc\u00fcm\u00fcz\u0259 realla\u015fd\u0131rm\u0131\u015f\u0131q. Az\u0259rbaycan Prezidenti \u00f6z \u00e7\u0131x\u0131\u015f\u0131nda da bunu mesaj kimi verdi v\u0259 \u00e7ox b\u00f6y\u00fck h\u0259qiq\u0259tl\u0259ri demi\u015f oldu\u201d.&nbsp;<\/strong><\/p>\n","protected":false},"excerpt":{"rendered":"<p>Q\u0131r\u011f\u0131z Respublikas\u0131n\u0131n paytaxt\u0131 Bi\u015fkek \u015f\u0259h\u0259rind\u0259 \u201c\u015e\u018fT plyus\u201d format\u0131nda ke\u00e7iril\u0259n g\u00f6r\u00fc\u015fd\u0259 \u00e7\u0131x\u0131\u015f\u0131 zaman\u0131 Prezident \u0130lham \u018fliyev bir s\u0131ra m\u0259s\u0259l\u0259l\u0259r\u0259 toxunub.&nbsp; D\u00f6vl\u0259t ba\u015f\u00e7\u0131s\u0131 bildirib ki, BMT T\u0259hl\u00fck\u0259sizlik \u015euras\u0131n\u0131n 1993-c\u00fc ild\u0259 q\u0259bul edilmi\u015f d\u00f6rd q\u0259tnam\u0259si 30 ild\u0259n sonra, \u00fc\u00e7 il \u0259vv\u0259l icra edildi:&nbsp; \u201cLakin t\u0259\u0259ss\u00fcf ki, BMT bu q\u0259tnam\u0259l\u0259rin icras\u0131nda he\u00e7 bir rol oynamay\u0131b. Az\u0259rbaycan \u00f6z suverenliyini v\u0259 \u0259razi b\u00fct\u00f6vl\u00fcy\u00fcn\u00fc tamamil\u0259 \u00f6z\u00fc b\u0259rpa edib. BMT T\u0259hl\u00fck\u0259sizlik \u015euras\u0131n\u0131n q\u0259tnam\u0259l\u0259rinin q\u0131sa m\u00fcdd\u0259td\u0259 icras\u0131 \u00fc\u00e7\u00fcn m\u00fcvafiq mexanizml\u0259rin haz\u0131rlanmas\u0131 t\u0259l\u0259b olunur.&nbsp; Bu h\u0259yata ke\u00e7iril\u0259rs\u0259, BMT-nin n\u00fcfuzunun v\u0259 t\u0259\u015fkilat\u0131n m\u00fcnaqi\u015f\u0259l\u0259rin nizamlanmas\u0131ndak\u0131 rolunun [&hellip;]<\/p>\n","protected":false},"author":2,"featured_media":10256,"comment_status":"closed","ping_status":"closed","sticky":false,"template":"","format":"standard","meta":{"give_campaign_id":0,"footnotes":""},"categories":[10],"tags":[],"class_list":["post-11533","post","type-post","status-publish","format-standard","has-post-thumbnail","hentry","category-kiv"],"yoast_head":"<!-- This site is optimized with the Yoast SEO plugin v27.8 - https:\/\/yoast.com\/product\/yoast-seo-wordpress\/ -->\n<title>Az\u0259rbayan t\u0259kc\u0259 suverenliyini b\u0259rpa etm\u0259di: H\u0259m d\u0259 b\u00f6lg\u0259y\u0259 yeni reall\u0131q g\u0259tirdi - Az\u0259rbaycan Milli \u0130stiqlal Partiyas\u0131<\/title>\n<meta name=\"robots\" content=\"index, follow, max-snippet:-1, max-image-preview:large, max-video-preview:-1\" \/>\n<link rel=\"canonical\" href=\"https:\/\/amip.az\/az\/2026\/09\/03\/az\u0259rbayan-t\u0259kc\u0259-suverenliyini-b\u0259rpa-etm\u0259di-h\u0259m-d\u0259-bolg\u0259y\u0259-yeni-realliq-g\u0259tirdi\/\" \/>\n<meta property=\"og:locale\" content=\"az_AZ\" \/>\n<meta property=\"og:type\" content=\"article\" \/>\n<meta property=\"og:title\" content=\"Az\u0259rbayan t\u0259kc\u0259 suverenliyini b\u0259rpa etm\u0259di: H\u0259m d\u0259 b\u00f6lg\u0259y\u0259 yeni reall\u0131q g\u0259tirdi - Az\u0259rbaycan Milli \u0130stiqlal Partiyas\u0131\" \/>\n<meta property=\"og:description\" content=\"Q\u0131r\u011f\u0131z Respublikas\u0131n\u0131n paytaxt\u0131 Bi\u015fkek \u015f\u0259h\u0259rind\u0259 \u201c\u015e\u018fT plyus\u201d format\u0131nda ke\u00e7iril\u0259n g\u00f6r\u00fc\u015fd\u0259 \u00e7\u0131x\u0131\u015f\u0131 zaman\u0131 Prezident \u0130lham \u018fliyev bir s\u0131ra m\u0259s\u0259l\u0259l\u0259r\u0259 toxunub.&nbsp; D\u00f6vl\u0259t ba\u015f\u00e7\u0131s\u0131 bildirib ki, BMT T\u0259hl\u00fck\u0259sizlik \u015euras\u0131n\u0131n 1993-c\u00fc ild\u0259 q\u0259bul edilmi\u015f d\u00f6rd q\u0259tnam\u0259si 30 ild\u0259n sonra, \u00fc\u00e7 il \u0259vv\u0259l icra edildi:&nbsp; \u201cLakin t\u0259\u0259ss\u00fcf ki, BMT bu q\u0259tnam\u0259l\u0259rin icras\u0131nda he\u00e7 bir rol oynamay\u0131b. Az\u0259rbaycan \u00f6z suverenliyini v\u0259 \u0259razi b\u00fct\u00f6vl\u00fcy\u00fcn\u00fc tamamil\u0259 \u00f6z\u00fc b\u0259rpa edib. BMT T\u0259hl\u00fck\u0259sizlik \u015euras\u0131n\u0131n q\u0259tnam\u0259l\u0259rinin q\u0131sa m\u00fcdd\u0259td\u0259 icras\u0131 \u00fc\u00e7\u00fcn m\u00fcvafiq mexanizml\u0259rin haz\u0131rlanmas\u0131 t\u0259l\u0259b olunur.&nbsp; Bu h\u0259yata ke\u00e7iril\u0259rs\u0259, BMT-nin n\u00fcfuzunun v\u0259 t\u0259\u015fkilat\u0131n m\u00fcnaqi\u015f\u0259l\u0259rin nizamlanmas\u0131ndak\u0131 rolunun [&hellip;]\" \/>\n<meta property=\"og:url\" content=\"https:\/\/amip.az\/az\/2026\/09\/03\/az\u0259rbayan-t\u0259kc\u0259-suverenliyini-b\u0259rpa-etm\u0259di-h\u0259m-d\u0259-bolg\u0259y\u0259-yeni-realliq-g\u0259tirdi\/\" \/>\n<meta property=\"og:site_name\" content=\"Az\u0259rbaycan Milli \u0130stiqlal Partiyas\u0131\" \/>\n<meta property=\"article:publisher\" content=\"https:\/\/www.facebook.com\/istiqlal91\" \/>\n<meta property=\"article:published_time\" content=\"2026-09-03T03:56:15+00:00\" \/>\n<meta property=\"article:modified_time\" content=\"2026-09-03T03:56:19+00:00\" \/>\n<meta property=\"og:image\" content=\"https:\/\/amip.az\/wp-content\/uploads\/2026\/03\/arzuxan.jpg\" \/>\n\t<meta property=\"og:image:width\" content=\"960\" \/>\n\t<meta property=\"og:image:height\" content=\"541\" \/>\n\t<meta property=\"og:image:type\" content=\"image\/jpeg\" \/>\n<meta name=\"author\" content=\"admin_amip\" \/>\n<meta name=\"twitter:card\" content=\"summary_large_image\" \/>\n<meta name=\"twitter:creator\" content=\"@APartiyas\" \/>\n<meta name=\"twitter:site\" content=\"@APartiyas\" \/>\n<meta name=\"twitter:label1\" content=\"Written by\" \/>\n\t<meta name=\"twitter:data1\" content=\"admin_amip\" \/>\n\t<meta name=\"twitter:label2\" content=\"Est. reading time\" \/>\n\t<meta name=\"twitter:data2\" content=\"4 minutes\" \/>\n<script type=\"application\/ld+json\" class=\"yoast-schema-graph\">{\"@context\":\"https:\\\/\\\/schema.org\",\"@graph\":[{\"@type\":\"Article\",\"@id\":\"https:\\\/\\\/amip.az\\\/2026\\\/09\\\/03\\\/az%c9%99rbayan-t%c9%99kc%c9%99-suverenliyini-b%c9%99rpa-etm%c9%99di-h%c9%99m-d%c9%99-bolg%c9%99y%c9%99-yeni-realliq-g%c9%99tirdi\\\/#article\",\"isPartOf\":{\"@id\":\"https:\\\/\\\/amip.az\\\/2026\\\/09\\\/03\\\/az%c9%99rbayan-t%c9%99kc%c9%99-suverenliyini-b%c9%99rpa-etm%c9%99di-h%c9%99m-d%c9%99-bolg%c9%99y%c9%99-yeni-realliq-g%c9%99tirdi\\\/\"},\"author\":{\"name\":\"admin_amip\",\"@id\":\"https:\\\/\\\/amip.az\\\/az\\\/#\\\/schema\\\/person\\\/a7055ff0b4631c41849ee16f8ff51da7\"},\"headline\":\"Az\u0259rbayan t\u0259kc\u0259 suverenliyini b\u0259rpa etm\u0259di: H\u0259m d\u0259 b\u00f6lg\u0259y\u0259 yeni reall\u0131q g\u0259tirdi\",\"datePublished\":\"2026-09-03T03:56:15+00:00\",\"dateModified\":\"2026-09-03T03:56:19+00:00\",\"mainEntityOfPage\":{\"@id\":\"https:\\\/\\\/amip.az\\\/2026\\\/09\\\/03\\\/az%c9%99rbayan-t%c9%99kc%c9%99-suverenliyini-b%c9%99rpa-etm%c9%99di-h%c9%99m-d%c9%99-bolg%c9%99y%c9%99-yeni-realliq-g%c9%99tirdi\\\/\"},\"wordCount\":1144,\"publisher\":{\"@id\":\"https:\\\/\\\/amip.az\\\/az\\\/#organization\"},\"image\":{\"@id\":\"https:\\\/\\\/amip.az\\\/2026\\\/09\\\/03\\\/az%c9%99rbayan-t%c9%99kc%c9%99-suverenliyini-b%c9%99rpa-etm%c9%99di-h%c9%99m-d%c9%99-bolg%c9%99y%c9%99-yeni-realliq-g%c9%99tirdi\\\/#primaryimage\"},\"thumbnailUrl\":\"https:\\\/\\\/amip.az\\\/wp-content\\\/uploads\\\/2026\\\/03\\\/arzuxan.jpg\",\"articleSection\":[\"K\u0130V\"],\"inLanguage\":\"az\"},{\"@type\":\"WebPage\",\"@id\":\"https:\\\/\\\/amip.az\\\/2026\\\/09\\\/03\\\/az%c9%99rbayan-t%c9%99kc%c9%99-suverenliyini-b%c9%99rpa-etm%c9%99di-h%c9%99m-d%c9%99-bolg%c9%99y%c9%99-yeni-realliq-g%c9%99tirdi\\\/\",\"url\":\"https:\\\/\\\/amip.az\\\/2026\\\/09\\\/03\\\/az%c9%99rbayan-t%c9%99kc%c9%99-suverenliyini-b%c9%99rpa-etm%c9%99di-h%c9%99m-d%c9%99-bolg%c9%99y%c9%99-yeni-realliq-g%c9%99tirdi\\\/\",\"name\":\"Az\u0259rbayan t\u0259kc\u0259 suverenliyini b\u0259rpa etm\u0259di: H\u0259m d\u0259 b\u00f6lg\u0259y\u0259 yeni reall\u0131q g\u0259tirdi - Az\u0259rbaycan Milli \u0130stiqlal Partiyas\u0131\",\"isPartOf\":{\"@id\":\"https:\\\/\\\/amip.az\\\/az\\\/#website\"},\"primaryImageOfPage\":{\"@id\":\"https:\\\/\\\/amip.az\\\/2026\\\/09\\\/03\\\/az%c9%99rbayan-t%c9%99kc%c9%99-suverenliyini-b%c9%99rpa-etm%c9%99di-h%c9%99m-d%c9%99-bolg%c9%99y%c9%99-yeni-realliq-g%c9%99tirdi\\\/#primaryimage\"},\"image\":{\"@id\":\"https:\\\/\\\/amip.az\\\/2026\\\/09\\\/03\\\/az%c9%99rbayan-t%c9%99kc%c9%99-suverenliyini-b%c9%99rpa-etm%c9%99di-h%c9%99m-d%c9%99-bolg%c9%99y%c9%99-yeni-realliq-g%c9%99tirdi\\\/#primaryimage\"},\"thumbnailUrl\":\"https:\\\/\\\/amip.az\\\/wp-content\\\/uploads\\\/2026\\\/03\\\/arzuxan.jpg\",\"datePublished\":\"2026-09-03T03:56:15+00:00\",\"dateModified\":\"2026-09-03T03:56:19+00:00\",\"breadcrumb\":{\"@id\":\"https:\\\/\\\/amip.az\\\/2026\\\/09\\\/03\\\/az%c9%99rbayan-t%c9%99kc%c9%99-suverenliyini-b%c9%99rpa-etm%c9%99di-h%c9%99m-d%c9%99-bolg%c9%99y%c9%99-yeni-realliq-g%c9%99tirdi\\\/#breadcrumb\"},\"inLanguage\":\"az\",\"potentialAction\":[{\"@type\":\"ReadAction\",\"target\":[\"https:\\\/\\\/amip.az\\\/2026\\\/09\\\/03\\\/az%c9%99rbayan-t%c9%99kc%c9%99-suverenliyini-b%c9%99rpa-etm%c9%99di-h%c9%99m-d%c9%99-bolg%c9%99y%c9%99-yeni-realliq-g%c9%99tirdi\\\/\"]}]},{\"@type\":\"ImageObject\",\"inLanguage\":\"az\",\"@id\":\"https:\\\/\\\/amip.az\\\/2026\\\/09\\\/03\\\/az%c9%99rbayan-t%c9%99kc%c9%99-suverenliyini-b%c9%99rpa-etm%c9%99di-h%c9%99m-d%c9%99-bolg%c9%99y%c9%99-yeni-realliq-g%c9%99tirdi\\\/#primaryimage\",\"url\":\"https:\\\/\\\/amip.az\\\/wp-content\\\/uploads\\\/2026\\\/03\\\/arzuxan.jpg\",\"contentUrl\":\"https:\\\/\\\/amip.az\\\/wp-content\\\/uploads\\\/2026\\\/03\\\/arzuxan.jpg\",\"width\":960,\"height\":541},{\"@type\":\"BreadcrumbList\",\"@id\":\"https:\\\/\\\/amip.az\\\/2026\\\/09\\\/03\\\/az%c9%99rbayan-t%c9%99kc%c9%99-suverenliyini-b%c9%99rpa-etm%c9%99di-h%c9%99m-d%c9%99-bolg%c9%99y%c9%99-yeni-realliq-g%c9%99tirdi\\\/#breadcrumb\",\"itemListElement\":[{\"@type\":\"ListItem\",\"position\":1,\"name\":\"Home\",\"item\":\"https:\\\/\\\/amip.az\\\/\"},{\"@type\":\"ListItem\",\"position\":2,\"name\":\"Az\u0259rbayan t\u0259kc\u0259 suverenliyini b\u0259rpa etm\u0259di: H\u0259m d\u0259 b\u00f6lg\u0259y\u0259 yeni reall\u0131q g\u0259tirdi\"}]},{\"@type\":\"WebSite\",\"@id\":\"https:\\\/\\\/amip.az\\\/az\\\/#website\",\"url\":\"https:\\\/\\\/amip.az\\\/az\\\/\",\"name\":\"Az\u0259rbaycan Milli \u0130stiqlal Partiyas\u0131\",\"description\":\"AM\u0130P\",\"publisher\":{\"@id\":\"https:\\\/\\\/amip.az\\\/az\\\/#organization\"},\"potentialAction\":[{\"@type\":\"SearchAction\",\"target\":{\"@type\":\"EntryPoint\",\"urlTemplate\":\"https:\\\/\\\/amip.az\\\/az\\\/?s={search_term_string}\"},\"query-input\":{\"@type\":\"PropertyValueSpecification\",\"valueRequired\":true,\"valueName\":\"search_term_string\"}}],\"inLanguage\":\"az\"},{\"@type\":\"Organization\",\"@id\":\"https:\\\/\\\/amip.az\\\/az\\\/#organization\",\"name\":\"Az\u0259rbaycan Milli \u0130stiqlal Partiyas\u0131\",\"url\":\"https:\\\/\\\/amip.az\\\/az\\\/\",\"logo\":{\"@type\":\"ImageObject\",\"inLanguage\":\"az\",\"@id\":\"https:\\\/\\\/amip.az\\\/az\\\/#\\\/schema\\\/logo\\\/image\\\/\",\"url\":\"https:\\\/\\\/amip.az\\\/wp-content\\\/uploads\\\/2023\\\/06\\\/amiplogo.png\",\"contentUrl\":\"https:\\\/\\\/amip.az\\\/wp-content\\\/uploads\\\/2023\\\/06\\\/amiplogo.png\",\"width\":723,\"height\":423,\"caption\":\"Az\u0259rbaycan Milli \u0130stiqlal Partiyas\u0131\"},\"image\":{\"@id\":\"https:\\\/\\\/amip.az\\\/az\\\/#\\\/schema\\\/logo\\\/image\\\/\"},\"sameAs\":[\"https:\\\/\\\/www.facebook.com\\\/istiqlal91\",\"https:\\\/\\\/x.com\\\/APartiyas\",\"https:\\\/\\\/www.youtube.com\\\/channel\\\/UCF3pc8spko_xON2sr4vUC5A\"]},{\"@type\":\"Person\",\"@id\":\"https:\\\/\\\/amip.az\\\/az\\\/#\\\/schema\\\/person\\\/a7055ff0b4631c41849ee16f8ff51da7\",\"name\":\"admin_amip\",\"image\":{\"@type\":\"ImageObject\",\"inLanguage\":\"az\",\"@id\":\"https:\\\/\\\/secure.gravatar.com\\\/avatar\\\/6c3dc6902fd066c5a5d68c8f0038dcc56ec283faa7337f8e6b219cf7e7321d3f?s=96&d=mm&r=g\",\"url\":\"https:\\\/\\\/secure.gravatar.com\\\/avatar\\\/6c3dc6902fd066c5a5d68c8f0038dcc56ec283faa7337f8e6b219cf7e7321d3f?s=96&d=mm&r=g\",\"contentUrl\":\"https:\\\/\\\/secure.gravatar.com\\\/avatar\\\/6c3dc6902fd066c5a5d68c8f0038dcc56ec283faa7337f8e6b219cf7e7321d3f?s=96&d=mm&r=g\",\"caption\":\"admin_amip\"},\"url\":\"https:\\\/\\\/amip.az\\\/az\\\/author\\\/admin_amip\\\/\"}]}<\/script>\n<!-- \/ Yoast SEO plugin. -->","yoast_head_json":{"title":"Az\u0259rbayan t\u0259kc\u0259 suverenliyini b\u0259rpa etm\u0259di: H\u0259m d\u0259 b\u00f6lg\u0259y\u0259 yeni reall\u0131q g\u0259tirdi - Az\u0259rbaycan Milli \u0130stiqlal Partiyas\u0131","robots":{"index":"index","follow":"follow","max-snippet":"max-snippet:-1","max-image-preview":"max-image-preview:large","max-video-preview":"max-video-preview:-1"},"canonical":"https:\/\/amip.az\/az\/2026\/09\/03\/az\u0259rbayan-t\u0259kc\u0259-suverenliyini-b\u0259rpa-etm\u0259di-h\u0259m-d\u0259-bolg\u0259y\u0259-yeni-realliq-g\u0259tirdi\/","og_locale":"az_AZ","og_type":"article","og_title":"Az\u0259rbayan t\u0259kc\u0259 suverenliyini b\u0259rpa etm\u0259di: H\u0259m d\u0259 b\u00f6lg\u0259y\u0259 yeni reall\u0131q g\u0259tirdi - Az\u0259rbaycan Milli \u0130stiqlal Partiyas\u0131","og_description":"Q\u0131r\u011f\u0131z Respublikas\u0131n\u0131n paytaxt\u0131 Bi\u015fkek \u015f\u0259h\u0259rind\u0259 \u201c\u015e\u018fT plyus\u201d format\u0131nda ke\u00e7iril\u0259n g\u00f6r\u00fc\u015fd\u0259 \u00e7\u0131x\u0131\u015f\u0131 zaman\u0131 Prezident \u0130lham \u018fliyev bir s\u0131ra m\u0259s\u0259l\u0259l\u0259r\u0259 toxunub.&nbsp; D\u00f6vl\u0259t ba\u015f\u00e7\u0131s\u0131 bildirib ki, BMT T\u0259hl\u00fck\u0259sizlik \u015euras\u0131n\u0131n 1993-c\u00fc ild\u0259 q\u0259bul edilmi\u015f d\u00f6rd q\u0259tnam\u0259si 30 ild\u0259n sonra, \u00fc\u00e7 il \u0259vv\u0259l icra edildi:&nbsp; \u201cLakin t\u0259\u0259ss\u00fcf ki, BMT bu q\u0259tnam\u0259l\u0259rin icras\u0131nda he\u00e7 bir rol oynamay\u0131b. Az\u0259rbaycan \u00f6z suverenliyini v\u0259 \u0259razi b\u00fct\u00f6vl\u00fcy\u00fcn\u00fc tamamil\u0259 \u00f6z\u00fc b\u0259rpa edib. BMT T\u0259hl\u00fck\u0259sizlik \u015euras\u0131n\u0131n q\u0259tnam\u0259l\u0259rinin q\u0131sa m\u00fcdd\u0259td\u0259 icras\u0131 \u00fc\u00e7\u00fcn m\u00fcvafiq mexanizml\u0259rin haz\u0131rlanmas\u0131 t\u0259l\u0259b olunur.&nbsp; Bu h\u0259yata ke\u00e7iril\u0259rs\u0259, BMT-nin n\u00fcfuzunun v\u0259 t\u0259\u015fkilat\u0131n m\u00fcnaqi\u015f\u0259l\u0259rin nizamlanmas\u0131ndak\u0131 rolunun [&hellip;]","og_url":"https:\/\/amip.az\/az\/2026\/09\/03\/az\u0259rbayan-t\u0259kc\u0259-suverenliyini-b\u0259rpa-etm\u0259di-h\u0259m-d\u0259-bolg\u0259y\u0259-yeni-realliq-g\u0259tirdi\/","og_site_name":"Az\u0259rbaycan Milli \u0130stiqlal Partiyas\u0131","article_publisher":"https:\/\/www.facebook.com\/istiqlal91","article_published_time":"2026-09-03T03:56:15+00:00","article_modified_time":"2026-09-03T03:56:19+00:00","og_image":[{"width":960,"height":541,"url":"https:\/\/amip.az\/wp-content\/uploads\/2026\/03\/arzuxan.jpg","type":"image\/jpeg"}],"author":"admin_amip","twitter_card":"summary_large_image","twitter_creator":"@APartiyas","twitter_site":"@APartiyas","twitter_misc":{"Written by":"admin_amip","Est. reading time":"4 minutes"},"schema":{"@context":"https:\/\/schema.org","@graph":[{"@type":"Article","@id":"https:\/\/amip.az\/2026\/09\/03\/az%c9%99rbayan-t%c9%99kc%c9%99-suverenliyini-b%c9%99rpa-etm%c9%99di-h%c9%99m-d%c9%99-bolg%c9%99y%c9%99-yeni-realliq-g%c9%99tirdi\/#article","isPartOf":{"@id":"https:\/\/amip.az\/2026\/09\/03\/az%c9%99rbayan-t%c9%99kc%c9%99-suverenliyini-b%c9%99rpa-etm%c9%99di-h%c9%99m-d%c9%99-bolg%c9%99y%c9%99-yeni-realliq-g%c9%99tirdi\/"},"author":{"name":"admin_amip","@id":"https:\/\/amip.az\/az\/#\/schema\/person\/a7055ff0b4631c41849ee16f8ff51da7"},"headline":"Az\u0259rbayan t\u0259kc\u0259 suverenliyini b\u0259rpa etm\u0259di: H\u0259m d\u0259 b\u00f6lg\u0259y\u0259 yeni reall\u0131q g\u0259tirdi","datePublished":"2026-09-03T03:56:15+00:00","dateModified":"2026-09-03T03:56:19+00:00","mainEntityOfPage":{"@id":"https:\/\/amip.az\/2026\/09\/03\/az%c9%99rbayan-t%c9%99kc%c9%99-suverenliyini-b%c9%99rpa-etm%c9%99di-h%c9%99m-d%c9%99-bolg%c9%99y%c9%99-yeni-realliq-g%c9%99tirdi\/"},"wordCount":1144,"publisher":{"@id":"https:\/\/amip.az\/az\/#organization"},"image":{"@id":"https:\/\/amip.az\/2026\/09\/03\/az%c9%99rbayan-t%c9%99kc%c9%99-suverenliyini-b%c9%99rpa-etm%c9%99di-h%c9%99m-d%c9%99-bolg%c9%99y%c9%99-yeni-realliq-g%c9%99tirdi\/#primaryimage"},"thumbnailUrl":"https:\/\/amip.az\/wp-content\/uploads\/2026\/03\/arzuxan.jpg","articleSection":["K\u0130V"],"inLanguage":"az"},{"@type":"WebPage","@id":"https:\/\/amip.az\/2026\/09\/03\/az%c9%99rbayan-t%c9%99kc%c9%99-suverenliyini-b%c9%99rpa-etm%c9%99di-h%c9%99m-d%c9%99-bolg%c9%99y%c9%99-yeni-realliq-g%c9%99tirdi\/","url":"https:\/\/amip.az\/2026\/09\/03\/az%c9%99rbayan-t%c9%99kc%c9%99-suverenliyini-b%c9%99rpa-etm%c9%99di-h%c9%99m-d%c9%99-bolg%c9%99y%c9%99-yeni-realliq-g%c9%99tirdi\/","name":"Az\u0259rbayan t\u0259kc\u0259 suverenliyini b\u0259rpa etm\u0259di: H\u0259m d\u0259 b\u00f6lg\u0259y\u0259 yeni reall\u0131q g\u0259tirdi - Az\u0259rbaycan Milli \u0130stiqlal Partiyas\u0131","isPartOf":{"@id":"https:\/\/amip.az\/az\/#website"},"primaryImageOfPage":{"@id":"https:\/\/amip.az\/2026\/09\/03\/az%c9%99rbayan-t%c9%99kc%c9%99-suverenliyini-b%c9%99rpa-etm%c9%99di-h%c9%99m-d%c9%99-bolg%c9%99y%c9%99-yeni-realliq-g%c9%99tirdi\/#primaryimage"},"image":{"@id":"https:\/\/amip.az\/2026\/09\/03\/az%c9%99rbayan-t%c9%99kc%c9%99-suverenliyini-b%c9%99rpa-etm%c9%99di-h%c9%99m-d%c9%99-bolg%c9%99y%c9%99-yeni-realliq-g%c9%99tirdi\/#primaryimage"},"thumbnailUrl":"https:\/\/amip.az\/wp-content\/uploads\/2026\/03\/arzuxan.jpg","datePublished":"2026-09-03T03:56:15+00:00","dateModified":"2026-09-03T03:56:19+00:00","breadcrumb":{"@id":"https:\/\/amip.az\/2026\/09\/03\/az%c9%99rbayan-t%c9%99kc%c9%99-suverenliyini-b%c9%99rpa-etm%c9%99di-h%c9%99m-d%c9%99-bolg%c9%99y%c9%99-yeni-realliq-g%c9%99tirdi\/#breadcrumb"},"inLanguage":"az","potentialAction":[{"@type":"ReadAction","target":["https:\/\/amip.az\/2026\/09\/03\/az%c9%99rbayan-t%c9%99kc%c9%99-suverenliyini-b%c9%99rpa-etm%c9%99di-h%c9%99m-d%c9%99-bolg%c9%99y%c9%99-yeni-realliq-g%c9%99tirdi\/"]}]},{"@type":"ImageObject","inLanguage":"az","@id":"https:\/\/amip.az\/2026\/09\/03\/az%c9%99rbayan-t%c9%99kc%c9%99-suverenliyini-b%c9%99rpa-etm%c9%99di-h%c9%99m-d%c9%99-bolg%c9%99y%c9%99-yeni-realliq-g%c9%99tirdi\/#primaryimage","url":"https:\/\/amip.az\/wp-content\/uploads\/2026\/03\/arzuxan.jpg","contentUrl":"https:\/\/amip.az\/wp-content\/uploads\/2026\/03\/arzuxan.jpg","width":960,"height":541},{"@type":"BreadcrumbList","@id":"https:\/\/amip.az\/2026\/09\/03\/az%c9%99rbayan-t%c9%99kc%c9%99-suverenliyini-b%c9%99rpa-etm%c9%99di-h%c9%99m-d%c9%99-bolg%c9%99y%c9%99-yeni-realliq-g%c9%99tirdi\/#breadcrumb","itemListElement":[{"@type":"ListItem","position":1,"name":"Home","item":"https:\/\/amip.az\/"},{"@type":"ListItem","position":2,"name":"Az\u0259rbayan t\u0259kc\u0259 suverenliyini b\u0259rpa etm\u0259di: H\u0259m d\u0259 b\u00f6lg\u0259y\u0259 yeni reall\u0131q g\u0259tirdi"}]},{"@type":"WebSite","@id":"https:\/\/amip.az\/az\/#website","url":"https:\/\/amip.az\/az\/","name":"Az\u0259rbaycan Milli \u0130stiqlal Partiyas\u0131","description":"AM\u0130P","publisher":{"@id":"https:\/\/amip.az\/az\/#organization"},"potentialAction":[{"@type":"SearchAction","target":{"@type":"EntryPoint","urlTemplate":"https:\/\/amip.az\/az\/?s={search_term_string}"},"query-input":{"@type":"PropertyValueSpecification","valueRequired":true,"valueName":"search_term_string"}}],"inLanguage":"az"},{"@type":"Organization","@id":"https:\/\/amip.az\/az\/#organization","name":"Az\u0259rbaycan Milli \u0130stiqlal Partiyas\u0131","url":"https:\/\/amip.az\/az\/","logo":{"@type":"ImageObject","inLanguage":"az","@id":"https:\/\/amip.az\/az\/#\/schema\/logo\/image\/","url":"https:\/\/amip.az\/wp-content\/uploads\/2023\/06\/amiplogo.png","contentUrl":"https:\/\/amip.az\/wp-content\/uploads\/2023\/06\/amiplogo.png","width":723,"height":423,"caption":"Az\u0259rbaycan Milli \u0130stiqlal Partiyas\u0131"},"image":{"@id":"https:\/\/amip.az\/az\/#\/schema\/logo\/image\/"},"sameAs":["https:\/\/www.facebook.com\/istiqlal91","https:\/\/x.com\/APartiyas","https:\/\/www.youtube.com\/channel\/UCF3pc8spko_xON2sr4vUC5A"]},{"@type":"Person","@id":"https:\/\/amip.az\/az\/#\/schema\/person\/a7055ff0b4631c41849ee16f8ff51da7","name":"admin_amip","image":{"@type":"ImageObject","inLanguage":"az","@id":"https:\/\/secure.gravatar.com\/avatar\/6c3dc6902fd066c5a5d68c8f0038dcc56ec283faa7337f8e6b219cf7e7321d3f?s=96&d=mm&r=g","url":"https:\/\/secure.gravatar.com\/avatar\/6c3dc6902fd066c5a5d68c8f0038dcc56ec283faa7337f8e6b219cf7e7321d3f?s=96&d=mm&r=g","contentUrl":"https:\/\/secure.gravatar.com\/avatar\/6c3dc6902fd066c5a5d68c8f0038dcc56ec283faa7337f8e6b219cf7e7321d3f?s=96&d=mm&r=g","caption":"admin_amip"},"url":"https:\/\/amip.az\/az\/author\/admin_amip\/"}]}},"_links":{"self":[{"href":"https:\/\/amip.az\/az\/wp-json\/wp\/v2\/posts\/11533","targetHints":{"allow":["GET"]}}],"collection":[{"href":"https:\/\/amip.az\/az\/wp-json\/wp\/v2\/posts"}],"about":[{"href":"https:\/\/amip.az\/az\/wp-json\/wp\/v2\/types\/post"}],"author":[{"embeddable":true,"href":"https:\/\/amip.az\/az\/wp-json\/wp\/v2\/users\/2"}],"replies":[{"embeddable":true,"href":"https:\/\/amip.az\/az\/wp-json\/wp\/v2\/comments?post=11533"}],"version-history":[{"count":1,"href":"https:\/\/amip.az\/az\/wp-json\/wp\/v2\/posts\/11533\/revisions"}],"predecessor-version":[{"id":11534,"href":"https:\/\/amip.az\/az\/wp-json\/wp\/v2\/posts\/11533\/revisions\/11534"}],"wp:featuredmedia":[{"embeddable":true,"href":"https:\/\/amip.az\/az\/wp-json\/wp\/v2\/media\/10256"}],"wp:attachment":[{"href":"https:\/\/amip.az\/az\/wp-json\/wp\/v2\/media?parent=11533"}],"wp:term":[{"taxonomy":"category","embeddable":true,"href":"https:\/\/amip.az\/az\/wp-json\/wp\/v2\/categories?post=11533"},{"taxonomy":"post_tag","embeddable":true,"href":"https:\/\/amip.az\/az\/wp-json\/wp\/v2\/tags?post=11533"}],"curies":[{"name":"wp","href":"https:\/\/api.w.org\/{rel}","templated":true}]}}