{"id":11542,"date":"2026-09-03T18:56:07","date_gmt":"2026-09-03T14:56:07","guid":{"rendered":"https:\/\/amip.az\/?p=11542"},"modified":"2026-09-03T18:56:11","modified_gmt":"2026-09-03T14:56:11","slug":"brutto-muqavil%c9%99sinin-t%c9%99tbiqi-ictimai-n%c9%99qliyyat-sistemind%c9%99-n%c9%99l%c9%99ri-d%c9%99yis%c9%99c%c9%99k-deputat","status":"publish","type":"post","link":"https:\/\/amip.az\/az\/2026\/09\/03\/brutto-muqavil%c9%99sinin-t%c9%99tbiqi-ictimai-n%c9%99qliyyat-sistemind%c9%99-n%c9%99l%c9%99ri-d%c9%99yis%c9%99c%c9%99k-deputat\/","title":{"rendered":"&#8220;Brutto m\u00fcqavil\u0259si&#8221;nin t\u0259tbiqi ictimai n\u0259qliyyat sistemind\u0259 n\u0259l\u0259ri d\u0259yi\u015f\u0259c\u0259k? &#8211;\u00a0DEPUTAT"},"content":{"rendered":"\n<p class=\"wp-block-paragraph\"><strong>\u0130ctimai n\u0259qliyyatda xidm\u0259t keyfiyy\u0259tinin art\u0131r\u0131lmas\u0131 v\u0259 s\u0259rni\u015fin m\u0259mnunlu\u011funun y\u00fcks\u0259ldilm\u0259si istiqam\u0259tind\u0259 t\u0259tbiq olunan yeni yana\u015fmalar aras\u0131nda \u201cBrutto m\u00fcqavil\u0259\u201d modeli d\u0259 x\u00fcsusi diqq\u0259t \u00e7\u0259kir. Bu modeld\u0259 da\u015f\u0131y\u0131c\u0131n\u0131n g\u0259lirinin birba\u015fa s\u0259rni\u015fin say\u0131ndan as\u0131l\u0131 olmamas\u0131 n\u0259qliyyat vasit\u0259l\u0259rinin daha m\u00fcnt\u0259z\u0259m v\u0259 m\u00fc\u0259yy\u0259n edilmi\u015f qrafik \u00fczr\u0259 f\u0259aliyy\u0259t g\u00f6st\u0259rm\u0259sin\u0259, mar\u015frutlar\u0131n keyfiyy\u0259t g\u00f6st\u0259ricil\u0259rinin yax\u015f\u0131la\u015fd\u0131r\u0131lmas\u0131na imkan yarada bil\u0259r. Lakin modelin real n\u0259tic\u0259l\u0259ri il\u0259 yana\u015f\u0131, onun d\u00f6vl\u0259t b\u00fcdc\u0259sin\u0259 m\u00fcmk\u00fcn maliyy\u0259 t\u0259sirl\u0259ri d\u0259 m\u00fczakir\u0259 m\u00f6vzusudur.<\/strong><\/p>\n\n\n\n<p class=\"wp-block-paragraph\">\u201cBrutto m\u00fcqavil\u0259\u201d modelinin ictimai n\u0259qliyyatda t\u0259tbiqinin xidm\u0259tl\u0259rin keyfiyy\u0259tin\u0259 v\u0259 s\u0259rni\u015fin m\u0259mnunlu\u011funa hans\u0131 d\u0259r\u0259c\u0259d\u0259 t\u0259sir g\u00f6st\u0259r\u0259 bil\u0259c\u0259yi, h\u0259m\u00e7inin da\u015f\u0131y\u0131c\u0131lar\u0131n g\u0259lirl\u0259rinin s\u0259rni\u015fin say\u0131ndan as\u0131l\u0131 olmamas\u0131n\u0131n avtobuslar\u0131n h\u0259r\u0259k\u0259t interval\u0131na v\u0259 m\u00fcnt\u0259z\u0259mliyin\u0259 t\u0259siri il\u0259 ba\u011fl\u0131 suallar yaran\u0131r. Eyni zamanda, bu sistemin d\u00f6vl\u0259t b\u00fcdc\u0259si \u00fc\u00e7\u00fcn \u0259lav\u0259 maliyy\u0259 y\u00fck\u00fc yarad\u0131b-yaratmayaca\u011f\u0131 da diqq\u0259t \u00e7\u0259k\u0259n \u0259sas m\u0259s\u0259l\u0259l\u0259rd\u0259ndir.<\/p>\n\n\n\n<p class=\"wp-block-paragraph\">M\u00f6vzu il\u0259 ba\u011fl\u0131 <strong>deputat Arzuxan \u018flizad\u0259<\/strong>\u00a0Avtosfer.az-a a\u00e7\u0131qlamas\u0131nda bildirib ki, \u201cBrutto m\u00fcqavil\u0259\u201d modelinin t\u0259tbiqi ictimai n\u0259qliyyatda da\u015f\u0131y\u0131c\u0131n\u0131n \u0259sas g\u0259lir m\u0259nb\u0259yinin s\u0259rni\u015fin say\u0131ndan as\u0131l\u0131l\u0131\u011f\u0131n\u0131 azaltmaq bax\u0131m\u0131ndan m\u00fch\u00fcm yenilikdir:<br>&#8220;Bu modeld\u0259 da\u015f\u0131y\u0131c\u0131n\u0131n g\u0259lirinin s\u0259rni\u015fin ax\u0131n\u0131ndan birba\u015fa as\u0131l\u0131 olmamas\u0131 onun daha \u00e7ox s\u0259rni\u015fin toplamaq deyil, m\u00fc\u0259yy\u0259n edilmi\u015f xidm\u0259t standartlar\u0131n\u0131 yerin\u0259 yetirm\u0259k \u00fcz\u0259rind\u0259 fokuslanmas\u0131na imkan yarada bil\u0259r. Bu is\u0259 avtobuslar\u0131n h\u0259r\u0259k\u0259t interval\u0131n\u0131n qorunmas\u0131, mar\u015frutlar\u0131n davaml\u0131l\u0131\u011f\u0131 v\u0259 xidm\u0259t keyfiyy\u0259tinin y\u00fcks\u0259ldilm\u0259si bax\u0131m\u0131ndan m\u00fcsb\u0259t n\u0259tic\u0259l\u0259r ver\u0259 bil\u0259r. \u018fn m\u00fch\u00fcm m\u0259qamlardan biri odur ki, da\u015f\u0131y\u0131c\u0131n\u0131n maliyy\u0259 mara\u011f\u0131 s\u0259rni\u015fin say\u0131na deyil, g\u00f6st\u0259rdiyi xidm\u0259tin keyfiyy\u0259tin\u0259 ba\u011flanmal\u0131d\u0131r. Avtobuslar\u0131n qrafik \u00fczr\u0259 i\u015fl\u0259m\u0259si, interval\u0131n pozulmamas\u0131, texniki v\u0259 sanitar v\u0259ziyy\u0259t, s\u00fcr\u00fcc\u00fcl\u0259rin davran\u0131\u015f\u0131 kimi meyarlar\u0131n m\u00fcqavil\u0259d\u0259 konkret \u015f\u0259kild\u0259 m\u00fc\u0259yy\u0259nl\u0259\u015fdirilm\u0259si v\u0259 buna uy\u011fun \u00f6d\u0259ni\u015f mexanizminin qurulmas\u0131 s\u0259rni\u015fin m\u0259mnunlu\u011funun artmas\u0131na \u015f\u0259rait yarada bil\u0259r. Lakin bunun \u00fc\u00e7\u00fcn n\u0259zar\u0259t mexanizml\u0259ri d\u0259 kifay\u0259t q\u0259d\u0259r \u015f\u0259ffaf v\u0259 effektiv olmal\u0131d\u0131r. T\u0259bii ki, \u201cBrutto m\u00fcqavil\u0259\u201d modelinin d\u00f6vl\u0259t b\u00fcdc\u0259si \u00fc\u00e7\u00fcn m\u00fc\u0259yy\u0259n maliyy\u0259 \u00f6hd\u0259liyi yaratmas\u0131 m\u00fcmk\u00fcnd\u00fcr. \u018fg\u0259r da\u015f\u0131y\u0131c\u0131lar\u0131n g\u0259lirl\u0259rinin bir hiss\u0259si v\u0259 ya b\u00fct\u00f6vl\u00fckd\u0259 xidm\u0259t haqq\u0131 d\u00f6vl\u0259t t\u0259r\u0259find\u0259n qar\u015f\u0131lan\u0131rsa, bu, b\u00fcdc\u0259d\u0259n \u0259lav\u0259 v\u0259sait t\u0259l\u0259b ed\u0259 bil\u0259r. Amma burada \u0259sas m\u0259s\u0259l\u0259 x\u0259rcl\u0259rin artmas\u0131 deyil, h\u0259min v\u0259saitin m\u00fcqabilind\u0259 \u015f\u0259h\u0259r n\u0259qliyyat\u0131n\u0131n keyfiyy\u0259tinin n\u0259 d\u0259r\u0259c\u0259d\u0259 y\u00fcks\u0259lm\u0259sidir. D\u00fczg\u00fcn qurulmu\u015f v\u0259 n\u0259tic\u0259l\u0259r\u0259 \u0259saslanan sistem uzunm\u00fcdd\u0259tli perspektivd\u0259 h\u0259m s\u0259rni\u015fin m\u0259mnunlu\u011funu art\u0131ra, h\u0259m d\u0259 ictimai n\u0259qliyyat\u0131n daha sistemli v\u0259 dayan\u0131ql\u0131 f\u0259aliyy\u0259tin\u0259 imkan ver\u0259 bil\u0259r&#8221;.<\/p>\n","protected":false},"excerpt":{"rendered":"<p>\u0130ctimai n\u0259qliyyatda xidm\u0259t keyfiyy\u0259tinin art\u0131r\u0131lmas\u0131 v\u0259 s\u0259rni\u015fin m\u0259mnunlu\u011funun y\u00fcks\u0259ldilm\u0259si istiqam\u0259tind\u0259 t\u0259tbiq olunan yeni yana\u015fmalar aras\u0131nda \u201cBrutto m\u00fcqavil\u0259\u201d modeli d\u0259 x\u00fcsusi diqq\u0259t \u00e7\u0259kir. Bu modeld\u0259 da\u015f\u0131y\u0131c\u0131n\u0131n g\u0259lirinin birba\u015fa s\u0259rni\u015fin say\u0131ndan as\u0131l\u0131 olmamas\u0131 n\u0259qliyyat vasit\u0259l\u0259rinin daha m\u00fcnt\u0259z\u0259m v\u0259 m\u00fc\u0259yy\u0259n edilmi\u015f qrafik \u00fczr\u0259 f\u0259aliyy\u0259t g\u00f6st\u0259rm\u0259sin\u0259, mar\u015frutlar\u0131n keyfiyy\u0259t g\u00f6st\u0259ricil\u0259rinin yax\u015f\u0131la\u015fd\u0131r\u0131lmas\u0131na imkan yarada bil\u0259r. Lakin modelin real n\u0259tic\u0259l\u0259ri il\u0259 yana\u015f\u0131, onun d\u00f6vl\u0259t b\u00fcdc\u0259sin\u0259 m\u00fcmk\u00fcn maliyy\u0259 t\u0259sirl\u0259ri d\u0259 m\u00fczakir\u0259 m\u00f6vzusudur. \u201cBrutto m\u00fcqavil\u0259\u201d modelinin ictimai n\u0259qliyyatda t\u0259tbiqinin xidm\u0259tl\u0259rin keyfiyy\u0259tin\u0259 v\u0259 s\u0259rni\u015fin m\u0259mnunlu\u011funa hans\u0131 d\u0259r\u0259c\u0259d\u0259 t\u0259sir g\u00f6st\u0259r\u0259 bil\u0259c\u0259yi, h\u0259m\u00e7inin da\u015f\u0131y\u0131c\u0131lar\u0131n g\u0259lirl\u0259rinin s\u0259rni\u015fin [&hellip;]<\/p>\n","protected":false},"author":2,"featured_media":9833,"comment_status":"closed","ping_status":"closed","sticky":false,"template":"","format":"standard","meta":{"give_campaign_id":0,"footnotes":""},"categories":[10],"tags":[],"class_list":["post-11542","post","type-post","status-publish","format-standard","has-post-thumbnail","hentry","category-kiv"],"yoast_head":"<!-- This site is optimized with the Yoast SEO plugin v27.8 - https:\/\/yoast.com\/product\/yoast-seo-wordpress\/ -->\n<title>&quot;Brutto m\u00fcqavil\u0259si&quot;nin t\u0259tbiqi ictimai n\u0259qliyyat sistemind\u0259 n\u0259l\u0259ri d\u0259yi\u015f\u0259c\u0259k? -\u00a0DEPUTAT - Az\u0259rbaycan Milli \u0130stiqlal Partiyas\u0131<\/title>\n<meta name=\"robots\" content=\"index, follow, max-snippet:-1, max-image-preview:large, max-video-preview:-1\" \/>\n<link rel=\"canonical\" href=\"https:\/\/amip.az\/az\/2026\/09\/03\/brutto-muqavil\u0259sinin-t\u0259tbiqi-ictimai-n\u0259qliyyat-sistemind\u0259-n\u0259l\u0259ri-d\u0259yis\u0259c\u0259k-deputat\/\" \/>\n<meta property=\"og:locale\" content=\"az_AZ\" \/>\n<meta property=\"og:type\" content=\"article\" \/>\n<meta property=\"og:title\" content=\"&quot;Brutto m\u00fcqavil\u0259si&quot;nin t\u0259tbiqi ictimai n\u0259qliyyat sistemind\u0259 n\u0259l\u0259ri d\u0259yi\u015f\u0259c\u0259k? -\u00a0DEPUTAT - Az\u0259rbaycan Milli \u0130stiqlal Partiyas\u0131\" \/>\n<meta property=\"og:description\" content=\"\u0130ctimai n\u0259qliyyatda xidm\u0259t keyfiyy\u0259tinin art\u0131r\u0131lmas\u0131 v\u0259 s\u0259rni\u015fin m\u0259mnunlu\u011funun y\u00fcks\u0259ldilm\u0259si istiqam\u0259tind\u0259 t\u0259tbiq olunan yeni yana\u015fmalar aras\u0131nda \u201cBrutto m\u00fcqavil\u0259\u201d modeli d\u0259 x\u00fcsusi diqq\u0259t \u00e7\u0259kir. Bu modeld\u0259 da\u015f\u0131y\u0131c\u0131n\u0131n g\u0259lirinin birba\u015fa s\u0259rni\u015fin say\u0131ndan as\u0131l\u0131 olmamas\u0131 n\u0259qliyyat vasit\u0259l\u0259rinin daha m\u00fcnt\u0259z\u0259m v\u0259 m\u00fc\u0259yy\u0259n edilmi\u015f qrafik \u00fczr\u0259 f\u0259aliyy\u0259t g\u00f6st\u0259rm\u0259sin\u0259, mar\u015frutlar\u0131n keyfiyy\u0259t g\u00f6st\u0259ricil\u0259rinin yax\u015f\u0131la\u015fd\u0131r\u0131lmas\u0131na imkan yarada bil\u0259r. Lakin modelin real n\u0259tic\u0259l\u0259ri il\u0259 yana\u015f\u0131, onun d\u00f6vl\u0259t b\u00fcdc\u0259sin\u0259 m\u00fcmk\u00fcn maliyy\u0259 t\u0259sirl\u0259ri d\u0259 m\u00fczakir\u0259 m\u00f6vzusudur. \u201cBrutto m\u00fcqavil\u0259\u201d modelinin ictimai n\u0259qliyyatda t\u0259tbiqinin xidm\u0259tl\u0259rin keyfiyy\u0259tin\u0259 v\u0259 s\u0259rni\u015fin m\u0259mnunlu\u011funa hans\u0131 d\u0259r\u0259c\u0259d\u0259 t\u0259sir g\u00f6st\u0259r\u0259 bil\u0259c\u0259yi, h\u0259m\u00e7inin da\u015f\u0131y\u0131c\u0131lar\u0131n g\u0259lirl\u0259rinin s\u0259rni\u015fin [&hellip;]\" \/>\n<meta property=\"og:url\" content=\"https:\/\/amip.az\/az\/2026\/09\/03\/brutto-muqavil\u0259sinin-t\u0259tbiqi-ictimai-n\u0259qliyyat-sistemind\u0259-n\u0259l\u0259ri-d\u0259yis\u0259c\u0259k-deputat\/\" \/>\n<meta property=\"og:site_name\" content=\"Az\u0259rbaycan Milli \u0130stiqlal Partiyas\u0131\" \/>\n<meta property=\"article:publisher\" content=\"https:\/\/www.facebook.com\/istiqlal91\" \/>\n<meta property=\"article:published_time\" content=\"2026-09-03T14:56:07+00:00\" \/>\n<meta property=\"article:modified_time\" content=\"2026-09-03T14:56:11+00:00\" \/>\n<meta property=\"og:image\" content=\"https:\/\/amip.az\/wp-content\/uploads\/2026\/01\/arzuxan.png\" \/>\n\t<meta property=\"og:image:width\" content=\"1280\" \/>\n\t<meta property=\"og:image:height\" content=\"719\" \/>\n\t<meta property=\"og:image:type\" content=\"image\/png\" \/>\n<meta name=\"author\" content=\"admin_amip\" \/>\n<meta name=\"twitter:card\" content=\"summary_large_image\" \/>\n<meta name=\"twitter:creator\" content=\"@APartiyas\" \/>\n<meta name=\"twitter:site\" content=\"@APartiyas\" \/>\n<meta name=\"twitter:label1\" content=\"Written by\" \/>\n\t<meta name=\"twitter:data1\" content=\"admin_amip\" \/>\n\t<meta name=\"twitter:label2\" content=\"Est. reading time\" \/>\n\t<meta name=\"twitter:data2\" content=\"2 minutes\" \/>\n<script type=\"application\/ld+json\" class=\"yoast-schema-graph\">{\"@context\":\"https:\\\/\\\/schema.org\",\"@graph\":[{\"@type\":\"Article\",\"@id\":\"https:\\\/\\\/amip.az\\\/2026\\\/09\\\/03\\\/brutto-muqavil%c9%99sinin-t%c9%99tbiqi-ictimai-n%c9%99qliyyat-sistemind%c9%99-n%c9%99l%c9%99ri-d%c9%99yis%c9%99c%c9%99k-deputat\\\/#article\",\"isPartOf\":{\"@id\":\"https:\\\/\\\/amip.az\\\/2026\\\/09\\\/03\\\/brutto-muqavil%c9%99sinin-t%c9%99tbiqi-ictimai-n%c9%99qliyyat-sistemind%c9%99-n%c9%99l%c9%99ri-d%c9%99yis%c9%99c%c9%99k-deputat\\\/\"},\"author\":{\"name\":\"admin_amip\",\"@id\":\"https:\\\/\\\/amip.az\\\/az\\\/#\\\/schema\\\/person\\\/a7055ff0b4631c41849ee16f8ff51da7\"},\"headline\":\"&#8220;Brutto m\u00fcqavil\u0259si&#8221;nin t\u0259tbiqi ictimai n\u0259qliyyat sistemind\u0259 n\u0259l\u0259ri d\u0259yi\u015f\u0259c\u0259k? &#8211;\u00a0DEPUTAT\",\"datePublished\":\"2026-09-03T14:56:07+00:00\",\"dateModified\":\"2026-09-03T14:56:11+00:00\",\"mainEntityOfPage\":{\"@id\":\"https:\\\/\\\/amip.az\\\/2026\\\/09\\\/03\\\/brutto-muqavil%c9%99sinin-t%c9%99tbiqi-ictimai-n%c9%99qliyyat-sistemind%c9%99-n%c9%99l%c9%99ri-d%c9%99yis%c9%99c%c9%99k-deputat\\\/\"},\"wordCount\":652,\"publisher\":{\"@id\":\"https:\\\/\\\/amip.az\\\/az\\\/#organization\"},\"image\":{\"@id\":\"https:\\\/\\\/amip.az\\\/2026\\\/09\\\/03\\\/brutto-muqavil%c9%99sinin-t%c9%99tbiqi-ictimai-n%c9%99qliyyat-sistemind%c9%99-n%c9%99l%c9%99ri-d%c9%99yis%c9%99c%c9%99k-deputat\\\/#primaryimage\"},\"thumbnailUrl\":\"https:\\\/\\\/amip.az\\\/wp-content\\\/uploads\\\/2026\\\/01\\\/arzuxan.png\",\"articleSection\":[\"K\u0130V\"],\"inLanguage\":\"az\"},{\"@type\":\"WebPage\",\"@id\":\"https:\\\/\\\/amip.az\\\/2026\\\/09\\\/03\\\/brutto-muqavil%c9%99sinin-t%c9%99tbiqi-ictimai-n%c9%99qliyyat-sistemind%c9%99-n%c9%99l%c9%99ri-d%c9%99yis%c9%99c%c9%99k-deputat\\\/\",\"url\":\"https:\\\/\\\/amip.az\\\/2026\\\/09\\\/03\\\/brutto-muqavil%c9%99sinin-t%c9%99tbiqi-ictimai-n%c9%99qliyyat-sistemind%c9%99-n%c9%99l%c9%99ri-d%c9%99yis%c9%99c%c9%99k-deputat\\\/\",\"name\":\"\\\"Brutto m\u00fcqavil\u0259si\\\"nin t\u0259tbiqi ictimai n\u0259qliyyat sistemind\u0259 n\u0259l\u0259ri d\u0259yi\u015f\u0259c\u0259k? -\u00a0DEPUTAT - Az\u0259rbaycan Milli \u0130stiqlal Partiyas\u0131\",\"isPartOf\":{\"@id\":\"https:\\\/\\\/amip.az\\\/az\\\/#website\"},\"primaryImageOfPage\":{\"@id\":\"https:\\\/\\\/amip.az\\\/2026\\\/09\\\/03\\\/brutto-muqavil%c9%99sinin-t%c9%99tbiqi-ictimai-n%c9%99qliyyat-sistemind%c9%99-n%c9%99l%c9%99ri-d%c9%99yis%c9%99c%c9%99k-deputat\\\/#primaryimage\"},\"image\":{\"@id\":\"https:\\\/\\\/amip.az\\\/2026\\\/09\\\/03\\\/brutto-muqavil%c9%99sinin-t%c9%99tbiqi-ictimai-n%c9%99qliyyat-sistemind%c9%99-n%c9%99l%c9%99ri-d%c9%99yis%c9%99c%c9%99k-deputat\\\/#primaryimage\"},\"thumbnailUrl\":\"https:\\\/\\\/amip.az\\\/wp-content\\\/uploads\\\/2026\\\/01\\\/arzuxan.png\",\"datePublished\":\"2026-09-03T14:56:07+00:00\",\"dateModified\":\"2026-09-03T14:56:11+00:00\",\"breadcrumb\":{\"@id\":\"https:\\\/\\\/amip.az\\\/2026\\\/09\\\/03\\\/brutto-muqavil%c9%99sinin-t%c9%99tbiqi-ictimai-n%c9%99qliyyat-sistemind%c9%99-n%c9%99l%c9%99ri-d%c9%99yis%c9%99c%c9%99k-deputat\\\/#breadcrumb\"},\"inLanguage\":\"az\",\"potentialAction\":[{\"@type\":\"ReadAction\",\"target\":[\"https:\\\/\\\/amip.az\\\/2026\\\/09\\\/03\\\/brutto-muqavil%c9%99sinin-t%c9%99tbiqi-ictimai-n%c9%99qliyyat-sistemind%c9%99-n%c9%99l%c9%99ri-d%c9%99yis%c9%99c%c9%99k-deputat\\\/\"]}]},{\"@type\":\"ImageObject\",\"inLanguage\":\"az\",\"@id\":\"https:\\\/\\\/amip.az\\\/2026\\\/09\\\/03\\\/brutto-muqavil%c9%99sinin-t%c9%99tbiqi-ictimai-n%c9%99qliyyat-sistemind%c9%99-n%c9%99l%c9%99ri-d%c9%99yis%c9%99c%c9%99k-deputat\\\/#primaryimage\",\"url\":\"https:\\\/\\\/amip.az\\\/wp-content\\\/uploads\\\/2026\\\/01\\\/arzuxan.png\",\"contentUrl\":\"https:\\\/\\\/amip.az\\\/wp-content\\\/uploads\\\/2026\\\/01\\\/arzuxan.png\",\"width\":1280,\"height\":719},{\"@type\":\"BreadcrumbList\",\"@id\":\"https:\\\/\\\/amip.az\\\/2026\\\/09\\\/03\\\/brutto-muqavil%c9%99sinin-t%c9%99tbiqi-ictimai-n%c9%99qliyyat-sistemind%c9%99-n%c9%99l%c9%99ri-d%c9%99yis%c9%99c%c9%99k-deputat\\\/#breadcrumb\",\"itemListElement\":[{\"@type\":\"ListItem\",\"position\":1,\"name\":\"Home\",\"item\":\"https:\\\/\\\/amip.az\\\/\"},{\"@type\":\"ListItem\",\"position\":2,\"name\":\"&#8220;Brutto m\u00fcqavil\u0259si&#8221;nin t\u0259tbiqi ictimai n\u0259qliyyat sistemind\u0259 n\u0259l\u0259ri d\u0259yi\u015f\u0259c\u0259k? &#8211;\u00a0DEPUTAT\"}]},{\"@type\":\"WebSite\",\"@id\":\"https:\\\/\\\/amip.az\\\/az\\\/#website\",\"url\":\"https:\\\/\\\/amip.az\\\/az\\\/\",\"name\":\"Az\u0259rbaycan Milli \u0130stiqlal Partiyas\u0131\",\"description\":\"AM\u0130P\",\"publisher\":{\"@id\":\"https:\\\/\\\/amip.az\\\/az\\\/#organization\"},\"potentialAction\":[{\"@type\":\"SearchAction\",\"target\":{\"@type\":\"EntryPoint\",\"urlTemplate\":\"https:\\\/\\\/amip.az\\\/az\\\/?s={search_term_string}\"},\"query-input\":{\"@type\":\"PropertyValueSpecification\",\"valueRequired\":true,\"valueName\":\"search_term_string\"}}],\"inLanguage\":\"az\"},{\"@type\":\"Organization\",\"@id\":\"https:\\\/\\\/amip.az\\\/az\\\/#organization\",\"name\":\"Az\u0259rbaycan Milli \u0130stiqlal Partiyas\u0131\",\"url\":\"https:\\\/\\\/amip.az\\\/az\\\/\",\"logo\":{\"@type\":\"ImageObject\",\"inLanguage\":\"az\",\"@id\":\"https:\\\/\\\/amip.az\\\/az\\\/#\\\/schema\\\/logo\\\/image\\\/\",\"url\":\"https:\\\/\\\/amip.az\\\/wp-content\\\/uploads\\\/2023\\\/06\\\/amiplogo.png\",\"contentUrl\":\"https:\\\/\\\/amip.az\\\/wp-content\\\/uploads\\\/2023\\\/06\\\/amiplogo.png\",\"width\":723,\"height\":423,\"caption\":\"Az\u0259rbaycan Milli \u0130stiqlal Partiyas\u0131\"},\"image\":{\"@id\":\"https:\\\/\\\/amip.az\\\/az\\\/#\\\/schema\\\/logo\\\/image\\\/\"},\"sameAs\":[\"https:\\\/\\\/www.facebook.com\\\/istiqlal91\",\"https:\\\/\\\/x.com\\\/APartiyas\",\"https:\\\/\\\/www.youtube.com\\\/channel\\\/UCF3pc8spko_xON2sr4vUC5A\"]},{\"@type\":\"Person\",\"@id\":\"https:\\\/\\\/amip.az\\\/az\\\/#\\\/schema\\\/person\\\/a7055ff0b4631c41849ee16f8ff51da7\",\"name\":\"admin_amip\",\"image\":{\"@type\":\"ImageObject\",\"inLanguage\":\"az\",\"@id\":\"https:\\\/\\\/secure.gravatar.com\\\/avatar\\\/6c3dc6902fd066c5a5d68c8f0038dcc56ec283faa7337f8e6b219cf7e7321d3f?s=96&d=mm&r=g\",\"url\":\"https:\\\/\\\/secure.gravatar.com\\\/avatar\\\/6c3dc6902fd066c5a5d68c8f0038dcc56ec283faa7337f8e6b219cf7e7321d3f?s=96&d=mm&r=g\",\"contentUrl\":\"https:\\\/\\\/secure.gravatar.com\\\/avatar\\\/6c3dc6902fd066c5a5d68c8f0038dcc56ec283faa7337f8e6b219cf7e7321d3f?s=96&d=mm&r=g\",\"caption\":\"admin_amip\"},\"url\":\"https:\\\/\\\/amip.az\\\/az\\\/author\\\/admin_amip\\\/\"}]}<\/script>\n<!-- \/ Yoast SEO plugin. -->","yoast_head_json":{"title":"\"Brutto m\u00fcqavil\u0259si\"nin t\u0259tbiqi ictimai n\u0259qliyyat sistemind\u0259 n\u0259l\u0259ri d\u0259yi\u015f\u0259c\u0259k? -\u00a0DEPUTAT - Az\u0259rbaycan Milli \u0130stiqlal Partiyas\u0131","robots":{"index":"index","follow":"follow","max-snippet":"max-snippet:-1","max-image-preview":"max-image-preview:large","max-video-preview":"max-video-preview:-1"},"canonical":"https:\/\/amip.az\/az\/2026\/09\/03\/brutto-muqavil\u0259sinin-t\u0259tbiqi-ictimai-n\u0259qliyyat-sistemind\u0259-n\u0259l\u0259ri-d\u0259yis\u0259c\u0259k-deputat\/","og_locale":"az_AZ","og_type":"article","og_title":"\"Brutto m\u00fcqavil\u0259si\"nin t\u0259tbiqi ictimai n\u0259qliyyat sistemind\u0259 n\u0259l\u0259ri d\u0259yi\u015f\u0259c\u0259k? -\u00a0DEPUTAT - Az\u0259rbaycan Milli \u0130stiqlal Partiyas\u0131","og_description":"\u0130ctimai n\u0259qliyyatda xidm\u0259t keyfiyy\u0259tinin art\u0131r\u0131lmas\u0131 v\u0259 s\u0259rni\u015fin m\u0259mnunlu\u011funun y\u00fcks\u0259ldilm\u0259si istiqam\u0259tind\u0259 t\u0259tbiq olunan yeni yana\u015fmalar aras\u0131nda \u201cBrutto m\u00fcqavil\u0259\u201d modeli d\u0259 x\u00fcsusi diqq\u0259t \u00e7\u0259kir. Bu modeld\u0259 da\u015f\u0131y\u0131c\u0131n\u0131n g\u0259lirinin birba\u015fa s\u0259rni\u015fin say\u0131ndan as\u0131l\u0131 olmamas\u0131 n\u0259qliyyat vasit\u0259l\u0259rinin daha m\u00fcnt\u0259z\u0259m v\u0259 m\u00fc\u0259yy\u0259n edilmi\u015f qrafik \u00fczr\u0259 f\u0259aliyy\u0259t g\u00f6st\u0259rm\u0259sin\u0259, mar\u015frutlar\u0131n keyfiyy\u0259t g\u00f6st\u0259ricil\u0259rinin yax\u015f\u0131la\u015fd\u0131r\u0131lmas\u0131na imkan yarada bil\u0259r. Lakin modelin real n\u0259tic\u0259l\u0259ri il\u0259 yana\u015f\u0131, onun d\u00f6vl\u0259t b\u00fcdc\u0259sin\u0259 m\u00fcmk\u00fcn maliyy\u0259 t\u0259sirl\u0259ri d\u0259 m\u00fczakir\u0259 m\u00f6vzusudur. \u201cBrutto m\u00fcqavil\u0259\u201d modelinin ictimai n\u0259qliyyatda t\u0259tbiqinin xidm\u0259tl\u0259rin keyfiyy\u0259tin\u0259 v\u0259 s\u0259rni\u015fin m\u0259mnunlu\u011funa hans\u0131 d\u0259r\u0259c\u0259d\u0259 t\u0259sir g\u00f6st\u0259r\u0259 bil\u0259c\u0259yi, h\u0259m\u00e7inin da\u015f\u0131y\u0131c\u0131lar\u0131n g\u0259lirl\u0259rinin s\u0259rni\u015fin [&hellip;]","og_url":"https:\/\/amip.az\/az\/2026\/09\/03\/brutto-muqavil\u0259sinin-t\u0259tbiqi-ictimai-n\u0259qliyyat-sistemind\u0259-n\u0259l\u0259ri-d\u0259yis\u0259c\u0259k-deputat\/","og_site_name":"Az\u0259rbaycan Milli \u0130stiqlal Partiyas\u0131","article_publisher":"https:\/\/www.facebook.com\/istiqlal91","article_published_time":"2026-09-03T14:56:07+00:00","article_modified_time":"2026-09-03T14:56:11+00:00","og_image":[{"width":1280,"height":719,"url":"https:\/\/amip.az\/wp-content\/uploads\/2026\/01\/arzuxan.png","type":"image\/png"}],"author":"admin_amip","twitter_card":"summary_large_image","twitter_creator":"@APartiyas","twitter_site":"@APartiyas","twitter_misc":{"Written by":"admin_amip","Est. reading time":"2 minutes"},"schema":{"@context":"https:\/\/schema.org","@graph":[{"@type":"Article","@id":"https:\/\/amip.az\/2026\/09\/03\/brutto-muqavil%c9%99sinin-t%c9%99tbiqi-ictimai-n%c9%99qliyyat-sistemind%c9%99-n%c9%99l%c9%99ri-d%c9%99yis%c9%99c%c9%99k-deputat\/#article","isPartOf":{"@id":"https:\/\/amip.az\/2026\/09\/03\/brutto-muqavil%c9%99sinin-t%c9%99tbiqi-ictimai-n%c9%99qliyyat-sistemind%c9%99-n%c9%99l%c9%99ri-d%c9%99yis%c9%99c%c9%99k-deputat\/"},"author":{"name":"admin_amip","@id":"https:\/\/amip.az\/az\/#\/schema\/person\/a7055ff0b4631c41849ee16f8ff51da7"},"headline":"&#8220;Brutto m\u00fcqavil\u0259si&#8221;nin t\u0259tbiqi ictimai n\u0259qliyyat sistemind\u0259 n\u0259l\u0259ri d\u0259yi\u015f\u0259c\u0259k? &#8211;\u00a0DEPUTAT","datePublished":"2026-09-03T14:56:07+00:00","dateModified":"2026-09-03T14:56:11+00:00","mainEntityOfPage":{"@id":"https:\/\/amip.az\/2026\/09\/03\/brutto-muqavil%c9%99sinin-t%c9%99tbiqi-ictimai-n%c9%99qliyyat-sistemind%c9%99-n%c9%99l%c9%99ri-d%c9%99yis%c9%99c%c9%99k-deputat\/"},"wordCount":652,"publisher":{"@id":"https:\/\/amip.az\/az\/#organization"},"image":{"@id":"https:\/\/amip.az\/2026\/09\/03\/brutto-muqavil%c9%99sinin-t%c9%99tbiqi-ictimai-n%c9%99qliyyat-sistemind%c9%99-n%c9%99l%c9%99ri-d%c9%99yis%c9%99c%c9%99k-deputat\/#primaryimage"},"thumbnailUrl":"https:\/\/amip.az\/wp-content\/uploads\/2026\/01\/arzuxan.png","articleSection":["K\u0130V"],"inLanguage":"az"},{"@type":"WebPage","@id":"https:\/\/amip.az\/2026\/09\/03\/brutto-muqavil%c9%99sinin-t%c9%99tbiqi-ictimai-n%c9%99qliyyat-sistemind%c9%99-n%c9%99l%c9%99ri-d%c9%99yis%c9%99c%c9%99k-deputat\/","url":"https:\/\/amip.az\/2026\/09\/03\/brutto-muqavil%c9%99sinin-t%c9%99tbiqi-ictimai-n%c9%99qliyyat-sistemind%c9%99-n%c9%99l%c9%99ri-d%c9%99yis%c9%99c%c9%99k-deputat\/","name":"\"Brutto m\u00fcqavil\u0259si\"nin t\u0259tbiqi ictimai n\u0259qliyyat sistemind\u0259 n\u0259l\u0259ri d\u0259yi\u015f\u0259c\u0259k? -\u00a0DEPUTAT - Az\u0259rbaycan Milli \u0130stiqlal Partiyas\u0131","isPartOf":{"@id":"https:\/\/amip.az\/az\/#website"},"primaryImageOfPage":{"@id":"https:\/\/amip.az\/2026\/09\/03\/brutto-muqavil%c9%99sinin-t%c9%99tbiqi-ictimai-n%c9%99qliyyat-sistemind%c9%99-n%c9%99l%c9%99ri-d%c9%99yis%c9%99c%c9%99k-deputat\/#primaryimage"},"image":{"@id":"https:\/\/amip.az\/2026\/09\/03\/brutto-muqavil%c9%99sinin-t%c9%99tbiqi-ictimai-n%c9%99qliyyat-sistemind%c9%99-n%c9%99l%c9%99ri-d%c9%99yis%c9%99c%c9%99k-deputat\/#primaryimage"},"thumbnailUrl":"https:\/\/amip.az\/wp-content\/uploads\/2026\/01\/arzuxan.png","datePublished":"2026-09-03T14:56:07+00:00","dateModified":"2026-09-03T14:56:11+00:00","breadcrumb":{"@id":"https:\/\/amip.az\/2026\/09\/03\/brutto-muqavil%c9%99sinin-t%c9%99tbiqi-ictimai-n%c9%99qliyyat-sistemind%c9%99-n%c9%99l%c9%99ri-d%c9%99yis%c9%99c%c9%99k-deputat\/#breadcrumb"},"inLanguage":"az","potentialAction":[{"@type":"ReadAction","target":["https:\/\/amip.az\/2026\/09\/03\/brutto-muqavil%c9%99sinin-t%c9%99tbiqi-ictimai-n%c9%99qliyyat-sistemind%c9%99-n%c9%99l%c9%99ri-d%c9%99yis%c9%99c%c9%99k-deputat\/"]}]},{"@type":"ImageObject","inLanguage":"az","@id":"https:\/\/amip.az\/2026\/09\/03\/brutto-muqavil%c9%99sinin-t%c9%99tbiqi-ictimai-n%c9%99qliyyat-sistemind%c9%99-n%c9%99l%c9%99ri-d%c9%99yis%c9%99c%c9%99k-deputat\/#primaryimage","url":"https:\/\/amip.az\/wp-content\/uploads\/2026\/01\/arzuxan.png","contentUrl":"https:\/\/amip.az\/wp-content\/uploads\/2026\/01\/arzuxan.png","width":1280,"height":719},{"@type":"BreadcrumbList","@id":"https:\/\/amip.az\/2026\/09\/03\/brutto-muqavil%c9%99sinin-t%c9%99tbiqi-ictimai-n%c9%99qliyyat-sistemind%c9%99-n%c9%99l%c9%99ri-d%c9%99yis%c9%99c%c9%99k-deputat\/#breadcrumb","itemListElement":[{"@type":"ListItem","position":1,"name":"Home","item":"https:\/\/amip.az\/"},{"@type":"ListItem","position":2,"name":"&#8220;Brutto m\u00fcqavil\u0259si&#8221;nin t\u0259tbiqi ictimai n\u0259qliyyat sistemind\u0259 n\u0259l\u0259ri d\u0259yi\u015f\u0259c\u0259k? &#8211;\u00a0DEPUTAT"}]},{"@type":"WebSite","@id":"https:\/\/amip.az\/az\/#website","url":"https:\/\/amip.az\/az\/","name":"Az\u0259rbaycan Milli \u0130stiqlal Partiyas\u0131","description":"AM\u0130P","publisher":{"@id":"https:\/\/amip.az\/az\/#organization"},"potentialAction":[{"@type":"SearchAction","target":{"@type":"EntryPoint","urlTemplate":"https:\/\/amip.az\/az\/?s={search_term_string}"},"query-input":{"@type":"PropertyValueSpecification","valueRequired":true,"valueName":"search_term_string"}}],"inLanguage":"az"},{"@type":"Organization","@id":"https:\/\/amip.az\/az\/#organization","name":"Az\u0259rbaycan Milli \u0130stiqlal Partiyas\u0131","url":"https:\/\/amip.az\/az\/","logo":{"@type":"ImageObject","inLanguage":"az","@id":"https:\/\/amip.az\/az\/#\/schema\/logo\/image\/","url":"https:\/\/amip.az\/wp-content\/uploads\/2023\/06\/amiplogo.png","contentUrl":"https:\/\/amip.az\/wp-content\/uploads\/2023\/06\/amiplogo.png","width":723,"height":423,"caption":"Az\u0259rbaycan Milli \u0130stiqlal Partiyas\u0131"},"image":{"@id":"https:\/\/amip.az\/az\/#\/schema\/logo\/image\/"},"sameAs":["https:\/\/www.facebook.com\/istiqlal91","https:\/\/x.com\/APartiyas","https:\/\/www.youtube.com\/channel\/UCF3pc8spko_xON2sr4vUC5A"]},{"@type":"Person","@id":"https:\/\/amip.az\/az\/#\/schema\/person\/a7055ff0b4631c41849ee16f8ff51da7","name":"admin_amip","image":{"@type":"ImageObject","inLanguage":"az","@id":"https:\/\/secure.gravatar.com\/avatar\/6c3dc6902fd066c5a5d68c8f0038dcc56ec283faa7337f8e6b219cf7e7321d3f?s=96&d=mm&r=g","url":"https:\/\/secure.gravatar.com\/avatar\/6c3dc6902fd066c5a5d68c8f0038dcc56ec283faa7337f8e6b219cf7e7321d3f?s=96&d=mm&r=g","contentUrl":"https:\/\/secure.gravatar.com\/avatar\/6c3dc6902fd066c5a5d68c8f0038dcc56ec283faa7337f8e6b219cf7e7321d3f?s=96&d=mm&r=g","caption":"admin_amip"},"url":"https:\/\/amip.az\/az\/author\/admin_amip\/"}]}},"_links":{"self":[{"href":"https:\/\/amip.az\/az\/wp-json\/wp\/v2\/posts\/11542","targetHints":{"allow":["GET"]}}],"collection":[{"href":"https:\/\/amip.az\/az\/wp-json\/wp\/v2\/posts"}],"about":[{"href":"https:\/\/amip.az\/az\/wp-json\/wp\/v2\/types\/post"}],"author":[{"embeddable":true,"href":"https:\/\/amip.az\/az\/wp-json\/wp\/v2\/users\/2"}],"replies":[{"embeddable":true,"href":"https:\/\/amip.az\/az\/wp-json\/wp\/v2\/comments?post=11542"}],"version-history":[{"count":1,"href":"https:\/\/amip.az\/az\/wp-json\/wp\/v2\/posts\/11542\/revisions"}],"predecessor-version":[{"id":11543,"href":"https:\/\/amip.az\/az\/wp-json\/wp\/v2\/posts\/11542\/revisions\/11543"}],"wp:featuredmedia":[{"embeddable":true,"href":"https:\/\/amip.az\/az\/wp-json\/wp\/v2\/media\/9833"}],"wp:attachment":[{"href":"https:\/\/amip.az\/az\/wp-json\/wp\/v2\/media?parent=11542"}],"wp:term":[{"taxonomy":"category","embeddable":true,"href":"https:\/\/amip.az\/az\/wp-json\/wp\/v2\/categories?post=11542"},{"taxonomy":"post_tag","embeddable":true,"href":"https:\/\/amip.az\/az\/wp-json\/wp\/v2\/tags?post=11542"}],"curies":[{"name":"wp","href":"https:\/\/api.w.org\/{rel}","templated":true}]}}