{"id":11546,"date":"2026-09-04T15:16:06","date_gmt":"2026-09-04T11:16:06","guid":{"rendered":"https:\/\/amip.az\/?p=11546"},"modified":"2026-09-04T15:16:11","modified_gmt":"2026-09-04T11:16:11","slug":"az%c9%99rbaycan-at%c9%99t-%c9%99laq%c9%99l%c9%99rind%c9%99-musb%c9%99t-dinamikanin-davam-etdirilm%c9%99si-mumkundur","status":"publish","type":"post","link":"https:\/\/amip.az\/az\/2026\/09\/04\/az%c9%99rbaycan-at%c9%99t-%c9%99laq%c9%99l%c9%99rind%c9%99-musb%c9%99t-dinamikanin-davam-etdirilm%c9%99si-mumkundur\/","title":{"rendered":"Az\u0259rbaycan-AT\u018fT \u0259laq\u0259l\u0259rind\u0259 m\u00fcsb\u0259t dinamikan\u0131n davam etdirilm\u0259si m\u00fcmk\u00fcnd\u00fcr"},"content":{"rendered":"\n<p class=\"wp-block-paragraph\"><strong>Az\u0259rbaycan v\u0259 Erm\u0259nistan aras\u0131nda s\u00fclh prosesind\u0259 \u0259ld\u0259 olunan ir\u0259lil\u0259yi\u015fl\u0259r fonunda AT\u018fT-in regiondak\u0131 m\u00f6vqeyi v\u0259 f\u0259aliyy\u0259ti yenid\u0259n g\u00fcnd\u0259m\u0259 g\u0259lib. Prezident \u0130lham \u018fliyev sentyabr\u0131n 3-d\u0259 AT\u018fT Parlament Assambleyas\u0131n\u0131n prezidenti Pere Xuan Pons Sampietronu q\u0259bul edib, xarici i\u015fl\u0259r naziri Ceyhun Bayramov is\u0259 onunla g\u00f6r\u00fc\u015fd\u0259 Az\u0259rbaycan\u0131n s\u00fclh g\u00fcnd\u0259liyi, mina t\u0259hl\u00fck\u0259si, itkin \u015f\u0259xsl\u0259r v\u0259 regional t\u0259hl\u00fck\u0259sizlik m\u0259s\u0259l\u0259l\u0259ri bar\u0259d\u0259 \u00f6lk\u0259nin m\u00f6vqeyini \u00e7atd\u0131r\u0131b. G\u00f6r\u00fc\u015fl\u0259rd\u0259 Az\u0259rbaycan\u0131n AT\u018fT-l\u0259 siyasi dialoqunun, el\u0259c\u0259 d\u0259 postm\u00fcnaqi\u015f\u0259 d\u00f6vr\u00fcnd\u0259 s\u00fclh v\u0259 \u0259m\u0259kda\u015fl\u0131\u011f\u0131n t\u0259\u015fviqind\u0259 parlamentl\u0259raras\u0131 \u0259laq\u0259l\u0259rin \u0259h\u0259miyy\u0259ti vur\u011fulan\u0131b.<\/strong><\/p>\n\n\n\n<p class=\"wp-block-paragraph\"><strong>Milli M\u0259clisin deputat\u0131 Arzuxan \u018flizad\u0259<\/strong> Crossmedia.az-a a\u00e7\u0131qlamas\u0131nda bildirib ki, Az\u0259rbaycan\u0131n AT\u018fT-l\u0259 m\u00fcnasib\u0259tl\u0259ri 30 ild\u0259n art\u0131qd\u0131r davam edir v\u0259 t\u0259\u015fkilat\u0131n bundan sonrak\u0131 f\u0259aliyy\u0259ti regionda formala\u015fm\u0131\u015f yeni reall\u0131qlara uy\u011fun qurulmal\u0131d\u0131r:<\/p>\n\n\n\n<p class=\"wp-block-paragraph\"><strong>\u201cAz\u0259rbaycan\u0131n AT\u018fT-l\u0259 m\u00fcnasib\u0259tl\u0259ri art\u0131q 30 ild\u0259n \u00e7oxdur davam edir. AT\u018fT-in Az\u0259rbaycan-Erm\u0259nistan m\u00fcnaqi\u015f\u0259sinin h\u0259lli istiqam\u0259tind\u0259 formala\u015fd\u0131rd\u0131\u011f\u0131 Minsk qrupu da uzun ill\u0259r bu prosesd\u0259 i\u015ftirak edib. T\u0259\u0259ss\u00fcf ki, Az\u0259rbaycan\u0131n m\u00f6vqeyin\u0259 g\u00f6r\u0259, h\u0259min qurumun f\u0259aliyy\u0259ti g\u00f6zl\u0259nil\u0259n n\u0259tic\u0259l\u0259ri verm\u0259di v\u0259 m\u00fc\u0259yy\u0259n m\u0259rh\u0259l\u0259l\u0259rd\u0259 i\u015f\u011fal olunmu\u015f Az\u0259rbaycan \u0259razil\u0259rinin m\u00f6vcud status-kvosunun qorunmas\u0131na \u015f\u0259rait yaradan yana\u015fmalar m\u00fc\u015fahid\u0259 olundu. Bu is\u0259 Az\u0259rbaycan t\u0259r\u0259find\u0259n q\u0259bul edil\u0259n m\u00f6vqe olmad\u0131. Az\u0259rbaycan Prezidenti \u0130lham \u018fliyev 2020-ci ild\u0259 ba\u015f vermi\u015f \u0130kinci Qaraba\u011f m\u00fcharib\u0259sind\u0259n sonra AT\u018fT n\u00fcmay\u0259nd\u0259l\u0259rinin \u00f6lk\u0259miz\u0259 s\u0259f\u0259ri zaman\u0131 bu m\u0259s\u0259l\u0259y\u0259 m\u00fcnasib\u0259td\u0259 kifay\u0259t q\u0259d\u0259r ayd\u0131n m\u00f6vqe ortaya qoydu. Bildirildi ki, \u0259g\u0259r t\u0259\u015fkilat Az\u0259rbaycanla m\u00fcnasib\u0259tl\u0259rin inki\u015faf\u0131na v\u0259 regiondak\u0131 yeni reall\u0131qlara uy\u011fun f\u0259aliyy\u0259t\u0259 dair h\u0259r hans\u0131 t\u0259klifl\u0259r ir\u0259li s\u00fcr\u00fcrs\u0259, h\u0259min t\u0259klifl\u0259rin t\u0259qdim olunmas\u0131 m\u00fcmk\u00fcnd\u00fcr\u201d.<\/strong><\/p>\n\n\n\n<p class=\"wp-block-paragraph\">Deputat\u0131n s\u00f6zl\u0259rin\u0259 g\u00f6r\u0259, haz\u0131rk\u0131 m\u0259rh\u0259l\u0259d\u0259 AT\u018fT-in regionda yaranm\u0131\u015f yeni reall\u0131qlar\u0131 n\u0259z\u0259r\u0259 almas\u0131 v\u0259 s\u00fclh g\u00fcnd\u0259liyin\u0259 t\u00f6hf\u0259 ver\u0259 bil\u0259c\u0259k t\u0259\u015f\u0259bb\u00fcsl\u0259rl\u0259 \u00e7\u0131x\u0131\u015f etm\u0259si vacibdir:<\/p>\n\n\n\n<p class=\"wp-block-paragraph\">\u201cHaz\u0131rk\u0131 m\u0259rh\u0259l\u0259d\u0259 AT\u018fT-in \u00f6z mandat\u0131 \u00e7\u0259r\u00e7iv\u0259sind\u0259 regionda formala\u015fm\u0131\u015f yeni reall\u0131qlar\u0131 n\u0259z\u0259r\u0259 almas\u0131 v\u0259 s\u00fclh g\u00fcnd\u0259liyin\u0259 d\u0259st\u0259k ver\u0259 bil\u0259c\u0259k t\u0259\u015f\u0259bb\u00fcsl\u0259rl\u0259 \u00e7\u0131x\u0131\u015f etm\u0259si m\u00fch\u00fcm \u0259h\u0259miyy\u0259t da\u015f\u0131y\u0131r. X\u00fcsusil\u0259 Az\u0259rbaycan-Erm\u0259nistan m\u00fcnasib\u0259tl\u0259rinin normalla\u015fd\u0131r\u0131lmas\u0131, region d\u00f6vl\u0259tl\u0259ri aras\u0131nda \u0259m\u0259kda\u015fl\u0131\u011f\u0131n inki\u015faf etdirilm\u0259si, dayan\u0131ql\u0131 s\u00fclh\u00fcn t\u0259min olunmas\u0131 v\u0259 kommunikasiya \u0259laq\u0259l\u0259rinin b\u0259rpas\u0131 istiqam\u0259tind\u0259 h\u0259yata ke\u00e7iril\u0259n layih\u0259l\u0259r bu bax\u0131mdan \u0259h\u0259miyy\u0259tli ola bil\u0259r. Az\u0259rbaycan\u0131n t\u0259qdim etdiyi v\u0259 regionda n\u0259qliyyat-kommunikasiya \u0259laq\u0259l\u0259rinin inki\u015faf\u0131na y\u00f6n\u0259lmi\u015f layih\u0259l\u0259rin h\u0259yata ke\u00e7irilm\u0259si g\u0259l\u0259c\u0259kd\u0259 h\u0259m Az\u0259rbaycanla, h\u0259m d\u0259 dig\u0259r region d\u00f6vl\u0259tl\u0259ri il\u0259 \u0259m\u0259kda\u015fl\u0131\u011f\u0131n geni\u015fl\u0259ndirilm\u0259si bax\u0131m\u0131ndan yeni imkanlar yarada bil\u0259r. Bu prosesd\u0259 AT\u018fT-in d\u0259 \u00f6z imkanlar\u0131 v\u0259 mandat\u0131 \u00e7\u0259r\u00e7iv\u0259sind\u0259 konstruktiv rol oynamas\u0131 \u0259m\u0259kda\u015fl\u0131\u011f\u0131n inki\u015faf\u0131na t\u00f6hf\u0259 ver\u0259 bil\u0259r\u201d.<\/p>\n\n\n\n<p class=\"wp-block-paragraph\">A.\u018flizad\u0259 qeyd edib ki, 2020-ci ild\u0259n sonra regionda yeni reall\u0131qlar\u0131n formala\u015fmas\u0131 Az\u0259rbaycan\u0131n regional prosesl\u0259rd\u0259 rolunu da \u0259h\u0259miyy\u0259tli d\u0259r\u0259c\u0259d\u0259 art\u0131r\u0131b. Onun fikrinc\u0259, bu \u015f\u0259raitd\u0259 AT\u018fT il\u0259 m\u00fcnasib\u0259tl\u0259rin d\u0259 yeni yana\u015fmalar \u0259sas\u0131nda inki\u015faf etdirilm\u0259si m\u00fcmk\u00fcnd\u00fcr:<\/p>\n\n\n\n<p class=\"wp-block-paragraph\">\u201cB\u00fct\u00f6vl\u00fckd\u0259 is\u0259 regionda 2020-ci ild\u0259n sonra yeni reall\u0131qlar formala\u015f\u0131b v\u0259 Az\u0259rbaycan\u0131n regional prosesl\u0259rd\u0259ki rolu \u0259h\u0259miyy\u0259tli d\u0259r\u0259c\u0259d\u0259 art\u0131b. Az\u0259rbaycan qon\u015fu v\u0259 dig\u0259r region d\u00f6vl\u0259tl\u0259ri il\u0259 ikit\u0259r\u0259fli v\u0259 \u00e7oxt\u0259r\u0259fli m\u00fcnasib\u0259tl\u0259r qurur, eyni zamanda m\u00fcxt\u0259lif beyn\u0259lxalq platformalarda f\u0259al \u0259m\u0259kda\u015fl\u0131q h\u0259yata ke\u00e7irir. \u00c7oxvektorlu xarici siyas\u0259t v\u0259 bu siyas\u0259tin n\u0259tic\u0259sind\u0259 formala\u015fan geni\u015f \u0259m\u0259kda\u015fl\u0131q \u0259laq\u0259l\u0259ri Az\u0259rbaycan\u0131n regional prosesl\u0259rd\u0259ki m\u00f6vqeyini g\u00fccl\u0259ndir\u0259n amill\u0259rd\u0259ndir. Bu bax\u0131mdan, AT\u018fT r\u0259hb\u0259rliyinin v\u0259 qurumlar\u0131n\u0131n da Az\u0259rbaycanla m\u00fcnasib\u0259tl\u0259rin davam etdirilm\u0259sind\u0259 maraql\u0131 olmas\u0131 t\u0259biidir. Hesab edir\u0259m ki, t\u0259\u015fkilat\u0131n f\u0259aliyy\u0259ti regionda dayan\u0131ql\u0131 s\u00fclh\u00fcn v\u0259 \u0259m\u0259kda\u015fl\u0131\u011f\u0131n m\u00f6hk\u0259ml\u0259ndirilm\u0259sin\u0259, m\u00f6vcud reall\u0131qlar\u0131n n\u0259z\u0259r\u0259 al\u0131nmas\u0131na v\u0259 qar\u015f\u0131l\u0131ql\u0131 m\u00fcnasib\u0259tl\u0259rin inki\u015faf\u0131na xidm\u0259t ed\u0259rs\u0259, Az\u0259rbaycan-AT\u018fT \u0259laq\u0259l\u0259rind\u0259 d\u0259 m\u00fcsb\u0259t dinamikan\u0131n davam etdirilm\u0259si m\u00fcmk\u00fcnd\u00fcr\u201d.<\/p>\n","protected":false},"excerpt":{"rendered":"<p>Az\u0259rbaycan v\u0259 Erm\u0259nistan aras\u0131nda s\u00fclh prosesind\u0259 \u0259ld\u0259 olunan ir\u0259lil\u0259yi\u015fl\u0259r fonunda AT\u018fT-in regiondak\u0131 m\u00f6vqeyi v\u0259 f\u0259aliyy\u0259ti yenid\u0259n g\u00fcnd\u0259m\u0259 g\u0259lib. Prezident \u0130lham \u018fliyev sentyabr\u0131n 3-d\u0259 AT\u018fT Parlament Assambleyas\u0131n\u0131n prezidenti Pere Xuan Pons Sampietronu q\u0259bul edib, xarici i\u015fl\u0259r naziri Ceyhun Bayramov is\u0259 onunla g\u00f6r\u00fc\u015fd\u0259 Az\u0259rbaycan\u0131n s\u00fclh g\u00fcnd\u0259liyi, mina t\u0259hl\u00fck\u0259si, itkin \u015f\u0259xsl\u0259r v\u0259 regional t\u0259hl\u00fck\u0259sizlik m\u0259s\u0259l\u0259l\u0259ri bar\u0259d\u0259 \u00f6lk\u0259nin m\u00f6vqeyini \u00e7atd\u0131r\u0131b. G\u00f6r\u00fc\u015fl\u0259rd\u0259 Az\u0259rbaycan\u0131n AT\u018fT-l\u0259 siyasi dialoqunun, el\u0259c\u0259 d\u0259 postm\u00fcnaqi\u015f\u0259 d\u00f6vr\u00fcnd\u0259 s\u00fclh v\u0259 \u0259m\u0259kda\u015fl\u0131\u011f\u0131n t\u0259\u015fviqind\u0259 parlamentl\u0259raras\u0131 \u0259laq\u0259l\u0259rin \u0259h\u0259miyy\u0259ti vur\u011fulan\u0131b. Milli M\u0259clisin deputat\u0131 Arzuxan \u018flizad\u0259 Crossmedia.az-a a\u00e7\u0131qlamas\u0131nda bildirib ki, Az\u0259rbaycan\u0131n AT\u018fT-l\u0259 [&hellip;]<\/p>\n","protected":false},"author":2,"featured_media":9864,"comment_status":"closed","ping_status":"closed","sticky":false,"template":"","format":"standard","meta":{"give_campaign_id":0,"footnotes":""},"categories":[10],"tags":[],"class_list":["post-11546","post","type-post","status-publish","format-standard","has-post-thumbnail","hentry","category-kiv"],"yoast_head":"<!-- This site is optimized with the Yoast SEO plugin v27.8 - https:\/\/yoast.com\/product\/yoast-seo-wordpress\/ -->\n<title>Az\u0259rbaycan-AT\u018fT \u0259laq\u0259l\u0259rind\u0259 m\u00fcsb\u0259t dinamikan\u0131n davam etdirilm\u0259si m\u00fcmk\u00fcnd\u00fcr - Az\u0259rbaycan Milli \u0130stiqlal Partiyas\u0131<\/title>\n<meta name=\"robots\" content=\"index, follow, max-snippet:-1, max-image-preview:large, max-video-preview:-1\" \/>\n<link rel=\"canonical\" href=\"https:\/\/amip.az\/az\/2026\/09\/04\/az\u0259rbaycan-at\u0259t-\u0259laq\u0259l\u0259rind\u0259-musb\u0259t-dinamikanin-davam-etdirilm\u0259si-mumkundur\/\" \/>\n<meta property=\"og:locale\" content=\"az_AZ\" \/>\n<meta property=\"og:type\" content=\"article\" \/>\n<meta property=\"og:title\" content=\"Az\u0259rbaycan-AT\u018fT \u0259laq\u0259l\u0259rind\u0259 m\u00fcsb\u0259t dinamikan\u0131n davam etdirilm\u0259si m\u00fcmk\u00fcnd\u00fcr - Az\u0259rbaycan Milli \u0130stiqlal Partiyas\u0131\" \/>\n<meta property=\"og:description\" content=\"Az\u0259rbaycan v\u0259 Erm\u0259nistan aras\u0131nda s\u00fclh prosesind\u0259 \u0259ld\u0259 olunan ir\u0259lil\u0259yi\u015fl\u0259r fonunda AT\u018fT-in regiondak\u0131 m\u00f6vqeyi v\u0259 f\u0259aliyy\u0259ti yenid\u0259n g\u00fcnd\u0259m\u0259 g\u0259lib. Prezident \u0130lham \u018fliyev sentyabr\u0131n 3-d\u0259 AT\u018fT Parlament Assambleyas\u0131n\u0131n prezidenti Pere Xuan Pons Sampietronu q\u0259bul edib, xarici i\u015fl\u0259r naziri Ceyhun Bayramov is\u0259 onunla g\u00f6r\u00fc\u015fd\u0259 Az\u0259rbaycan\u0131n s\u00fclh g\u00fcnd\u0259liyi, mina t\u0259hl\u00fck\u0259si, itkin \u015f\u0259xsl\u0259r v\u0259 regional t\u0259hl\u00fck\u0259sizlik m\u0259s\u0259l\u0259l\u0259ri bar\u0259d\u0259 \u00f6lk\u0259nin m\u00f6vqeyini \u00e7atd\u0131r\u0131b. G\u00f6r\u00fc\u015fl\u0259rd\u0259 Az\u0259rbaycan\u0131n AT\u018fT-l\u0259 siyasi dialoqunun, el\u0259c\u0259 d\u0259 postm\u00fcnaqi\u015f\u0259 d\u00f6vr\u00fcnd\u0259 s\u00fclh v\u0259 \u0259m\u0259kda\u015fl\u0131\u011f\u0131n t\u0259\u015fviqind\u0259 parlamentl\u0259raras\u0131 \u0259laq\u0259l\u0259rin \u0259h\u0259miyy\u0259ti vur\u011fulan\u0131b. Milli M\u0259clisin deputat\u0131 Arzuxan \u018flizad\u0259 Crossmedia.az-a a\u00e7\u0131qlamas\u0131nda bildirib ki, Az\u0259rbaycan\u0131n AT\u018fT-l\u0259 [&hellip;]\" \/>\n<meta property=\"og:url\" content=\"https:\/\/amip.az\/az\/2026\/09\/04\/az\u0259rbaycan-at\u0259t-\u0259laq\u0259l\u0259rind\u0259-musb\u0259t-dinamikanin-davam-etdirilm\u0259si-mumkundur\/\" \/>\n<meta property=\"og:site_name\" content=\"Az\u0259rbaycan Milli \u0130stiqlal Partiyas\u0131\" \/>\n<meta property=\"article:publisher\" content=\"https:\/\/www.facebook.com\/istiqlal91\" \/>\n<meta property=\"article:published_time\" content=\"2026-09-04T11:16:06+00:00\" \/>\n<meta property=\"article:modified_time\" content=\"2026-09-04T11:16:11+00:00\" \/>\n<meta property=\"og:image\" content=\"https:\/\/amip.az\/wp-content\/uploads\/2026\/01\/arzuxan.jpg\" \/>\n\t<meta property=\"og:image:width\" content=\"600\" \/>\n\t<meta property=\"og:image:height\" content=\"750\" \/>\n\t<meta property=\"og:image:type\" content=\"image\/jpeg\" \/>\n<meta name=\"author\" content=\"admin_amip\" \/>\n<meta name=\"twitter:card\" content=\"summary_large_image\" \/>\n<meta name=\"twitter:creator\" content=\"@APartiyas\" \/>\n<meta name=\"twitter:site\" content=\"@APartiyas\" \/>\n<meta name=\"twitter:label1\" content=\"Written by\" \/>\n\t<meta name=\"twitter:data1\" content=\"admin_amip\" \/>\n\t<meta name=\"twitter:label2\" content=\"Est. reading time\" \/>\n\t<meta name=\"twitter:data2\" content=\"3 minutes\" \/>\n<script type=\"application\/ld+json\" class=\"yoast-schema-graph\">{\"@context\":\"https:\\\/\\\/schema.org\",\"@graph\":[{\"@type\":\"Article\",\"@id\":\"https:\\\/\\\/amip.az\\\/2026\\\/09\\\/04\\\/az%c9%99rbaycan-at%c9%99t-%c9%99laq%c9%99l%c9%99rind%c9%99-musb%c9%99t-dinamikanin-davam-etdirilm%c9%99si-mumkundur\\\/#article\",\"isPartOf\":{\"@id\":\"https:\\\/\\\/amip.az\\\/2026\\\/09\\\/04\\\/az%c9%99rbaycan-at%c9%99t-%c9%99laq%c9%99l%c9%99rind%c9%99-musb%c9%99t-dinamikanin-davam-etdirilm%c9%99si-mumkundur\\\/\"},\"author\":{\"name\":\"admin_amip\",\"@id\":\"https:\\\/\\\/amip.az\\\/az\\\/#\\\/schema\\\/person\\\/a7055ff0b4631c41849ee16f8ff51da7\"},\"headline\":\"Az\u0259rbaycan-AT\u018fT \u0259laq\u0259l\u0259rind\u0259 m\u00fcsb\u0259t dinamikan\u0131n davam etdirilm\u0259si m\u00fcmk\u00fcnd\u00fcr\",\"datePublished\":\"2026-09-04T11:16:06+00:00\",\"dateModified\":\"2026-09-04T11:16:11+00:00\",\"mainEntityOfPage\":{\"@id\":\"https:\\\/\\\/amip.az\\\/2026\\\/09\\\/04\\\/az%c9%99rbaycan-at%c9%99t-%c9%99laq%c9%99l%c9%99rind%c9%99-musb%c9%99t-dinamikanin-davam-etdirilm%c9%99si-mumkundur\\\/\"},\"wordCount\":933,\"publisher\":{\"@id\":\"https:\\\/\\\/amip.az\\\/az\\\/#organization\"},\"image\":{\"@id\":\"https:\\\/\\\/amip.az\\\/2026\\\/09\\\/04\\\/az%c9%99rbaycan-at%c9%99t-%c9%99laq%c9%99l%c9%99rind%c9%99-musb%c9%99t-dinamikanin-davam-etdirilm%c9%99si-mumkundur\\\/#primaryimage\"},\"thumbnailUrl\":\"https:\\\/\\\/amip.az\\\/wp-content\\\/uploads\\\/2026\\\/01\\\/arzuxan.jpg\",\"articleSection\":[\"K\u0130V\"],\"inLanguage\":\"az\"},{\"@type\":\"WebPage\",\"@id\":\"https:\\\/\\\/amip.az\\\/2026\\\/09\\\/04\\\/az%c9%99rbaycan-at%c9%99t-%c9%99laq%c9%99l%c9%99rind%c9%99-musb%c9%99t-dinamikanin-davam-etdirilm%c9%99si-mumkundur\\\/\",\"url\":\"https:\\\/\\\/amip.az\\\/2026\\\/09\\\/04\\\/az%c9%99rbaycan-at%c9%99t-%c9%99laq%c9%99l%c9%99rind%c9%99-musb%c9%99t-dinamikanin-davam-etdirilm%c9%99si-mumkundur\\\/\",\"name\":\"Az\u0259rbaycan-AT\u018fT \u0259laq\u0259l\u0259rind\u0259 m\u00fcsb\u0259t dinamikan\u0131n davam etdirilm\u0259si m\u00fcmk\u00fcnd\u00fcr - Az\u0259rbaycan Milli \u0130stiqlal Partiyas\u0131\",\"isPartOf\":{\"@id\":\"https:\\\/\\\/amip.az\\\/az\\\/#website\"},\"primaryImageOfPage\":{\"@id\":\"https:\\\/\\\/amip.az\\\/2026\\\/09\\\/04\\\/az%c9%99rbaycan-at%c9%99t-%c9%99laq%c9%99l%c9%99rind%c9%99-musb%c9%99t-dinamikanin-davam-etdirilm%c9%99si-mumkundur\\\/#primaryimage\"},\"image\":{\"@id\":\"https:\\\/\\\/amip.az\\\/2026\\\/09\\\/04\\\/az%c9%99rbaycan-at%c9%99t-%c9%99laq%c9%99l%c9%99rind%c9%99-musb%c9%99t-dinamikanin-davam-etdirilm%c9%99si-mumkundur\\\/#primaryimage\"},\"thumbnailUrl\":\"https:\\\/\\\/amip.az\\\/wp-content\\\/uploads\\\/2026\\\/01\\\/arzuxan.jpg\",\"datePublished\":\"2026-09-04T11:16:06+00:00\",\"dateModified\":\"2026-09-04T11:16:11+00:00\",\"breadcrumb\":{\"@id\":\"https:\\\/\\\/amip.az\\\/2026\\\/09\\\/04\\\/az%c9%99rbaycan-at%c9%99t-%c9%99laq%c9%99l%c9%99rind%c9%99-musb%c9%99t-dinamikanin-davam-etdirilm%c9%99si-mumkundur\\\/#breadcrumb\"},\"inLanguage\":\"az\",\"potentialAction\":[{\"@type\":\"ReadAction\",\"target\":[\"https:\\\/\\\/amip.az\\\/2026\\\/09\\\/04\\\/az%c9%99rbaycan-at%c9%99t-%c9%99laq%c9%99l%c9%99rind%c9%99-musb%c9%99t-dinamikanin-davam-etdirilm%c9%99si-mumkundur\\\/\"]}]},{\"@type\":\"ImageObject\",\"inLanguage\":\"az\",\"@id\":\"https:\\\/\\\/amip.az\\\/2026\\\/09\\\/04\\\/az%c9%99rbaycan-at%c9%99t-%c9%99laq%c9%99l%c9%99rind%c9%99-musb%c9%99t-dinamikanin-davam-etdirilm%c9%99si-mumkundur\\\/#primaryimage\",\"url\":\"https:\\\/\\\/amip.az\\\/wp-content\\\/uploads\\\/2026\\\/01\\\/arzuxan.jpg\",\"contentUrl\":\"https:\\\/\\\/amip.az\\\/wp-content\\\/uploads\\\/2026\\\/01\\\/arzuxan.jpg\",\"width\":600,\"height\":750},{\"@type\":\"BreadcrumbList\",\"@id\":\"https:\\\/\\\/amip.az\\\/2026\\\/09\\\/04\\\/az%c9%99rbaycan-at%c9%99t-%c9%99laq%c9%99l%c9%99rind%c9%99-musb%c9%99t-dinamikanin-davam-etdirilm%c9%99si-mumkundur\\\/#breadcrumb\",\"itemListElement\":[{\"@type\":\"ListItem\",\"position\":1,\"name\":\"Home\",\"item\":\"https:\\\/\\\/amip.az\\\/\"},{\"@type\":\"ListItem\",\"position\":2,\"name\":\"Az\u0259rbaycan-AT\u018fT \u0259laq\u0259l\u0259rind\u0259 m\u00fcsb\u0259t dinamikan\u0131n davam etdirilm\u0259si m\u00fcmk\u00fcnd\u00fcr\"}]},{\"@type\":\"WebSite\",\"@id\":\"https:\\\/\\\/amip.az\\\/az\\\/#website\",\"url\":\"https:\\\/\\\/amip.az\\\/az\\\/\",\"name\":\"Az\u0259rbaycan Milli \u0130stiqlal Partiyas\u0131\",\"description\":\"AM\u0130P\",\"publisher\":{\"@id\":\"https:\\\/\\\/amip.az\\\/az\\\/#organization\"},\"potentialAction\":[{\"@type\":\"SearchAction\",\"target\":{\"@type\":\"EntryPoint\",\"urlTemplate\":\"https:\\\/\\\/amip.az\\\/az\\\/?s={search_term_string}\"},\"query-input\":{\"@type\":\"PropertyValueSpecification\",\"valueRequired\":true,\"valueName\":\"search_term_string\"}}],\"inLanguage\":\"az\"},{\"@type\":\"Organization\",\"@id\":\"https:\\\/\\\/amip.az\\\/az\\\/#organization\",\"name\":\"Az\u0259rbaycan Milli \u0130stiqlal Partiyas\u0131\",\"url\":\"https:\\\/\\\/amip.az\\\/az\\\/\",\"logo\":{\"@type\":\"ImageObject\",\"inLanguage\":\"az\",\"@id\":\"https:\\\/\\\/amip.az\\\/az\\\/#\\\/schema\\\/logo\\\/image\\\/\",\"url\":\"https:\\\/\\\/amip.az\\\/wp-content\\\/uploads\\\/2023\\\/06\\\/amiplogo.png\",\"contentUrl\":\"https:\\\/\\\/amip.az\\\/wp-content\\\/uploads\\\/2023\\\/06\\\/amiplogo.png\",\"width\":723,\"height\":423,\"caption\":\"Az\u0259rbaycan Milli \u0130stiqlal Partiyas\u0131\"},\"image\":{\"@id\":\"https:\\\/\\\/amip.az\\\/az\\\/#\\\/schema\\\/logo\\\/image\\\/\"},\"sameAs\":[\"https:\\\/\\\/www.facebook.com\\\/istiqlal91\",\"https:\\\/\\\/x.com\\\/APartiyas\",\"https:\\\/\\\/www.youtube.com\\\/channel\\\/UCF3pc8spko_xON2sr4vUC5A\"]},{\"@type\":\"Person\",\"@id\":\"https:\\\/\\\/amip.az\\\/az\\\/#\\\/schema\\\/person\\\/a7055ff0b4631c41849ee16f8ff51da7\",\"name\":\"admin_amip\",\"image\":{\"@type\":\"ImageObject\",\"inLanguage\":\"az\",\"@id\":\"https:\\\/\\\/secure.gravatar.com\\\/avatar\\\/6c3dc6902fd066c5a5d68c8f0038dcc56ec283faa7337f8e6b219cf7e7321d3f?s=96&d=mm&r=g\",\"url\":\"https:\\\/\\\/secure.gravatar.com\\\/avatar\\\/6c3dc6902fd066c5a5d68c8f0038dcc56ec283faa7337f8e6b219cf7e7321d3f?s=96&d=mm&r=g\",\"contentUrl\":\"https:\\\/\\\/secure.gravatar.com\\\/avatar\\\/6c3dc6902fd066c5a5d68c8f0038dcc56ec283faa7337f8e6b219cf7e7321d3f?s=96&d=mm&r=g\",\"caption\":\"admin_amip\"},\"url\":\"https:\\\/\\\/amip.az\\\/az\\\/author\\\/admin_amip\\\/\"}]}<\/script>\n<!-- \/ Yoast SEO plugin. -->","yoast_head_json":{"title":"Az\u0259rbaycan-AT\u018fT \u0259laq\u0259l\u0259rind\u0259 m\u00fcsb\u0259t dinamikan\u0131n davam etdirilm\u0259si m\u00fcmk\u00fcnd\u00fcr - Az\u0259rbaycan Milli \u0130stiqlal Partiyas\u0131","robots":{"index":"index","follow":"follow","max-snippet":"max-snippet:-1","max-image-preview":"max-image-preview:large","max-video-preview":"max-video-preview:-1"},"canonical":"https:\/\/amip.az\/az\/2026\/09\/04\/az\u0259rbaycan-at\u0259t-\u0259laq\u0259l\u0259rind\u0259-musb\u0259t-dinamikanin-davam-etdirilm\u0259si-mumkundur\/","og_locale":"az_AZ","og_type":"article","og_title":"Az\u0259rbaycan-AT\u018fT \u0259laq\u0259l\u0259rind\u0259 m\u00fcsb\u0259t dinamikan\u0131n davam etdirilm\u0259si m\u00fcmk\u00fcnd\u00fcr - Az\u0259rbaycan Milli \u0130stiqlal Partiyas\u0131","og_description":"Az\u0259rbaycan v\u0259 Erm\u0259nistan aras\u0131nda s\u00fclh prosesind\u0259 \u0259ld\u0259 olunan ir\u0259lil\u0259yi\u015fl\u0259r fonunda AT\u018fT-in regiondak\u0131 m\u00f6vqeyi v\u0259 f\u0259aliyy\u0259ti yenid\u0259n g\u00fcnd\u0259m\u0259 g\u0259lib. Prezident \u0130lham \u018fliyev sentyabr\u0131n 3-d\u0259 AT\u018fT Parlament Assambleyas\u0131n\u0131n prezidenti Pere Xuan Pons Sampietronu q\u0259bul edib, xarici i\u015fl\u0259r naziri Ceyhun Bayramov is\u0259 onunla g\u00f6r\u00fc\u015fd\u0259 Az\u0259rbaycan\u0131n s\u00fclh g\u00fcnd\u0259liyi, mina t\u0259hl\u00fck\u0259si, itkin \u015f\u0259xsl\u0259r v\u0259 regional t\u0259hl\u00fck\u0259sizlik m\u0259s\u0259l\u0259l\u0259ri bar\u0259d\u0259 \u00f6lk\u0259nin m\u00f6vqeyini \u00e7atd\u0131r\u0131b. G\u00f6r\u00fc\u015fl\u0259rd\u0259 Az\u0259rbaycan\u0131n AT\u018fT-l\u0259 siyasi dialoqunun, el\u0259c\u0259 d\u0259 postm\u00fcnaqi\u015f\u0259 d\u00f6vr\u00fcnd\u0259 s\u00fclh v\u0259 \u0259m\u0259kda\u015fl\u0131\u011f\u0131n t\u0259\u015fviqind\u0259 parlamentl\u0259raras\u0131 \u0259laq\u0259l\u0259rin \u0259h\u0259miyy\u0259ti vur\u011fulan\u0131b. Milli M\u0259clisin deputat\u0131 Arzuxan \u018flizad\u0259 Crossmedia.az-a a\u00e7\u0131qlamas\u0131nda bildirib ki, Az\u0259rbaycan\u0131n AT\u018fT-l\u0259 [&hellip;]","og_url":"https:\/\/amip.az\/az\/2026\/09\/04\/az\u0259rbaycan-at\u0259t-\u0259laq\u0259l\u0259rind\u0259-musb\u0259t-dinamikanin-davam-etdirilm\u0259si-mumkundur\/","og_site_name":"Az\u0259rbaycan Milli \u0130stiqlal Partiyas\u0131","article_publisher":"https:\/\/www.facebook.com\/istiqlal91","article_published_time":"2026-09-04T11:16:06+00:00","article_modified_time":"2026-09-04T11:16:11+00:00","og_image":[{"width":600,"height":750,"url":"https:\/\/amip.az\/wp-content\/uploads\/2026\/01\/arzuxan.jpg","type":"image\/jpeg"}],"author":"admin_amip","twitter_card":"summary_large_image","twitter_creator":"@APartiyas","twitter_site":"@APartiyas","twitter_misc":{"Written by":"admin_amip","Est. reading time":"3 minutes"},"schema":{"@context":"https:\/\/schema.org","@graph":[{"@type":"Article","@id":"https:\/\/amip.az\/2026\/09\/04\/az%c9%99rbaycan-at%c9%99t-%c9%99laq%c9%99l%c9%99rind%c9%99-musb%c9%99t-dinamikanin-davam-etdirilm%c9%99si-mumkundur\/#article","isPartOf":{"@id":"https:\/\/amip.az\/2026\/09\/04\/az%c9%99rbaycan-at%c9%99t-%c9%99laq%c9%99l%c9%99rind%c9%99-musb%c9%99t-dinamikanin-davam-etdirilm%c9%99si-mumkundur\/"},"author":{"name":"admin_amip","@id":"https:\/\/amip.az\/az\/#\/schema\/person\/a7055ff0b4631c41849ee16f8ff51da7"},"headline":"Az\u0259rbaycan-AT\u018fT \u0259laq\u0259l\u0259rind\u0259 m\u00fcsb\u0259t dinamikan\u0131n davam etdirilm\u0259si m\u00fcmk\u00fcnd\u00fcr","datePublished":"2026-09-04T11:16:06+00:00","dateModified":"2026-09-04T11:16:11+00:00","mainEntityOfPage":{"@id":"https:\/\/amip.az\/2026\/09\/04\/az%c9%99rbaycan-at%c9%99t-%c9%99laq%c9%99l%c9%99rind%c9%99-musb%c9%99t-dinamikanin-davam-etdirilm%c9%99si-mumkundur\/"},"wordCount":933,"publisher":{"@id":"https:\/\/amip.az\/az\/#organization"},"image":{"@id":"https:\/\/amip.az\/2026\/09\/04\/az%c9%99rbaycan-at%c9%99t-%c9%99laq%c9%99l%c9%99rind%c9%99-musb%c9%99t-dinamikanin-davam-etdirilm%c9%99si-mumkundur\/#primaryimage"},"thumbnailUrl":"https:\/\/amip.az\/wp-content\/uploads\/2026\/01\/arzuxan.jpg","articleSection":["K\u0130V"],"inLanguage":"az"},{"@type":"WebPage","@id":"https:\/\/amip.az\/2026\/09\/04\/az%c9%99rbaycan-at%c9%99t-%c9%99laq%c9%99l%c9%99rind%c9%99-musb%c9%99t-dinamikanin-davam-etdirilm%c9%99si-mumkundur\/","url":"https:\/\/amip.az\/2026\/09\/04\/az%c9%99rbaycan-at%c9%99t-%c9%99laq%c9%99l%c9%99rind%c9%99-musb%c9%99t-dinamikanin-davam-etdirilm%c9%99si-mumkundur\/","name":"Az\u0259rbaycan-AT\u018fT \u0259laq\u0259l\u0259rind\u0259 m\u00fcsb\u0259t dinamikan\u0131n davam etdirilm\u0259si m\u00fcmk\u00fcnd\u00fcr - Az\u0259rbaycan Milli \u0130stiqlal Partiyas\u0131","isPartOf":{"@id":"https:\/\/amip.az\/az\/#website"},"primaryImageOfPage":{"@id":"https:\/\/amip.az\/2026\/09\/04\/az%c9%99rbaycan-at%c9%99t-%c9%99laq%c9%99l%c9%99rind%c9%99-musb%c9%99t-dinamikanin-davam-etdirilm%c9%99si-mumkundur\/#primaryimage"},"image":{"@id":"https:\/\/amip.az\/2026\/09\/04\/az%c9%99rbaycan-at%c9%99t-%c9%99laq%c9%99l%c9%99rind%c9%99-musb%c9%99t-dinamikanin-davam-etdirilm%c9%99si-mumkundur\/#primaryimage"},"thumbnailUrl":"https:\/\/amip.az\/wp-content\/uploads\/2026\/01\/arzuxan.jpg","datePublished":"2026-09-04T11:16:06+00:00","dateModified":"2026-09-04T11:16:11+00:00","breadcrumb":{"@id":"https:\/\/amip.az\/2026\/09\/04\/az%c9%99rbaycan-at%c9%99t-%c9%99laq%c9%99l%c9%99rind%c9%99-musb%c9%99t-dinamikanin-davam-etdirilm%c9%99si-mumkundur\/#breadcrumb"},"inLanguage":"az","potentialAction":[{"@type":"ReadAction","target":["https:\/\/amip.az\/2026\/09\/04\/az%c9%99rbaycan-at%c9%99t-%c9%99laq%c9%99l%c9%99rind%c9%99-musb%c9%99t-dinamikanin-davam-etdirilm%c9%99si-mumkundur\/"]}]},{"@type":"ImageObject","inLanguage":"az","@id":"https:\/\/amip.az\/2026\/09\/04\/az%c9%99rbaycan-at%c9%99t-%c9%99laq%c9%99l%c9%99rind%c9%99-musb%c9%99t-dinamikanin-davam-etdirilm%c9%99si-mumkundur\/#primaryimage","url":"https:\/\/amip.az\/wp-content\/uploads\/2026\/01\/arzuxan.jpg","contentUrl":"https:\/\/amip.az\/wp-content\/uploads\/2026\/01\/arzuxan.jpg","width":600,"height":750},{"@type":"BreadcrumbList","@id":"https:\/\/amip.az\/2026\/09\/04\/az%c9%99rbaycan-at%c9%99t-%c9%99laq%c9%99l%c9%99rind%c9%99-musb%c9%99t-dinamikanin-davam-etdirilm%c9%99si-mumkundur\/#breadcrumb","itemListElement":[{"@type":"ListItem","position":1,"name":"Home","item":"https:\/\/amip.az\/"},{"@type":"ListItem","position":2,"name":"Az\u0259rbaycan-AT\u018fT \u0259laq\u0259l\u0259rind\u0259 m\u00fcsb\u0259t dinamikan\u0131n davam etdirilm\u0259si m\u00fcmk\u00fcnd\u00fcr"}]},{"@type":"WebSite","@id":"https:\/\/amip.az\/az\/#website","url":"https:\/\/amip.az\/az\/","name":"Az\u0259rbaycan Milli \u0130stiqlal Partiyas\u0131","description":"AM\u0130P","publisher":{"@id":"https:\/\/amip.az\/az\/#organization"},"potentialAction":[{"@type":"SearchAction","target":{"@type":"EntryPoint","urlTemplate":"https:\/\/amip.az\/az\/?s={search_term_string}"},"query-input":{"@type":"PropertyValueSpecification","valueRequired":true,"valueName":"search_term_string"}}],"inLanguage":"az"},{"@type":"Organization","@id":"https:\/\/amip.az\/az\/#organization","name":"Az\u0259rbaycan Milli \u0130stiqlal Partiyas\u0131","url":"https:\/\/amip.az\/az\/","logo":{"@type":"ImageObject","inLanguage":"az","@id":"https:\/\/amip.az\/az\/#\/schema\/logo\/image\/","url":"https:\/\/amip.az\/wp-content\/uploads\/2023\/06\/amiplogo.png","contentUrl":"https:\/\/amip.az\/wp-content\/uploads\/2023\/06\/amiplogo.png","width":723,"height":423,"caption":"Az\u0259rbaycan Milli \u0130stiqlal Partiyas\u0131"},"image":{"@id":"https:\/\/amip.az\/az\/#\/schema\/logo\/image\/"},"sameAs":["https:\/\/www.facebook.com\/istiqlal91","https:\/\/x.com\/APartiyas","https:\/\/www.youtube.com\/channel\/UCF3pc8spko_xON2sr4vUC5A"]},{"@type":"Person","@id":"https:\/\/amip.az\/az\/#\/schema\/person\/a7055ff0b4631c41849ee16f8ff51da7","name":"admin_amip","image":{"@type":"ImageObject","inLanguage":"az","@id":"https:\/\/secure.gravatar.com\/avatar\/6c3dc6902fd066c5a5d68c8f0038dcc56ec283faa7337f8e6b219cf7e7321d3f?s=96&d=mm&r=g","url":"https:\/\/secure.gravatar.com\/avatar\/6c3dc6902fd066c5a5d68c8f0038dcc56ec283faa7337f8e6b219cf7e7321d3f?s=96&d=mm&r=g","contentUrl":"https:\/\/secure.gravatar.com\/avatar\/6c3dc6902fd066c5a5d68c8f0038dcc56ec283faa7337f8e6b219cf7e7321d3f?s=96&d=mm&r=g","caption":"admin_amip"},"url":"https:\/\/amip.az\/az\/author\/admin_amip\/"}]}},"_links":{"self":[{"href":"https:\/\/amip.az\/az\/wp-json\/wp\/v2\/posts\/11546","targetHints":{"allow":["GET"]}}],"collection":[{"href":"https:\/\/amip.az\/az\/wp-json\/wp\/v2\/posts"}],"about":[{"href":"https:\/\/amip.az\/az\/wp-json\/wp\/v2\/types\/post"}],"author":[{"embeddable":true,"href":"https:\/\/amip.az\/az\/wp-json\/wp\/v2\/users\/2"}],"replies":[{"embeddable":true,"href":"https:\/\/amip.az\/az\/wp-json\/wp\/v2\/comments?post=11546"}],"version-history":[{"count":1,"href":"https:\/\/amip.az\/az\/wp-json\/wp\/v2\/posts\/11546\/revisions"}],"predecessor-version":[{"id":11547,"href":"https:\/\/amip.az\/az\/wp-json\/wp\/v2\/posts\/11546\/revisions\/11547"}],"wp:featuredmedia":[{"embeddable":true,"href":"https:\/\/amip.az\/az\/wp-json\/wp\/v2\/media\/9864"}],"wp:attachment":[{"href":"https:\/\/amip.az\/az\/wp-json\/wp\/v2\/media?parent=11546"}],"wp:term":[{"taxonomy":"category","embeddable":true,"href":"https:\/\/amip.az\/az\/wp-json\/wp\/v2\/categories?post=11546"},{"taxonomy":"post_tag","embeddable":true,"href":"https:\/\/amip.az\/az\/wp-json\/wp\/v2\/tags?post=11546"}],"curies":[{"name":"wp","href":"https:\/\/api.w.org\/{rel}","templated":true}]}}