{"id":11551,"date":"2026-09-04T21:31:59","date_gmt":"2026-09-04T17:31:59","guid":{"rendered":"https:\/\/amip.az\/?p=11551"},"modified":"2026-09-04T21:32:03","modified_gmt":"2026-09-04T17:32:03","slug":"afs%c9%99ddin-n%c9%99biyev-az%c9%99rbaycanin-30-illik-t%c9%99crub%c9%99si-beyn%c9%99lxalq-ictimaiyy%c9%99t-ucun-ciddi-mesajdir","status":"publish","type":"post","link":"https:\/\/amip.az\/az\/2026\/09\/04\/afs%c9%99ddin-n%c9%99biyev-az%c9%99rbaycanin-30-illik-t%c9%99crub%c9%99si-beyn%c9%99lxalq-ictimaiyy%c9%99t-ucun-ciddi-mesajdir\/","title":{"rendered":"Afs\u0259ddin N\u0259biyev: \u201cAz\u0259rbaycan\u0131n 30 illik t\u0259cr\u00fcb\u0259si beyn\u0259lxalq ictimaiyy\u0259t \u00fc\u00e7\u00fcn ciddi mesajd\u0131r\u201d"},"content":{"rendered":"\n<p class=\"wp-block-paragraph\"><strong>X\u0259b\u0259r verildiyi kimi, Prezident \u0130lham \u018fliyev AT\u018fT Parlament Assambleyas\u0131n\u0131n prezidenti Pere Joan Pons Sanpietronu q\u0259bul edib. G\u00f6r\u00fc\u015fd\u0259 Az\u0259rbaycan-Erm\u0259nistan s\u00fclh g\u00fcnd\u0259liyi m\u00fczakir\u0259 olunub.<\/strong><\/p>\n\n\n\n<p class=\"wp-block-paragraph\"><strong>Prezident \u018fliyev 30 il\u0259 yax\u0131n m\u00fcdd\u0259td\u0259 m\u00fcnaqi\u015f\u0259nin h\u0259llin\u0259 m\u0259sul olan AT\u018fT-in Minsk qrupu t\u0259r\u0259find\u0259n dan\u0131\u015f\u0131qlar prosesind\u0259 h\u0259r hans\u0131 bir n\u0259tic\u0259nin \u0259ld\u0259 edilm\u0259diyini v\u0259 BMT T\u0259hl\u00fck\u0259sizlik \u015euras\u0131n\u0131n Erm\u0259nistan qo\u015funlar\u0131n\u0131n Az\u0259rbaycan \u0259razisind\u0259n d\u0259rhal v\u0259 qeyd-\u015f\u0259rtsiz \u00e7\u0131xar\u0131lmas\u0131n\u0131 t\u0259l\u0259b ed\u0259n q\u0259tnam\u0259l\u0259rin yerin\u0259 yetirilm\u0259diyini t\u0259\u0259ss\u00fcfl\u0259 vur\u011fulay\u0131b. \u00d6lk\u0259 ba\u015f\u00e7\u0131s\u0131 deyib ki, Az\u0259rbaycan \u00f6z\u00fc m\u00fcnaqi\u015f\u0259y\u0259 h\u0259rbi-siyasi vasit\u0259l\u0259rl\u0259 son qoyub, \u0259razi b\u00fct\u00f6vl\u00fcy\u00fcn\u00fc v\u0259 suverenliyini t\u0259min edib.<\/strong><\/p>\n\n\n\n<p class=\"wp-block-paragraph\">S\u00f6z\u00fcged\u0259n m\u0259s\u0259l\u0259ni baki-xeber.com-a \u015f\u0259rh ed\u0259n <strong>AM\u0130P-in s\u0259dr m\u00fcavini Afs\u0259ddin N\u0259biyevin<\/strong> fikrinc\u0259, Prezident \u0130lham \u018fliyevin AT\u018fT bar\u0259d\u0259 s\u0259sl\u0259ndirdiyi iradlar reall\u0131\u011f\u0131 \u0259ks etdirir: \u201c<strong>Parlament Assambleyas\u0131n\u0131n prezidenti il\u0259 g\u00f6r\u00fc\u015f\u00fcnd\u0259 s\u0259sl\u0259ndirdiyi fikirl\u0259r Az\u0259rbaycan-Erm\u0259nistan m\u00fcnaqi\u015f\u0259sinin ke\u00e7mi\u015fin\u0259 v\u0259 bu g\u00fcn\u0259 g\u0259l\u0259n yoluna bir daha ayd\u0131n siyasi qiym\u0259t verir. Az\u0259rbaycan uzun ill\u0259r \u0259rzind\u0259 m\u00fcnaqi\u015f\u0259nin s\u00fclh yolu il\u0259 h\u0259llin\u0259, beyn\u0259lxalq h\u00fcququn v\u0259 beyn\u0259lxalq t\u0259\u015fkilatlar\u0131n q\u0259bul etdiyi q\u0259rarlar\u0131n icras\u0131na \u00fcmid b\u0259sl\u0259di. 30 il \u0259rzind\u0259 Az\u0259rbaycan AT\u018fT-in Minsk qrupunun vasit\u0259\u00e7iliyin\u0259, dan\u0131\u015f\u0131qlar prosesin\u0259 v\u0259 BMT T\u0259hl\u00fck\u0259sizlik \u015euras\u0131n\u0131n q\u0259bul etdiyi q\u0259tnam\u0259l\u0259rin yerin\u0259 yetiril\u0259c\u0259yin\u0259 inand\u0131. Lakin n\u0259tic\u0259 n\u0259 oldu? Az\u0259rbaycan torpaqlar\u0131 i\u015f\u011fal alt\u0131nda qald\u0131, y\u00fcz minl\u0259rl\u0259 insan \u00f6z do\u011fma yurdlar\u0131ndan did\u0259rgin d\u00fc\u015fd\u00fc. Beyn\u0259lxalq h\u00fcququn a\u00e7\u0131q t\u0259l\u0259bl\u0259ri is\u0259 uzun ill\u0259r ka\u011f\u0131z \u00fcz\u0259rind\u0259 qald\u0131. BMT T\u0259hl\u00fck\u0259sizlik \u015euras\u0131n\u0131n Erm\u0259nistan silahl\u0131 q\u00fcvv\u0259l\u0259rinin Az\u0259rbaycan \u0259razil\u0259rind\u0259n d\u0259rhal v\u0259 qeyd-\u015f\u0259rtsiz \u00e7\u0131xar\u0131lmas\u0131n\u0131 t\u0259l\u0259b ed\u0259n q\u0259tnam\u0259l\u0259ri icra olunmad\u0131. Minsk qrupu is\u0259 onillikl\u0259r \u0259rzind\u0259 m\u00fcnaqi\u015f\u0259nin h\u0259lli istiqam\u0259tind\u0259 real v\u0259 n\u0259tic\u0259li siyasi ir\u0259lil\u0259yi\u015f\u0259 nail ola bilm\u0259di. Bu tarix biz\u0259 m\u00fch\u00fcm bir h\u0259qiq\u0259ti g\u00f6st\u0259rdi. Az\u0259rbaycan\u0131n taleyini yaln\u0131z ba\u015fqalar\u0131n\u0131n q\u0259rarlar\u0131na buraxmaq olmazd\u0131\u201d.<\/strong><\/p>\n\n\n\n<p class=\"wp-block-paragraph\">A.N\u0259biyev onu da qeyd etdi ki, Az\u0259rbaycan ill\u0259rl\u0259 s\u00fclh dan\u0131\u015f\u0131qlar\u0131nda i\u015ftirak etdi, diplomatik imkanlardan istifad\u0259 etdi, beyn\u0259lxalq ictimaiyy\u0259tin diqq\u0259tini i\u015f\u011fal fakt\u0131na y\u00f6n\u0259ltdi v\u0259 beyn\u0259lxalq h\u00fcququn b\u0259rpa olunmas\u0131n\u0131 g\u00f6zl\u0259di: \u201c<strong>Lakin eyni zamanda Az\u0259rbaycan d\u00f6vl\u0259ti \u00f6z g\u00fcc\u00fcn\u00fc art\u0131rd\u0131, iqtisadi v\u0259 h\u0259rbi potensial\u0131n\u0131 m\u00f6hk\u0259ml\u0259ndirdi v\u0259 d\u00f6vl\u0259t siyas\u0259tini milli maraqlar \u00fcz\u0259rind\u0259 qurdu. N\u0259tic\u0259d\u0259 Az\u0259rbaycan m\u00fcnaqi\u015f\u0259y\u0259 h\u0259rbi-siyasi vasit\u0259l\u0259rl\u0259 \u00f6z\u00fc son qoydu, \u0259razi b\u00fct\u00f6vl\u00fcy\u00fcn\u00fc v\u0259 suverenliyini b\u0259rpa etdi. Prezident \u018fliyevin d\u0259 vur\u011fulad\u0131\u011f\u0131 kimi, bu n\u0259tic\u0259 ill\u0259rl\u0259 davam ed\u0259n n\u0259tic\u0259siz vasit\u0259\u00e7ilikd\u0259n deyil, Az\u0259rbaycan\u0131n \u00f6z siyasi irad\u0259sind\u0259n, g\u00fcc\u00fcnd\u0259n v\u0259 q\u0259tiyy\u0259tind\u0259n ir\u0259li g\u0259ldi. Burada m\u00fch\u00fcm bir m\u0259qam x\u00fcsusil\u0259 vur\u011fulanmal\u0131d\u0131r. Az\u0259rbaycan he\u00e7 vaxt s\u00fclhd\u0259n imtina ed\u0259n t\u0259r\u0259f olmay\u0131b. Az\u0259rbaycan s\u00fclh g\u00f6zl\u0259di, dan\u0131\u015f\u0131qlara g\u00fcv\u0259ndi v\u0259 diplomatik yollar\u0131 sonad\u0259k s\u0131nad\u0131. Lakin s\u00fclh\u00fcn t\u0259min olunmamas\u0131 v\u0259 i\u015f\u011fal\u0131n davam etm\u0259si \u015f\u0259raitind\u0259 \u00f6z d\u00f6vl\u0259t suverenliyini v\u0259 \u0259razi b\u00fct\u00f6vl\u00fcy\u00fcn\u00fc m\u00fcdafi\u0259 etm\u0259k h\u00fcququndan istifad\u0259 etdi. Bu bax\u0131mdan Az\u0259rbaycan\u0131n ke\u00e7diyi yol yaln\u0131z h\u0259rbi Z\u0259f\u0259r n\u00fcmun\u0259si olmaqla yana\u015f\u0131 h\u0259m d\u0259 d\u00f6vl\u0259t\u00e7ilik d\u0259rsidir. Bu tarix g\u00f6st\u0259rdi ki, beyn\u0259lxalq t\u0259\u015fkilatlar\u0131n f\u0259aliyy\u0259ti m\u00fch\u00fcm olsa da, d\u00f6vl\u0259t \u00f6z milli maraqlar\u0131n\u0131 qorumaq \u00fc\u00e7\u00fcn ilk n\u00f6vb\u0259d\u0259 \u00f6z siyasi irad\u0259sin\u0259, iqtisadi g\u00fcc\u00fcn\u0259, m\u00fcdafi\u0259 qabiliyy\u0259tin\u0259 v\u0259 xalq\u0131n birliyin\u0259 arxalanmal\u0131d\u0131r. Bu g\u00fcn ham\u0131l\u0131qla ke\u00e7mi\u015f m\u00fcnaqi\u015f\u0259nin n\u0259tic\u0259l\u0259ri haqq\u0131nda deyil, yeni reall\u0131q v\u0259 davaml\u0131 s\u00fclh haqq\u0131nda dan\u0131\u015f\u0131r\u0131q. AT\u018fT-in Minsk prosesinin ba\u011flanmas\u0131 da art\u0131q k\u00f6hn\u0259 m\u00fcnaqi\u015f\u0259 modelinin tarixd\u0259 qald\u0131\u011f\u0131n\u0131 t\u0259sdiql\u0259y\u0259n m\u00fch\u00fcm m\u0259rh\u0259l\u0259dir. Az\u0259rbaycan\u0131n 30 illik t\u0259cr\u00fcb\u0259si beyn\u0259lxalq ictimaiyy\u0259t \u00fc\u00e7\u00fcn d\u0259 ciddi mesajd\u0131r. Az\u0259rbaycan\u0131n bug\u00fcnk\u00fc m\u00f6vqeyi m\u0259hz bu tarixi t\u0259cr\u00fcb\u0259y\u0259 s\u00f6yk\u0259nir. Biz ke\u00e7mi\u015fi unutmaq \u00fc\u00e7\u00fcn deyil, ondan n\u0259tic\u0259 \u00e7\u0131xarmaq \u00fc\u00e7\u00fcn xat\u0131rlay\u0131r\u0131q. Az\u0259rbaycan xalq\u0131 30 il g\u00f6zl\u0259di, 30 il s\u00fclh v\u0259 \u0259dal\u0259t namin\u0259 m\u00fcbariz\u0259 apard\u0131 v\u0259 n\u0259hay\u0259t, \u00f6z d\u00f6vl\u0259t g\u00fcc\u00fcn\u0259 s\u00f6yk\u0259n\u0259r\u0259k tarixi \u0259dal\u0259ti b\u0259rpa etdi. Bu, h\u0259m d\u0259 beyn\u0259lxalq h\u00fcququn s\u00f6zl\u0259 deyil, real siyasi irad\u0259 v\u0259 m\u0259suliyy\u0259tl\u0259 m\u00fcdafi\u0259 edilm\u0259sinin vacibliyini g\u00f6st\u0259r\u0259n b\u00f6y\u00fck bir d\u0259rsdir\u201d.<\/strong><\/p>\n","protected":false},"excerpt":{"rendered":"<p>X\u0259b\u0259r verildiyi kimi, Prezident \u0130lham \u018fliyev AT\u018fT Parlament Assambleyas\u0131n\u0131n prezidenti Pere Joan Pons Sanpietronu q\u0259bul edib. G\u00f6r\u00fc\u015fd\u0259 Az\u0259rbaycan-Erm\u0259nistan s\u00fclh g\u00fcnd\u0259liyi m\u00fczakir\u0259 olunub. Prezident \u018fliyev 30 il\u0259 yax\u0131n m\u00fcdd\u0259td\u0259 m\u00fcnaqi\u015f\u0259nin h\u0259llin\u0259 m\u0259sul olan AT\u018fT-in Minsk qrupu t\u0259r\u0259find\u0259n dan\u0131\u015f\u0131qlar prosesind\u0259 h\u0259r hans\u0131 bir n\u0259tic\u0259nin \u0259ld\u0259 edilm\u0259diyini v\u0259 BMT T\u0259hl\u00fck\u0259sizlik \u015euras\u0131n\u0131n Erm\u0259nistan qo\u015funlar\u0131n\u0131n Az\u0259rbaycan \u0259razisind\u0259n d\u0259rhal v\u0259 qeyd-\u015f\u0259rtsiz \u00e7\u0131xar\u0131lmas\u0131n\u0131 t\u0259l\u0259b ed\u0259n q\u0259tnam\u0259l\u0259rin yerin\u0259 yetirilm\u0259diyini t\u0259\u0259ss\u00fcfl\u0259 vur\u011fulay\u0131b. \u00d6lk\u0259 ba\u015f\u00e7\u0131s\u0131 deyib ki, Az\u0259rbaycan \u00f6z\u00fc m\u00fcnaqi\u015f\u0259y\u0259 h\u0259rbi-siyasi vasit\u0259l\u0259rl\u0259 son qoyub, \u0259razi b\u00fct\u00f6vl\u00fcy\u00fcn\u00fc v\u0259 suverenliyini t\u0259min edib. S\u00f6z\u00fcged\u0259n m\u0259s\u0259l\u0259ni baki-xeber.com-a \u015f\u0259rh [&hellip;]<\/p>\n","protected":false},"author":2,"featured_media":8358,"comment_status":"closed","ping_status":"closed","sticky":false,"template":"","format":"standard","meta":{"give_campaign_id":0,"footnotes":""},"categories":[10],"tags":[],"class_list":["post-11551","post","type-post","status-publish","format-standard","has-post-thumbnail","hentry","category-kiv"],"yoast_head":"<!-- This site is optimized with the Yoast SEO plugin v27.8 - https:\/\/yoast.com\/product\/yoast-seo-wordpress\/ -->\n<title>Afs\u0259ddin N\u0259biyev: \u201cAz\u0259rbaycan\u0131n 30 illik t\u0259cr\u00fcb\u0259si beyn\u0259lxalq ictimaiyy\u0259t \u00fc\u00e7\u00fcn ciddi mesajd\u0131r\u201d - Az\u0259rbaycan Milli \u0130stiqlal Partiyas\u0131<\/title>\n<meta name=\"robots\" content=\"index, follow, max-snippet:-1, max-image-preview:large, max-video-preview:-1\" \/>\n<link rel=\"canonical\" href=\"https:\/\/amip.az\/az\/2026\/09\/04\/afs\u0259ddin-n\u0259biyev-az\u0259rbaycanin-30-illik-t\u0259crub\u0259si-beyn\u0259lxalq-ictimaiyy\u0259t-ucun-ciddi-mesajdir\/\" \/>\n<meta property=\"og:locale\" content=\"az_AZ\" \/>\n<meta property=\"og:type\" content=\"article\" \/>\n<meta property=\"og:title\" content=\"Afs\u0259ddin N\u0259biyev: \u201cAz\u0259rbaycan\u0131n 30 illik t\u0259cr\u00fcb\u0259si beyn\u0259lxalq ictimaiyy\u0259t \u00fc\u00e7\u00fcn ciddi mesajd\u0131r\u201d - Az\u0259rbaycan Milli \u0130stiqlal Partiyas\u0131\" \/>\n<meta property=\"og:description\" content=\"X\u0259b\u0259r verildiyi kimi, Prezident \u0130lham \u018fliyev AT\u018fT Parlament Assambleyas\u0131n\u0131n prezidenti Pere Joan Pons Sanpietronu q\u0259bul edib. G\u00f6r\u00fc\u015fd\u0259 Az\u0259rbaycan-Erm\u0259nistan s\u00fclh g\u00fcnd\u0259liyi m\u00fczakir\u0259 olunub. Prezident \u018fliyev 30 il\u0259 yax\u0131n m\u00fcdd\u0259td\u0259 m\u00fcnaqi\u015f\u0259nin h\u0259llin\u0259 m\u0259sul olan AT\u018fT-in Minsk qrupu t\u0259r\u0259find\u0259n dan\u0131\u015f\u0131qlar prosesind\u0259 h\u0259r hans\u0131 bir n\u0259tic\u0259nin \u0259ld\u0259 edilm\u0259diyini v\u0259 BMT T\u0259hl\u00fck\u0259sizlik \u015euras\u0131n\u0131n Erm\u0259nistan qo\u015funlar\u0131n\u0131n Az\u0259rbaycan \u0259razisind\u0259n d\u0259rhal v\u0259 qeyd-\u015f\u0259rtsiz \u00e7\u0131xar\u0131lmas\u0131n\u0131 t\u0259l\u0259b ed\u0259n q\u0259tnam\u0259l\u0259rin yerin\u0259 yetirilm\u0259diyini t\u0259\u0259ss\u00fcfl\u0259 vur\u011fulay\u0131b. \u00d6lk\u0259 ba\u015f\u00e7\u0131s\u0131 deyib ki, Az\u0259rbaycan \u00f6z\u00fc m\u00fcnaqi\u015f\u0259y\u0259 h\u0259rbi-siyasi vasit\u0259l\u0259rl\u0259 son qoyub, \u0259razi b\u00fct\u00f6vl\u00fcy\u00fcn\u00fc v\u0259 suverenliyini t\u0259min edib. S\u00f6z\u00fcged\u0259n m\u0259s\u0259l\u0259ni baki-xeber.com-a \u015f\u0259rh [&hellip;]\" \/>\n<meta property=\"og:url\" content=\"https:\/\/amip.az\/az\/2026\/09\/04\/afs\u0259ddin-n\u0259biyev-az\u0259rbaycanin-30-illik-t\u0259crub\u0259si-beyn\u0259lxalq-ictimaiyy\u0259t-ucun-ciddi-mesajdir\/\" \/>\n<meta property=\"og:site_name\" content=\"Az\u0259rbaycan Milli \u0130stiqlal Partiyas\u0131\" \/>\n<meta property=\"article:publisher\" content=\"https:\/\/www.facebook.com\/istiqlal91\" \/>\n<meta property=\"article:published_time\" content=\"2026-09-04T17:31:59+00:00\" \/>\n<meta property=\"article:modified_time\" content=\"2026-09-04T17:32:03+00:00\" \/>\n<meta property=\"og:image\" content=\"https:\/\/amip.az\/wp-content\/uploads\/2025\/05\/afseddin.jpeg\" \/>\n\t<meta property=\"og:image:width\" content=\"1280\" \/>\n\t<meta property=\"og:image:height\" content=\"720\" \/>\n\t<meta property=\"og:image:type\" content=\"image\/jpeg\" \/>\n<meta name=\"author\" content=\"admin_amip\" \/>\n<meta name=\"twitter:card\" content=\"summary_large_image\" \/>\n<meta name=\"twitter:creator\" content=\"@APartiyas\" \/>\n<meta name=\"twitter:site\" content=\"@APartiyas\" \/>\n<meta name=\"twitter:label1\" content=\"Written by\" \/>\n\t<meta name=\"twitter:data1\" content=\"admin_amip\" \/>\n\t<meta name=\"twitter:label2\" content=\"Est. reading time\" \/>\n\t<meta name=\"twitter:data2\" content=\"3 minutes\" \/>\n<script type=\"application\/ld+json\" class=\"yoast-schema-graph\">{\"@context\":\"https:\\\/\\\/schema.org\",\"@graph\":[{\"@type\":\"Article\",\"@id\":\"https:\\\/\\\/amip.az\\\/2026\\\/09\\\/04\\\/afs%c9%99ddin-n%c9%99biyev-az%c9%99rbaycanin-30-illik-t%c9%99crub%c9%99si-beyn%c9%99lxalq-ictimaiyy%c9%99t-ucun-ciddi-mesajdir\\\/#article\",\"isPartOf\":{\"@id\":\"https:\\\/\\\/amip.az\\\/2026\\\/09\\\/04\\\/afs%c9%99ddin-n%c9%99biyev-az%c9%99rbaycanin-30-illik-t%c9%99crub%c9%99si-beyn%c9%99lxalq-ictimaiyy%c9%99t-ucun-ciddi-mesajdir\\\/\"},\"author\":{\"name\":\"admin_amip\",\"@id\":\"https:\\\/\\\/amip.az\\\/az\\\/#\\\/schema\\\/person\\\/a7055ff0b4631c41849ee16f8ff51da7\"},\"headline\":\"Afs\u0259ddin N\u0259biyev: \u201cAz\u0259rbaycan\u0131n 30 illik t\u0259cr\u00fcb\u0259si beyn\u0259lxalq ictimaiyy\u0259t \u00fc\u00e7\u00fcn ciddi mesajd\u0131r\u201d\",\"datePublished\":\"2026-09-04T17:31:59+00:00\",\"dateModified\":\"2026-09-04T17:32:03+00:00\",\"mainEntityOfPage\":{\"@id\":\"https:\\\/\\\/amip.az\\\/2026\\\/09\\\/04\\\/afs%c9%99ddin-n%c9%99biyev-az%c9%99rbaycanin-30-illik-t%c9%99crub%c9%99si-beyn%c9%99lxalq-ictimaiyy%c9%99t-ucun-ciddi-mesajdir\\\/\"},\"wordCount\":951,\"publisher\":{\"@id\":\"https:\\\/\\\/amip.az\\\/az\\\/#organization\"},\"image\":{\"@id\":\"https:\\\/\\\/amip.az\\\/2026\\\/09\\\/04\\\/afs%c9%99ddin-n%c9%99biyev-az%c9%99rbaycanin-30-illik-t%c9%99crub%c9%99si-beyn%c9%99lxalq-ictimaiyy%c9%99t-ucun-ciddi-mesajdir\\\/#primaryimage\"},\"thumbnailUrl\":\"https:\\\/\\\/amip.az\\\/wp-content\\\/uploads\\\/2025\\\/05\\\/afseddin.jpeg\",\"articleSection\":[\"K\u0130V\"],\"inLanguage\":\"az\"},{\"@type\":\"WebPage\",\"@id\":\"https:\\\/\\\/amip.az\\\/2026\\\/09\\\/04\\\/afs%c9%99ddin-n%c9%99biyev-az%c9%99rbaycanin-30-illik-t%c9%99crub%c9%99si-beyn%c9%99lxalq-ictimaiyy%c9%99t-ucun-ciddi-mesajdir\\\/\",\"url\":\"https:\\\/\\\/amip.az\\\/2026\\\/09\\\/04\\\/afs%c9%99ddin-n%c9%99biyev-az%c9%99rbaycanin-30-illik-t%c9%99crub%c9%99si-beyn%c9%99lxalq-ictimaiyy%c9%99t-ucun-ciddi-mesajdir\\\/\",\"name\":\"Afs\u0259ddin N\u0259biyev: \u201cAz\u0259rbaycan\u0131n 30 illik t\u0259cr\u00fcb\u0259si beyn\u0259lxalq ictimaiyy\u0259t \u00fc\u00e7\u00fcn ciddi mesajd\u0131r\u201d - Az\u0259rbaycan Milli \u0130stiqlal Partiyas\u0131\",\"isPartOf\":{\"@id\":\"https:\\\/\\\/amip.az\\\/az\\\/#website\"},\"primaryImageOfPage\":{\"@id\":\"https:\\\/\\\/amip.az\\\/2026\\\/09\\\/04\\\/afs%c9%99ddin-n%c9%99biyev-az%c9%99rbaycanin-30-illik-t%c9%99crub%c9%99si-beyn%c9%99lxalq-ictimaiyy%c9%99t-ucun-ciddi-mesajdir\\\/#primaryimage\"},\"image\":{\"@id\":\"https:\\\/\\\/amip.az\\\/2026\\\/09\\\/04\\\/afs%c9%99ddin-n%c9%99biyev-az%c9%99rbaycanin-30-illik-t%c9%99crub%c9%99si-beyn%c9%99lxalq-ictimaiyy%c9%99t-ucun-ciddi-mesajdir\\\/#primaryimage\"},\"thumbnailUrl\":\"https:\\\/\\\/amip.az\\\/wp-content\\\/uploads\\\/2025\\\/05\\\/afseddin.jpeg\",\"datePublished\":\"2026-09-04T17:31:59+00:00\",\"dateModified\":\"2026-09-04T17:32:03+00:00\",\"breadcrumb\":{\"@id\":\"https:\\\/\\\/amip.az\\\/2026\\\/09\\\/04\\\/afs%c9%99ddin-n%c9%99biyev-az%c9%99rbaycanin-30-illik-t%c9%99crub%c9%99si-beyn%c9%99lxalq-ictimaiyy%c9%99t-ucun-ciddi-mesajdir\\\/#breadcrumb\"},\"inLanguage\":\"az\",\"potentialAction\":[{\"@type\":\"ReadAction\",\"target\":[\"https:\\\/\\\/amip.az\\\/2026\\\/09\\\/04\\\/afs%c9%99ddin-n%c9%99biyev-az%c9%99rbaycanin-30-illik-t%c9%99crub%c9%99si-beyn%c9%99lxalq-ictimaiyy%c9%99t-ucun-ciddi-mesajdir\\\/\"]}]},{\"@type\":\"ImageObject\",\"inLanguage\":\"az\",\"@id\":\"https:\\\/\\\/amip.az\\\/2026\\\/09\\\/04\\\/afs%c9%99ddin-n%c9%99biyev-az%c9%99rbaycanin-30-illik-t%c9%99crub%c9%99si-beyn%c9%99lxalq-ictimaiyy%c9%99t-ucun-ciddi-mesajdir\\\/#primaryimage\",\"url\":\"https:\\\/\\\/amip.az\\\/wp-content\\\/uploads\\\/2025\\\/05\\\/afseddin.jpeg\",\"contentUrl\":\"https:\\\/\\\/amip.az\\\/wp-content\\\/uploads\\\/2025\\\/05\\\/afseddin.jpeg\",\"width\":1280,\"height\":720},{\"@type\":\"BreadcrumbList\",\"@id\":\"https:\\\/\\\/amip.az\\\/2026\\\/09\\\/04\\\/afs%c9%99ddin-n%c9%99biyev-az%c9%99rbaycanin-30-illik-t%c9%99crub%c9%99si-beyn%c9%99lxalq-ictimaiyy%c9%99t-ucun-ciddi-mesajdir\\\/#breadcrumb\",\"itemListElement\":[{\"@type\":\"ListItem\",\"position\":1,\"name\":\"Home\",\"item\":\"https:\\\/\\\/amip.az\\\/\"},{\"@type\":\"ListItem\",\"position\":2,\"name\":\"Afs\u0259ddin N\u0259biyev: \u201cAz\u0259rbaycan\u0131n 30 illik t\u0259cr\u00fcb\u0259si beyn\u0259lxalq ictimaiyy\u0259t \u00fc\u00e7\u00fcn ciddi mesajd\u0131r\u201d\"}]},{\"@type\":\"WebSite\",\"@id\":\"https:\\\/\\\/amip.az\\\/az\\\/#website\",\"url\":\"https:\\\/\\\/amip.az\\\/az\\\/\",\"name\":\"Az\u0259rbaycan Milli \u0130stiqlal Partiyas\u0131\",\"description\":\"AM\u0130P\",\"publisher\":{\"@id\":\"https:\\\/\\\/amip.az\\\/az\\\/#organization\"},\"potentialAction\":[{\"@type\":\"SearchAction\",\"target\":{\"@type\":\"EntryPoint\",\"urlTemplate\":\"https:\\\/\\\/amip.az\\\/az\\\/?s={search_term_string}\"},\"query-input\":{\"@type\":\"PropertyValueSpecification\",\"valueRequired\":true,\"valueName\":\"search_term_string\"}}],\"inLanguage\":\"az\"},{\"@type\":\"Organization\",\"@id\":\"https:\\\/\\\/amip.az\\\/az\\\/#organization\",\"name\":\"Az\u0259rbaycan Milli \u0130stiqlal Partiyas\u0131\",\"url\":\"https:\\\/\\\/amip.az\\\/az\\\/\",\"logo\":{\"@type\":\"ImageObject\",\"inLanguage\":\"az\",\"@id\":\"https:\\\/\\\/amip.az\\\/az\\\/#\\\/schema\\\/logo\\\/image\\\/\",\"url\":\"https:\\\/\\\/amip.az\\\/wp-content\\\/uploads\\\/2023\\\/06\\\/amiplogo.png\",\"contentUrl\":\"https:\\\/\\\/amip.az\\\/wp-content\\\/uploads\\\/2023\\\/06\\\/amiplogo.png\",\"width\":723,\"height\":423,\"caption\":\"Az\u0259rbaycan Milli \u0130stiqlal Partiyas\u0131\"},\"image\":{\"@id\":\"https:\\\/\\\/amip.az\\\/az\\\/#\\\/schema\\\/logo\\\/image\\\/\"},\"sameAs\":[\"https:\\\/\\\/www.facebook.com\\\/istiqlal91\",\"https:\\\/\\\/x.com\\\/APartiyas\",\"https:\\\/\\\/www.youtube.com\\\/channel\\\/UCF3pc8spko_xON2sr4vUC5A\"]},{\"@type\":\"Person\",\"@id\":\"https:\\\/\\\/amip.az\\\/az\\\/#\\\/schema\\\/person\\\/a7055ff0b4631c41849ee16f8ff51da7\",\"name\":\"admin_amip\",\"image\":{\"@type\":\"ImageObject\",\"inLanguage\":\"az\",\"@id\":\"https:\\\/\\\/secure.gravatar.com\\\/avatar\\\/6c3dc6902fd066c5a5d68c8f0038dcc56ec283faa7337f8e6b219cf7e7321d3f?s=96&d=mm&r=g\",\"url\":\"https:\\\/\\\/secure.gravatar.com\\\/avatar\\\/6c3dc6902fd066c5a5d68c8f0038dcc56ec283faa7337f8e6b219cf7e7321d3f?s=96&d=mm&r=g\",\"contentUrl\":\"https:\\\/\\\/secure.gravatar.com\\\/avatar\\\/6c3dc6902fd066c5a5d68c8f0038dcc56ec283faa7337f8e6b219cf7e7321d3f?s=96&d=mm&r=g\",\"caption\":\"admin_amip\"},\"url\":\"https:\\\/\\\/amip.az\\\/az\\\/author\\\/admin_amip\\\/\"}]}<\/script>\n<!-- \/ Yoast SEO plugin. -->","yoast_head_json":{"title":"Afs\u0259ddin N\u0259biyev: \u201cAz\u0259rbaycan\u0131n 30 illik t\u0259cr\u00fcb\u0259si beyn\u0259lxalq ictimaiyy\u0259t \u00fc\u00e7\u00fcn ciddi mesajd\u0131r\u201d - Az\u0259rbaycan Milli \u0130stiqlal Partiyas\u0131","robots":{"index":"index","follow":"follow","max-snippet":"max-snippet:-1","max-image-preview":"max-image-preview:large","max-video-preview":"max-video-preview:-1"},"canonical":"https:\/\/amip.az\/az\/2026\/09\/04\/afs\u0259ddin-n\u0259biyev-az\u0259rbaycanin-30-illik-t\u0259crub\u0259si-beyn\u0259lxalq-ictimaiyy\u0259t-ucun-ciddi-mesajdir\/","og_locale":"az_AZ","og_type":"article","og_title":"Afs\u0259ddin N\u0259biyev: \u201cAz\u0259rbaycan\u0131n 30 illik t\u0259cr\u00fcb\u0259si beyn\u0259lxalq ictimaiyy\u0259t \u00fc\u00e7\u00fcn ciddi mesajd\u0131r\u201d - Az\u0259rbaycan Milli \u0130stiqlal Partiyas\u0131","og_description":"X\u0259b\u0259r verildiyi kimi, Prezident \u0130lham \u018fliyev AT\u018fT Parlament Assambleyas\u0131n\u0131n prezidenti Pere Joan Pons Sanpietronu q\u0259bul edib. G\u00f6r\u00fc\u015fd\u0259 Az\u0259rbaycan-Erm\u0259nistan s\u00fclh g\u00fcnd\u0259liyi m\u00fczakir\u0259 olunub. Prezident \u018fliyev 30 il\u0259 yax\u0131n m\u00fcdd\u0259td\u0259 m\u00fcnaqi\u015f\u0259nin h\u0259llin\u0259 m\u0259sul olan AT\u018fT-in Minsk qrupu t\u0259r\u0259find\u0259n dan\u0131\u015f\u0131qlar prosesind\u0259 h\u0259r hans\u0131 bir n\u0259tic\u0259nin \u0259ld\u0259 edilm\u0259diyini v\u0259 BMT T\u0259hl\u00fck\u0259sizlik \u015euras\u0131n\u0131n Erm\u0259nistan qo\u015funlar\u0131n\u0131n Az\u0259rbaycan \u0259razisind\u0259n d\u0259rhal v\u0259 qeyd-\u015f\u0259rtsiz \u00e7\u0131xar\u0131lmas\u0131n\u0131 t\u0259l\u0259b ed\u0259n q\u0259tnam\u0259l\u0259rin yerin\u0259 yetirilm\u0259diyini t\u0259\u0259ss\u00fcfl\u0259 vur\u011fulay\u0131b. \u00d6lk\u0259 ba\u015f\u00e7\u0131s\u0131 deyib ki, Az\u0259rbaycan \u00f6z\u00fc m\u00fcnaqi\u015f\u0259y\u0259 h\u0259rbi-siyasi vasit\u0259l\u0259rl\u0259 son qoyub, \u0259razi b\u00fct\u00f6vl\u00fcy\u00fcn\u00fc v\u0259 suverenliyini t\u0259min edib. S\u00f6z\u00fcged\u0259n m\u0259s\u0259l\u0259ni baki-xeber.com-a \u015f\u0259rh [&hellip;]","og_url":"https:\/\/amip.az\/az\/2026\/09\/04\/afs\u0259ddin-n\u0259biyev-az\u0259rbaycanin-30-illik-t\u0259crub\u0259si-beyn\u0259lxalq-ictimaiyy\u0259t-ucun-ciddi-mesajdir\/","og_site_name":"Az\u0259rbaycan Milli \u0130stiqlal Partiyas\u0131","article_publisher":"https:\/\/www.facebook.com\/istiqlal91","article_published_time":"2026-09-04T17:31:59+00:00","article_modified_time":"2026-09-04T17:32:03+00:00","og_image":[{"width":1280,"height":720,"url":"https:\/\/amip.az\/wp-content\/uploads\/2025\/05\/afseddin.jpeg","type":"image\/jpeg"}],"author":"admin_amip","twitter_card":"summary_large_image","twitter_creator":"@APartiyas","twitter_site":"@APartiyas","twitter_misc":{"Written by":"admin_amip","Est. reading time":"3 minutes"},"schema":{"@context":"https:\/\/schema.org","@graph":[{"@type":"Article","@id":"https:\/\/amip.az\/2026\/09\/04\/afs%c9%99ddin-n%c9%99biyev-az%c9%99rbaycanin-30-illik-t%c9%99crub%c9%99si-beyn%c9%99lxalq-ictimaiyy%c9%99t-ucun-ciddi-mesajdir\/#article","isPartOf":{"@id":"https:\/\/amip.az\/2026\/09\/04\/afs%c9%99ddin-n%c9%99biyev-az%c9%99rbaycanin-30-illik-t%c9%99crub%c9%99si-beyn%c9%99lxalq-ictimaiyy%c9%99t-ucun-ciddi-mesajdir\/"},"author":{"name":"admin_amip","@id":"https:\/\/amip.az\/az\/#\/schema\/person\/a7055ff0b4631c41849ee16f8ff51da7"},"headline":"Afs\u0259ddin N\u0259biyev: \u201cAz\u0259rbaycan\u0131n 30 illik t\u0259cr\u00fcb\u0259si beyn\u0259lxalq ictimaiyy\u0259t \u00fc\u00e7\u00fcn ciddi mesajd\u0131r\u201d","datePublished":"2026-09-04T17:31:59+00:00","dateModified":"2026-09-04T17:32:03+00:00","mainEntityOfPage":{"@id":"https:\/\/amip.az\/2026\/09\/04\/afs%c9%99ddin-n%c9%99biyev-az%c9%99rbaycanin-30-illik-t%c9%99crub%c9%99si-beyn%c9%99lxalq-ictimaiyy%c9%99t-ucun-ciddi-mesajdir\/"},"wordCount":951,"publisher":{"@id":"https:\/\/amip.az\/az\/#organization"},"image":{"@id":"https:\/\/amip.az\/2026\/09\/04\/afs%c9%99ddin-n%c9%99biyev-az%c9%99rbaycanin-30-illik-t%c9%99crub%c9%99si-beyn%c9%99lxalq-ictimaiyy%c9%99t-ucun-ciddi-mesajdir\/#primaryimage"},"thumbnailUrl":"https:\/\/amip.az\/wp-content\/uploads\/2025\/05\/afseddin.jpeg","articleSection":["K\u0130V"],"inLanguage":"az"},{"@type":"WebPage","@id":"https:\/\/amip.az\/2026\/09\/04\/afs%c9%99ddin-n%c9%99biyev-az%c9%99rbaycanin-30-illik-t%c9%99crub%c9%99si-beyn%c9%99lxalq-ictimaiyy%c9%99t-ucun-ciddi-mesajdir\/","url":"https:\/\/amip.az\/2026\/09\/04\/afs%c9%99ddin-n%c9%99biyev-az%c9%99rbaycanin-30-illik-t%c9%99crub%c9%99si-beyn%c9%99lxalq-ictimaiyy%c9%99t-ucun-ciddi-mesajdir\/","name":"Afs\u0259ddin N\u0259biyev: \u201cAz\u0259rbaycan\u0131n 30 illik t\u0259cr\u00fcb\u0259si beyn\u0259lxalq ictimaiyy\u0259t \u00fc\u00e7\u00fcn ciddi mesajd\u0131r\u201d - Az\u0259rbaycan Milli \u0130stiqlal Partiyas\u0131","isPartOf":{"@id":"https:\/\/amip.az\/az\/#website"},"primaryImageOfPage":{"@id":"https:\/\/amip.az\/2026\/09\/04\/afs%c9%99ddin-n%c9%99biyev-az%c9%99rbaycanin-30-illik-t%c9%99crub%c9%99si-beyn%c9%99lxalq-ictimaiyy%c9%99t-ucun-ciddi-mesajdir\/#primaryimage"},"image":{"@id":"https:\/\/amip.az\/2026\/09\/04\/afs%c9%99ddin-n%c9%99biyev-az%c9%99rbaycanin-30-illik-t%c9%99crub%c9%99si-beyn%c9%99lxalq-ictimaiyy%c9%99t-ucun-ciddi-mesajdir\/#primaryimage"},"thumbnailUrl":"https:\/\/amip.az\/wp-content\/uploads\/2025\/05\/afseddin.jpeg","datePublished":"2026-09-04T17:31:59+00:00","dateModified":"2026-09-04T17:32:03+00:00","breadcrumb":{"@id":"https:\/\/amip.az\/2026\/09\/04\/afs%c9%99ddin-n%c9%99biyev-az%c9%99rbaycanin-30-illik-t%c9%99crub%c9%99si-beyn%c9%99lxalq-ictimaiyy%c9%99t-ucun-ciddi-mesajdir\/#breadcrumb"},"inLanguage":"az","potentialAction":[{"@type":"ReadAction","target":["https:\/\/amip.az\/2026\/09\/04\/afs%c9%99ddin-n%c9%99biyev-az%c9%99rbaycanin-30-illik-t%c9%99crub%c9%99si-beyn%c9%99lxalq-ictimaiyy%c9%99t-ucun-ciddi-mesajdir\/"]}]},{"@type":"ImageObject","inLanguage":"az","@id":"https:\/\/amip.az\/2026\/09\/04\/afs%c9%99ddin-n%c9%99biyev-az%c9%99rbaycanin-30-illik-t%c9%99crub%c9%99si-beyn%c9%99lxalq-ictimaiyy%c9%99t-ucun-ciddi-mesajdir\/#primaryimage","url":"https:\/\/amip.az\/wp-content\/uploads\/2025\/05\/afseddin.jpeg","contentUrl":"https:\/\/amip.az\/wp-content\/uploads\/2025\/05\/afseddin.jpeg","width":1280,"height":720},{"@type":"BreadcrumbList","@id":"https:\/\/amip.az\/2026\/09\/04\/afs%c9%99ddin-n%c9%99biyev-az%c9%99rbaycanin-30-illik-t%c9%99crub%c9%99si-beyn%c9%99lxalq-ictimaiyy%c9%99t-ucun-ciddi-mesajdir\/#breadcrumb","itemListElement":[{"@type":"ListItem","position":1,"name":"Home","item":"https:\/\/amip.az\/"},{"@type":"ListItem","position":2,"name":"Afs\u0259ddin N\u0259biyev: \u201cAz\u0259rbaycan\u0131n 30 illik t\u0259cr\u00fcb\u0259si beyn\u0259lxalq ictimaiyy\u0259t \u00fc\u00e7\u00fcn ciddi mesajd\u0131r\u201d"}]},{"@type":"WebSite","@id":"https:\/\/amip.az\/az\/#website","url":"https:\/\/amip.az\/az\/","name":"Az\u0259rbaycan Milli \u0130stiqlal Partiyas\u0131","description":"AM\u0130P","publisher":{"@id":"https:\/\/amip.az\/az\/#organization"},"potentialAction":[{"@type":"SearchAction","target":{"@type":"EntryPoint","urlTemplate":"https:\/\/amip.az\/az\/?s={search_term_string}"},"query-input":{"@type":"PropertyValueSpecification","valueRequired":true,"valueName":"search_term_string"}}],"inLanguage":"az"},{"@type":"Organization","@id":"https:\/\/amip.az\/az\/#organization","name":"Az\u0259rbaycan Milli \u0130stiqlal Partiyas\u0131","url":"https:\/\/amip.az\/az\/","logo":{"@type":"ImageObject","inLanguage":"az","@id":"https:\/\/amip.az\/az\/#\/schema\/logo\/image\/","url":"https:\/\/amip.az\/wp-content\/uploads\/2023\/06\/amiplogo.png","contentUrl":"https:\/\/amip.az\/wp-content\/uploads\/2023\/06\/amiplogo.png","width":723,"height":423,"caption":"Az\u0259rbaycan Milli \u0130stiqlal Partiyas\u0131"},"image":{"@id":"https:\/\/amip.az\/az\/#\/schema\/logo\/image\/"},"sameAs":["https:\/\/www.facebook.com\/istiqlal91","https:\/\/x.com\/APartiyas","https:\/\/www.youtube.com\/channel\/UCF3pc8spko_xON2sr4vUC5A"]},{"@type":"Person","@id":"https:\/\/amip.az\/az\/#\/schema\/person\/a7055ff0b4631c41849ee16f8ff51da7","name":"admin_amip","image":{"@type":"ImageObject","inLanguage":"az","@id":"https:\/\/secure.gravatar.com\/avatar\/6c3dc6902fd066c5a5d68c8f0038dcc56ec283faa7337f8e6b219cf7e7321d3f?s=96&d=mm&r=g","url":"https:\/\/secure.gravatar.com\/avatar\/6c3dc6902fd066c5a5d68c8f0038dcc56ec283faa7337f8e6b219cf7e7321d3f?s=96&d=mm&r=g","contentUrl":"https:\/\/secure.gravatar.com\/avatar\/6c3dc6902fd066c5a5d68c8f0038dcc56ec283faa7337f8e6b219cf7e7321d3f?s=96&d=mm&r=g","caption":"admin_amip"},"url":"https:\/\/amip.az\/az\/author\/admin_amip\/"}]}},"_links":{"self":[{"href":"https:\/\/amip.az\/az\/wp-json\/wp\/v2\/posts\/11551","targetHints":{"allow":["GET"]}}],"collection":[{"href":"https:\/\/amip.az\/az\/wp-json\/wp\/v2\/posts"}],"about":[{"href":"https:\/\/amip.az\/az\/wp-json\/wp\/v2\/types\/post"}],"author":[{"embeddable":true,"href":"https:\/\/amip.az\/az\/wp-json\/wp\/v2\/users\/2"}],"replies":[{"embeddable":true,"href":"https:\/\/amip.az\/az\/wp-json\/wp\/v2\/comments?post=11551"}],"version-history":[{"count":1,"href":"https:\/\/amip.az\/az\/wp-json\/wp\/v2\/posts\/11551\/revisions"}],"predecessor-version":[{"id":11552,"href":"https:\/\/amip.az\/az\/wp-json\/wp\/v2\/posts\/11551\/revisions\/11552"}],"wp:featuredmedia":[{"embeddable":true,"href":"https:\/\/amip.az\/az\/wp-json\/wp\/v2\/media\/8358"}],"wp:attachment":[{"href":"https:\/\/amip.az\/az\/wp-json\/wp\/v2\/media?parent=11551"}],"wp:term":[{"taxonomy":"category","embeddable":true,"href":"https:\/\/amip.az\/az\/wp-json\/wp\/v2\/categories?post=11551"},{"taxonomy":"post_tag","embeddable":true,"href":"https:\/\/amip.az\/az\/wp-json\/wp\/v2\/tags?post=11551"}],"curies":[{"name":"wp","href":"https:\/\/api.w.org\/{rel}","templated":true}]}}