{"id":7282,"date":"2024-10-10T08:31:54","date_gmt":"2024-10-10T04:31:54","guid":{"rendered":"https:\/\/amip.az\/?p=7282"},"modified":"2024-10-10T08:31:55","modified_gmt":"2024-10-10T04:31:55","slug":"yeni-bayraq-sevdasi-ir%c9%99vana-baha-basa-g%c9%99l%c9%99c%c9%99k-az%c9%99rbaycan-ir%c9%99vana-q%c9%99d%c9%99r","status":"publish","type":"post","link":"https:\/\/amip.az\/az\/2024\/10\/10\/yeni-bayraq-sevdasi-ir%c9%99vana-baha-basa-g%c9%99l%c9%99c%c9%99k-az%c9%99rbaycan-ir%c9%99vana-q%c9%99d%c9%99r\/","title":{"rendered":"Yeni bayraq sevdas\u0131 \u0130r\u0259vana baha ba\u015fa g\u0259l\u0259c\u0259k:\u00a0Az\u0259rbaycan \u0130r\u0259vana q\u0259d\u0259r&#8230;"},"content":{"rendered":"\n<p><strong>Mill\u0259t v\u0259kili Arzuxan \u018flizad\u0259 Erm\u0259nistan \u0259razisind\u0259 \u00fcz\u0259rind\u0259 s\u0259lib\u00e7i xa\u00e7\u0131 olan&nbsp;d\u00f6vl\u0259t bayra\u011f\u0131&nbsp;qald\u0131rmas\u0131na &nbsp;m\u00fcnasib\u0259t bildirib.&nbsp;<\/strong><\/p>\n\n\n\n<p>Deputat Sitat.info-ya a\u00e7\u0131qlamas\u0131nda bildirib ki, bu \u0130r\u0259van\u0131n s\u0259lib\u00e7i niyy\u0259tind\u0259n x\u0259b\u0259r verir:\u00a0&#8220;M\u0259lumdur ki, Erm\u0259nistan\u0131n d\u00f6vl\u0259t bayra\u011f\u0131 \u00fcz\u0259rind\u0259 xa\u00e7 t\u0259sviri yoxdur. Bel\u0259 g\u00f6r\u00fcn\u00fcr ki, Erm\u0259nistan Az\u0259rbaycana qar\u015f\u0131 s\u0259lib\u00e7i niyy\u0259tini ifad\u0259 etm\u0259k \u00fc\u00e7\u00fcn d\u00f6vl\u0259t bayra\u011f\u0131 \u00fcz\u0259rind\u0259 d\u0259yi\u015fiklik etm\u0259k q\u0259rar\u0131na g\u0259lib.\u00a0\u00a0Az\u0259rbaycan torpaqlar\u0131n\u0131n 20 faizinin i\u015f\u011fal alt\u0131nda saxland\u0131\u011f\u0131 d\u00f6n\u0259md\u0259 qondarma yaratd\u0131qlar\u0131 bir qurumun bayra\u011f\u0131, \u0259ski par\u00e7as\u0131 \u00a0var idi.\u00a0 Erm\u0259nistan\u0131n indiki bayra\u011f\u0131n\u0131n \u00fcz\u0259rin\u0259 \u0259lav\u0259 elementl\u0259r \u00e7\u0259k\u0259r\u0259k, onu\u00a0 h\u0259min qondarma qurumun bayra\u011f\u0131na \u00e7evirmi\u015fdil\u0259r. N\u0259tic\u0259 g\u00f6z qaba\u011f\u0131ndad\u0131r, art\u0131q n\u0259 o\u00a0bayraq var, n\u0259 d\u0259 yaratd\u0131qlar\u0131 qondarma qurum&#8221;.<\/p>\n\n\n\n<p><strong>A.\u018flizad\u0259 vur\u011fulay\u0131b ki,&nbsp; erm\u0259nil\u0259r xa\u00e7 y\u00fcr\u00fc\u015fl\u0259rinin n\u0259tic\u0259siz qald\u0131\u011f\u0131n\u0131 unudurlar:&nbsp;<\/strong>&#8220;Az\u0259rbaycanla s\u0259rh\u0259dd\u0259 &nbsp;qald\u0131r\u0131lm\u0131\u015f erm\u0259ni bayraqlar\u0131n\u0131n \u00fcz\u0259rind\u0259ki xa\u00e7 i\u015far\u0259si&nbsp; erm\u0259nil\u0259rin xa\u00e7 y\u00fcr\u00fc\u015fl\u0259rin\u0259 i\u015far\u0259 etdiyini g\u00f6st\u0259rir. Amma g\u00f6r\u00fcn\u00fcr a\u011f\u0131l k\u0259mliyi olan bu toplum onun da f\u0259rqind\u0259 deyil ki, zaman\u0131nda orta \u0259srl\u0259r\u0259 q\u0259d\u0259r davam etmi\u015f xa\u00e7 y\u00fcr\u00fc\u015fl\u0259ri d\u0259 n\u0259tic\u0259siz ba\u015fa \u00e7atm\u0131\u015fd\u0131. &nbsp;O zaman da onlar\u0131 xa\u00e7 y\u00fcr\u00fc\u015fl\u0259rin\u0259 t\u0259hrik ed\u0259n bir s\u0131ra&nbsp; d\u00f6vl\u0259tl\u0259rin krallar\u0131, ba\u015f\u00e7\u0131lar\u0131 \u0259slind\u0259 daha \u00e7ox \u00f6z \u015f\u0259xsi maraqlar\u0131n\u0131, din p\u0259rd\u0259si alt\u0131nda \u00f6z \u015f\u0259xsi m\u0259nafel\u0259rini g\u00fcd\u00fcrd\u00fcl\u0259r. Bu y\u00fcr\u00fc\u015fl\u0259r bir ne\u00e7\u0259 d\u0259f\u0259 olub v\u0259 olanlar\u0131n yegan\u0259 qazanclar\u0131 bu olub ki, vaxt\u0131-vaxt\u0131nda \u00e7imm\u0259yi \u00f6yr\u0259nibl\u0259r, m\u00fcxt\u0259lif \u00e7ini qablardan, ip\u0259k xal\u00e7alardan istifad\u0259 etm\u0259yi \u00f6yr\u0259nibl\u0259r. Bu kimi bir s\u0131ra m\u0259d\u0259niyy\u0259t n\u00fcmun\u0259l\u0259rini \u00f6zl\u0259rin\u0259 \u0259xs edibl\u0259r. Y\u0259ni, n\u0259tic\u0259d\u0259 ba\u015fqa he\u00e7 n\u0259 \u0259ld\u0259 edilm\u0259yib&#8221;.<\/p>\n\n\n\n<p><strong>Mill\u0259t v\u0259kili hesab&nbsp;edir ki,&nbsp; xa\u00e7 m\u0259s\u0259l\u0259sind\u0259 Q\u0259rb d\u00f6vl\u0259tl\u0259rinin d\u0259 \u0259li var:<\/strong>&nbsp;&#8221;&nbsp;Amma indi \u0259g\u0259r m\u00fcqayis\u0259li \u015f\u0259kild\u0259 des\u0259k, o bayraqlar\u0131n\u0131n \u00fcz\u0259rin\u0259 xa\u00e7 i\u015far\u0259sini \u00f6z a\u011f\u0131llar\u0131 il\u0259 \u00e7\u0259km\u0259yibl\u0259r. B\u00f6y\u00fck ehtimalla onlar\u0131n arxas\u0131nda Fransa daxil olmaqla bir s\u0131ra Q\u0259rb \u00f6lk\u0259l\u0259ri dayan\u0131r ki, indi d\u0259 xa\u00e7 i\u015far\u0259sini bayraqlar\u0131na qoymaqla Az\u0259rbaycana hans\u0131sa mesajlar \u00f6t\u00fcrm\u0259y\u0259 \u00e7al\u0131\u015f\u0131rlar. &nbsp;Nec\u0259 ki, 30 il \u0259rzind\u0259 \u0259ld\u0259 edibl\u0259r v\u0259 indi \u0259ld\u0259n \u00e7\u0131xar\u0131b haz\u0131rki v\u0259ziyy\u0259tl\u0259rin\u0259 d\u00fc\u015f\u00fcbl\u0259r. \u018fg\u0259r yenid\u0259n Az\u0259rbaycana qar\u015f\u0131 h\u0259r hans\u0131 t\u0259xribat aparma\u011fa \u00e7al\u0131\u015fsalar, bunun d\u0259f\u0259l\u0259rl\u0259 art\u0131\u011f\u0131n\u0131 g\u00f6r\u0259c\u0259kl\u0259r. Bundan \u0259n b\u00f6y\u00fck z\u0259r\u0259ri el\u0259 erm\u0259nil\u0259r&nbsp;\u00f6zl\u0259ri g\u00f6r\u0259c\u0259k. Bu qondarma d\u00f6vl\u0259t bu arealda \u00f6z\u00fcn\u00fc \u00e7ox b\u00f6y\u00fck sual alt\u0131nda qoymu\u015f olacaq. Eyni zamanda \u0259g\u0131\u0259r bu ba\u015f vers\u0259, bu d\u0259f\u0259 itkil\u0259rinin \u00e7ox b\u00f6y\u00fck olaca\u011f\u0131na onlar\u0131&nbsp; \u0259min edirik.&#8221;<\/p>\n\n\n\n<p><strong>A. \u018flizad\u0259 \u0259lav\u0259 edib ki, bu d\u0259f\u0259 Az\u0259rbaycan Z\u0259ng\u0259zur d\u0259hlizini d\u0259 n\u0259zar\u0259t\u0259 al\u0131b bufer zona yarada bil\u0259r<\/strong>:&#8221;Az\u0259rbaycan\u0131n \u00f6z s\u0259rh\u0259dl\u0259ri boyunca t\u0259hl\u00fck\u0259sizlik zonalar\u0131 yaratmaq h\u00fcququ var ki, biz \u00f6lk\u0259miz\u0259 qar\u015f\u0131 t\u0259hdid t\u00f6r\u0259dil\u0259 bil\u0259c\u0259k h\u0259min \u0259razil\u0259rd\u0259n art\u0131q \u00f6z\u00fcm\u00fcz \u00fc\u00e7\u00fcn bir t\u0259hl\u00fck\u0259sizlik zonas\u0131 da yarada bil\u0259rik. Bununla da Erm\u0259nistan g\u00f6z\u00fcn\u00fc a\u00e7\u0131b g\u00f6r\u0259c\u0259k ki, Z\u0259ng\u0259zur d\u0259hlizi d\u0259,&nbsp; el\u0259 \u0130ravana q\u0259d\u0259r \u0259razid\u0259 tam olaraq Az\u0259rbaycan ordusunun n\u0259zar\u0259ti alt\u0131ndad\u0131r. &nbsp;Bunu is\u0259 sad\u0259c\u0259 t\u0259hl\u00fck\u0259sizlik zonas\u0131 yaradaraq ed\u0259 bil\u0259rik.&nbsp;Erm\u0259nistan v\u0259 Erm\u0259nistan\u0131 bu add\u0131m\u0131 atma\u011fa s\u00f6vq ed\u0259n d\u00f6vl\u0259tl\u0259r d\u0259 bunun f\u0259rqind\u0259 olmal\u0131d\u0131r. N\u0259tic\u0259l\u0259rin nec\u0259 ola bil\u0259c\u0259\u0131yini d\u00fc\u015f\u00fcnm\u0259lidirl\u0259r. Az\u0259rbaycan \u00f6z imzas\u0131n\u0131 ham\u0131ya g\u00f6st\u0259rib&#8221;.&nbsp;<\/p>\n","protected":false},"excerpt":{"rendered":"<p>Mill\u0259t v\u0259kili Arzuxan \u018flizad\u0259 Erm\u0259nistan \u0259razisind\u0259 \u00fcz\u0259rind\u0259 s\u0259lib\u00e7i xa\u00e7\u0131 olan&nbsp;d\u00f6vl\u0259t bayra\u011f\u0131&nbsp;qald\u0131rmas\u0131na &nbsp;m\u00fcnasib\u0259t bildirib.&nbsp; Deputat Sitat.info-ya a\u00e7\u0131qlamas\u0131nda bildirib ki, bu \u0130r\u0259van\u0131n s\u0259lib\u00e7i niyy\u0259tind\u0259n x\u0259b\u0259r verir:\u00a0&#8220;M\u0259lumdur ki, Erm\u0259nistan\u0131n d\u00f6vl\u0259t bayra\u011f\u0131 \u00fcz\u0259rind\u0259 xa\u00e7 t\u0259sviri yoxdur. Bel\u0259 g\u00f6r\u00fcn\u00fcr ki, Erm\u0259nistan Az\u0259rbaycana qar\u015f\u0131 s\u0259lib\u00e7i niyy\u0259tini ifad\u0259 etm\u0259k \u00fc\u00e7\u00fcn d\u00f6vl\u0259t bayra\u011f\u0131 \u00fcz\u0259rind\u0259 d\u0259yi\u015fiklik etm\u0259k q\u0259rar\u0131na g\u0259lib.\u00a0\u00a0Az\u0259rbaycan torpaqlar\u0131n\u0131n 20 faizinin i\u015f\u011fal alt\u0131nda saxland\u0131\u011f\u0131 d\u00f6n\u0259md\u0259 qondarma yaratd\u0131qlar\u0131 bir qurumun bayra\u011f\u0131, \u0259ski par\u00e7as\u0131 \u00a0var idi.\u00a0 Erm\u0259nistan\u0131n indiki bayra\u011f\u0131n\u0131n \u00fcz\u0259rin\u0259 \u0259lav\u0259 elementl\u0259r \u00e7\u0259k\u0259r\u0259k, onu\u00a0 h\u0259min qondarma qurumun bayra\u011f\u0131na \u00e7evirmi\u015fdil\u0259r. N\u0259tic\u0259 g\u00f6z qaba\u011f\u0131ndad\u0131r, art\u0131q n\u0259 [&hellip;]<\/p>\n","protected":false},"author":2,"featured_media":4119,"comment_status":"closed","ping_status":"open","sticky":false,"template":"","format":"standard","meta":{"footnotes":""},"categories":[10],"tags":[],"class_list":["post-7282","post","type-post","status-publish","format-standard","has-post-thumbnail","hentry","category-kiv"],"yoast_head":"<!-- This site is optimized with the Yoast SEO plugin v23.8 - https:\/\/yoast.com\/wordpress\/plugins\/seo\/ -->\n<title>Yeni bayraq sevdas\u0131 \u0130r\u0259vana baha ba\u015fa g\u0259l\u0259c\u0259k:\u00a0Az\u0259rbaycan \u0130r\u0259vana q\u0259d\u0259r... - Az\u0259rbaycan Milli \u0130stiqlal Partiyas\u0131<\/title>\n<meta name=\"robots\" content=\"index, follow, max-snippet:-1, max-image-preview:large, max-video-preview:-1\" \/>\n<link rel=\"canonical\" href=\"https:\/\/amip.az\/az\/2024\/10\/10\/yeni-bayraq-sevdasi-ir\u0259vana-baha-basa-g\u0259l\u0259c\u0259k-az\u0259rbaycan-ir\u0259vana-q\u0259d\u0259r\/\" \/>\n<meta property=\"og:locale\" content=\"az_AZ\" \/>\n<meta property=\"og:type\" content=\"article\" \/>\n<meta property=\"og:title\" content=\"Yeni bayraq sevdas\u0131 \u0130r\u0259vana baha ba\u015fa g\u0259l\u0259c\u0259k:\u00a0Az\u0259rbaycan \u0130r\u0259vana q\u0259d\u0259r... - Az\u0259rbaycan Milli \u0130stiqlal Partiyas\u0131\" \/>\n<meta property=\"og:description\" content=\"Mill\u0259t v\u0259kili Arzuxan \u018flizad\u0259 Erm\u0259nistan \u0259razisind\u0259 \u00fcz\u0259rind\u0259 s\u0259lib\u00e7i xa\u00e7\u0131 olan&nbsp;d\u00f6vl\u0259t bayra\u011f\u0131&nbsp;qald\u0131rmas\u0131na &nbsp;m\u00fcnasib\u0259t bildirib.&nbsp; Deputat Sitat.info-ya a\u00e7\u0131qlamas\u0131nda bildirib ki, bu \u0130r\u0259van\u0131n s\u0259lib\u00e7i niyy\u0259tind\u0259n x\u0259b\u0259r verir:\u00a0&#8220;M\u0259lumdur ki, Erm\u0259nistan\u0131n d\u00f6vl\u0259t bayra\u011f\u0131 \u00fcz\u0259rind\u0259 xa\u00e7 t\u0259sviri yoxdur. Bel\u0259 g\u00f6r\u00fcn\u00fcr ki, Erm\u0259nistan Az\u0259rbaycana qar\u015f\u0131 s\u0259lib\u00e7i niyy\u0259tini ifad\u0259 etm\u0259k \u00fc\u00e7\u00fcn d\u00f6vl\u0259t bayra\u011f\u0131 \u00fcz\u0259rind\u0259 d\u0259yi\u015fiklik etm\u0259k q\u0259rar\u0131na g\u0259lib.\u00a0\u00a0Az\u0259rbaycan torpaqlar\u0131n\u0131n 20 faizinin i\u015f\u011fal alt\u0131nda saxland\u0131\u011f\u0131 d\u00f6n\u0259md\u0259 qondarma yaratd\u0131qlar\u0131 bir qurumun bayra\u011f\u0131, \u0259ski par\u00e7as\u0131 \u00a0var idi.\u00a0 Erm\u0259nistan\u0131n indiki bayra\u011f\u0131n\u0131n \u00fcz\u0259rin\u0259 \u0259lav\u0259 elementl\u0259r \u00e7\u0259k\u0259r\u0259k, onu\u00a0 h\u0259min qondarma qurumun bayra\u011f\u0131na \u00e7evirmi\u015fdil\u0259r. N\u0259tic\u0259 g\u00f6z qaba\u011f\u0131ndad\u0131r, art\u0131q n\u0259 [&hellip;]\" \/>\n<meta property=\"og:url\" content=\"https:\/\/amip.az\/az\/2024\/10\/10\/yeni-bayraq-sevdasi-ir\u0259vana-baha-basa-g\u0259l\u0259c\u0259k-az\u0259rbaycan-ir\u0259vana-q\u0259d\u0259r\/\" \/>\n<meta property=\"og:site_name\" content=\"Az\u0259rbaycan Milli \u0130stiqlal Partiyas\u0131\" \/>\n<meta property=\"article:publisher\" content=\"https:\/\/www.facebook.com\/istiqlal91\" \/>\n<meta property=\"article:published_time\" content=\"2024-10-10T04:31:54+00:00\" \/>\n<meta property=\"article:modified_time\" content=\"2024-10-10T04:31:55+00:00\" \/>\n<meta property=\"og:image\" content=\"https:\/\/amip.az\/wp-content\/uploads\/2022\/06\/Arzuxan_Alizade_01.jpg\" \/>\n\t<meta property=\"og:image:width\" content=\"960\" \/>\n\t<meta property=\"og:image:height\" content=\"640\" \/>\n\t<meta property=\"og:image:type\" content=\"image\/jpeg\" \/>\n<meta name=\"author\" content=\"admin_amip\" \/>\n<meta name=\"twitter:card\" content=\"summary_large_image\" \/>\n<meta name=\"twitter:creator\" content=\"@APartiyas\" \/>\n<meta name=\"twitter:site\" content=\"@APartiyas\" \/>\n<meta name=\"twitter:label1\" content=\"Written by\" \/>\n\t<meta name=\"twitter:data1\" content=\"admin_amip\" \/>\n\t<meta name=\"twitter:label2\" content=\"Est. reading time\" \/>\n\t<meta name=\"twitter:data2\" content=\"3 minutes\" \/>\n<script type=\"application\/ld+json\" class=\"yoast-schema-graph\">{\"@context\":\"https:\/\/schema.org\",\"@graph\":[{\"@type\":\"Article\",\"@id\":\"https:\/\/amip.az\/2024\/10\/10\/yeni-bayraq-sevdasi-ir%c9%99vana-baha-basa-g%c9%99l%c9%99c%c9%99k-az%c9%99rbaycan-ir%c9%99vana-q%c9%99d%c9%99r\/#article\",\"isPartOf\":{\"@id\":\"https:\/\/amip.az\/2024\/10\/10\/yeni-bayraq-sevdasi-ir%c9%99vana-baha-basa-g%c9%99l%c9%99c%c9%99k-az%c9%99rbaycan-ir%c9%99vana-q%c9%99d%c9%99r\/\"},\"author\":{\"name\":\"admin_amip\",\"@id\":\"https:\/\/amip.az\/az\/#\/schema\/person\/a7055ff0b4631c41849ee16f8ff51da7\"},\"headline\":\"Yeni bayraq sevdas\u0131 \u0130r\u0259vana baha ba\u015fa g\u0259l\u0259c\u0259k:\u00a0Az\u0259rbaycan \u0130r\u0259vana q\u0259d\u0259r&#8230;\",\"datePublished\":\"2024-10-10T04:31:54+00:00\",\"dateModified\":\"2024-10-10T04:31:55+00:00\",\"mainEntityOfPage\":{\"@id\":\"https:\/\/amip.az\/2024\/10\/10\/yeni-bayraq-sevdasi-ir%c9%99vana-baha-basa-g%c9%99l%c9%99c%c9%99k-az%c9%99rbaycan-ir%c9%99vana-q%c9%99d%c9%99r\/\"},\"wordCount\":794,\"publisher\":{\"@id\":\"https:\/\/amip.az\/az\/#organization\"},\"image\":{\"@id\":\"https:\/\/amip.az\/2024\/10\/10\/yeni-bayraq-sevdasi-ir%c9%99vana-baha-basa-g%c9%99l%c9%99c%c9%99k-az%c9%99rbaycan-ir%c9%99vana-q%c9%99d%c9%99r\/#primaryimage\"},\"thumbnailUrl\":\"https:\/\/amip.az\/wp-content\/uploads\/2022\/06\/Arzuxan_Alizade_01.jpg\",\"articleSection\":[\"K\u0130V\"],\"inLanguage\":\"az\"},{\"@type\":\"WebPage\",\"@id\":\"https:\/\/amip.az\/2024\/10\/10\/yeni-bayraq-sevdasi-ir%c9%99vana-baha-basa-g%c9%99l%c9%99c%c9%99k-az%c9%99rbaycan-ir%c9%99vana-q%c9%99d%c9%99r\/\",\"url\":\"https:\/\/amip.az\/2024\/10\/10\/yeni-bayraq-sevdasi-ir%c9%99vana-baha-basa-g%c9%99l%c9%99c%c9%99k-az%c9%99rbaycan-ir%c9%99vana-q%c9%99d%c9%99r\/\",\"name\":\"Yeni bayraq sevdas\u0131 \u0130r\u0259vana baha ba\u015fa g\u0259l\u0259c\u0259k:\u00a0Az\u0259rbaycan \u0130r\u0259vana q\u0259d\u0259r... - Az\u0259rbaycan Milli \u0130stiqlal Partiyas\u0131\",\"isPartOf\":{\"@id\":\"https:\/\/amip.az\/az\/#website\"},\"primaryImageOfPage\":{\"@id\":\"https:\/\/amip.az\/2024\/10\/10\/yeni-bayraq-sevdasi-ir%c9%99vana-baha-basa-g%c9%99l%c9%99c%c9%99k-az%c9%99rbaycan-ir%c9%99vana-q%c9%99d%c9%99r\/#primaryimage\"},\"image\":{\"@id\":\"https:\/\/amip.az\/2024\/10\/10\/yeni-bayraq-sevdasi-ir%c9%99vana-baha-basa-g%c9%99l%c9%99c%c9%99k-az%c9%99rbaycan-ir%c9%99vana-q%c9%99d%c9%99r\/#primaryimage\"},\"thumbnailUrl\":\"https:\/\/amip.az\/wp-content\/uploads\/2022\/06\/Arzuxan_Alizade_01.jpg\",\"datePublished\":\"2024-10-10T04:31:54+00:00\",\"dateModified\":\"2024-10-10T04:31:55+00:00\",\"breadcrumb\":{\"@id\":\"https:\/\/amip.az\/2024\/10\/10\/yeni-bayraq-sevdasi-ir%c9%99vana-baha-basa-g%c9%99l%c9%99c%c9%99k-az%c9%99rbaycan-ir%c9%99vana-q%c9%99d%c9%99r\/#breadcrumb\"},\"inLanguage\":\"az\",\"potentialAction\":[{\"@type\":\"ReadAction\",\"target\":[\"https:\/\/amip.az\/2024\/10\/10\/yeni-bayraq-sevdasi-ir%c9%99vana-baha-basa-g%c9%99l%c9%99c%c9%99k-az%c9%99rbaycan-ir%c9%99vana-q%c9%99d%c9%99r\/\"]}]},{\"@type\":\"ImageObject\",\"inLanguage\":\"az\",\"@id\":\"https:\/\/amip.az\/2024\/10\/10\/yeni-bayraq-sevdasi-ir%c9%99vana-baha-basa-g%c9%99l%c9%99c%c9%99k-az%c9%99rbaycan-ir%c9%99vana-q%c9%99d%c9%99r\/#primaryimage\",\"url\":\"https:\/\/amip.az\/wp-content\/uploads\/2022\/06\/Arzuxan_Alizade_01.jpg\",\"contentUrl\":\"https:\/\/amip.az\/wp-content\/uploads\/2022\/06\/Arzuxan_Alizade_01.jpg\",\"width\":960,\"height\":640},{\"@type\":\"BreadcrumbList\",\"@id\":\"https:\/\/amip.az\/2024\/10\/10\/yeni-bayraq-sevdasi-ir%c9%99vana-baha-basa-g%c9%99l%c9%99c%c9%99k-az%c9%99rbaycan-ir%c9%99vana-q%c9%99d%c9%99r\/#breadcrumb\",\"itemListElement\":[{\"@type\":\"ListItem\",\"position\":1,\"name\":\"Home\",\"item\":\"https:\/\/amip.az\/\"},{\"@type\":\"ListItem\",\"position\":2,\"name\":\"Yeni bayraq sevdas\u0131 \u0130r\u0259vana baha ba\u015fa g\u0259l\u0259c\u0259k:\u00a0Az\u0259rbaycan \u0130r\u0259vana q\u0259d\u0259r&#8230;\"}]},{\"@type\":\"WebSite\",\"@id\":\"https:\/\/amip.az\/az\/#website\",\"url\":\"https:\/\/amip.az\/az\/\",\"name\":\"Az\u0259rbaycan Milli \u0130stiqlal Partiyas\u0131\",\"description\":\"AM\u0130P\",\"publisher\":{\"@id\":\"https:\/\/amip.az\/az\/#organization\"},\"potentialAction\":[{\"@type\":\"SearchAction\",\"target\":{\"@type\":\"EntryPoint\",\"urlTemplate\":\"https:\/\/amip.az\/az\/?s={search_term_string}\"},\"query-input\":{\"@type\":\"PropertyValueSpecification\",\"valueRequired\":true,\"valueName\":\"search_term_string\"}}],\"inLanguage\":\"az\"},{\"@type\":\"Organization\",\"@id\":\"https:\/\/amip.az\/az\/#organization\",\"name\":\"Az\u0259rbaycan Milli \u0130stiqlal Partiyas\u0131\",\"url\":\"https:\/\/amip.az\/az\/\",\"logo\":{\"@type\":\"ImageObject\",\"inLanguage\":\"az\",\"@id\":\"https:\/\/amip.az\/az\/#\/schema\/logo\/image\/\",\"url\":\"https:\/\/amip.az\/wp-content\/uploads\/2023\/06\/amiplogo.png\",\"contentUrl\":\"https:\/\/amip.az\/wp-content\/uploads\/2023\/06\/amiplogo.png\",\"width\":723,\"height\":423,\"caption\":\"Az\u0259rbaycan Milli \u0130stiqlal Partiyas\u0131\"},\"image\":{\"@id\":\"https:\/\/amip.az\/az\/#\/schema\/logo\/image\/\"},\"sameAs\":[\"https:\/\/www.facebook.com\/istiqlal91\",\"https:\/\/x.com\/APartiyas\",\"https:\/\/www.youtube.com\/channel\/UCF3pc8spko_xON2sr4vUC5A\"]},{\"@type\":\"Person\",\"@id\":\"https:\/\/amip.az\/az\/#\/schema\/person\/a7055ff0b4631c41849ee16f8ff51da7\",\"name\":\"admin_amip\",\"image\":{\"@type\":\"ImageObject\",\"inLanguage\":\"az\",\"@id\":\"https:\/\/amip.az\/az\/#\/schema\/person\/image\/\",\"url\":\"https:\/\/secure.gravatar.com\/avatar\/6c3dc6902fd066c5a5d68c8f0038dcc56ec283faa7337f8e6b219cf7e7321d3f?s=96&d=mm&r=g\",\"contentUrl\":\"https:\/\/secure.gravatar.com\/avatar\/6c3dc6902fd066c5a5d68c8f0038dcc56ec283faa7337f8e6b219cf7e7321d3f?s=96&d=mm&r=g\",\"caption\":\"admin_amip\"},\"url\":\"https:\/\/amip.az\/az\/author\/admin_amip\/\"}]}<\/script>\n<!-- \/ Yoast SEO plugin. -->","yoast_head_json":{"title":"Yeni bayraq sevdas\u0131 \u0130r\u0259vana baha ba\u015fa g\u0259l\u0259c\u0259k:\u00a0Az\u0259rbaycan \u0130r\u0259vana q\u0259d\u0259r... - Az\u0259rbaycan Milli \u0130stiqlal Partiyas\u0131","robots":{"index":"index","follow":"follow","max-snippet":"max-snippet:-1","max-image-preview":"max-image-preview:large","max-video-preview":"max-video-preview:-1"},"canonical":"https:\/\/amip.az\/az\/2024\/10\/10\/yeni-bayraq-sevdasi-ir\u0259vana-baha-basa-g\u0259l\u0259c\u0259k-az\u0259rbaycan-ir\u0259vana-q\u0259d\u0259r\/","og_locale":"az_AZ","og_type":"article","og_title":"Yeni bayraq sevdas\u0131 \u0130r\u0259vana baha ba\u015fa g\u0259l\u0259c\u0259k:\u00a0Az\u0259rbaycan \u0130r\u0259vana q\u0259d\u0259r... - Az\u0259rbaycan Milli \u0130stiqlal Partiyas\u0131","og_description":"Mill\u0259t v\u0259kili Arzuxan \u018flizad\u0259 Erm\u0259nistan \u0259razisind\u0259 \u00fcz\u0259rind\u0259 s\u0259lib\u00e7i xa\u00e7\u0131 olan&nbsp;d\u00f6vl\u0259t bayra\u011f\u0131&nbsp;qald\u0131rmas\u0131na &nbsp;m\u00fcnasib\u0259t bildirib.&nbsp; Deputat Sitat.info-ya a\u00e7\u0131qlamas\u0131nda bildirib ki, bu \u0130r\u0259van\u0131n s\u0259lib\u00e7i niyy\u0259tind\u0259n x\u0259b\u0259r verir:\u00a0&#8220;M\u0259lumdur ki, Erm\u0259nistan\u0131n d\u00f6vl\u0259t bayra\u011f\u0131 \u00fcz\u0259rind\u0259 xa\u00e7 t\u0259sviri yoxdur. Bel\u0259 g\u00f6r\u00fcn\u00fcr ki, Erm\u0259nistan Az\u0259rbaycana qar\u015f\u0131 s\u0259lib\u00e7i niyy\u0259tini ifad\u0259 etm\u0259k \u00fc\u00e7\u00fcn d\u00f6vl\u0259t bayra\u011f\u0131 \u00fcz\u0259rind\u0259 d\u0259yi\u015fiklik etm\u0259k q\u0259rar\u0131na g\u0259lib.\u00a0\u00a0Az\u0259rbaycan torpaqlar\u0131n\u0131n 20 faizinin i\u015f\u011fal alt\u0131nda saxland\u0131\u011f\u0131 d\u00f6n\u0259md\u0259 qondarma yaratd\u0131qlar\u0131 bir qurumun bayra\u011f\u0131, \u0259ski par\u00e7as\u0131 \u00a0var idi.\u00a0 Erm\u0259nistan\u0131n indiki bayra\u011f\u0131n\u0131n \u00fcz\u0259rin\u0259 \u0259lav\u0259 elementl\u0259r \u00e7\u0259k\u0259r\u0259k, onu\u00a0 h\u0259min qondarma qurumun bayra\u011f\u0131na \u00e7evirmi\u015fdil\u0259r. N\u0259tic\u0259 g\u00f6z qaba\u011f\u0131ndad\u0131r, art\u0131q n\u0259 [&hellip;]","og_url":"https:\/\/amip.az\/az\/2024\/10\/10\/yeni-bayraq-sevdasi-ir\u0259vana-baha-basa-g\u0259l\u0259c\u0259k-az\u0259rbaycan-ir\u0259vana-q\u0259d\u0259r\/","og_site_name":"Az\u0259rbaycan Milli \u0130stiqlal Partiyas\u0131","article_publisher":"https:\/\/www.facebook.com\/istiqlal91","article_published_time":"2024-10-10T04:31:54+00:00","article_modified_time":"2024-10-10T04:31:55+00:00","og_image":[{"width":960,"height":640,"url":"https:\/\/amip.az\/wp-content\/uploads\/2022\/06\/Arzuxan_Alizade_01.jpg","type":"image\/jpeg"}],"author":"admin_amip","twitter_card":"summary_large_image","twitter_creator":"@APartiyas","twitter_site":"@APartiyas","twitter_misc":{"Written by":"admin_amip","Est. reading time":"3 minutes"},"schema":{"@context":"https:\/\/schema.org","@graph":[{"@type":"Article","@id":"https:\/\/amip.az\/2024\/10\/10\/yeni-bayraq-sevdasi-ir%c9%99vana-baha-basa-g%c9%99l%c9%99c%c9%99k-az%c9%99rbaycan-ir%c9%99vana-q%c9%99d%c9%99r\/#article","isPartOf":{"@id":"https:\/\/amip.az\/2024\/10\/10\/yeni-bayraq-sevdasi-ir%c9%99vana-baha-basa-g%c9%99l%c9%99c%c9%99k-az%c9%99rbaycan-ir%c9%99vana-q%c9%99d%c9%99r\/"},"author":{"name":"admin_amip","@id":"https:\/\/amip.az\/az\/#\/schema\/person\/a7055ff0b4631c41849ee16f8ff51da7"},"headline":"Yeni bayraq sevdas\u0131 \u0130r\u0259vana baha ba\u015fa g\u0259l\u0259c\u0259k:\u00a0Az\u0259rbaycan \u0130r\u0259vana q\u0259d\u0259r&#8230;","datePublished":"2024-10-10T04:31:54+00:00","dateModified":"2024-10-10T04:31:55+00:00","mainEntityOfPage":{"@id":"https:\/\/amip.az\/2024\/10\/10\/yeni-bayraq-sevdasi-ir%c9%99vana-baha-basa-g%c9%99l%c9%99c%c9%99k-az%c9%99rbaycan-ir%c9%99vana-q%c9%99d%c9%99r\/"},"wordCount":794,"publisher":{"@id":"https:\/\/amip.az\/az\/#organization"},"image":{"@id":"https:\/\/amip.az\/2024\/10\/10\/yeni-bayraq-sevdasi-ir%c9%99vana-baha-basa-g%c9%99l%c9%99c%c9%99k-az%c9%99rbaycan-ir%c9%99vana-q%c9%99d%c9%99r\/#primaryimage"},"thumbnailUrl":"https:\/\/amip.az\/wp-content\/uploads\/2022\/06\/Arzuxan_Alizade_01.jpg","articleSection":["K\u0130V"],"inLanguage":"az"},{"@type":"WebPage","@id":"https:\/\/amip.az\/2024\/10\/10\/yeni-bayraq-sevdasi-ir%c9%99vana-baha-basa-g%c9%99l%c9%99c%c9%99k-az%c9%99rbaycan-ir%c9%99vana-q%c9%99d%c9%99r\/","url":"https:\/\/amip.az\/2024\/10\/10\/yeni-bayraq-sevdasi-ir%c9%99vana-baha-basa-g%c9%99l%c9%99c%c9%99k-az%c9%99rbaycan-ir%c9%99vana-q%c9%99d%c9%99r\/","name":"Yeni bayraq sevdas\u0131 \u0130r\u0259vana baha ba\u015fa g\u0259l\u0259c\u0259k:\u00a0Az\u0259rbaycan \u0130r\u0259vana q\u0259d\u0259r... - Az\u0259rbaycan Milli \u0130stiqlal Partiyas\u0131","isPartOf":{"@id":"https:\/\/amip.az\/az\/#website"},"primaryImageOfPage":{"@id":"https:\/\/amip.az\/2024\/10\/10\/yeni-bayraq-sevdasi-ir%c9%99vana-baha-basa-g%c9%99l%c9%99c%c9%99k-az%c9%99rbaycan-ir%c9%99vana-q%c9%99d%c9%99r\/#primaryimage"},"image":{"@id":"https:\/\/amip.az\/2024\/10\/10\/yeni-bayraq-sevdasi-ir%c9%99vana-baha-basa-g%c9%99l%c9%99c%c9%99k-az%c9%99rbaycan-ir%c9%99vana-q%c9%99d%c9%99r\/#primaryimage"},"thumbnailUrl":"https:\/\/amip.az\/wp-content\/uploads\/2022\/06\/Arzuxan_Alizade_01.jpg","datePublished":"2024-10-10T04:31:54+00:00","dateModified":"2024-10-10T04:31:55+00:00","breadcrumb":{"@id":"https:\/\/amip.az\/2024\/10\/10\/yeni-bayraq-sevdasi-ir%c9%99vana-baha-basa-g%c9%99l%c9%99c%c9%99k-az%c9%99rbaycan-ir%c9%99vana-q%c9%99d%c9%99r\/#breadcrumb"},"inLanguage":"az","potentialAction":[{"@type":"ReadAction","target":["https:\/\/amip.az\/2024\/10\/10\/yeni-bayraq-sevdasi-ir%c9%99vana-baha-basa-g%c9%99l%c9%99c%c9%99k-az%c9%99rbaycan-ir%c9%99vana-q%c9%99d%c9%99r\/"]}]},{"@type":"ImageObject","inLanguage":"az","@id":"https:\/\/amip.az\/2024\/10\/10\/yeni-bayraq-sevdasi-ir%c9%99vana-baha-basa-g%c9%99l%c9%99c%c9%99k-az%c9%99rbaycan-ir%c9%99vana-q%c9%99d%c9%99r\/#primaryimage","url":"https:\/\/amip.az\/wp-content\/uploads\/2022\/06\/Arzuxan_Alizade_01.jpg","contentUrl":"https:\/\/amip.az\/wp-content\/uploads\/2022\/06\/Arzuxan_Alizade_01.jpg","width":960,"height":640},{"@type":"BreadcrumbList","@id":"https:\/\/amip.az\/2024\/10\/10\/yeni-bayraq-sevdasi-ir%c9%99vana-baha-basa-g%c9%99l%c9%99c%c9%99k-az%c9%99rbaycan-ir%c9%99vana-q%c9%99d%c9%99r\/#breadcrumb","itemListElement":[{"@type":"ListItem","position":1,"name":"Home","item":"https:\/\/amip.az\/"},{"@type":"ListItem","position":2,"name":"Yeni bayraq sevdas\u0131 \u0130r\u0259vana baha ba\u015fa g\u0259l\u0259c\u0259k:\u00a0Az\u0259rbaycan \u0130r\u0259vana q\u0259d\u0259r&#8230;"}]},{"@type":"WebSite","@id":"https:\/\/amip.az\/az\/#website","url":"https:\/\/amip.az\/az\/","name":"Az\u0259rbaycan Milli \u0130stiqlal Partiyas\u0131","description":"AM\u0130P","publisher":{"@id":"https:\/\/amip.az\/az\/#organization"},"potentialAction":[{"@type":"SearchAction","target":{"@type":"EntryPoint","urlTemplate":"https:\/\/amip.az\/az\/?s={search_term_string}"},"query-input":{"@type":"PropertyValueSpecification","valueRequired":true,"valueName":"search_term_string"}}],"inLanguage":"az"},{"@type":"Organization","@id":"https:\/\/amip.az\/az\/#organization","name":"Az\u0259rbaycan Milli \u0130stiqlal Partiyas\u0131","url":"https:\/\/amip.az\/az\/","logo":{"@type":"ImageObject","inLanguage":"az","@id":"https:\/\/amip.az\/az\/#\/schema\/logo\/image\/","url":"https:\/\/amip.az\/wp-content\/uploads\/2023\/06\/amiplogo.png","contentUrl":"https:\/\/amip.az\/wp-content\/uploads\/2023\/06\/amiplogo.png","width":723,"height":423,"caption":"Az\u0259rbaycan Milli \u0130stiqlal Partiyas\u0131"},"image":{"@id":"https:\/\/amip.az\/az\/#\/schema\/logo\/image\/"},"sameAs":["https:\/\/www.facebook.com\/istiqlal91","https:\/\/x.com\/APartiyas","https:\/\/www.youtube.com\/channel\/UCF3pc8spko_xON2sr4vUC5A"]},{"@type":"Person","@id":"https:\/\/amip.az\/az\/#\/schema\/person\/a7055ff0b4631c41849ee16f8ff51da7","name":"admin_amip","image":{"@type":"ImageObject","inLanguage":"az","@id":"https:\/\/amip.az\/az\/#\/schema\/person\/image\/","url":"https:\/\/secure.gravatar.com\/avatar\/6c3dc6902fd066c5a5d68c8f0038dcc56ec283faa7337f8e6b219cf7e7321d3f?s=96&d=mm&r=g","contentUrl":"https:\/\/secure.gravatar.com\/avatar\/6c3dc6902fd066c5a5d68c8f0038dcc56ec283faa7337f8e6b219cf7e7321d3f?s=96&d=mm&r=g","caption":"admin_amip"},"url":"https:\/\/amip.az\/az\/author\/admin_amip\/"}]}},"_links":{"self":[{"href":"https:\/\/amip.az\/az\/wp-json\/wp\/v2\/posts\/7282","targetHints":{"allow":["GET"]}}],"collection":[{"href":"https:\/\/amip.az\/az\/wp-json\/wp\/v2\/posts"}],"about":[{"href":"https:\/\/amip.az\/az\/wp-json\/wp\/v2\/types\/post"}],"author":[{"embeddable":true,"href":"https:\/\/amip.az\/az\/wp-json\/wp\/v2\/users\/2"}],"replies":[{"embeddable":true,"href":"https:\/\/amip.az\/az\/wp-json\/wp\/v2\/comments?post=7282"}],"version-history":[{"count":1,"href":"https:\/\/amip.az\/az\/wp-json\/wp\/v2\/posts\/7282\/revisions"}],"predecessor-version":[{"id":7283,"href":"https:\/\/amip.az\/az\/wp-json\/wp\/v2\/posts\/7282\/revisions\/7283"}],"wp:featuredmedia":[{"embeddable":true,"href":"https:\/\/amip.az\/az\/wp-json\/wp\/v2\/media\/4119"}],"wp:attachment":[{"href":"https:\/\/amip.az\/az\/wp-json\/wp\/v2\/media?parent=7282"}],"wp:term":[{"taxonomy":"category","embeddable":true,"href":"https:\/\/amip.az\/az\/wp-json\/wp\/v2\/categories?post=7282"},{"taxonomy":"post_tag","embeddable":true,"href":"https:\/\/amip.az\/az\/wp-json\/wp\/v2\/tags?post=7282"}],"curies":[{"name":"wp","href":"https:\/\/api.w.org\/{rel}","templated":true}]}}