{"id":8295,"date":"2025-05-05T21:56:53","date_gmt":"2025-05-05T17:56:53","guid":{"rendered":"https:\/\/amip.az\/?p=8295"},"modified":"2025-05-05T21:56:58","modified_gmt":"2025-05-05T17:56:58","slug":"az%c9%99rbaycan-rusiya-ucun-n%c9%99f%c9%99slik-rolunu-oynayir-deputatdan-aciqlama","status":"publish","type":"post","link":"https:\/\/amip.az\/az\/2025\/05\/05\/az%c9%99rbaycan-rusiya-ucun-n%c9%99f%c9%99slik-rolunu-oynayir-deputatdan-aciqlama\/","title":{"rendered":"&#8220;Az\u0259rbaycan Rusiya \u00fc\u00e7\u00fcn &#8220;n\u0259f\u0259slik&#8221; rolunu oynay\u0131r&#8221;\u00a0&#8211; Deputatdan A\u00c7IQLAMA"},"content":{"rendered":"\n<p><strong>&#8220;D\u00fcn\u0259n deputat Az\u0259r Badamovun Moskvada saxlan\u0131lmas\u0131 v\u0259 H\u0259\u015ft\u0259rxan reysin\u0259 burax\u0131lmamas\u0131 bar\u0259d\u0259 x\u0259b\u0259r m\u0259lumat yay\u0131l\u0131b. Bu, ciddi skandald\u0131r. \u00a0Rusiya D\u00f6vl\u0259t Dumas\u0131n\u0131n deputat\u0131 Valuyev bir m\u00fcdd\u0259t \u0259vv\u0259l az\u0259rbaycanl\u0131lar haqq\u0131nda t\u0259rbiy\u0259sizc\u0259sin\u0259 fikirl\u0259r s\u0259sl\u0259ndirdi. O zaman Az\u0259r Badamov Valuyevin t\u0259rbiy\u0259sizliyin\u0259 laz\u0131mi cavab\u0131 vermi\u015fdi. M\u0259n v\u0259 dig\u0259r h\u0259mkarlar\u0131m\u0131z da bununla ba\u011fl\u0131 \u00f6z fikirl\u0259rini bildirmi\u015fdil\u0259r&#8221;.<\/strong><\/p>\n\n\n\n<p>Bu s\u00f6zl\u0259ri\u00a0Demokrat.az-a a\u00e7\u0131qlamas\u0131nda <strong>deputat Arzuxan \u018flizad\u0259<\/strong> deyib.\u00a0<\/p>\n\n\n\n<p>Deputat bildirib ki, h\u0259l\u0259 &nbsp;bizim dig\u0259r h\u0259mkarlar\u0131m\u0131z\u0131n ist\u0259nm\u0259y\u0259n \u015f\u0259xs siyah\u0131s\u0131na sal\u0131n\u0131b-sal\u0131nmamas\u0131 m\u0259lum deyil:<\/p>\n\n\n\n<p>&#8220;Rusiya \u0259n az\u0131ndan m\u0259s\u0259l\u0259 il\u0259 ba\u011fl\u0131 Az\u0259rbaycan\u0131 m\u0259lumatland\u0131rmal\u0131 idi. Az\u0259rbaycan v\u0259 Rusiya aras\u0131nda strateji m\u00fct\u0259ffiqlik s\u0259viyy\u0259sind\u0259 m\u00fcnasib\u0259tl\u0259rin normal s\u0259viyy\u0259d\u0259 davam etdiyi bir d\u00f6vrd\u0259 deputat\u0131m\u0131za qar\u015f\u0131 bu c\u00fcr h\u00f6rm\u0259tsizlik etm\u0259si 2 \u00f6lk\u0259 aras\u0131nda m\u00fcnasib\u0259tl\u0259r\u0259 ciddi k\u00f6lg\u0259 sal\u0131r. Valuyev t\u0259rbiy\u0259sizlikl\u0259ri il\u0259 g\u00fcnd\u0259m\u0259 g\u0259ldiyi zaman \u0259slind\u0259 ona el\u0259 \u00f6z h\u0259mkarlar\u0131 irad bildirm\u0259li idi. Rusiya X\u0130N v\u0259 dig\u0259r qurumlar da bununla ba\u011fl\u0131 Valuyevin fikirl\u0259rin\u0259 etiraz etm\u0259li idil\u0259r. Bunu etm\u0259dikl\u0259ri \u00fc\u00e7\u00fcn deputat Az\u0259r Badamov onun cavab\u0131n\u0131 layiqinc\u0259 verdi. Valuyev\u0259 \u00f6zl\u0259ri irad tutmad\u0131lar, h\u0259tta onun \u0259v\u0259zin\u0259 az\u0259rbaycanl\u0131 deputata qada\u011fa qoyurlar. B\u00fct\u00fcn bunlar &#8220;imperiya&#8221; t\u0259f\u0259kk\u00fcr\u00fcnd\u0259n \u0259m\u0259l\u0259 g\u0259l\u0259n m\u0259s\u0259l\u0259l\u0259rdir. Rus deputat bizi t\u0259hqir etm\u0259li, biz is\u0259 susmal\u0131y\u0131q?&nbsp;&nbsp;Rusiya r\u0259smil\u0259ri bu c\u00fcr m\u00fcnasib\u0259tl\u0259rl\u0259 Az\u0259rbaycanla strateji m\u00fctt\u0259fiqliyin davam ed\u0259c\u0259yini d\u00fc\u015f\u00fcn\u00fcrl\u0259rs\u0259, yan\u0131l\u0131rlar. Az\u0259rbaycana yuxar\u0131dan a\u015fa\u011f\u0131 baxmaq olmaz. Rusiyan\u0131n h\u0259r k\u0259si qar\u015f\u0131s\u0131na ald\u0131\u011f\u0131 bu zamanda Az\u0259rbaycan Rusiya \u00fc\u00e7\u00fcn &#8220;n\u0259f\u0259slik&#8221; rolunu oynay\u0131r. Deputat\u0131m\u0131za pis m\u00fcnasib\u0259t Az\u0259rbaycan d\u00f6vl\u0259tin\u0259, parlamentin\u0259, xalq\u0131na &nbsp;h\u00f6rm\u0259tsizlikdir. Valuyevin aya\u011f\u0131ndan ipl\u0259 harasa ba\u011flamaq laz\u0131md\u0131r ki, onun kimil\u0259r Az\u0259rbaycan haqq\u0131nda t\u0259rbiy\u0259d\u0259n, \u0259xlaqdan k\u0259nar fikirl\u0259r s\u0259sl\u0259ndirm\u0259sinl\u0259r. Bel\u0259 \u015feyl\u0259r\u0259 davam ets\u0259l\u0259r, cavablar\u0131n\u0131 alacaqlar. Biz Az\u0259rbaycanl\u0131 olmaqla f\u0259xr edirik, d\u00f6vl\u0259timizin maraqlar\u0131na xidm\u0259t etm\u0259kl\u0259 ist\u0259nil\u0259n t\u0259hdidin qar\u015f\u0131s\u0131n\u0131 alma\u011fa malikik&#8221;.<\/p>\n","protected":false},"excerpt":{"rendered":"<p>&#8220;D\u00fcn\u0259n deputat Az\u0259r Badamovun Moskvada saxlan\u0131lmas\u0131 v\u0259 H\u0259\u015ft\u0259rxan reysin\u0259 burax\u0131lmamas\u0131 bar\u0259d\u0259 x\u0259b\u0259r m\u0259lumat yay\u0131l\u0131b. Bu, ciddi skandald\u0131r. \u00a0Rusiya D\u00f6vl\u0259t Dumas\u0131n\u0131n deputat\u0131 Valuyev bir m\u00fcdd\u0259t \u0259vv\u0259l az\u0259rbaycanl\u0131lar haqq\u0131nda t\u0259rbiy\u0259sizc\u0259sin\u0259 fikirl\u0259r s\u0259sl\u0259ndirdi. O zaman Az\u0259r Badamov Valuyevin t\u0259rbiy\u0259sizliyin\u0259 laz\u0131mi cavab\u0131 vermi\u015fdi. M\u0259n v\u0259 dig\u0259r h\u0259mkarlar\u0131m\u0131z da bununla ba\u011fl\u0131 \u00f6z fikirl\u0259rini bildirmi\u015fdil\u0259r&#8221;. Bu s\u00f6zl\u0259ri\u00a0Demokrat.az-a a\u00e7\u0131qlamas\u0131nda deputat Arzuxan \u018flizad\u0259 deyib.\u00a0 Deputat bildirib ki, h\u0259l\u0259 &nbsp;bizim dig\u0259r h\u0259mkarlar\u0131m\u0131z\u0131n ist\u0259nm\u0259y\u0259n \u015f\u0259xs siyah\u0131s\u0131na sal\u0131n\u0131b-sal\u0131nmamas\u0131 m\u0259lum deyil: &#8220;Rusiya \u0259n az\u0131ndan m\u0259s\u0259l\u0259 il\u0259 ba\u011fl\u0131 Az\u0259rbaycan\u0131 m\u0259lumatland\u0131rmal\u0131 idi. Az\u0259rbaycan v\u0259 Rusiya aras\u0131nda strateji m\u00fct\u0259ffiqlik [&hellip;]<\/p>\n","protected":false},"author":2,"featured_media":7547,"comment_status":"closed","ping_status":"open","sticky":false,"template":"","format":"standard","meta":{"footnotes":""},"categories":[10],"tags":[],"class_list":["post-8295","post","type-post","status-publish","format-standard","has-post-thumbnail","hentry","category-kiv"],"yoast_head":"<!-- This site is optimized with the Yoast SEO plugin v23.8 - https:\/\/yoast.com\/wordpress\/plugins\/seo\/ -->\n<title>&quot;Az\u0259rbaycan Rusiya \u00fc\u00e7\u00fcn &quot;n\u0259f\u0259slik&quot; rolunu oynay\u0131r&quot;\u00a0- Deputatdan A\u00c7IQLAMA - Az\u0259rbaycan Milli \u0130stiqlal Partiyas\u0131<\/title>\n<meta name=\"robots\" content=\"index, follow, max-snippet:-1, max-image-preview:large, max-video-preview:-1\" \/>\n<link rel=\"canonical\" href=\"https:\/\/amip.az\/az\/2025\/05\/05\/az\u0259rbaycan-rusiya-ucun-n\u0259f\u0259slik-rolunu-oynayir-deputatdan-aciqlama\/\" \/>\n<meta property=\"og:locale\" content=\"az_AZ\" \/>\n<meta property=\"og:type\" content=\"article\" \/>\n<meta property=\"og:title\" content=\"&quot;Az\u0259rbaycan Rusiya \u00fc\u00e7\u00fcn &quot;n\u0259f\u0259slik&quot; rolunu oynay\u0131r&quot;\u00a0- Deputatdan A\u00c7IQLAMA - Az\u0259rbaycan Milli \u0130stiqlal Partiyas\u0131\" \/>\n<meta property=\"og:description\" content=\"&#8220;D\u00fcn\u0259n deputat Az\u0259r Badamovun Moskvada saxlan\u0131lmas\u0131 v\u0259 H\u0259\u015ft\u0259rxan reysin\u0259 burax\u0131lmamas\u0131 bar\u0259d\u0259 x\u0259b\u0259r m\u0259lumat yay\u0131l\u0131b. Bu, ciddi skandald\u0131r. \u00a0Rusiya D\u00f6vl\u0259t Dumas\u0131n\u0131n deputat\u0131 Valuyev bir m\u00fcdd\u0259t \u0259vv\u0259l az\u0259rbaycanl\u0131lar haqq\u0131nda t\u0259rbiy\u0259sizc\u0259sin\u0259 fikirl\u0259r s\u0259sl\u0259ndirdi. O zaman Az\u0259r Badamov Valuyevin t\u0259rbiy\u0259sizliyin\u0259 laz\u0131mi cavab\u0131 vermi\u015fdi. M\u0259n v\u0259 dig\u0259r h\u0259mkarlar\u0131m\u0131z da bununla ba\u011fl\u0131 \u00f6z fikirl\u0259rini bildirmi\u015fdil\u0259r&#8221;. Bu s\u00f6zl\u0259ri\u00a0Demokrat.az-a a\u00e7\u0131qlamas\u0131nda deputat Arzuxan \u018flizad\u0259 deyib.\u00a0 Deputat bildirib ki, h\u0259l\u0259 &nbsp;bizim dig\u0259r h\u0259mkarlar\u0131m\u0131z\u0131n ist\u0259nm\u0259y\u0259n \u015f\u0259xs siyah\u0131s\u0131na sal\u0131n\u0131b-sal\u0131nmamas\u0131 m\u0259lum deyil: &#8220;Rusiya \u0259n az\u0131ndan m\u0259s\u0259l\u0259 il\u0259 ba\u011fl\u0131 Az\u0259rbaycan\u0131 m\u0259lumatland\u0131rmal\u0131 idi. Az\u0259rbaycan v\u0259 Rusiya aras\u0131nda strateji m\u00fct\u0259ffiqlik [&hellip;]\" \/>\n<meta property=\"og:url\" content=\"https:\/\/amip.az\/az\/2025\/05\/05\/az\u0259rbaycan-rusiya-ucun-n\u0259f\u0259slik-rolunu-oynayir-deputatdan-aciqlama\/\" \/>\n<meta property=\"og:site_name\" content=\"Az\u0259rbaycan Milli \u0130stiqlal Partiyas\u0131\" \/>\n<meta property=\"article:publisher\" content=\"https:\/\/www.facebook.com\/istiqlal91\" \/>\n<meta property=\"article:published_time\" content=\"2025-05-05T17:56:53+00:00\" \/>\n<meta property=\"article:modified_time\" content=\"2025-05-05T17:56:58+00:00\" \/>\n<meta property=\"og:image\" content=\"https:\/\/amip.az\/wp-content\/uploads\/2024\/12\/arzuxan.png\" \/>\n\t<meta property=\"og:image:width\" content=\"1280\" \/>\n\t<meta property=\"og:image:height\" content=\"719\" \/>\n\t<meta property=\"og:image:type\" content=\"image\/png\" \/>\n<meta name=\"author\" content=\"admin_amip\" \/>\n<meta name=\"twitter:card\" content=\"summary_large_image\" \/>\n<meta name=\"twitter:creator\" content=\"@APartiyas\" \/>\n<meta name=\"twitter:site\" content=\"@APartiyas\" \/>\n<meta name=\"twitter:label1\" content=\"Written by\" \/>\n\t<meta name=\"twitter:data1\" content=\"admin_amip\" \/>\n\t<meta name=\"twitter:label2\" content=\"Est. reading time\" \/>\n\t<meta name=\"twitter:data2\" content=\"2 minutes\" \/>\n<script type=\"application\/ld+json\" class=\"yoast-schema-graph\">{\"@context\":\"https:\/\/schema.org\",\"@graph\":[{\"@type\":\"Article\",\"@id\":\"https:\/\/amip.az\/2025\/05\/05\/az%c9%99rbaycan-rusiya-ucun-n%c9%99f%c9%99slik-rolunu-oynayir-deputatdan-aciqlama\/#article\",\"isPartOf\":{\"@id\":\"https:\/\/amip.az\/2025\/05\/05\/az%c9%99rbaycan-rusiya-ucun-n%c9%99f%c9%99slik-rolunu-oynayir-deputatdan-aciqlama\/\"},\"author\":{\"name\":\"admin_amip\",\"@id\":\"https:\/\/amip.az\/az\/#\/schema\/person\/a7055ff0b4631c41849ee16f8ff51da7\"},\"headline\":\"&#8220;Az\u0259rbaycan Rusiya \u00fc\u00e7\u00fcn &#8220;n\u0259f\u0259slik&#8221; rolunu oynay\u0131r&#8221;\u00a0&#8211; Deputatdan A\u00c7IQLAMA\",\"datePublished\":\"2025-05-05T17:56:53+00:00\",\"dateModified\":\"2025-05-05T17:56:58+00:00\",\"mainEntityOfPage\":{\"@id\":\"https:\/\/amip.az\/2025\/05\/05\/az%c9%99rbaycan-rusiya-ucun-n%c9%99f%c9%99slik-rolunu-oynayir-deputatdan-aciqlama\/\"},\"wordCount\":468,\"publisher\":{\"@id\":\"https:\/\/amip.az\/az\/#organization\"},\"image\":{\"@id\":\"https:\/\/amip.az\/2025\/05\/05\/az%c9%99rbaycan-rusiya-ucun-n%c9%99f%c9%99slik-rolunu-oynayir-deputatdan-aciqlama\/#primaryimage\"},\"thumbnailUrl\":\"https:\/\/amip.az\/wp-content\/uploads\/2024\/12\/arzuxan.png\",\"articleSection\":[\"K\u0130V\"],\"inLanguage\":\"az\"},{\"@type\":\"WebPage\",\"@id\":\"https:\/\/amip.az\/2025\/05\/05\/az%c9%99rbaycan-rusiya-ucun-n%c9%99f%c9%99slik-rolunu-oynayir-deputatdan-aciqlama\/\",\"url\":\"https:\/\/amip.az\/2025\/05\/05\/az%c9%99rbaycan-rusiya-ucun-n%c9%99f%c9%99slik-rolunu-oynayir-deputatdan-aciqlama\/\",\"name\":\"\\\"Az\u0259rbaycan Rusiya \u00fc\u00e7\u00fcn \\\"n\u0259f\u0259slik\\\" rolunu oynay\u0131r\\\"\u00a0- Deputatdan A\u00c7IQLAMA - Az\u0259rbaycan Milli \u0130stiqlal Partiyas\u0131\",\"isPartOf\":{\"@id\":\"https:\/\/amip.az\/az\/#website\"},\"primaryImageOfPage\":{\"@id\":\"https:\/\/amip.az\/2025\/05\/05\/az%c9%99rbaycan-rusiya-ucun-n%c9%99f%c9%99slik-rolunu-oynayir-deputatdan-aciqlama\/#primaryimage\"},\"image\":{\"@id\":\"https:\/\/amip.az\/2025\/05\/05\/az%c9%99rbaycan-rusiya-ucun-n%c9%99f%c9%99slik-rolunu-oynayir-deputatdan-aciqlama\/#primaryimage\"},\"thumbnailUrl\":\"https:\/\/amip.az\/wp-content\/uploads\/2024\/12\/arzuxan.png\",\"datePublished\":\"2025-05-05T17:56:53+00:00\",\"dateModified\":\"2025-05-05T17:56:58+00:00\",\"breadcrumb\":{\"@id\":\"https:\/\/amip.az\/2025\/05\/05\/az%c9%99rbaycan-rusiya-ucun-n%c9%99f%c9%99slik-rolunu-oynayir-deputatdan-aciqlama\/#breadcrumb\"},\"inLanguage\":\"az\",\"potentialAction\":[{\"@type\":\"ReadAction\",\"target\":[\"https:\/\/amip.az\/2025\/05\/05\/az%c9%99rbaycan-rusiya-ucun-n%c9%99f%c9%99slik-rolunu-oynayir-deputatdan-aciqlama\/\"]}]},{\"@type\":\"ImageObject\",\"inLanguage\":\"az\",\"@id\":\"https:\/\/amip.az\/2025\/05\/05\/az%c9%99rbaycan-rusiya-ucun-n%c9%99f%c9%99slik-rolunu-oynayir-deputatdan-aciqlama\/#primaryimage\",\"url\":\"https:\/\/amip.az\/wp-content\/uploads\/2024\/12\/arzuxan.png\",\"contentUrl\":\"https:\/\/amip.az\/wp-content\/uploads\/2024\/12\/arzuxan.png\",\"width\":1280,\"height\":719,\"caption\":\"arzuxan\"},{\"@type\":\"BreadcrumbList\",\"@id\":\"https:\/\/amip.az\/2025\/05\/05\/az%c9%99rbaycan-rusiya-ucun-n%c9%99f%c9%99slik-rolunu-oynayir-deputatdan-aciqlama\/#breadcrumb\",\"itemListElement\":[{\"@type\":\"ListItem\",\"position\":1,\"name\":\"Home\",\"item\":\"https:\/\/amip.az\/\"},{\"@type\":\"ListItem\",\"position\":2,\"name\":\"&#8220;Az\u0259rbaycan Rusiya \u00fc\u00e7\u00fcn &#8220;n\u0259f\u0259slik&#8221; rolunu oynay\u0131r&#8221;\u00a0&#8211; Deputatdan A\u00c7IQLAMA\"}]},{\"@type\":\"WebSite\",\"@id\":\"https:\/\/amip.az\/az\/#website\",\"url\":\"https:\/\/amip.az\/az\/\",\"name\":\"Az\u0259rbaycan Milli \u0130stiqlal Partiyas\u0131\",\"description\":\"AM\u0130P\",\"publisher\":{\"@id\":\"https:\/\/amip.az\/az\/#organization\"},\"potentialAction\":[{\"@type\":\"SearchAction\",\"target\":{\"@type\":\"EntryPoint\",\"urlTemplate\":\"https:\/\/amip.az\/az\/?s={search_term_string}\"},\"query-input\":{\"@type\":\"PropertyValueSpecification\",\"valueRequired\":true,\"valueName\":\"search_term_string\"}}],\"inLanguage\":\"az\"},{\"@type\":\"Organization\",\"@id\":\"https:\/\/amip.az\/az\/#organization\",\"name\":\"Az\u0259rbaycan Milli \u0130stiqlal Partiyas\u0131\",\"url\":\"https:\/\/amip.az\/az\/\",\"logo\":{\"@type\":\"ImageObject\",\"inLanguage\":\"az\",\"@id\":\"https:\/\/amip.az\/az\/#\/schema\/logo\/image\/\",\"url\":\"https:\/\/amip.az\/wp-content\/uploads\/2023\/06\/amiplogo.png\",\"contentUrl\":\"https:\/\/amip.az\/wp-content\/uploads\/2023\/06\/amiplogo.png\",\"width\":723,\"height\":423,\"caption\":\"Az\u0259rbaycan Milli \u0130stiqlal Partiyas\u0131\"},\"image\":{\"@id\":\"https:\/\/amip.az\/az\/#\/schema\/logo\/image\/\"},\"sameAs\":[\"https:\/\/www.facebook.com\/istiqlal91\",\"https:\/\/x.com\/APartiyas\",\"https:\/\/www.youtube.com\/channel\/UCF3pc8spko_xON2sr4vUC5A\"]},{\"@type\":\"Person\",\"@id\":\"https:\/\/amip.az\/az\/#\/schema\/person\/a7055ff0b4631c41849ee16f8ff51da7\",\"name\":\"admin_amip\",\"image\":{\"@type\":\"ImageObject\",\"inLanguage\":\"az\",\"@id\":\"https:\/\/amip.az\/az\/#\/schema\/person\/image\/\",\"url\":\"https:\/\/secure.gravatar.com\/avatar\/6c3dc6902fd066c5a5d68c8f0038dcc56ec283faa7337f8e6b219cf7e7321d3f?s=96&d=mm&r=g\",\"contentUrl\":\"https:\/\/secure.gravatar.com\/avatar\/6c3dc6902fd066c5a5d68c8f0038dcc56ec283faa7337f8e6b219cf7e7321d3f?s=96&d=mm&r=g\",\"caption\":\"admin_amip\"},\"url\":\"https:\/\/amip.az\/az\/author\/admin_amip\/\"}]}<\/script>\n<!-- \/ Yoast SEO plugin. -->","yoast_head_json":{"title":"\"Az\u0259rbaycan Rusiya \u00fc\u00e7\u00fcn \"n\u0259f\u0259slik\" rolunu oynay\u0131r\"\u00a0- Deputatdan A\u00c7IQLAMA - Az\u0259rbaycan Milli \u0130stiqlal Partiyas\u0131","robots":{"index":"index","follow":"follow","max-snippet":"max-snippet:-1","max-image-preview":"max-image-preview:large","max-video-preview":"max-video-preview:-1"},"canonical":"https:\/\/amip.az\/az\/2025\/05\/05\/az\u0259rbaycan-rusiya-ucun-n\u0259f\u0259slik-rolunu-oynayir-deputatdan-aciqlama\/","og_locale":"az_AZ","og_type":"article","og_title":"\"Az\u0259rbaycan Rusiya \u00fc\u00e7\u00fcn \"n\u0259f\u0259slik\" rolunu oynay\u0131r\"\u00a0- Deputatdan A\u00c7IQLAMA - Az\u0259rbaycan Milli \u0130stiqlal Partiyas\u0131","og_description":"&#8220;D\u00fcn\u0259n deputat Az\u0259r Badamovun Moskvada saxlan\u0131lmas\u0131 v\u0259 H\u0259\u015ft\u0259rxan reysin\u0259 burax\u0131lmamas\u0131 bar\u0259d\u0259 x\u0259b\u0259r m\u0259lumat yay\u0131l\u0131b. Bu, ciddi skandald\u0131r. \u00a0Rusiya D\u00f6vl\u0259t Dumas\u0131n\u0131n deputat\u0131 Valuyev bir m\u00fcdd\u0259t \u0259vv\u0259l az\u0259rbaycanl\u0131lar haqq\u0131nda t\u0259rbiy\u0259sizc\u0259sin\u0259 fikirl\u0259r s\u0259sl\u0259ndirdi. O zaman Az\u0259r Badamov Valuyevin t\u0259rbiy\u0259sizliyin\u0259 laz\u0131mi cavab\u0131 vermi\u015fdi. M\u0259n v\u0259 dig\u0259r h\u0259mkarlar\u0131m\u0131z da bununla ba\u011fl\u0131 \u00f6z fikirl\u0259rini bildirmi\u015fdil\u0259r&#8221;. Bu s\u00f6zl\u0259ri\u00a0Demokrat.az-a a\u00e7\u0131qlamas\u0131nda deputat Arzuxan \u018flizad\u0259 deyib.\u00a0 Deputat bildirib ki, h\u0259l\u0259 &nbsp;bizim dig\u0259r h\u0259mkarlar\u0131m\u0131z\u0131n ist\u0259nm\u0259y\u0259n \u015f\u0259xs siyah\u0131s\u0131na sal\u0131n\u0131b-sal\u0131nmamas\u0131 m\u0259lum deyil: &#8220;Rusiya \u0259n az\u0131ndan m\u0259s\u0259l\u0259 il\u0259 ba\u011fl\u0131 Az\u0259rbaycan\u0131 m\u0259lumatland\u0131rmal\u0131 idi. Az\u0259rbaycan v\u0259 Rusiya aras\u0131nda strateji m\u00fct\u0259ffiqlik [&hellip;]","og_url":"https:\/\/amip.az\/az\/2025\/05\/05\/az\u0259rbaycan-rusiya-ucun-n\u0259f\u0259slik-rolunu-oynayir-deputatdan-aciqlama\/","og_site_name":"Az\u0259rbaycan Milli \u0130stiqlal Partiyas\u0131","article_publisher":"https:\/\/www.facebook.com\/istiqlal91","article_published_time":"2025-05-05T17:56:53+00:00","article_modified_time":"2025-05-05T17:56:58+00:00","og_image":[{"width":1280,"height":719,"url":"https:\/\/amip.az\/wp-content\/uploads\/2024\/12\/arzuxan.png","type":"image\/png"}],"author":"admin_amip","twitter_card":"summary_large_image","twitter_creator":"@APartiyas","twitter_site":"@APartiyas","twitter_misc":{"Written by":"admin_amip","Est. reading time":"2 minutes"},"schema":{"@context":"https:\/\/schema.org","@graph":[{"@type":"Article","@id":"https:\/\/amip.az\/2025\/05\/05\/az%c9%99rbaycan-rusiya-ucun-n%c9%99f%c9%99slik-rolunu-oynayir-deputatdan-aciqlama\/#article","isPartOf":{"@id":"https:\/\/amip.az\/2025\/05\/05\/az%c9%99rbaycan-rusiya-ucun-n%c9%99f%c9%99slik-rolunu-oynayir-deputatdan-aciqlama\/"},"author":{"name":"admin_amip","@id":"https:\/\/amip.az\/az\/#\/schema\/person\/a7055ff0b4631c41849ee16f8ff51da7"},"headline":"&#8220;Az\u0259rbaycan Rusiya \u00fc\u00e7\u00fcn &#8220;n\u0259f\u0259slik&#8221; rolunu oynay\u0131r&#8221;\u00a0&#8211; Deputatdan A\u00c7IQLAMA","datePublished":"2025-05-05T17:56:53+00:00","dateModified":"2025-05-05T17:56:58+00:00","mainEntityOfPage":{"@id":"https:\/\/amip.az\/2025\/05\/05\/az%c9%99rbaycan-rusiya-ucun-n%c9%99f%c9%99slik-rolunu-oynayir-deputatdan-aciqlama\/"},"wordCount":468,"publisher":{"@id":"https:\/\/amip.az\/az\/#organization"},"image":{"@id":"https:\/\/amip.az\/2025\/05\/05\/az%c9%99rbaycan-rusiya-ucun-n%c9%99f%c9%99slik-rolunu-oynayir-deputatdan-aciqlama\/#primaryimage"},"thumbnailUrl":"https:\/\/amip.az\/wp-content\/uploads\/2024\/12\/arzuxan.png","articleSection":["K\u0130V"],"inLanguage":"az"},{"@type":"WebPage","@id":"https:\/\/amip.az\/2025\/05\/05\/az%c9%99rbaycan-rusiya-ucun-n%c9%99f%c9%99slik-rolunu-oynayir-deputatdan-aciqlama\/","url":"https:\/\/amip.az\/2025\/05\/05\/az%c9%99rbaycan-rusiya-ucun-n%c9%99f%c9%99slik-rolunu-oynayir-deputatdan-aciqlama\/","name":"\"Az\u0259rbaycan Rusiya \u00fc\u00e7\u00fcn \"n\u0259f\u0259slik\" rolunu oynay\u0131r\"\u00a0- Deputatdan A\u00c7IQLAMA - Az\u0259rbaycan Milli \u0130stiqlal Partiyas\u0131","isPartOf":{"@id":"https:\/\/amip.az\/az\/#website"},"primaryImageOfPage":{"@id":"https:\/\/amip.az\/2025\/05\/05\/az%c9%99rbaycan-rusiya-ucun-n%c9%99f%c9%99slik-rolunu-oynayir-deputatdan-aciqlama\/#primaryimage"},"image":{"@id":"https:\/\/amip.az\/2025\/05\/05\/az%c9%99rbaycan-rusiya-ucun-n%c9%99f%c9%99slik-rolunu-oynayir-deputatdan-aciqlama\/#primaryimage"},"thumbnailUrl":"https:\/\/amip.az\/wp-content\/uploads\/2024\/12\/arzuxan.png","datePublished":"2025-05-05T17:56:53+00:00","dateModified":"2025-05-05T17:56:58+00:00","breadcrumb":{"@id":"https:\/\/amip.az\/2025\/05\/05\/az%c9%99rbaycan-rusiya-ucun-n%c9%99f%c9%99slik-rolunu-oynayir-deputatdan-aciqlama\/#breadcrumb"},"inLanguage":"az","potentialAction":[{"@type":"ReadAction","target":["https:\/\/amip.az\/2025\/05\/05\/az%c9%99rbaycan-rusiya-ucun-n%c9%99f%c9%99slik-rolunu-oynayir-deputatdan-aciqlama\/"]}]},{"@type":"ImageObject","inLanguage":"az","@id":"https:\/\/amip.az\/2025\/05\/05\/az%c9%99rbaycan-rusiya-ucun-n%c9%99f%c9%99slik-rolunu-oynayir-deputatdan-aciqlama\/#primaryimage","url":"https:\/\/amip.az\/wp-content\/uploads\/2024\/12\/arzuxan.png","contentUrl":"https:\/\/amip.az\/wp-content\/uploads\/2024\/12\/arzuxan.png","width":1280,"height":719,"caption":"arzuxan"},{"@type":"BreadcrumbList","@id":"https:\/\/amip.az\/2025\/05\/05\/az%c9%99rbaycan-rusiya-ucun-n%c9%99f%c9%99slik-rolunu-oynayir-deputatdan-aciqlama\/#breadcrumb","itemListElement":[{"@type":"ListItem","position":1,"name":"Home","item":"https:\/\/amip.az\/"},{"@type":"ListItem","position":2,"name":"&#8220;Az\u0259rbaycan Rusiya \u00fc\u00e7\u00fcn &#8220;n\u0259f\u0259slik&#8221; rolunu oynay\u0131r&#8221;\u00a0&#8211; Deputatdan A\u00c7IQLAMA"}]},{"@type":"WebSite","@id":"https:\/\/amip.az\/az\/#website","url":"https:\/\/amip.az\/az\/","name":"Az\u0259rbaycan Milli \u0130stiqlal Partiyas\u0131","description":"AM\u0130P","publisher":{"@id":"https:\/\/amip.az\/az\/#organization"},"potentialAction":[{"@type":"SearchAction","target":{"@type":"EntryPoint","urlTemplate":"https:\/\/amip.az\/az\/?s={search_term_string}"},"query-input":{"@type":"PropertyValueSpecification","valueRequired":true,"valueName":"search_term_string"}}],"inLanguage":"az"},{"@type":"Organization","@id":"https:\/\/amip.az\/az\/#organization","name":"Az\u0259rbaycan Milli \u0130stiqlal Partiyas\u0131","url":"https:\/\/amip.az\/az\/","logo":{"@type":"ImageObject","inLanguage":"az","@id":"https:\/\/amip.az\/az\/#\/schema\/logo\/image\/","url":"https:\/\/amip.az\/wp-content\/uploads\/2023\/06\/amiplogo.png","contentUrl":"https:\/\/amip.az\/wp-content\/uploads\/2023\/06\/amiplogo.png","width":723,"height":423,"caption":"Az\u0259rbaycan Milli \u0130stiqlal Partiyas\u0131"},"image":{"@id":"https:\/\/amip.az\/az\/#\/schema\/logo\/image\/"},"sameAs":["https:\/\/www.facebook.com\/istiqlal91","https:\/\/x.com\/APartiyas","https:\/\/www.youtube.com\/channel\/UCF3pc8spko_xON2sr4vUC5A"]},{"@type":"Person","@id":"https:\/\/amip.az\/az\/#\/schema\/person\/a7055ff0b4631c41849ee16f8ff51da7","name":"admin_amip","image":{"@type":"ImageObject","inLanguage":"az","@id":"https:\/\/amip.az\/az\/#\/schema\/person\/image\/","url":"https:\/\/secure.gravatar.com\/avatar\/6c3dc6902fd066c5a5d68c8f0038dcc56ec283faa7337f8e6b219cf7e7321d3f?s=96&d=mm&r=g","contentUrl":"https:\/\/secure.gravatar.com\/avatar\/6c3dc6902fd066c5a5d68c8f0038dcc56ec283faa7337f8e6b219cf7e7321d3f?s=96&d=mm&r=g","caption":"admin_amip"},"url":"https:\/\/amip.az\/az\/author\/admin_amip\/"}]}},"_links":{"self":[{"href":"https:\/\/amip.az\/az\/wp-json\/wp\/v2\/posts\/8295","targetHints":{"allow":["GET"]}}],"collection":[{"href":"https:\/\/amip.az\/az\/wp-json\/wp\/v2\/posts"}],"about":[{"href":"https:\/\/amip.az\/az\/wp-json\/wp\/v2\/types\/post"}],"author":[{"embeddable":true,"href":"https:\/\/amip.az\/az\/wp-json\/wp\/v2\/users\/2"}],"replies":[{"embeddable":true,"href":"https:\/\/amip.az\/az\/wp-json\/wp\/v2\/comments?post=8295"}],"version-history":[{"count":1,"href":"https:\/\/amip.az\/az\/wp-json\/wp\/v2\/posts\/8295\/revisions"}],"predecessor-version":[{"id":8296,"href":"https:\/\/amip.az\/az\/wp-json\/wp\/v2\/posts\/8295\/revisions\/8296"}],"wp:featuredmedia":[{"embeddable":true,"href":"https:\/\/amip.az\/az\/wp-json\/wp\/v2\/media\/7547"}],"wp:attachment":[{"href":"https:\/\/amip.az\/az\/wp-json\/wp\/v2\/media?parent=8295"}],"wp:term":[{"taxonomy":"category","embeddable":true,"href":"https:\/\/amip.az\/az\/wp-json\/wp\/v2\/categories?post=8295"},{"taxonomy":"post_tag","embeddable":true,"href":"https:\/\/amip.az\/az\/wp-json\/wp\/v2\/tags?post=8295"}],"curies":[{"name":"wp","href":"https:\/\/api.w.org\/{rel}","templated":true}]}}