{"id":9588,"date":"2025-12-12T14:24:23","date_gmt":"2025-12-12T10:24:23","guid":{"rendered":"https:\/\/amip.az\/?p=9588"},"modified":"2025-12-12T14:49:28","modified_gmt":"2025-12-12T10:49:28","slug":"amip-t%c9%99r%c9%99find%c9%99n-t%c9%99qdim-olunan-q%c9%99tnam%c9%99nin-q%c9%99bulu-il%c9%99-beyn%c9%99lxalq-demokrat-ittifaqi-idu-az%c9%99rbaycanin-sulh-s%c9%99yl%c9%99rin%c9%99-d%c9%99st%c9%99k-ver","status":"publish","type":"post","link":"https:\/\/amip.az\/az\/2025\/12\/12\/amip-t%c9%99r%c9%99find%c9%99n-t%c9%99qdim-olunan-q%c9%99tnam%c9%99nin-q%c9%99bulu-il%c9%99-beyn%c9%99lxalq-demokrat-ittifaqi-idu-az%c9%99rbaycanin-sulh-s%c9%99yl%c9%99rin%c9%99-d%c9%99st%c9%99k-ver\/","title":{"rendered":"AM\u0130P t\u0259r\u0259find\u0259n t\u0259qdim olunan Q\u0259tnam\u0259nin q\u0259bulu il\u0259 Beyn\u0259lxalq Demokrat \u0130ttifaq\u0131 (\u0130DU) Az\u0259rbaycan\u0131n s\u00fclh s\u0259yl\u0259rin\u0259 d\u0259st\u0259k verib &#8211; FOTO"},"content":{"rendered":"\n<p><strong>\u00d6nc\u0259d\u0259n d\u0259 m\u0259lumat verildiyi kimi Az\u0259rbaycan Milli \u0130stiqlal Patiyas\u0131n\u0131n (AM\u0130P) r\u0259hb\u0259rliyi 2-6 dekabr 2025-c\u0131 il tarixl\u0259rind\u0259 Va\u015finqtonda Beyn\u0259lxalq Demokrat \u0130ttifaq\u0131n\u0131n (\u0130DU) t\u0259\u015fkilat\u00e7\u0131l\u0131\u011f\u0131 il\u0259 ke\u00e7iril\u0259n \u0130DU Forum-2025 t\u0259dbirind\u0259 i\u015ftirak etmi\u015fdir.<\/strong><\/p>\n\n\n\n<p>Forumun i\u015find\u0259 d\u00fcnyan\u0131n m\u00fcxt\u0259lif \u00f6lk\u0259l\u0259rini t\u0259msil ed\u0259n 500 n\u0259f\u0259rd\u0259n art\u0131q n\u00fcmay\u0259nd\u0259, o c\u00fcml\u0259d\u0259n, sa\u011f m\u0259rk\u0259z y\u00f6nl\u00fc partiyalar\u0131n r\u0259hb\u0259r hey\u0259tl\u0259ri, haz\u0131rk\u0131 v\u0259 sabiq d\u00f6vl\u0259t v\u0259 h\u00f6kum\u0259t ba\u015f\u00e7\u0131lar\u0131, nazirl\u0259r,&nbsp; Avropa \u0130ttifaq\u0131n\u0131n r\u0259smil\u0259ri, Avropa Parlamentinin \u00fczvl\u0259ri, h\u0259m\u00e7inin tan\u0131nm\u0131\u015f beyin m\u0259rk\u0259zl\u0259rinin n\u00fcmay\u0259nd\u0259l\u0259ri, d\u00fcnyaca m\u0259\u015fhur media t\u0259msil\u00e7il\u0259ri, Google \u015firk\u0259tinin r\u0259smil\u0259ri i\u015ftirak etmi\u015fl\u0259r.<\/p>\n\n\n\n<p>Bu m\u00f6t\u0259b\u0259r t\u0259dbird\u0259 AM\u0130P-i partiyan\u0131n s\u0259dri, mill\u0259t v\u0259kili Arzuxan \u018flizad\u0259, beyn\u0259lxalq \u0259laq\u0259l\u0259r \u00fczr\u0259 s\u0259dr m\u00fcavini El\u015f\u0259n Mustafayev, Siyasi \u015eura \u00fczv\u00fc Elxan \u018fhm\u0259dzad\u0259 v\u0259 Qad\u0131n t\u0259\u015fkilat\u0131n\u0131n s\u0259dr m\u00fcavini \u0130lham\u0259 \u018fliyeva t\u0259msil edibl\u0259r. Forum yekunla\u015fandan sonrak\u0131 g\u00fcn Beyn\u0259lxalq Demokrat \u0130tiifaq\u0131n\u0131n n\u00f6vb\u0259ti \u0130cra\u00e7\u0131 Toplant\u0131s\u0131 ke\u00e7irilib. Yaln\u0131z BD\u0130-nin \u00fczv\u00fc olan partiya r\u0259hb\u0259rl\u0259rinin i\u015ftirak etdiyi toplant\u0131da BD\u0130 r\u0259hb\u0259r strukturlar\u0131n\u0131n \u00f6t\u0259n d\u00f6vr \u0259rzind\u0259 f\u0259aliyy\u0259tl\u0259ri il\u0259 ba\u011fl\u0131 \u0259n\u0259n\u0259vi hesabat\u0131, h\u0259m\u00e7inin \u00fczv \u00f6lk\u0259l\u0259rin m\u0259lumatlar\u0131 dinl\u0259nilmi\u015f, \u00fczvl\u00fcy\u0259 q\u0259bul \u00fc\u00e7\u00fcn edil\u0259n m\u00fcraci\u0259tl\u0259r\u0259 bax\u0131lm\u0131\u015fd\u0131r.<\/p>\n\n\n\n<p>\u0130crac\u0131 Toplant\u0131n\u0131n g\u00fcnd\u0259liyin\u0259 AM\u0130P-in t\u0259qdim etdiyi Q\u0259tnam\u0259 layih\u0259si d\u0259 daxil edilmi\u015fdir. Q\u0259tnam\u0259 layih\u0259sind\u0259 Qaraba\u011f probleminin h\u0259llind\u0259 AT\u018fT-in Minsk qrupunun bacar\u0131qs\u0131zl\u0131\u011f\u0131, Az\u0259rbaycan\u0131n \u00f6z g\u00fcc\u00fcn\u0259 \u0259razi b\u00fct\u00f6vl\u00fcy\u00fcn\u00fc v\u0259 suverenliyini b\u0259rpa etm\u0259si v\u0259 bununla da regionda dayan\u0131ql\u0131 s\u00fclh v\u0259 sabitliy\u0259 nail olunmas\u0131, bu kontekstd\u0259 yeni reall\u0131qlar\u0131n b\u0259rq\u0259rar olmas\u0131 fonunda Erm\u0259nistan\u0131n da suverenlik \u0259ld\u0259 etm\u0259k imkanlar\u0131n\u0131n yaranmas\u0131, Z\u0259ng\u0259zur d\u0259hlizinin a\u00e7\u0131lmas\u0131n\u0131n, el\u0259c\u0259 d\u0259 t\u0259r\u0259fl\u0259r aras\u0131nda yekun s\u00fclh m\u00fcqavil\u0259sinin imzalanmas\u0131 istiqam\u0259tind\u0259 b\u00fct\u00fcn m\u00f6vcud \u0259ng\u0259ll\u0259rin aradan qald\u0131r\u0131lmas\u0131n\u0131n vacibliyi v\u0259 dig\u0259r m\u0259s\u0259l\u0259l\u0259r \u0259ks olunub. BD\u0130 s\u0259dri Stiven Harper t\u0259r\u0259find\u0259n toplant\u0131 i\u015ftirak\u00e7\u0131ar\u0131n\u0131n diqq\u0259tin\u0259 \u00e7atd\u0131r\u0131lan q\u0259tnam\u0259 layih\u0259si yaln\u0131z EPP-ni t\u0259msil ed\u0259n bir n\u00fcmay\u0259nd\u0259nin bit\u0259r\u0259f qalmas\u0131, dig\u0259r n\u00fcmay\u0259nd\u0259l\u0259rin is\u0259 h\u0259r birinin lehin\u0259 s\u0259s verm\u0259si il\u0259 q\u0259bul olunmu\u015fdur.<\/p>\n\n\n\n<p>AM\u0130P t\u0259r\u0259find\u0259n t\u0259qdim olunan Q\u0259tnam\u0259nin q\u0259bulu il\u0259 Beyn\u0259lxalq Demokrat \u0130ttifaq\u0131 (\u0130DU) n\u00f6vb\u0259ti d\u0259f\u0259 C\u0259nubi Qafqazda Az\u0259rbaycan\u0131n s\u00fclh s\u0259yl\u0259rin\u0259 d\u0259st\u0259yini ifad\u0259 etmi\u015fdir.<\/p>\n\n\n\n<p>Q\u0259tnam\u0259nin tam m\u0259tni \u0259lav\u0259 olunur.<\/p>\n\n\n\n<p>Beyn\u0259lxalq Demokrat Ittifaq\u0131n\u0131n (\u0130DU) Az\u0259rbaycan v\u0259 Erm\u0259nistanla ba\u011fl\u0131 q\u0259bul etdiyi<\/p>\n\n\n\n<p>Q\u0259tnam\u0259<\/p>\n\n\n\n<p>5 dekabr, Va\u015finqton, AB\u015e<\/p>\n\n\n\n<p>Az\u0259rbaycan v\u0259 Erm\u0259nistan aras\u0131nda s\u00fclh istiqm\u0259tind\u0259 ged\u0259n dan\u0131\u015f\u0131qlar reqionda davaml\u0131 s\u00fclh\u00fcn yaranmas\u0131na b\u00f6y\u00fck \u00fcm\u00fcdl\u0259r yarad\u0131r,<\/p>\n\n\n\n<p>Sovetl\u0259r \u0130ttifaq\u0131n\u0131n da\u011f\u0131lmas\u0131 \u0259r\u0259f\u0259sind\u0259 SSR\u0130 KQB-si t\u0259r\u0259f\u0259nd\u0259n yarad\u0131lm\u0131\u015f Qaraba\u011f m\u00fcnaqi\u015f\u0259si h\u0259r iki t\u0259r\u0259fd\u0259n on minl\u0259rl\u0259 insan\u0131n \u00f6l\u00fcm\u00fcn\u0259 s\u0259b\u0259b oldu v\u0259 AT\u018fT-in Minsk qrupu 25 ild\u0259n art\u0131q bir zamanda m\u00fcnaqi\u015f\u0259nin h\u0259llin\u0259 nail ola bilm\u0259di,<\/p>\n\n\n\n<p>2020-ci ild\u0259 44 g\u00fcnl\u00fck m\u00fcharib\u0259 \u0259sas m\u0259s\u0259l\u0259l\u0259r \u00fczr\u0259 ged\u0259n dan\u0131\u015f\u0131qlar\u0131 s\u00fcr\u0259tl\u0259ndirdi v\u0259 30 ild\u0259n sonra Az\u0259rbaycan\u0131n suverenliyi v\u0259 \u0259razi b\u00fct\u00f6vl\u00fcy\u00fcn\u00fcn b\u0259rpas\u0131 Erm\u0259nistana da Rusiya t\u0259sirinin azald\u0131lmas\u0131na v\u0259 \u00f6z suverenliyini g\u00fccl\u0259ndirm\u0259y\u0259 imkan yaratd\u0131,<\/p>\n\n\n\n<p>T\u0259r\u0259fl\u0259rin \u0259razi b\u00fct\u00f6vl\u00fcy\u00fc v\u0259 suverenliyinin qar\u015f\u0131l\u0131ql\u0131 tan\u0131nmas\u0131ndan sonra regionda davaml\u0131 s\u00fclh\u00fcn b\u0259rq\u0259rar olunmas\u0131 \u00fc\u00e7\u00fcn \u015f\u0259rait yaranm\u0131\u015fd\u0131r. 8 avqust 2025-ci ild\u0259 Va\u015finqtonda AB\u015e prezidenti Donald Tramp\u0131n ev sahibliyi il\u0259 Az\u0259rbaycan prezidenti v\u0259 Erm\u0259nistan ba\u015f naziri aras\u0131nda raz\u0131la\u015fd\u0131r\u0131lm\u0131\u015f s\u00fclh m\u00fcqavil\u0259si \u015f\u0259rtl\u0259rininin imzalanmas\u0131 ba\u015f tutdu. H\u0259min g\u00fcn eyni zamanda Az\u0259rbaycan v\u0259 Erm\u0259nistan aras\u0131nda 33 ild\u0259n art\u0131q ba\u011fl\u0131 olan kommunikasiya x\u0259tl\u0259rinin a\u00e7\u0131lmas\u0131 bar\u0259d\u0259 d\u0259 raz\u0131l\u0131q \u0259ld\u0259 olundu. \u018fsas regional iqtisadi loqistik layih\u0259nin t\u0259rkib hiss\u0259si olan Z\u0259ng\u0259zur kommunikasiya x\u0259ttinin &#8211; Beyn\u0259lxalq s\u00fclh v\u0259 rifah namin\u0259 Tramp mar\u015frutunun (TRIPP) a\u00e7\u0131lmas\u0131 il\u0259 ba\u011fl\u0131 memorandum imzaland\u0131,<\/p>\n\n\n\n<p>T\u0259r\u0259fl\u0259rin g\u00f6st\u0259rdiyi irad\u0259, h\u0259m\u00e7inin AB\u015e prezidenti Donald Tramp\u0131n s\u0259yl\u0259ri say\u0259sind\u0259 reqionda davaml\u0131 s\u00fclh v\u0259 iqtisadi inki\u015faf\u0131n yaranmas\u0131 \u00fc\u00e7\u00fcn \u0259lveri\u015fli \u015f\u0259rait yaranm\u0131\u015fd\u0131r,<\/p>\n\n\n\n<p>Bunlar\u0131 n\u0259z\u0259r\u0259 alaraq Beyn\u0259lxalq Demokrat \u0130ttifaq\u0131 &#8211; BD\u0130<\/p>\n\n\n\n<p>B\u0259yan edir:<\/p>\n\n\n\n<p>-Az\u0259rbaycan v\u0259 Erm\u0259nistan aras\u0131nda 8 avqust 2025-ci il tarixind\u0259 Va\u015finqtonda imzalanm\u0131\u015f s\u00fclh m\u00fcqavil\u0259si \u015f\u0259rtl\u0259rinin paraflan\u0131b imzalanmas\u0131n\u0131 reqionun g\u0259l\u0259c\u0259k inki\u015faf\u0131na v\u0259 t\u0259hl\u00fck\u0259sizliyin\u0259 xidm\u0259t ed\u0259n add\u0131m kimi q\u0259bul edir.<\/p>\n\n\n\n<p>&#8211; Beyn\u0259lxalq s\u00fclh v\u0259 rifah namin\u0259 Tramp mar\u015frutu (TRIPP) Layih\u0259sinin icras\u0131na tezlikl\u0259 ba\u015flanmas\u0131n\u0131n reqionun siyasi v\u0259 iqtisadi inki\u015faf\u0131nda m\u00fch\u00fcm hadis\u0259 olaca\u011f\u0131na \u00fcm\u00fcd edir.<\/p>\n\n\n\n<p>-Az\u0259rbaycan v\u0259 Erm\u0259nistan\u0131n v\u0259t\u0259nda\u015f c\u0259miyy\u0259ti n\u00fcmay\u0259nd\u0259l\u0259rinin Yeravana v\u0259 Bak\u0131ya s\u0259f\u0259r edib m\u00fczakir\u0259l\u0259r apar\u0131lmas\u0131n\u0131 uzunm\u00fcdd\u0259tli s\u00fclh\u00fcn yaranmas\u0131 v\u0259 xalqlar aras\u0131nda m\u00fcnasib\u0259tl\u0259rin normalla\u015fd\u0131r\u0131lmas\u0131 \u00fc\u00e7\u00fcn u\u011furlu add\u0131m kimi q\u0259bul edir.<\/p>\n\n\n\n<p>-BDI \u00fcm\u00fcd edir ki Az\u0259rbaycan v\u0259 Erm\u0259nistan aras\u0131nda pozitiv notlar \u00fcz\u0259rind\u0259 dan\u0131\u015f\u0131qlar tezlikl\u0259 u\u011furla yekunla\u015facaq, B\u00f6y\u00fck s\u00fclh m\u00fcqavil\u0259sinin imzalanmas\u0131na mane olan b\u00fct\u00fcn s\u0259b\u0259bl\u0259r aradan qald\u0131r\u0131lacaq.<\/p>\n\n\n\n<p>-Bu add\u0131mlar\u0131n n\u0259tic\u0259si olaraq Rusiyan\u0131n reqion d\u00f6vl\u0259tl\u0259rini siyasi v\u0259 iqtisadi t\u0259sir alt\u0131na almaq niyy\u0259tl\u0259rinin qar\u015f\u0131s\u0131 al\u0131nacaq.<\/p>\n\n\n\n<p>-N\u0259hay\u0259t, bu problemin tezlikl\u0259 h\u0259ll olunmas\u0131 dig\u0259r post sovet respublikalar\u0131nda Rusiyan\u0131n yarad\u0131b n\u0259zr\u0259tind\u0259 saxlada\u011f\u0131 milli etnik probleml\u0259rin h\u0259ll olunmas\u0131 \u00fc\u00e7\u00fcn stimul yaradacaq.<\/p>\n\n\n\n<figure class=\"wp-block-image size-large\"><img loading=\"lazy\" decoding=\"async\" width=\"1024\" height=\"1019\" src=\"https:\/\/amip.az\/wp-content\/uploads\/2025\/12\/WhatsApp-Image-2025-12-12-at-14.03.43-1024x1019.jpeg\" alt=\"\" class=\"wp-image-9589\" srcset=\"https:\/\/amip.az\/wp-content\/uploads\/2025\/12\/WhatsApp-Image-2025-12-12-at-14.03.43-1024x1019.jpeg 1024w, https:\/\/amip.az\/wp-content\/uploads\/2025\/12\/WhatsApp-Image-2025-12-12-at-14.03.43-300x298.jpeg 300w, https:\/\/amip.az\/wp-content\/uploads\/2025\/12\/WhatsApp-Image-2025-12-12-at-14.03.43-150x150.jpeg 150w, https:\/\/amip.az\/wp-content\/uploads\/2025\/12\/WhatsApp-Image-2025-12-12-at-14.03.43-768x764.jpeg 768w, https:\/\/amip.az\/wp-content\/uploads\/2025\/12\/WhatsApp-Image-2025-12-12-at-14.03.43-12x12.jpeg 12w, https:\/\/amip.az\/wp-content\/uploads\/2025\/12\/WhatsApp-Image-2025-12-12-at-14.03.43.jpeg 1320w\" sizes=\"auto, (max-width: 1024px) 100vw, 1024px\" \/><\/figure>\n\n\n\n\n\n<p><\/p>\n\n\n\n<figure class=\"wp-block-image\"><img decoding=\"async\" src=\"https:\/\/cdn.musavat.com\/news\/images\/A.K%C3%96%C5%9E%C6%8FL%C6%8FR%20YEN%C4%B0%20D%C4%B0ZAYN\/ali\/11111111111.jpg\" alt=\"\"\/><\/figure>\n\n\n\n<figure class=\"wp-block-image\"><img decoding=\"async\" src=\"https:\/\/cdn.musavat.com\/news\/images\/A.K%C3%96%C5%9E%C6%8FL%C6%8FR%20YEN%C4%B0%20D%C4%B0ZAYN\/ali\/222222222222.jpg\" alt=\"\"\/><\/figure>\n","protected":false},"excerpt":{"rendered":"<p>\u00d6nc\u0259d\u0259n d\u0259 m\u0259lumat verildiyi kimi Az\u0259rbaycan Milli \u0130stiqlal Patiyas\u0131n\u0131n (AM\u0130P) r\u0259hb\u0259rliyi 2-6 dekabr 2025-c\u0131 il tarixl\u0259rind\u0259 Va\u015finqtonda Beyn\u0259lxalq Demokrat \u0130ttifaq\u0131n\u0131n (\u0130DU) t\u0259\u015fkilat\u00e7\u0131l\u0131\u011f\u0131 il\u0259 ke\u00e7iril\u0259n \u0130DU Forum-2025 t\u0259dbirind\u0259 i\u015ftirak etmi\u015fdir. Forumun i\u015find\u0259 d\u00fcnyan\u0131n m\u00fcxt\u0259lif \u00f6lk\u0259l\u0259rini t\u0259msil ed\u0259n 500 n\u0259f\u0259rd\u0259n art\u0131q n\u00fcmay\u0259nd\u0259, o c\u00fcml\u0259d\u0259n, sa\u011f m\u0259rk\u0259z y\u00f6nl\u00fc partiyalar\u0131n r\u0259hb\u0259r hey\u0259tl\u0259ri, haz\u0131rk\u0131 v\u0259 sabiq d\u00f6vl\u0259t v\u0259 h\u00f6kum\u0259t ba\u015f\u00e7\u0131lar\u0131, nazirl\u0259r,&nbsp; Avropa \u0130ttifaq\u0131n\u0131n r\u0259smil\u0259ri, Avropa Parlamentinin \u00fczvl\u0259ri, h\u0259m\u00e7inin tan\u0131nm\u0131\u015f beyin m\u0259rk\u0259zl\u0259rinin n\u00fcmay\u0259nd\u0259l\u0259ri, d\u00fcnyaca m\u0259\u015fhur media t\u0259msil\u00e7il\u0259ri, Google \u015firk\u0259tinin r\u0259smil\u0259ri i\u015ftirak etmi\u015fl\u0259r. Bu m\u00f6t\u0259b\u0259r t\u0259dbird\u0259 AM\u0130P-i partiyan\u0131n s\u0259dri, mill\u0259t v\u0259kili [&hellip;]<\/p>\n","protected":false},"author":2,"featured_media":9590,"comment_status":"closed","ping_status":"open","sticky":false,"template":"","format":"standard","meta":{"footnotes":""},"categories":[10],"tags":[],"class_list":["post-9588","post","type-post","status-publish","format-standard","has-post-thumbnail","hentry","category-kiv"],"yoast_head":"<!-- This site is optimized with the Yoast SEO plugin v23.8 - https:\/\/yoast.com\/wordpress\/plugins\/seo\/ -->\n<title>AM\u0130P t\u0259r\u0259find\u0259n t\u0259qdim olunan Q\u0259tnam\u0259nin q\u0259bulu il\u0259 Beyn\u0259lxalq Demokrat \u0130ttifaq\u0131 (\u0130DU) Az\u0259rbaycan\u0131n s\u00fclh s\u0259yl\u0259rin\u0259 d\u0259st\u0259k verib - FOTO - Az\u0259rbaycan Milli \u0130stiqlal Partiyas\u0131<\/title>\n<meta name=\"robots\" content=\"index, follow, max-snippet:-1, max-image-preview:large, max-video-preview:-1\" \/>\n<link rel=\"canonical\" href=\"https:\/\/amip.az\/az\/2025\/12\/12\/amip-t\u0259r\u0259find\u0259n-t\u0259qdim-olunan-q\u0259tnam\u0259nin-q\u0259bulu-il\u0259-beyn\u0259lxalq-demokrat-ittifaqi-idu-az\u0259rbaycanin-sulh-s\u0259yl\u0259rin\u0259-d\u0259st\u0259k-ver\/\" \/>\n<meta property=\"og:locale\" content=\"az_AZ\" \/>\n<meta property=\"og:type\" content=\"article\" \/>\n<meta property=\"og:title\" content=\"AM\u0130P t\u0259r\u0259find\u0259n t\u0259qdim olunan Q\u0259tnam\u0259nin q\u0259bulu il\u0259 Beyn\u0259lxalq Demokrat \u0130ttifaq\u0131 (\u0130DU) Az\u0259rbaycan\u0131n s\u00fclh s\u0259yl\u0259rin\u0259 d\u0259st\u0259k verib - FOTO - Az\u0259rbaycan Milli \u0130stiqlal Partiyas\u0131\" \/>\n<meta property=\"og:description\" content=\"\u00d6nc\u0259d\u0259n d\u0259 m\u0259lumat verildiyi kimi Az\u0259rbaycan Milli \u0130stiqlal Patiyas\u0131n\u0131n (AM\u0130P) r\u0259hb\u0259rliyi 2-6 dekabr 2025-c\u0131 il tarixl\u0259rind\u0259 Va\u015finqtonda Beyn\u0259lxalq Demokrat \u0130ttifaq\u0131n\u0131n (\u0130DU) t\u0259\u015fkilat\u00e7\u0131l\u0131\u011f\u0131 il\u0259 ke\u00e7iril\u0259n \u0130DU Forum-2025 t\u0259dbirind\u0259 i\u015ftirak etmi\u015fdir. Forumun i\u015find\u0259 d\u00fcnyan\u0131n m\u00fcxt\u0259lif \u00f6lk\u0259l\u0259rini t\u0259msil ed\u0259n 500 n\u0259f\u0259rd\u0259n art\u0131q n\u00fcmay\u0259nd\u0259, o c\u00fcml\u0259d\u0259n, sa\u011f m\u0259rk\u0259z y\u00f6nl\u00fc partiyalar\u0131n r\u0259hb\u0259r hey\u0259tl\u0259ri, haz\u0131rk\u0131 v\u0259 sabiq d\u00f6vl\u0259t v\u0259 h\u00f6kum\u0259t ba\u015f\u00e7\u0131lar\u0131, nazirl\u0259r,&nbsp; Avropa \u0130ttifaq\u0131n\u0131n r\u0259smil\u0259ri, Avropa Parlamentinin \u00fczvl\u0259ri, h\u0259m\u00e7inin tan\u0131nm\u0131\u015f beyin m\u0259rk\u0259zl\u0259rinin n\u00fcmay\u0259nd\u0259l\u0259ri, d\u00fcnyaca m\u0259\u015fhur media t\u0259msil\u00e7il\u0259ri, Google \u015firk\u0259tinin r\u0259smil\u0259ri i\u015ftirak etmi\u015fl\u0259r. Bu m\u00f6t\u0259b\u0259r t\u0259dbird\u0259 AM\u0130P-i partiyan\u0131n s\u0259dri, mill\u0259t v\u0259kili [&hellip;]\" \/>\n<meta property=\"og:url\" content=\"https:\/\/amip.az\/az\/2025\/12\/12\/amip-t\u0259r\u0259find\u0259n-t\u0259qdim-olunan-q\u0259tnam\u0259nin-q\u0259bulu-il\u0259-beyn\u0259lxalq-demokrat-ittifaqi-idu-az\u0259rbaycanin-sulh-s\u0259yl\u0259rin\u0259-d\u0259st\u0259k-ver\/\" \/>\n<meta property=\"og:site_name\" content=\"Az\u0259rbaycan Milli \u0130stiqlal Partiyas\u0131\" \/>\n<meta property=\"article:publisher\" content=\"https:\/\/www.facebook.com\/istiqlal91\" \/>\n<meta property=\"article:published_time\" content=\"2025-12-12T10:24:23+00:00\" \/>\n<meta property=\"article:modified_time\" content=\"2025-12-12T10:49:28+00:00\" \/>\n<meta property=\"og:image\" content=\"https:\/\/amip.az\/wp-content\/uploads\/2025\/12\/WhatsApp-Image-2025-12-12-at-14.03.44.jpeg\" \/>\n\t<meta property=\"og:image:width\" content=\"1378\" \/>\n\t<meta property=\"og:image:height\" content=\"1600\" \/>\n\t<meta property=\"og:image:type\" content=\"image\/jpeg\" \/>\n<meta name=\"author\" content=\"admin_amip\" \/>\n<meta name=\"twitter:card\" content=\"summary_large_image\" \/>\n<meta name=\"twitter:creator\" content=\"@APartiyas\" \/>\n<meta name=\"twitter:site\" content=\"@APartiyas\" \/>\n<meta name=\"twitter:label1\" content=\"Written by\" \/>\n\t<meta name=\"twitter:data1\" content=\"admin_amip\" \/>\n\t<meta name=\"twitter:label2\" content=\"Est. reading time\" \/>\n\t<meta name=\"twitter:data2\" content=\"5 minutes\" \/>\n<script type=\"application\/ld+json\" class=\"yoast-schema-graph\">{\"@context\":\"https:\/\/schema.org\",\"@graph\":[{\"@type\":\"Article\",\"@id\":\"https:\/\/amip.az\/2025\/12\/12\/amip-t%c9%99r%c9%99find%c9%99n-t%c9%99qdim-olunan-q%c9%99tnam%c9%99nin-q%c9%99bulu-il%c9%99-beyn%c9%99lxalq-demokrat-ittifaqi-idu-az%c9%99rbaycanin-sulh-s%c9%99yl%c9%99rin%c9%99-d%c9%99st%c9%99k-ver\/#article\",\"isPartOf\":{\"@id\":\"https:\/\/amip.az\/2025\/12\/12\/amip-t%c9%99r%c9%99find%c9%99n-t%c9%99qdim-olunan-q%c9%99tnam%c9%99nin-q%c9%99bulu-il%c9%99-beyn%c9%99lxalq-demokrat-ittifaqi-idu-az%c9%99rbaycanin-sulh-s%c9%99yl%c9%99rin%c9%99-d%c9%99st%c9%99k-ver\/\"},\"author\":{\"name\":\"admin_amip\",\"@id\":\"https:\/\/amip.az\/az\/#\/schema\/person\/a7055ff0b4631c41849ee16f8ff51da7\"},\"headline\":\"AM\u0130P t\u0259r\u0259find\u0259n t\u0259qdim olunan Q\u0259tnam\u0259nin q\u0259bulu il\u0259 Beyn\u0259lxalq Demokrat \u0130ttifaq\u0131 (\u0130DU) Az\u0259rbaycan\u0131n s\u00fclh s\u0259yl\u0259rin\u0259 d\u0259st\u0259k verib &#8211; FOTO\",\"datePublished\":\"2025-12-12T10:24:23+00:00\",\"dateModified\":\"2025-12-12T10:49:28+00:00\",\"mainEntityOfPage\":{\"@id\":\"https:\/\/amip.az\/2025\/12\/12\/amip-t%c9%99r%c9%99find%c9%99n-t%c9%99qdim-olunan-q%c9%99tnam%c9%99nin-q%c9%99bulu-il%c9%99-beyn%c9%99lxalq-demokrat-ittifaqi-idu-az%c9%99rbaycanin-sulh-s%c9%99yl%c9%99rin%c9%99-d%c9%99st%c9%99k-ver\/\"},\"wordCount\":1201,\"publisher\":{\"@id\":\"https:\/\/amip.az\/az\/#organization\"},\"image\":{\"@id\":\"https:\/\/amip.az\/2025\/12\/12\/amip-t%c9%99r%c9%99find%c9%99n-t%c9%99qdim-olunan-q%c9%99tnam%c9%99nin-q%c9%99bulu-il%c9%99-beyn%c9%99lxalq-demokrat-ittifaqi-idu-az%c9%99rbaycanin-sulh-s%c9%99yl%c9%99rin%c9%99-d%c9%99st%c9%99k-ver\/#primaryimage\"},\"thumbnailUrl\":\"https:\/\/amip.az\/wp-content\/uploads\/2025\/12\/WhatsApp-Image-2025-12-12-at-14.03.44.jpeg\",\"articleSection\":[\"K\u0130V\"],\"inLanguage\":\"az\"},{\"@type\":\"WebPage\",\"@id\":\"https:\/\/amip.az\/2025\/12\/12\/amip-t%c9%99r%c9%99find%c9%99n-t%c9%99qdim-olunan-q%c9%99tnam%c9%99nin-q%c9%99bulu-il%c9%99-beyn%c9%99lxalq-demokrat-ittifaqi-idu-az%c9%99rbaycanin-sulh-s%c9%99yl%c9%99rin%c9%99-d%c9%99st%c9%99k-ver\/\",\"url\":\"https:\/\/amip.az\/2025\/12\/12\/amip-t%c9%99r%c9%99find%c9%99n-t%c9%99qdim-olunan-q%c9%99tnam%c9%99nin-q%c9%99bulu-il%c9%99-beyn%c9%99lxalq-demokrat-ittifaqi-idu-az%c9%99rbaycanin-sulh-s%c9%99yl%c9%99rin%c9%99-d%c9%99st%c9%99k-ver\/\",\"name\":\"AM\u0130P t\u0259r\u0259find\u0259n t\u0259qdim olunan Q\u0259tnam\u0259nin q\u0259bulu il\u0259 Beyn\u0259lxalq Demokrat \u0130ttifaq\u0131 (\u0130DU) Az\u0259rbaycan\u0131n s\u00fclh s\u0259yl\u0259rin\u0259 d\u0259st\u0259k verib - FOTO - Az\u0259rbaycan Milli \u0130stiqlal Partiyas\u0131\",\"isPartOf\":{\"@id\":\"https:\/\/amip.az\/az\/#website\"},\"primaryImageOfPage\":{\"@id\":\"https:\/\/amip.az\/2025\/12\/12\/amip-t%c9%99r%c9%99find%c9%99n-t%c9%99qdim-olunan-q%c9%99tnam%c9%99nin-q%c9%99bulu-il%c9%99-beyn%c9%99lxalq-demokrat-ittifaqi-idu-az%c9%99rbaycanin-sulh-s%c9%99yl%c9%99rin%c9%99-d%c9%99st%c9%99k-ver\/#primaryimage\"},\"image\":{\"@id\":\"https:\/\/amip.az\/2025\/12\/12\/amip-t%c9%99r%c9%99find%c9%99n-t%c9%99qdim-olunan-q%c9%99tnam%c9%99nin-q%c9%99bulu-il%c9%99-beyn%c9%99lxalq-demokrat-ittifaqi-idu-az%c9%99rbaycanin-sulh-s%c9%99yl%c9%99rin%c9%99-d%c9%99st%c9%99k-ver\/#primaryimage\"},\"thumbnailUrl\":\"https:\/\/amip.az\/wp-content\/uploads\/2025\/12\/WhatsApp-Image-2025-12-12-at-14.03.44.jpeg\",\"datePublished\":\"2025-12-12T10:24:23+00:00\",\"dateModified\":\"2025-12-12T10:49:28+00:00\",\"breadcrumb\":{\"@id\":\"https:\/\/amip.az\/2025\/12\/12\/amip-t%c9%99r%c9%99find%c9%99n-t%c9%99qdim-olunan-q%c9%99tnam%c9%99nin-q%c9%99bulu-il%c9%99-beyn%c9%99lxalq-demokrat-ittifaqi-idu-az%c9%99rbaycanin-sulh-s%c9%99yl%c9%99rin%c9%99-d%c9%99st%c9%99k-ver\/#breadcrumb\"},\"inLanguage\":\"az\",\"potentialAction\":[{\"@type\":\"ReadAction\",\"target\":[\"https:\/\/amip.az\/2025\/12\/12\/amip-t%c9%99r%c9%99find%c9%99n-t%c9%99qdim-olunan-q%c9%99tnam%c9%99nin-q%c9%99bulu-il%c9%99-beyn%c9%99lxalq-demokrat-ittifaqi-idu-az%c9%99rbaycanin-sulh-s%c9%99yl%c9%99rin%c9%99-d%c9%99st%c9%99k-ver\/\"]}]},{\"@type\":\"ImageObject\",\"inLanguage\":\"az\",\"@id\":\"https:\/\/amip.az\/2025\/12\/12\/amip-t%c9%99r%c9%99find%c9%99n-t%c9%99qdim-olunan-q%c9%99tnam%c9%99nin-q%c9%99bulu-il%c9%99-beyn%c9%99lxalq-demokrat-ittifaqi-idu-az%c9%99rbaycanin-sulh-s%c9%99yl%c9%99rin%c9%99-d%c9%99st%c9%99k-ver\/#primaryimage\",\"url\":\"https:\/\/amip.az\/wp-content\/uploads\/2025\/12\/WhatsApp-Image-2025-12-12-at-14.03.44.jpeg\",\"contentUrl\":\"https:\/\/amip.az\/wp-content\/uploads\/2025\/12\/WhatsApp-Image-2025-12-12-at-14.03.44.jpeg\",\"width\":1378,\"height\":1600},{\"@type\":\"BreadcrumbList\",\"@id\":\"https:\/\/amip.az\/2025\/12\/12\/amip-t%c9%99r%c9%99find%c9%99n-t%c9%99qdim-olunan-q%c9%99tnam%c9%99nin-q%c9%99bulu-il%c9%99-beyn%c9%99lxalq-demokrat-ittifaqi-idu-az%c9%99rbaycanin-sulh-s%c9%99yl%c9%99rin%c9%99-d%c9%99st%c9%99k-ver\/#breadcrumb\",\"itemListElement\":[{\"@type\":\"ListItem\",\"position\":1,\"name\":\"Home\",\"item\":\"https:\/\/amip.az\/\"},{\"@type\":\"ListItem\",\"position\":2,\"name\":\"AM\u0130P t\u0259r\u0259find\u0259n t\u0259qdim olunan Q\u0259tnam\u0259nin q\u0259bulu il\u0259 Beyn\u0259lxalq Demokrat \u0130ttifaq\u0131 (\u0130DU) Az\u0259rbaycan\u0131n s\u00fclh s\u0259yl\u0259rin\u0259 d\u0259st\u0259k verib &#8211; FOTO\"}]},{\"@type\":\"WebSite\",\"@id\":\"https:\/\/amip.az\/az\/#website\",\"url\":\"https:\/\/amip.az\/az\/\",\"name\":\"Az\u0259rbaycan Milli \u0130stiqlal Partiyas\u0131\",\"description\":\"AM\u0130P\",\"publisher\":{\"@id\":\"https:\/\/amip.az\/az\/#organization\"},\"potentialAction\":[{\"@type\":\"SearchAction\",\"target\":{\"@type\":\"EntryPoint\",\"urlTemplate\":\"https:\/\/amip.az\/az\/?s={search_term_string}\"},\"query-input\":{\"@type\":\"PropertyValueSpecification\",\"valueRequired\":true,\"valueName\":\"search_term_string\"}}],\"inLanguage\":\"az\"},{\"@type\":\"Organization\",\"@id\":\"https:\/\/amip.az\/az\/#organization\",\"name\":\"Az\u0259rbaycan Milli \u0130stiqlal Partiyas\u0131\",\"url\":\"https:\/\/amip.az\/az\/\",\"logo\":{\"@type\":\"ImageObject\",\"inLanguage\":\"az\",\"@id\":\"https:\/\/amip.az\/az\/#\/schema\/logo\/image\/\",\"url\":\"https:\/\/amip.az\/wp-content\/uploads\/2023\/06\/amiplogo.png\",\"contentUrl\":\"https:\/\/amip.az\/wp-content\/uploads\/2023\/06\/amiplogo.png\",\"width\":723,\"height\":423,\"caption\":\"Az\u0259rbaycan Milli \u0130stiqlal Partiyas\u0131\"},\"image\":{\"@id\":\"https:\/\/amip.az\/az\/#\/schema\/logo\/image\/\"},\"sameAs\":[\"https:\/\/www.facebook.com\/istiqlal91\",\"https:\/\/x.com\/APartiyas\",\"https:\/\/www.youtube.com\/channel\/UCF3pc8spko_xON2sr4vUC5A\"]},{\"@type\":\"Person\",\"@id\":\"https:\/\/amip.az\/az\/#\/schema\/person\/a7055ff0b4631c41849ee16f8ff51da7\",\"name\":\"admin_amip\",\"image\":{\"@type\":\"ImageObject\",\"inLanguage\":\"az\",\"@id\":\"https:\/\/amip.az\/az\/#\/schema\/person\/image\/\",\"url\":\"https:\/\/secure.gravatar.com\/avatar\/6c3dc6902fd066c5a5d68c8f0038dcc56ec283faa7337f8e6b219cf7e7321d3f?s=96&d=mm&r=g\",\"contentUrl\":\"https:\/\/secure.gravatar.com\/avatar\/6c3dc6902fd066c5a5d68c8f0038dcc56ec283faa7337f8e6b219cf7e7321d3f?s=96&d=mm&r=g\",\"caption\":\"admin_amip\"},\"url\":\"https:\/\/amip.az\/az\/author\/admin_amip\/\"}]}<\/script>\n<!-- \/ Yoast SEO plugin. -->","yoast_head_json":{"title":"AM\u0130P t\u0259r\u0259find\u0259n t\u0259qdim olunan Q\u0259tnam\u0259nin q\u0259bulu il\u0259 Beyn\u0259lxalq Demokrat \u0130ttifaq\u0131 (\u0130DU) Az\u0259rbaycan\u0131n s\u00fclh s\u0259yl\u0259rin\u0259 d\u0259st\u0259k verib - FOTO - Az\u0259rbaycan Milli \u0130stiqlal Partiyas\u0131","robots":{"index":"index","follow":"follow","max-snippet":"max-snippet:-1","max-image-preview":"max-image-preview:large","max-video-preview":"max-video-preview:-1"},"canonical":"https:\/\/amip.az\/az\/2025\/12\/12\/amip-t\u0259r\u0259find\u0259n-t\u0259qdim-olunan-q\u0259tnam\u0259nin-q\u0259bulu-il\u0259-beyn\u0259lxalq-demokrat-ittifaqi-idu-az\u0259rbaycanin-sulh-s\u0259yl\u0259rin\u0259-d\u0259st\u0259k-ver\/","og_locale":"az_AZ","og_type":"article","og_title":"AM\u0130P t\u0259r\u0259find\u0259n t\u0259qdim olunan Q\u0259tnam\u0259nin q\u0259bulu il\u0259 Beyn\u0259lxalq Demokrat \u0130ttifaq\u0131 (\u0130DU) Az\u0259rbaycan\u0131n s\u00fclh s\u0259yl\u0259rin\u0259 d\u0259st\u0259k verib - FOTO - Az\u0259rbaycan Milli \u0130stiqlal Partiyas\u0131","og_description":"\u00d6nc\u0259d\u0259n d\u0259 m\u0259lumat verildiyi kimi Az\u0259rbaycan Milli \u0130stiqlal Patiyas\u0131n\u0131n (AM\u0130P) r\u0259hb\u0259rliyi 2-6 dekabr 2025-c\u0131 il tarixl\u0259rind\u0259 Va\u015finqtonda Beyn\u0259lxalq Demokrat \u0130ttifaq\u0131n\u0131n (\u0130DU) t\u0259\u015fkilat\u00e7\u0131l\u0131\u011f\u0131 il\u0259 ke\u00e7iril\u0259n \u0130DU Forum-2025 t\u0259dbirind\u0259 i\u015ftirak etmi\u015fdir. Forumun i\u015find\u0259 d\u00fcnyan\u0131n m\u00fcxt\u0259lif \u00f6lk\u0259l\u0259rini t\u0259msil ed\u0259n 500 n\u0259f\u0259rd\u0259n art\u0131q n\u00fcmay\u0259nd\u0259, o c\u00fcml\u0259d\u0259n, sa\u011f m\u0259rk\u0259z y\u00f6nl\u00fc partiyalar\u0131n r\u0259hb\u0259r hey\u0259tl\u0259ri, haz\u0131rk\u0131 v\u0259 sabiq d\u00f6vl\u0259t v\u0259 h\u00f6kum\u0259t ba\u015f\u00e7\u0131lar\u0131, nazirl\u0259r,&nbsp; Avropa \u0130ttifaq\u0131n\u0131n r\u0259smil\u0259ri, Avropa Parlamentinin \u00fczvl\u0259ri, h\u0259m\u00e7inin tan\u0131nm\u0131\u015f beyin m\u0259rk\u0259zl\u0259rinin n\u00fcmay\u0259nd\u0259l\u0259ri, d\u00fcnyaca m\u0259\u015fhur media t\u0259msil\u00e7il\u0259ri, Google \u015firk\u0259tinin r\u0259smil\u0259ri i\u015ftirak etmi\u015fl\u0259r. Bu m\u00f6t\u0259b\u0259r t\u0259dbird\u0259 AM\u0130P-i partiyan\u0131n s\u0259dri, mill\u0259t v\u0259kili [&hellip;]","og_url":"https:\/\/amip.az\/az\/2025\/12\/12\/amip-t\u0259r\u0259find\u0259n-t\u0259qdim-olunan-q\u0259tnam\u0259nin-q\u0259bulu-il\u0259-beyn\u0259lxalq-demokrat-ittifaqi-idu-az\u0259rbaycanin-sulh-s\u0259yl\u0259rin\u0259-d\u0259st\u0259k-ver\/","og_site_name":"Az\u0259rbaycan Milli \u0130stiqlal Partiyas\u0131","article_publisher":"https:\/\/www.facebook.com\/istiqlal91","article_published_time":"2025-12-12T10:24:23+00:00","article_modified_time":"2025-12-12T10:49:28+00:00","og_image":[{"width":1378,"height":1600,"url":"https:\/\/amip.az\/wp-content\/uploads\/2025\/12\/WhatsApp-Image-2025-12-12-at-14.03.44.jpeg","type":"image\/jpeg"}],"author":"admin_amip","twitter_card":"summary_large_image","twitter_creator":"@APartiyas","twitter_site":"@APartiyas","twitter_misc":{"Written by":"admin_amip","Est. reading time":"5 minutes"},"schema":{"@context":"https:\/\/schema.org","@graph":[{"@type":"Article","@id":"https:\/\/amip.az\/2025\/12\/12\/amip-t%c9%99r%c9%99find%c9%99n-t%c9%99qdim-olunan-q%c9%99tnam%c9%99nin-q%c9%99bulu-il%c9%99-beyn%c9%99lxalq-demokrat-ittifaqi-idu-az%c9%99rbaycanin-sulh-s%c9%99yl%c9%99rin%c9%99-d%c9%99st%c9%99k-ver\/#article","isPartOf":{"@id":"https:\/\/amip.az\/2025\/12\/12\/amip-t%c9%99r%c9%99find%c9%99n-t%c9%99qdim-olunan-q%c9%99tnam%c9%99nin-q%c9%99bulu-il%c9%99-beyn%c9%99lxalq-demokrat-ittifaqi-idu-az%c9%99rbaycanin-sulh-s%c9%99yl%c9%99rin%c9%99-d%c9%99st%c9%99k-ver\/"},"author":{"name":"admin_amip","@id":"https:\/\/amip.az\/az\/#\/schema\/person\/a7055ff0b4631c41849ee16f8ff51da7"},"headline":"AM\u0130P t\u0259r\u0259find\u0259n t\u0259qdim olunan Q\u0259tnam\u0259nin q\u0259bulu il\u0259 Beyn\u0259lxalq Demokrat \u0130ttifaq\u0131 (\u0130DU) Az\u0259rbaycan\u0131n s\u00fclh s\u0259yl\u0259rin\u0259 d\u0259st\u0259k verib &#8211; FOTO","datePublished":"2025-12-12T10:24:23+00:00","dateModified":"2025-12-12T10:49:28+00:00","mainEntityOfPage":{"@id":"https:\/\/amip.az\/2025\/12\/12\/amip-t%c9%99r%c9%99find%c9%99n-t%c9%99qdim-olunan-q%c9%99tnam%c9%99nin-q%c9%99bulu-il%c9%99-beyn%c9%99lxalq-demokrat-ittifaqi-idu-az%c9%99rbaycanin-sulh-s%c9%99yl%c9%99rin%c9%99-d%c9%99st%c9%99k-ver\/"},"wordCount":1201,"publisher":{"@id":"https:\/\/amip.az\/az\/#organization"},"image":{"@id":"https:\/\/amip.az\/2025\/12\/12\/amip-t%c9%99r%c9%99find%c9%99n-t%c9%99qdim-olunan-q%c9%99tnam%c9%99nin-q%c9%99bulu-il%c9%99-beyn%c9%99lxalq-demokrat-ittifaqi-idu-az%c9%99rbaycanin-sulh-s%c9%99yl%c9%99rin%c9%99-d%c9%99st%c9%99k-ver\/#primaryimage"},"thumbnailUrl":"https:\/\/amip.az\/wp-content\/uploads\/2025\/12\/WhatsApp-Image-2025-12-12-at-14.03.44.jpeg","articleSection":["K\u0130V"],"inLanguage":"az"},{"@type":"WebPage","@id":"https:\/\/amip.az\/2025\/12\/12\/amip-t%c9%99r%c9%99find%c9%99n-t%c9%99qdim-olunan-q%c9%99tnam%c9%99nin-q%c9%99bulu-il%c9%99-beyn%c9%99lxalq-demokrat-ittifaqi-idu-az%c9%99rbaycanin-sulh-s%c9%99yl%c9%99rin%c9%99-d%c9%99st%c9%99k-ver\/","url":"https:\/\/amip.az\/2025\/12\/12\/amip-t%c9%99r%c9%99find%c9%99n-t%c9%99qdim-olunan-q%c9%99tnam%c9%99nin-q%c9%99bulu-il%c9%99-beyn%c9%99lxalq-demokrat-ittifaqi-idu-az%c9%99rbaycanin-sulh-s%c9%99yl%c9%99rin%c9%99-d%c9%99st%c9%99k-ver\/","name":"AM\u0130P t\u0259r\u0259find\u0259n t\u0259qdim olunan Q\u0259tnam\u0259nin q\u0259bulu il\u0259 Beyn\u0259lxalq Demokrat \u0130ttifaq\u0131 (\u0130DU) Az\u0259rbaycan\u0131n s\u00fclh s\u0259yl\u0259rin\u0259 d\u0259st\u0259k verib - FOTO - Az\u0259rbaycan Milli \u0130stiqlal Partiyas\u0131","isPartOf":{"@id":"https:\/\/amip.az\/az\/#website"},"primaryImageOfPage":{"@id":"https:\/\/amip.az\/2025\/12\/12\/amip-t%c9%99r%c9%99find%c9%99n-t%c9%99qdim-olunan-q%c9%99tnam%c9%99nin-q%c9%99bulu-il%c9%99-beyn%c9%99lxalq-demokrat-ittifaqi-idu-az%c9%99rbaycanin-sulh-s%c9%99yl%c9%99rin%c9%99-d%c9%99st%c9%99k-ver\/#primaryimage"},"image":{"@id":"https:\/\/amip.az\/2025\/12\/12\/amip-t%c9%99r%c9%99find%c9%99n-t%c9%99qdim-olunan-q%c9%99tnam%c9%99nin-q%c9%99bulu-il%c9%99-beyn%c9%99lxalq-demokrat-ittifaqi-idu-az%c9%99rbaycanin-sulh-s%c9%99yl%c9%99rin%c9%99-d%c9%99st%c9%99k-ver\/#primaryimage"},"thumbnailUrl":"https:\/\/amip.az\/wp-content\/uploads\/2025\/12\/WhatsApp-Image-2025-12-12-at-14.03.44.jpeg","datePublished":"2025-12-12T10:24:23+00:00","dateModified":"2025-12-12T10:49:28+00:00","breadcrumb":{"@id":"https:\/\/amip.az\/2025\/12\/12\/amip-t%c9%99r%c9%99find%c9%99n-t%c9%99qdim-olunan-q%c9%99tnam%c9%99nin-q%c9%99bulu-il%c9%99-beyn%c9%99lxalq-demokrat-ittifaqi-idu-az%c9%99rbaycanin-sulh-s%c9%99yl%c9%99rin%c9%99-d%c9%99st%c9%99k-ver\/#breadcrumb"},"inLanguage":"az","potentialAction":[{"@type":"ReadAction","target":["https:\/\/amip.az\/2025\/12\/12\/amip-t%c9%99r%c9%99find%c9%99n-t%c9%99qdim-olunan-q%c9%99tnam%c9%99nin-q%c9%99bulu-il%c9%99-beyn%c9%99lxalq-demokrat-ittifaqi-idu-az%c9%99rbaycanin-sulh-s%c9%99yl%c9%99rin%c9%99-d%c9%99st%c9%99k-ver\/"]}]},{"@type":"ImageObject","inLanguage":"az","@id":"https:\/\/amip.az\/2025\/12\/12\/amip-t%c9%99r%c9%99find%c9%99n-t%c9%99qdim-olunan-q%c9%99tnam%c9%99nin-q%c9%99bulu-il%c9%99-beyn%c9%99lxalq-demokrat-ittifaqi-idu-az%c9%99rbaycanin-sulh-s%c9%99yl%c9%99rin%c9%99-d%c9%99st%c9%99k-ver\/#primaryimage","url":"https:\/\/amip.az\/wp-content\/uploads\/2025\/12\/WhatsApp-Image-2025-12-12-at-14.03.44.jpeg","contentUrl":"https:\/\/amip.az\/wp-content\/uploads\/2025\/12\/WhatsApp-Image-2025-12-12-at-14.03.44.jpeg","width":1378,"height":1600},{"@type":"BreadcrumbList","@id":"https:\/\/amip.az\/2025\/12\/12\/amip-t%c9%99r%c9%99find%c9%99n-t%c9%99qdim-olunan-q%c9%99tnam%c9%99nin-q%c9%99bulu-il%c9%99-beyn%c9%99lxalq-demokrat-ittifaqi-idu-az%c9%99rbaycanin-sulh-s%c9%99yl%c9%99rin%c9%99-d%c9%99st%c9%99k-ver\/#breadcrumb","itemListElement":[{"@type":"ListItem","position":1,"name":"Home","item":"https:\/\/amip.az\/"},{"@type":"ListItem","position":2,"name":"AM\u0130P t\u0259r\u0259find\u0259n t\u0259qdim olunan Q\u0259tnam\u0259nin q\u0259bulu il\u0259 Beyn\u0259lxalq Demokrat \u0130ttifaq\u0131 (\u0130DU) Az\u0259rbaycan\u0131n s\u00fclh s\u0259yl\u0259rin\u0259 d\u0259st\u0259k verib &#8211; FOTO"}]},{"@type":"WebSite","@id":"https:\/\/amip.az\/az\/#website","url":"https:\/\/amip.az\/az\/","name":"Az\u0259rbaycan Milli \u0130stiqlal Partiyas\u0131","description":"AM\u0130P","publisher":{"@id":"https:\/\/amip.az\/az\/#organization"},"potentialAction":[{"@type":"SearchAction","target":{"@type":"EntryPoint","urlTemplate":"https:\/\/amip.az\/az\/?s={search_term_string}"},"query-input":{"@type":"PropertyValueSpecification","valueRequired":true,"valueName":"search_term_string"}}],"inLanguage":"az"},{"@type":"Organization","@id":"https:\/\/amip.az\/az\/#organization","name":"Az\u0259rbaycan Milli \u0130stiqlal Partiyas\u0131","url":"https:\/\/amip.az\/az\/","logo":{"@type":"ImageObject","inLanguage":"az","@id":"https:\/\/amip.az\/az\/#\/schema\/logo\/image\/","url":"https:\/\/amip.az\/wp-content\/uploads\/2023\/06\/amiplogo.png","contentUrl":"https:\/\/amip.az\/wp-content\/uploads\/2023\/06\/amiplogo.png","width":723,"height":423,"caption":"Az\u0259rbaycan Milli \u0130stiqlal Partiyas\u0131"},"image":{"@id":"https:\/\/amip.az\/az\/#\/schema\/logo\/image\/"},"sameAs":["https:\/\/www.facebook.com\/istiqlal91","https:\/\/x.com\/APartiyas","https:\/\/www.youtube.com\/channel\/UCF3pc8spko_xON2sr4vUC5A"]},{"@type":"Person","@id":"https:\/\/amip.az\/az\/#\/schema\/person\/a7055ff0b4631c41849ee16f8ff51da7","name":"admin_amip","image":{"@type":"ImageObject","inLanguage":"az","@id":"https:\/\/amip.az\/az\/#\/schema\/person\/image\/","url":"https:\/\/secure.gravatar.com\/avatar\/6c3dc6902fd066c5a5d68c8f0038dcc56ec283faa7337f8e6b219cf7e7321d3f?s=96&d=mm&r=g","contentUrl":"https:\/\/secure.gravatar.com\/avatar\/6c3dc6902fd066c5a5d68c8f0038dcc56ec283faa7337f8e6b219cf7e7321d3f?s=96&d=mm&r=g","caption":"admin_amip"},"url":"https:\/\/amip.az\/az\/author\/admin_amip\/"}]}},"_links":{"self":[{"href":"https:\/\/amip.az\/az\/wp-json\/wp\/v2\/posts\/9588","targetHints":{"allow":["GET"]}}],"collection":[{"href":"https:\/\/amip.az\/az\/wp-json\/wp\/v2\/posts"}],"about":[{"href":"https:\/\/amip.az\/az\/wp-json\/wp\/v2\/types\/post"}],"author":[{"embeddable":true,"href":"https:\/\/amip.az\/az\/wp-json\/wp\/v2\/users\/2"}],"replies":[{"embeddable":true,"href":"https:\/\/amip.az\/az\/wp-json\/wp\/v2\/comments?post=9588"}],"version-history":[{"count":2,"href":"https:\/\/amip.az\/az\/wp-json\/wp\/v2\/posts\/9588\/revisions"}],"predecessor-version":[{"id":9592,"href":"https:\/\/amip.az\/az\/wp-json\/wp\/v2\/posts\/9588\/revisions\/9592"}],"wp:featuredmedia":[{"embeddable":true,"href":"https:\/\/amip.az\/az\/wp-json\/wp\/v2\/media\/9590"}],"wp:attachment":[{"href":"https:\/\/amip.az\/az\/wp-json\/wp\/v2\/media?parent=9588"}],"wp:term":[{"taxonomy":"category","embeddable":true,"href":"https:\/\/amip.az\/az\/wp-json\/wp\/v2\/categories?post=9588"},{"taxonomy":"post_tag","embeddable":true,"href":"https:\/\/amip.az\/az\/wp-json\/wp\/v2\/tags?post=9588"}],"curies":[{"name":"wp","href":"https:\/\/api.w.org\/{rel}","templated":true}]}}