{"id":10548,"date":"2026-04-26T11:46:32","date_gmt":"2026-04-26T07:46:32","guid":{"rendered":"https:\/\/amip.az\/?p=10548"},"modified":"2026-04-26T11:46:35","modified_gmt":"2026-04-26T07:46:35","slug":"amip-g%c9%99ncl%c9%99r-t%c9%99skilatindan-maarifl%c9%99ndirici-t%c9%99s%c9%99bbus-fotolar","status":"publish","type":"post","link":"https:\/\/amip.az\/en\/2026\/04\/26\/amip-g%c9%99ncl%c9%99r-t%c9%99skilatindan-maarifl%c9%99ndirici-t%c9%99s%c9%99bbus-fotolar\/","title":{"rendered":"AM\u0130P G\u0259ncl\u0259r T\u0259\u015fkilat\u0131ndan maarifl\u0259ndirici t\u0259\u015f\u0259bb\u00fcs &#8211; FOTOLAR"},"content":{"rendered":"<p><strong>Az\u0259rbaycan Milli \u0130stiqlal Partiyas\u0131n\u0131n (AM\u0130P) G\u0259ncl\u0259r T\u0259\u015fkilat\u0131n\u0131n d\u0259st\u0259yi il\u0259 t\u0259l\u0259b\u0259l\u0259rin f\u0259rdi inki\u015faf\u0131na v\u0259 g\u0259l\u0259c\u0259k karyera imkanlar\u0131na i\u015f\u0131q tutan \u201c21-ci \u0259srd\u0259 u\u011furlu t\u0259l\u0259b\u0259 nec\u0259 olmal\u0131d\u0131r?\u201d m\u00f6vzusunda seminar-treninq ke\u00e7irilib.<br><\/strong>G\u0259ncl\u0259rin b\u00f6y\u00fck mara\u011f\u0131na s\u0259b\u0259b olan t\u0259dbir m\u00fcasir d\u00f6vr\u00fcn \u00e7a\u011f\u0131r\u0131\u015flar\u0131na cavab ver\u0259n intellektual m\u00fczakir\u0259 platformas\u0131na \u00e7evrilib. T\u0259limin \u0259sas qay\u0259sini g\u0259ncl\u0259rin d\u0259yi\u015f\u0259n d\u00fcnya nizam\u0131na adaptasiyas\u0131 v\u0259 onlar\u0131n r\u0259qab\u0259t\u0259davaml\u0131 kadr kimi yeti\u015fm\u0259si t\u0259\u015fkil edib.<br>Proqram \u00e7\u0259r\u00e7iv\u0259sind\u0259 a\u015fa\u011f\u0131dak\u0131 prioritet istiqam\u0259tl\u0259r \u0259traf\u0131nda fikir m\u00fcbadil\u0259si apar\u0131l\u0131b: t\u0259nqidi t\u0259f\u0259kk\u00fcr, informasiya bollu\u011funda d\u00fczg\u00fcn t\u0259hlil qabiliyy\u0259ti, effektiv kommunikasiya, \u00fcnsiyy\u0259t bacar\u0131qlar\u0131n\u0131n pe\u015f\u0259kar s\u0259viyy\u0259d\u0259 inki\u015faf\u0131, zaman\u0131n idar\u0259 olunmas\u0131, s\u00fcni intellekt v\u0259 texnologiya, yeni d\u00f6vr\u00fcn r\u0259q\u0259msal t\u0259l\u0259bl\u0259rin\u0259 uy\u011funla\u015fma.<br>T\u0259dbiri giri\u015f s\u00f6z\u00fc il\u0259 a\u00e7an AM\u0130P s\u0259dri, mill\u0259t v\u0259kili Arzuxan \u018flizad\u0259 g\u0259ncl\u0259ri salamlayaraq, bu n\u00f6v maarifl\u0259ndirici layih\u0259l\u0259rin d\u00f6vl\u0259tin g\u0259l\u0259c\u0259yi \u00fc\u00e7\u00fcn m\u00fch\u00fcm \u0259h\u0259miyy\u0259t k\u0259sb etdiyini vur\u011fulay\u0131b. O qeyd edib ki, s\u00fcni intellektin v\u0259 texnoloji yenilikl\u0259rin s\u00fcr\u0259tl\u0259 inki\u015faf etdiyi bir d\u00f6vrd\u0259 g\u0259ncl\u0259rin xarici dil bilikl\u0259rin\u0259 yiy\u0259l\u0259nm\u0259si v\u0259 elmi potensiallar\u0131n\u0131 art\u0131rmas\u0131 art\u0131q se\u00e7im deyil, z\u0259rur\u0259tdir.<br>Mill\u0259t v\u0259kili g\u0259ncl\u0259r\u0259 f\u0259aliyy\u0259tl\u0259rind\u0259 u\u011furlar arzulay\u0131b v\u0259 onlara daim \u00f6z \u00fcz\u0259rl\u0259rind\u0259 \u00e7al\u0131\u015fma\u011f\u0131 t\u00f6vsiy\u0259 edib.<br>T\u0259lim\u00e7i, g\u0259nc jurnalist Seyran\u0259 Quliyeva \u00e7\u0131x\u0131\u015f\u0131nda t\u0259l\u0259b\u0259lik ill\u0259rinin s\u0259m\u0259r\u0259li t\u0259\u015fkili v\u0259 f\u0259rdi inki\u015faf yollar\u0131 bar\u0259d\u0259 \u015f\u0259xsi t\u0259cr\u00fcb\u0259l\u0259rini b\u00f6l\u00fc\u015f\u00fcb. T\u0259lim klassik m\u00fchazir\u0259 format\u0131ndan k\u0259nara \u00e7\u0131xaraq, debat, sual-cavab v\u0259 canl\u0131 diskussiya \u015f\u0259raitind\u0259 davam edib.<br>T\u0259l\u0259b\u0259l\u0259r m\u00fcasir d\u00fcnyada g\u0259ncl\u0259rin qar\u015f\u0131la\u015fd\u0131qlar\u0131 \u00e7\u0259tinlikl\u0259r v\u0259 onlar\u0131n h\u0259lli yollar\u0131 bar\u0259d\u0259 \u00f6z bax\u0131\u015f bucaqlar\u0131n\u0131 ifad\u0259 edibl\u0259r.<br>T\u0259dbirin sonunda g\u0259ncl\u0259r mill\u0259t v\u0259kili Arzuxan \u018flizad\u0259 t\u0259r\u0259find\u0259n sertifikatlarla t\u0259ltif olunublar.<br>G\u00f6r\u00fc\u015f\u00fcn yekununda bu formatda t\u0259liml\u0259rin silsil\u0259 xarakter da\u015f\u0131yaca\u011f\u0131 v\u0259 g\u0259ncl\u0259rin ictimai-siyasi, el\u0259c\u0259 d\u0259 f\u0259rdi inki\u015faf\u0131na d\u0259st\u0259yin davam etdiril\u0259c\u0259yi x\u00fcsusi qeyd olunub.<br>Bu t\u0259lim g\u0259ncl\u0259rin yaln\u0131z bilik qazanmas\u0131 \u00fc\u00e7\u00fcn deyil, h\u0259m d\u0259 onlar\u0131n \u00f6z potensiallar\u0131n\u0131 k\u0259\u015ff etm\u0259si \u00fc\u00e7\u00fcn m\u00fch\u00fcm add\u0131m olub.<\/p>\n\n\n\n<figure class=\"wp-block-image size-large\"><img loading=\"lazy\" decoding=\"async\" width=\"1024\" height=\"682\" src=\"https:\/\/amip.az\/wp-content\/uploads\/2026\/04\/WhatsApp-Image-2026-04-26-at-11.26.43-1024x682.jpeg\" alt=\"\" class=\"wp-image-10549\" srcset=\"https:\/\/amip.az\/wp-content\/uploads\/2026\/04\/WhatsApp-Image-2026-04-26-at-11.26.43-1024x682.jpeg 1024w, https:\/\/amip.az\/wp-content\/uploads\/2026\/04\/WhatsApp-Image-2026-04-26-at-11.26.43-300x200.jpeg 300w, https:\/\/amip.az\/wp-content\/uploads\/2026\/04\/WhatsApp-Image-2026-04-26-at-11.26.43-768x512.jpeg 768w, https:\/\/amip.az\/wp-content\/uploads\/2026\/04\/WhatsApp-Image-2026-04-26-at-11.26.43-18x12.jpeg 18w, https:\/\/amip.az\/wp-content\/uploads\/2026\/04\/WhatsApp-Image-2026-04-26-at-11.26.43.jpeg 1280w\" sizes=\"auto, (max-width: 1024px) 100vw, 1024px\" \/><\/figure>\n\n\n\n<figure class=\"wp-block-image size-large\"><img loading=\"lazy\" decoding=\"async\" width=\"1024\" height=\"682\" src=\"https:\/\/amip.az\/wp-content\/uploads\/2026\/04\/WhatsApp-Image-2026-04-26-at-11.27.23-1-1024x682.jpeg\" alt=\"\" class=\"wp-image-10550\" srcset=\"https:\/\/amip.az\/wp-content\/uploads\/2026\/04\/WhatsApp-Image-2026-04-26-at-11.27.23-1-1024x682.jpeg 1024w, https:\/\/amip.az\/wp-content\/uploads\/2026\/04\/WhatsApp-Image-2026-04-26-at-11.27.23-1-300x200.jpeg 300w, https:\/\/amip.az\/wp-content\/uploads\/2026\/04\/WhatsApp-Image-2026-04-26-at-11.27.23-1-768x512.jpeg 768w, https:\/\/amip.az\/wp-content\/uploads\/2026\/04\/WhatsApp-Image-2026-04-26-at-11.27.23-1-18x12.jpeg 18w, https:\/\/amip.az\/wp-content\/uploads\/2026\/04\/WhatsApp-Image-2026-04-26-at-11.27.23-1.jpeg 1280w\" sizes=\"auto, (max-width: 1024px) 100vw, 1024px\" \/><\/figure>\n\n\n\n<figure class=\"wp-block-image size-large\"><img loading=\"lazy\" decoding=\"async\" width=\"1024\" height=\"682\" src=\"https:\/\/amip.az\/wp-content\/uploads\/2026\/04\/WhatsApp-Image-2026-04-26-at-11.25.43-1024x682.jpeg\" alt=\"\" class=\"wp-image-10552\" srcset=\"https:\/\/amip.az\/wp-content\/uploads\/2026\/04\/WhatsApp-Image-2026-04-26-at-11.25.43-1024x682.jpeg 1024w, https:\/\/amip.az\/wp-content\/uploads\/2026\/04\/WhatsApp-Image-2026-04-26-at-11.25.43-300x200.jpeg 300w, https:\/\/amip.az\/wp-content\/uploads\/2026\/04\/WhatsApp-Image-2026-04-26-at-11.25.43-768x512.jpeg 768w, https:\/\/amip.az\/wp-content\/uploads\/2026\/04\/WhatsApp-Image-2026-04-26-at-11.25.43-18x12.jpeg 18w, https:\/\/amip.az\/wp-content\/uploads\/2026\/04\/WhatsApp-Image-2026-04-26-at-11.25.43.jpeg 1280w\" sizes=\"auto, (max-width: 1024px) 100vw, 1024px\" \/><\/figure>\n\n\n\n<figure class=\"wp-block-image size-large\"><img loading=\"lazy\" decoding=\"async\" width=\"1024\" height=\"682\" src=\"https:\/\/amip.az\/wp-content\/uploads\/2026\/04\/WhatsApp-Image-2026-04-26-at-11.28.35-1024x682.jpeg\" alt=\"\" class=\"wp-image-10553\" srcset=\"https:\/\/amip.az\/wp-content\/uploads\/2026\/04\/WhatsApp-Image-2026-04-26-at-11.28.35-1024x682.jpeg 1024w, https:\/\/amip.az\/wp-content\/uploads\/2026\/04\/WhatsApp-Image-2026-04-26-at-11.28.35-300x200.jpeg 300w, https:\/\/amip.az\/wp-content\/uploads\/2026\/04\/WhatsApp-Image-2026-04-26-at-11.28.35-768x512.jpeg 768w, https:\/\/amip.az\/wp-content\/uploads\/2026\/04\/WhatsApp-Image-2026-04-26-at-11.28.35-18x12.jpeg 18w, https:\/\/amip.az\/wp-content\/uploads\/2026\/04\/WhatsApp-Image-2026-04-26-at-11.28.35.jpeg 1280w\" sizes=\"auto, (max-width: 1024px) 100vw, 1024px\" \/><\/figure>\n\n\n\n<figure class=\"wp-block-image size-large\"><img loading=\"lazy\" decoding=\"async\" width=\"1024\" height=\"682\" src=\"https:\/\/amip.az\/wp-content\/uploads\/2026\/04\/WhatsApp-Image-2026-04-26-at-11.29.41-1024x682.jpeg\" alt=\"\" class=\"wp-image-10554\" srcset=\"https:\/\/amip.az\/wp-content\/uploads\/2026\/04\/WhatsApp-Image-2026-04-26-at-11.29.41-1024x682.jpeg 1024w, https:\/\/amip.az\/wp-content\/uploads\/2026\/04\/WhatsApp-Image-2026-04-26-at-11.29.41-300x200.jpeg 300w, https:\/\/amip.az\/wp-content\/uploads\/2026\/04\/WhatsApp-Image-2026-04-26-at-11.29.41-768x512.jpeg 768w, https:\/\/amip.az\/wp-content\/uploads\/2026\/04\/WhatsApp-Image-2026-04-26-at-11.29.41-18x12.jpeg 18w, https:\/\/amip.az\/wp-content\/uploads\/2026\/04\/WhatsApp-Image-2026-04-26-at-11.29.41.jpeg 1280w\" sizes=\"auto, (max-width: 1024px) 100vw, 1024px\" \/><\/figure>\n\n\n\n<figure class=\"wp-block-image size-large\"><img loading=\"lazy\" decoding=\"async\" width=\"1024\" height=\"682\" src=\"https:\/\/amip.az\/wp-content\/uploads\/2026\/04\/WhatsApp-Image-2026-04-26-at-11.30.40-1024x682.jpeg\" alt=\"\" class=\"wp-image-10555\" srcset=\"https:\/\/amip.az\/wp-content\/uploads\/2026\/04\/WhatsApp-Image-2026-04-26-at-11.30.40-1024x682.jpeg 1024w, https:\/\/amip.az\/wp-content\/uploads\/2026\/04\/WhatsApp-Image-2026-04-26-at-11.30.40-300x200.jpeg 300w, https:\/\/amip.az\/wp-content\/uploads\/2026\/04\/WhatsApp-Image-2026-04-26-at-11.30.40-768x512.jpeg 768w, https:\/\/amip.az\/wp-content\/uploads\/2026\/04\/WhatsApp-Image-2026-04-26-at-11.30.40-18x12.jpeg 18w, https:\/\/amip.az\/wp-content\/uploads\/2026\/04\/WhatsApp-Image-2026-04-26-at-11.30.40.jpeg 1280w\" sizes=\"auto, (max-width: 1024px) 100vw, 1024px\" \/><\/figure>\n\n\n\n<figure class=\"wp-block-image size-large\"><img loading=\"lazy\" decoding=\"async\" width=\"1024\" height=\"683\" src=\"https:\/\/amip.az\/wp-content\/uploads\/2026\/04\/WhatsApp-Image-2026-04-26-at-11.31.38-1024x683.jpeg\" alt=\"\" class=\"wp-image-10556\" srcset=\"https:\/\/amip.az\/wp-content\/uploads\/2026\/04\/WhatsApp-Image-2026-04-26-at-11.31.38-1024x683.jpeg 1024w, https:\/\/amip.az\/wp-content\/uploads\/2026\/04\/WhatsApp-Image-2026-04-26-at-11.31.38-300x200.jpeg 300w, https:\/\/amip.az\/wp-content\/uploads\/2026\/04\/WhatsApp-Image-2026-04-26-at-11.31.38-768x512.jpeg 768w, https:\/\/amip.az\/wp-content\/uploads\/2026\/04\/WhatsApp-Image-2026-04-26-at-11.31.38-18x12.jpeg 18w, https:\/\/amip.az\/wp-content\/uploads\/2026\/04\/WhatsApp-Image-2026-04-26-at-11.31.38.jpeg 1500w\" sizes=\"auto, (max-width: 1024px) 100vw, 1024px\" \/><\/figure>\n\n\n\n<figure class=\"wp-block-image size-large\"><img loading=\"lazy\" decoding=\"async\" width=\"1024\" height=\"683\" src=\"https:\/\/amip.az\/wp-content\/uploads\/2026\/04\/WhatsApp-Image-2026-04-26-at-11.32.06-1024x683.jpeg\" alt=\"\" class=\"wp-image-10557\" srcset=\"https:\/\/amip.az\/wp-content\/uploads\/2026\/04\/WhatsApp-Image-2026-04-26-at-11.32.06-1024x683.jpeg 1024w, https:\/\/amip.az\/wp-content\/uploads\/2026\/04\/WhatsApp-Image-2026-04-26-at-11.32.06-300x200.jpeg 300w, https:\/\/amip.az\/wp-content\/uploads\/2026\/04\/WhatsApp-Image-2026-04-26-at-11.32.06-768x512.jpeg 768w, https:\/\/amip.az\/wp-content\/uploads\/2026\/04\/WhatsApp-Image-2026-04-26-at-11.32.06-18x12.jpeg 18w, https:\/\/amip.az\/wp-content\/uploads\/2026\/04\/WhatsApp-Image-2026-04-26-at-11.32.06.jpeg 1500w\" sizes=\"auto, (max-width: 1024px) 100vw, 1024px\" \/><\/figure>\n\n\n\n<figure class=\"wp-block-image size-large\"><img loading=\"lazy\" decoding=\"async\" width=\"1024\" height=\"683\" src=\"https:\/\/amip.az\/wp-content\/uploads\/2026\/04\/WhatsApp-Image-2026-04-26-at-11.33.13-1024x683.jpeg\" alt=\"\" class=\"wp-image-10558\" srcset=\"https:\/\/amip.az\/wp-content\/uploads\/2026\/04\/WhatsApp-Image-2026-04-26-at-11.33.13-1024x683.jpeg 1024w, https:\/\/amip.az\/wp-content\/uploads\/2026\/04\/WhatsApp-Image-2026-04-26-at-11.33.13-300x200.jpeg 300w, https:\/\/amip.az\/wp-content\/uploads\/2026\/04\/WhatsApp-Image-2026-04-26-at-11.33.13-768x512.jpeg 768w, https:\/\/amip.az\/wp-content\/uploads\/2026\/04\/WhatsApp-Image-2026-04-26-at-11.33.13-18x12.jpeg 18w, https:\/\/amip.az\/wp-content\/uploads\/2026\/04\/WhatsApp-Image-2026-04-26-at-11.33.13.jpeg 1500w\" sizes=\"auto, (max-width: 1024px) 100vw, 1024px\" \/><\/figure>\n\n\n\n<figure class=\"wp-block-image size-large\"><img loading=\"lazy\" decoding=\"async\" width=\"1024\" height=\"683\" src=\"https:\/\/amip.az\/wp-content\/uploads\/2026\/04\/WhatsApp-Image-2026-04-26-at-11.34.17-1024x683.jpeg\" alt=\"\" class=\"wp-image-10559\" srcset=\"https:\/\/amip.az\/wp-content\/uploads\/2026\/04\/WhatsApp-Image-2026-04-26-at-11.34.17-1024x683.jpeg 1024w, https:\/\/amip.az\/wp-content\/uploads\/2026\/04\/WhatsApp-Image-2026-04-26-at-11.34.17-300x200.jpeg 300w, https:\/\/amip.az\/wp-content\/uploads\/2026\/04\/WhatsApp-Image-2026-04-26-at-11.34.17-768x512.jpeg 768w, https:\/\/amip.az\/wp-content\/uploads\/2026\/04\/WhatsApp-Image-2026-04-26-at-11.34.17-18x12.jpeg 18w, https:\/\/amip.az\/wp-content\/uploads\/2026\/04\/WhatsApp-Image-2026-04-26-at-11.34.17.jpeg 1500w\" sizes=\"auto, (max-width: 1024px) 100vw, 1024px\" \/><\/figure>\n\n\n\n<figure class=\"wp-block-image size-large\"><img loading=\"lazy\" decoding=\"async\" width=\"1024\" height=\"683\" src=\"https:\/\/amip.az\/wp-content\/uploads\/2026\/04\/WhatsApp-Image-2026-04-26-at-11.35.43-1024x683.jpeg\" alt=\"\" class=\"wp-image-10560\" srcset=\"https:\/\/amip.az\/wp-content\/uploads\/2026\/04\/WhatsApp-Image-2026-04-26-at-11.35.43-1024x683.jpeg 1024w, https:\/\/amip.az\/wp-content\/uploads\/2026\/04\/WhatsApp-Image-2026-04-26-at-11.35.43-300x200.jpeg 300w, https:\/\/amip.az\/wp-content\/uploads\/2026\/04\/WhatsApp-Image-2026-04-26-at-11.35.43-768x512.jpeg 768w, https:\/\/amip.az\/wp-content\/uploads\/2026\/04\/WhatsApp-Image-2026-04-26-at-11.35.43-18x12.jpeg 18w, https:\/\/amip.az\/wp-content\/uploads\/2026\/04\/WhatsApp-Image-2026-04-26-at-11.35.43.jpeg 1500w\" sizes=\"auto, (max-width: 1024px) 100vw, 1024px\" \/><\/figure>\n\n\n\n<figure class=\"wp-block-image size-large\"><img loading=\"lazy\" decoding=\"async\" width=\"1024\" height=\"683\" src=\"https:\/\/amip.az\/wp-content\/uploads\/2026\/04\/WhatsApp-Image-2026-04-26-at-11.37.02-1024x683.jpeg\" alt=\"\" class=\"wp-image-10561\" srcset=\"https:\/\/amip.az\/wp-content\/uploads\/2026\/04\/WhatsApp-Image-2026-04-26-at-11.37.02-1024x683.jpeg 1024w, https:\/\/amip.az\/wp-content\/uploads\/2026\/04\/WhatsApp-Image-2026-04-26-at-11.37.02-300x200.jpeg 300w, https:\/\/amip.az\/wp-content\/uploads\/2026\/04\/WhatsApp-Image-2026-04-26-at-11.37.02-768x512.jpeg 768w, https:\/\/amip.az\/wp-content\/uploads\/2026\/04\/WhatsApp-Image-2026-04-26-at-11.37.02-18x12.jpeg 18w, https:\/\/amip.az\/wp-content\/uploads\/2026\/04\/WhatsApp-Image-2026-04-26-at-11.37.02.jpeg 1500w\" sizes=\"auto, (max-width: 1024px) 100vw, 1024px\" \/><\/figure>\n\n\n\n<figure class=\"wp-block-image size-large\"><img loading=\"lazy\" decoding=\"async\" width=\"1024\" height=\"683\" src=\"https:\/\/amip.az\/wp-content\/uploads\/2026\/04\/WhatsApp-Image-2026-04-26-at-11.39.24-1024x683.jpeg\" alt=\"\" class=\"wp-image-10562\" srcset=\"https:\/\/amip.az\/wp-content\/uploads\/2026\/04\/WhatsApp-Image-2026-04-26-at-11.39.24-1024x683.jpeg 1024w, https:\/\/amip.az\/wp-content\/uploads\/2026\/04\/WhatsApp-Image-2026-04-26-at-11.39.24-300x200.jpeg 300w, https:\/\/amip.az\/wp-content\/uploads\/2026\/04\/WhatsApp-Image-2026-04-26-at-11.39.24-768x512.jpeg 768w, https:\/\/amip.az\/wp-content\/uploads\/2026\/04\/WhatsApp-Image-2026-04-26-at-11.39.24-18x12.jpeg 18w, https:\/\/amip.az\/wp-content\/uploads\/2026\/04\/WhatsApp-Image-2026-04-26-at-11.39.24.jpeg 1500w\" sizes=\"auto, (max-width: 1024px) 100vw, 1024px\" \/><\/figure>\n\n\n\n<figure class=\"wp-block-image size-large\"><img loading=\"lazy\" decoding=\"async\" width=\"1024\" height=\"683\" src=\"https:\/\/amip.az\/wp-content\/uploads\/2026\/04\/WhatsApp-Image-2026-04-26-at-11.40.15-1024x683.jpeg\" alt=\"\" class=\"wp-image-10563\" srcset=\"https:\/\/amip.az\/wp-content\/uploads\/2026\/04\/WhatsApp-Image-2026-04-26-at-11.40.15-1024x683.jpeg 1024w, https:\/\/amip.az\/wp-content\/uploads\/2026\/04\/WhatsApp-Image-2026-04-26-at-11.40.15-300x200.jpeg 300w, https:\/\/amip.az\/wp-content\/uploads\/2026\/04\/WhatsApp-Image-2026-04-26-at-11.40.15-768x512.jpeg 768w, https:\/\/amip.az\/wp-content\/uploads\/2026\/04\/WhatsApp-Image-2026-04-26-at-11.40.15-18x12.jpeg 18w, https:\/\/amip.az\/wp-content\/uploads\/2026\/04\/WhatsApp-Image-2026-04-26-at-11.40.15.jpeg 1500w\" sizes=\"auto, (max-width: 1024px) 100vw, 1024px\" \/><\/figure>","protected":false},"excerpt":{"rendered":"<p>Az\u0259rbaycan Milli \u0130stiqlal Partiyas\u0131n\u0131n (AM\u0130P) G\u0259ncl\u0259r T\u0259\u015fkilat\u0131n\u0131n d\u0259st\u0259yi il\u0259 t\u0259l\u0259b\u0259l\u0259rin f\u0259rdi inki\u015faf\u0131na v\u0259 g\u0259l\u0259c\u0259k karyera imkanlar\u0131na i\u015f\u0131q tutan \u201c21-ci \u0259srd\u0259 u\u011furlu t\u0259l\u0259b\u0259 nec\u0259 olmal\u0131d\u0131r?\u201d m\u00f6vzusunda seminar-treninq ke\u00e7irilib.G\u0259ncl\u0259rin b\u00f6y\u00fck mara\u011f\u0131na s\u0259b\u0259b olan t\u0259dbir m\u00fcasir d\u00f6vr\u00fcn \u00e7a\u011f\u0131r\u0131\u015flar\u0131na cavab ver\u0259n intellektual m\u00fczakir\u0259 platformas\u0131na \u00e7evrilib. T\u0259limin \u0259sas qay\u0259sini g\u0259ncl\u0259rin d\u0259yi\u015f\u0259n d\u00fcnya nizam\u0131na adaptasiyas\u0131 v\u0259 onlar\u0131n r\u0259qab\u0259t\u0259davaml\u0131 kadr kimi yeti\u015fm\u0259si t\u0259\u015fkil edib.Proqram \u00e7\u0259r\u00e7iv\u0259sind\u0259 a\u015fa\u011f\u0131dak\u0131 prioritet istiqam\u0259tl\u0259r \u0259traf\u0131nda fikir m\u00fcbadil\u0259si apar\u0131l\u0131b: t\u0259nqidi t\u0259f\u0259kk\u00fcr, informasiya bollu\u011funda d\u00fczg\u00fcn t\u0259hlil qabiliyy\u0259ti, effektiv kommunikasiya, \u00fcnsiyy\u0259t bacar\u0131qlar\u0131n\u0131n pe\u015f\u0259kar s\u0259viyy\u0259d\u0259 inki\u015faf\u0131, zaman\u0131n idar\u0259 olunmas\u0131, s\u00fcni intellekt [&hellip;]<\/p>","protected":false},"author":2,"featured_media":10552,"comment_status":"closed","ping_status":"closed","sticky":false,"template":"","format":"standard","meta":{"footnotes":""},"categories":[4],"tags":[],"class_list":["post-10548","post","type-post","status-publish","format-standard","has-post-thumbnail","hentry","category-statements"],"yoast_head":"<!-- This site is optimized with the Yoast SEO plugin v23.8 - https:\/\/yoast.com\/wordpress\/plugins\/seo\/ -->\n<title>AM\u0130P G\u0259ncl\u0259r T\u0259\u015fkilat\u0131ndan maarifl\u0259ndirici t\u0259\u015f\u0259bb\u00fcs - FOTOLAR - Az\u0259rbaycan Milli \u0130stiqlal Partiyas\u0131<\/title>\n<meta name=\"robots\" content=\"index, follow, max-snippet:-1, max-image-preview:large, max-video-preview:-1\" \/>\n<link rel=\"canonical\" href=\"https:\/\/amip.az\/en\/2026\/04\/26\/amip-g\u0259ncl\u0259r-t\u0259skilatindan-maarifl\u0259ndirici-t\u0259s\u0259bbus-fotolar\/\" \/>\n<meta property=\"og:locale\" content=\"en_US\" \/>\n<meta property=\"og:type\" content=\"article\" \/>\n<meta property=\"og:title\" content=\"AM\u0130P G\u0259ncl\u0259r T\u0259\u015fkilat\u0131ndan maarifl\u0259ndirici t\u0259\u015f\u0259bb\u00fcs - FOTOLAR - Az\u0259rbaycan Milli \u0130stiqlal Partiyas\u0131\" \/>\n<meta property=\"og:description\" content=\"Az\u0259rbaycan Milli \u0130stiqlal Partiyas\u0131n\u0131n (AM\u0130P) G\u0259ncl\u0259r T\u0259\u015fkilat\u0131n\u0131n d\u0259st\u0259yi il\u0259 t\u0259l\u0259b\u0259l\u0259rin f\u0259rdi inki\u015faf\u0131na v\u0259 g\u0259l\u0259c\u0259k karyera imkanlar\u0131na i\u015f\u0131q tutan \u201c21-ci \u0259srd\u0259 u\u011furlu t\u0259l\u0259b\u0259 nec\u0259 olmal\u0131d\u0131r?\u201d m\u00f6vzusunda seminar-treninq ke\u00e7irilib.G\u0259ncl\u0259rin b\u00f6y\u00fck mara\u011f\u0131na s\u0259b\u0259b olan t\u0259dbir m\u00fcasir d\u00f6vr\u00fcn \u00e7a\u011f\u0131r\u0131\u015flar\u0131na cavab ver\u0259n intellektual m\u00fczakir\u0259 platformas\u0131na \u00e7evrilib. T\u0259limin \u0259sas qay\u0259sini g\u0259ncl\u0259rin d\u0259yi\u015f\u0259n d\u00fcnya nizam\u0131na adaptasiyas\u0131 v\u0259 onlar\u0131n r\u0259qab\u0259t\u0259davaml\u0131 kadr kimi yeti\u015fm\u0259si t\u0259\u015fkil edib.Proqram \u00e7\u0259r\u00e7iv\u0259sind\u0259 a\u015fa\u011f\u0131dak\u0131 prioritet istiqam\u0259tl\u0259r \u0259traf\u0131nda fikir m\u00fcbadil\u0259si apar\u0131l\u0131b: t\u0259nqidi t\u0259f\u0259kk\u00fcr, informasiya bollu\u011funda d\u00fczg\u00fcn t\u0259hlil qabiliyy\u0259ti, effektiv kommunikasiya, \u00fcnsiyy\u0259t bacar\u0131qlar\u0131n\u0131n pe\u015f\u0259kar s\u0259viyy\u0259d\u0259 inki\u015faf\u0131, zaman\u0131n idar\u0259 olunmas\u0131, s\u00fcni intellekt [&hellip;]\" \/>\n<meta property=\"og:url\" content=\"https:\/\/amip.az\/en\/2026\/04\/26\/amip-g\u0259ncl\u0259r-t\u0259skilatindan-maarifl\u0259ndirici-t\u0259s\u0259bbus-fotolar\/\" \/>\n<meta property=\"og:site_name\" content=\"Az\u0259rbaycan Milli \u0130stiqlal Partiyas\u0131\" \/>\n<meta property=\"article:publisher\" content=\"https:\/\/www.facebook.com\/istiqlal91\" \/>\n<meta property=\"article:published_time\" content=\"2026-04-26T07:46:32+00:00\" \/>\n<meta property=\"article:modified_time\" content=\"2026-04-26T07:46:35+00:00\" \/>\n<meta property=\"og:image\" content=\"https:\/\/amip.az\/wp-content\/uploads\/2026\/04\/WhatsApp-Image-2026-04-26-at-11.25.43.jpeg\" \/>\n\t<meta property=\"og:image:width\" content=\"1280\" \/>\n\t<meta property=\"og:image:height\" content=\"853\" \/>\n\t<meta property=\"og:image:type\" content=\"image\/jpeg\" \/>\n<meta name=\"author\" content=\"admin_amip\" \/>\n<meta name=\"twitter:card\" content=\"summary_large_image\" \/>\n<meta name=\"twitter:creator\" content=\"@APartiyas\" \/>\n<meta name=\"twitter:site\" content=\"@APartiyas\" \/>\n<meta name=\"twitter:label1\" content=\"Written by\" \/>\n\t<meta name=\"twitter:data1\" content=\"admin_amip\" \/>\n\t<meta name=\"twitter:label2\" content=\"Est. reading time\" \/>\n\t<meta name=\"twitter:data2\" content=\"5 minutes\" \/>\n<script type=\"application\/ld+json\" class=\"yoast-schema-graph\">{\"@context\":\"https:\/\/schema.org\",\"@graph\":[{\"@type\":\"Article\",\"@id\":\"https:\/\/amip.az\/2026\/04\/26\/amip-g%c9%99ncl%c9%99r-t%c9%99skilatindan-maarifl%c9%99ndirici-t%c9%99s%c9%99bbus-fotolar\/#article\",\"isPartOf\":{\"@id\":\"https:\/\/amip.az\/2026\/04\/26\/amip-g%c9%99ncl%c9%99r-t%c9%99skilatindan-maarifl%c9%99ndirici-t%c9%99s%c9%99bbus-fotolar\/\"},\"author\":{\"name\":\"admin_amip\",\"@id\":\"https:\/\/amip.az\/az\/#\/schema\/person\/a7055ff0b4631c41849ee16f8ff51da7\"},\"headline\":\"AM\u0130P G\u0259ncl\u0259r T\u0259\u015fkilat\u0131ndan maarifl\u0259ndirici t\u0259\u015f\u0259bb\u00fcs &#8211; FOTOLAR\",\"datePublished\":\"2026-04-26T07:46:32+00:00\",\"dateModified\":\"2026-04-26T07:46:35+00:00\",\"mainEntityOfPage\":{\"@id\":\"https:\/\/amip.az\/2026\/04\/26\/amip-g%c9%99ncl%c9%99r-t%c9%99skilatindan-maarifl%c9%99ndirici-t%c9%99s%c9%99bbus-fotolar\/\"},\"wordCount\":509,\"publisher\":{\"@id\":\"https:\/\/amip.az\/az\/#organization\"},\"image\":{\"@id\":\"https:\/\/amip.az\/2026\/04\/26\/amip-g%c9%99ncl%c9%99r-t%c9%99skilatindan-maarifl%c9%99ndirici-t%c9%99s%c9%99bbus-fotolar\/#primaryimage\"},\"thumbnailUrl\":\"https:\/\/amip.az\/wp-content\/uploads\/2026\/04\/WhatsApp-Image-2026-04-26-at-11.25.43.jpeg\",\"articleSection\":[\"R\u0259smi s\u0259n\u0259dl\u0259r\"],\"inLanguage\":\"en-US\"},{\"@type\":\"WebPage\",\"@id\":\"https:\/\/amip.az\/2026\/04\/26\/amip-g%c9%99ncl%c9%99r-t%c9%99skilatindan-maarifl%c9%99ndirici-t%c9%99s%c9%99bbus-fotolar\/\",\"url\":\"https:\/\/amip.az\/2026\/04\/26\/amip-g%c9%99ncl%c9%99r-t%c9%99skilatindan-maarifl%c9%99ndirici-t%c9%99s%c9%99bbus-fotolar\/\",\"name\":\"AM\u0130P G\u0259ncl\u0259r T\u0259\u015fkilat\u0131ndan maarifl\u0259ndirici t\u0259\u015f\u0259bb\u00fcs - FOTOLAR - Az\u0259rbaycan Milli \u0130stiqlal Partiyas\u0131\",\"isPartOf\":{\"@id\":\"https:\/\/amip.az\/az\/#website\"},\"primaryImageOfPage\":{\"@id\":\"https:\/\/amip.az\/2026\/04\/26\/amip-g%c9%99ncl%c9%99r-t%c9%99skilatindan-maarifl%c9%99ndirici-t%c9%99s%c9%99bbus-fotolar\/#primaryimage\"},\"image\":{\"@id\":\"https:\/\/amip.az\/2026\/04\/26\/amip-g%c9%99ncl%c9%99r-t%c9%99skilatindan-maarifl%c9%99ndirici-t%c9%99s%c9%99bbus-fotolar\/#primaryimage\"},\"thumbnailUrl\":\"https:\/\/amip.az\/wp-content\/uploads\/2026\/04\/WhatsApp-Image-2026-04-26-at-11.25.43.jpeg\",\"datePublished\":\"2026-04-26T07:46:32+00:00\",\"dateModified\":\"2026-04-26T07:46:35+00:00\",\"breadcrumb\":{\"@id\":\"https:\/\/amip.az\/2026\/04\/26\/amip-g%c9%99ncl%c9%99r-t%c9%99skilatindan-maarifl%c9%99ndirici-t%c9%99s%c9%99bbus-fotolar\/#breadcrumb\"},\"inLanguage\":\"en-US\",\"potentialAction\":[{\"@type\":\"ReadAction\",\"target\":[\"https:\/\/amip.az\/2026\/04\/26\/amip-g%c9%99ncl%c9%99r-t%c9%99skilatindan-maarifl%c9%99ndirici-t%c9%99s%c9%99bbus-fotolar\/\"]}]},{\"@type\":\"ImageObject\",\"inLanguage\":\"en-US\",\"@id\":\"https:\/\/amip.az\/2026\/04\/26\/amip-g%c9%99ncl%c9%99r-t%c9%99skilatindan-maarifl%c9%99ndirici-t%c9%99s%c9%99bbus-fotolar\/#primaryimage\",\"url\":\"https:\/\/amip.az\/wp-content\/uploads\/2026\/04\/WhatsApp-Image-2026-04-26-at-11.25.43.jpeg\",\"contentUrl\":\"https:\/\/amip.az\/wp-content\/uploads\/2026\/04\/WhatsApp-Image-2026-04-26-at-11.25.43.jpeg\",\"width\":1280,\"height\":853},{\"@type\":\"BreadcrumbList\",\"@id\":\"https:\/\/amip.az\/2026\/04\/26\/amip-g%c9%99ncl%c9%99r-t%c9%99skilatindan-maarifl%c9%99ndirici-t%c9%99s%c9%99bbus-fotolar\/#breadcrumb\",\"itemListElement\":[{\"@type\":\"ListItem\",\"position\":1,\"name\":\"Home\",\"item\":\"https:\/\/amip.az\/\"},{\"@type\":\"ListItem\",\"position\":2,\"name\":\"AM\u0130P G\u0259ncl\u0259r T\u0259\u015fkilat\u0131ndan maarifl\u0259ndirici t\u0259\u015f\u0259bb\u00fcs &#8211; FOTOLAR\"}]},{\"@type\":\"WebSite\",\"@id\":\"https:\/\/amip.az\/az\/#website\",\"url\":\"https:\/\/amip.az\/az\/\",\"name\":\"Az\u0259rbaycan Milli \u0130stiqlal Partiyas\u0131\",\"description\":\"AM\u0130P\",\"publisher\":{\"@id\":\"https:\/\/amip.az\/az\/#organization\"},\"potentialAction\":[{\"@type\":\"SearchAction\",\"target\":{\"@type\":\"EntryPoint\",\"urlTemplate\":\"https:\/\/amip.az\/az\/?s={search_term_string}\"},\"query-input\":{\"@type\":\"PropertyValueSpecification\",\"valueRequired\":true,\"valueName\":\"search_term_string\"}}],\"inLanguage\":\"en-US\"},{\"@type\":\"Organization\",\"@id\":\"https:\/\/amip.az\/az\/#organization\",\"name\":\"Az\u0259rbaycan Milli \u0130stiqlal Partiyas\u0131\",\"url\":\"https:\/\/amip.az\/az\/\",\"logo\":{\"@type\":\"ImageObject\",\"inLanguage\":\"en-US\",\"@id\":\"https:\/\/amip.az\/az\/#\/schema\/logo\/image\/\",\"url\":\"https:\/\/amip.az\/wp-content\/uploads\/2023\/06\/amiplogo.png\",\"contentUrl\":\"https:\/\/amip.az\/wp-content\/uploads\/2023\/06\/amiplogo.png\",\"width\":723,\"height\":423,\"caption\":\"Az\u0259rbaycan Milli \u0130stiqlal Partiyas\u0131\"},\"image\":{\"@id\":\"https:\/\/amip.az\/az\/#\/schema\/logo\/image\/\"},\"sameAs\":[\"https:\/\/www.facebook.com\/istiqlal91\",\"https:\/\/x.com\/APartiyas\",\"https:\/\/www.youtube.com\/channel\/UCF3pc8spko_xON2sr4vUC5A\"]},{\"@type\":\"Person\",\"@id\":\"https:\/\/amip.az\/az\/#\/schema\/person\/a7055ff0b4631c41849ee16f8ff51da7\",\"name\":\"admin_amip\",\"image\":{\"@type\":\"ImageObject\",\"inLanguage\":\"en-US\",\"@id\":\"https:\/\/amip.az\/az\/#\/schema\/person\/image\/\",\"url\":\"https:\/\/secure.gravatar.com\/avatar\/6c3dc6902fd066c5a5d68c8f0038dcc56ec283faa7337f8e6b219cf7e7321d3f?s=96&d=mm&r=g\",\"contentUrl\":\"https:\/\/secure.gravatar.com\/avatar\/6c3dc6902fd066c5a5d68c8f0038dcc56ec283faa7337f8e6b219cf7e7321d3f?s=96&d=mm&r=g\",\"caption\":\"admin_amip\"},\"url\":\"https:\/\/amip.az\/en\/author\/admin_amip\/\"}]}<\/script>\n<!-- \/ Yoast SEO plugin. -->","yoast_head_json":{"title":"AM\u0130P G\u0259ncl\u0259r T\u0259\u015fkilat\u0131ndan maarifl\u0259ndirici t\u0259\u015f\u0259bb\u00fcs - FOTOLAR - Az\u0259rbaycan Milli \u0130stiqlal Partiyas\u0131","robots":{"index":"index","follow":"follow","max-snippet":"max-snippet:-1","max-image-preview":"max-image-preview:large","max-video-preview":"max-video-preview:-1"},"canonical":"https:\/\/amip.az\/en\/2026\/04\/26\/amip-g\u0259ncl\u0259r-t\u0259skilatindan-maarifl\u0259ndirici-t\u0259s\u0259bbus-fotolar\/","og_locale":"en_US","og_type":"article","og_title":"AM\u0130P G\u0259ncl\u0259r T\u0259\u015fkilat\u0131ndan maarifl\u0259ndirici t\u0259\u015f\u0259bb\u00fcs - FOTOLAR - Az\u0259rbaycan Milli \u0130stiqlal Partiyas\u0131","og_description":"Az\u0259rbaycan Milli \u0130stiqlal Partiyas\u0131n\u0131n (AM\u0130P) G\u0259ncl\u0259r T\u0259\u015fkilat\u0131n\u0131n d\u0259st\u0259yi il\u0259 t\u0259l\u0259b\u0259l\u0259rin f\u0259rdi inki\u015faf\u0131na v\u0259 g\u0259l\u0259c\u0259k karyera imkanlar\u0131na i\u015f\u0131q tutan \u201c21-ci \u0259srd\u0259 u\u011furlu t\u0259l\u0259b\u0259 nec\u0259 olmal\u0131d\u0131r?\u201d m\u00f6vzusunda seminar-treninq ke\u00e7irilib.G\u0259ncl\u0259rin b\u00f6y\u00fck mara\u011f\u0131na s\u0259b\u0259b olan t\u0259dbir m\u00fcasir d\u00f6vr\u00fcn \u00e7a\u011f\u0131r\u0131\u015flar\u0131na cavab ver\u0259n intellektual m\u00fczakir\u0259 platformas\u0131na \u00e7evrilib. T\u0259limin \u0259sas qay\u0259sini g\u0259ncl\u0259rin d\u0259yi\u015f\u0259n d\u00fcnya nizam\u0131na adaptasiyas\u0131 v\u0259 onlar\u0131n r\u0259qab\u0259t\u0259davaml\u0131 kadr kimi yeti\u015fm\u0259si t\u0259\u015fkil edib.Proqram \u00e7\u0259r\u00e7iv\u0259sind\u0259 a\u015fa\u011f\u0131dak\u0131 prioritet istiqam\u0259tl\u0259r \u0259traf\u0131nda fikir m\u00fcbadil\u0259si apar\u0131l\u0131b: t\u0259nqidi t\u0259f\u0259kk\u00fcr, informasiya bollu\u011funda d\u00fczg\u00fcn t\u0259hlil qabiliyy\u0259ti, effektiv kommunikasiya, \u00fcnsiyy\u0259t bacar\u0131qlar\u0131n\u0131n pe\u015f\u0259kar s\u0259viyy\u0259d\u0259 inki\u015faf\u0131, zaman\u0131n idar\u0259 olunmas\u0131, s\u00fcni intellekt [&hellip;]","og_url":"https:\/\/amip.az\/en\/2026\/04\/26\/amip-g\u0259ncl\u0259r-t\u0259skilatindan-maarifl\u0259ndirici-t\u0259s\u0259bbus-fotolar\/","og_site_name":"Az\u0259rbaycan Milli \u0130stiqlal Partiyas\u0131","article_publisher":"https:\/\/www.facebook.com\/istiqlal91","article_published_time":"2026-04-26T07:46:32+00:00","article_modified_time":"2026-04-26T07:46:35+00:00","og_image":[{"width":1280,"height":853,"url":"https:\/\/amip.az\/wp-content\/uploads\/2026\/04\/WhatsApp-Image-2026-04-26-at-11.25.43.jpeg","type":"image\/jpeg"}],"author":"admin_amip","twitter_card":"summary_large_image","twitter_creator":"@APartiyas","twitter_site":"@APartiyas","twitter_misc":{"Written by":"admin_amip","Est. reading time":"5 minutes"},"schema":{"@context":"https:\/\/schema.org","@graph":[{"@type":"Article","@id":"https:\/\/amip.az\/2026\/04\/26\/amip-g%c9%99ncl%c9%99r-t%c9%99skilatindan-maarifl%c9%99ndirici-t%c9%99s%c9%99bbus-fotolar\/#article","isPartOf":{"@id":"https:\/\/amip.az\/2026\/04\/26\/amip-g%c9%99ncl%c9%99r-t%c9%99skilatindan-maarifl%c9%99ndirici-t%c9%99s%c9%99bbus-fotolar\/"},"author":{"name":"admin_amip","@id":"https:\/\/amip.az\/az\/#\/schema\/person\/a7055ff0b4631c41849ee16f8ff51da7"},"headline":"AM\u0130P G\u0259ncl\u0259r T\u0259\u015fkilat\u0131ndan maarifl\u0259ndirici t\u0259\u015f\u0259bb\u00fcs &#8211; FOTOLAR","datePublished":"2026-04-26T07:46:32+00:00","dateModified":"2026-04-26T07:46:35+00:00","mainEntityOfPage":{"@id":"https:\/\/amip.az\/2026\/04\/26\/amip-g%c9%99ncl%c9%99r-t%c9%99skilatindan-maarifl%c9%99ndirici-t%c9%99s%c9%99bbus-fotolar\/"},"wordCount":509,"publisher":{"@id":"https:\/\/amip.az\/az\/#organization"},"image":{"@id":"https:\/\/amip.az\/2026\/04\/26\/amip-g%c9%99ncl%c9%99r-t%c9%99skilatindan-maarifl%c9%99ndirici-t%c9%99s%c9%99bbus-fotolar\/#primaryimage"},"thumbnailUrl":"https:\/\/amip.az\/wp-content\/uploads\/2026\/04\/WhatsApp-Image-2026-04-26-at-11.25.43.jpeg","articleSection":["R\u0259smi s\u0259n\u0259dl\u0259r"],"inLanguage":"en-US"},{"@type":"WebPage","@id":"https:\/\/amip.az\/2026\/04\/26\/amip-g%c9%99ncl%c9%99r-t%c9%99skilatindan-maarifl%c9%99ndirici-t%c9%99s%c9%99bbus-fotolar\/","url":"https:\/\/amip.az\/2026\/04\/26\/amip-g%c9%99ncl%c9%99r-t%c9%99skilatindan-maarifl%c9%99ndirici-t%c9%99s%c9%99bbus-fotolar\/","name":"AM\u0130P G\u0259ncl\u0259r T\u0259\u015fkilat\u0131ndan maarifl\u0259ndirici t\u0259\u015f\u0259bb\u00fcs - FOTOLAR - Az\u0259rbaycan Milli \u0130stiqlal Partiyas\u0131","isPartOf":{"@id":"https:\/\/amip.az\/az\/#website"},"primaryImageOfPage":{"@id":"https:\/\/amip.az\/2026\/04\/26\/amip-g%c9%99ncl%c9%99r-t%c9%99skilatindan-maarifl%c9%99ndirici-t%c9%99s%c9%99bbus-fotolar\/#primaryimage"},"image":{"@id":"https:\/\/amip.az\/2026\/04\/26\/amip-g%c9%99ncl%c9%99r-t%c9%99skilatindan-maarifl%c9%99ndirici-t%c9%99s%c9%99bbus-fotolar\/#primaryimage"},"thumbnailUrl":"https:\/\/amip.az\/wp-content\/uploads\/2026\/04\/WhatsApp-Image-2026-04-26-at-11.25.43.jpeg","datePublished":"2026-04-26T07:46:32+00:00","dateModified":"2026-04-26T07:46:35+00:00","breadcrumb":{"@id":"https:\/\/amip.az\/2026\/04\/26\/amip-g%c9%99ncl%c9%99r-t%c9%99skilatindan-maarifl%c9%99ndirici-t%c9%99s%c9%99bbus-fotolar\/#breadcrumb"},"inLanguage":"en-US","potentialAction":[{"@type":"ReadAction","target":["https:\/\/amip.az\/2026\/04\/26\/amip-g%c9%99ncl%c9%99r-t%c9%99skilatindan-maarifl%c9%99ndirici-t%c9%99s%c9%99bbus-fotolar\/"]}]},{"@type":"ImageObject","inLanguage":"en-US","@id":"https:\/\/amip.az\/2026\/04\/26\/amip-g%c9%99ncl%c9%99r-t%c9%99skilatindan-maarifl%c9%99ndirici-t%c9%99s%c9%99bbus-fotolar\/#primaryimage","url":"https:\/\/amip.az\/wp-content\/uploads\/2026\/04\/WhatsApp-Image-2026-04-26-at-11.25.43.jpeg","contentUrl":"https:\/\/amip.az\/wp-content\/uploads\/2026\/04\/WhatsApp-Image-2026-04-26-at-11.25.43.jpeg","width":1280,"height":853},{"@type":"BreadcrumbList","@id":"https:\/\/amip.az\/2026\/04\/26\/amip-g%c9%99ncl%c9%99r-t%c9%99skilatindan-maarifl%c9%99ndirici-t%c9%99s%c9%99bbus-fotolar\/#breadcrumb","itemListElement":[{"@type":"ListItem","position":1,"name":"Home","item":"https:\/\/amip.az\/"},{"@type":"ListItem","position":2,"name":"AM\u0130P G\u0259ncl\u0259r T\u0259\u015fkilat\u0131ndan maarifl\u0259ndirici t\u0259\u015f\u0259bb\u00fcs &#8211; FOTOLAR"}]},{"@type":"WebSite","@id":"https:\/\/amip.az\/az\/#website","url":"https:\/\/amip.az\/az\/","name":"Az\u0259rbaycan Milli \u0130stiqlal Partiyas\u0131","description":"AM\u0130P","publisher":{"@id":"https:\/\/amip.az\/az\/#organization"},"potentialAction":[{"@type":"SearchAction","target":{"@type":"EntryPoint","urlTemplate":"https:\/\/amip.az\/az\/?s={search_term_string}"},"query-input":{"@type":"PropertyValueSpecification","valueRequired":true,"valueName":"search_term_string"}}],"inLanguage":"en-US"},{"@type":"Organization","@id":"https:\/\/amip.az\/az\/#organization","name":"Az\u0259rbaycan Milli \u0130stiqlal Partiyas\u0131","url":"https:\/\/amip.az\/az\/","logo":{"@type":"ImageObject","inLanguage":"en-US","@id":"https:\/\/amip.az\/az\/#\/schema\/logo\/image\/","url":"https:\/\/amip.az\/wp-content\/uploads\/2023\/06\/amiplogo.png","contentUrl":"https:\/\/amip.az\/wp-content\/uploads\/2023\/06\/amiplogo.png","width":723,"height":423,"caption":"Az\u0259rbaycan Milli \u0130stiqlal Partiyas\u0131"},"image":{"@id":"https:\/\/amip.az\/az\/#\/schema\/logo\/image\/"},"sameAs":["https:\/\/www.facebook.com\/istiqlal91","https:\/\/x.com\/APartiyas","https:\/\/www.youtube.com\/channel\/UCF3pc8spko_xON2sr4vUC5A"]},{"@type":"Person","@id":"https:\/\/amip.az\/az\/#\/schema\/person\/a7055ff0b4631c41849ee16f8ff51da7","name":"admin_amip","image":{"@type":"ImageObject","inLanguage":"en-US","@id":"https:\/\/amip.az\/az\/#\/schema\/person\/image\/","url":"https:\/\/secure.gravatar.com\/avatar\/6c3dc6902fd066c5a5d68c8f0038dcc56ec283faa7337f8e6b219cf7e7321d3f?s=96&d=mm&r=g","contentUrl":"https:\/\/secure.gravatar.com\/avatar\/6c3dc6902fd066c5a5d68c8f0038dcc56ec283faa7337f8e6b219cf7e7321d3f?s=96&d=mm&r=g","caption":"admin_amip"},"url":"https:\/\/amip.az\/en\/author\/admin_amip\/"}]}},"_links":{"self":[{"href":"https:\/\/amip.az\/en\/wp-json\/wp\/v2\/posts\/10548","targetHints":{"allow":["GET"]}}],"collection":[{"href":"https:\/\/amip.az\/en\/wp-json\/wp\/v2\/posts"}],"about":[{"href":"https:\/\/amip.az\/en\/wp-json\/wp\/v2\/types\/post"}],"author":[{"embeddable":true,"href":"https:\/\/amip.az\/en\/wp-json\/wp\/v2\/users\/2"}],"replies":[{"embeddable":true,"href":"https:\/\/amip.az\/en\/wp-json\/wp\/v2\/comments?post=10548"}],"version-history":[{"count":1,"href":"https:\/\/amip.az\/en\/wp-json\/wp\/v2\/posts\/10548\/revisions"}],"predecessor-version":[{"id":10564,"href":"https:\/\/amip.az\/en\/wp-json\/wp\/v2\/posts\/10548\/revisions\/10564"}],"wp:featuredmedia":[{"embeddable":true,"href":"https:\/\/amip.az\/en\/wp-json\/wp\/v2\/media\/10552"}],"wp:attachment":[{"href":"https:\/\/amip.az\/en\/wp-json\/wp\/v2\/media?parent=10548"}],"wp:term":[{"taxonomy":"category","embeddable":true,"href":"https:\/\/amip.az\/en\/wp-json\/wp\/v2\/categories?post=10548"},{"taxonomy":"post_tag","embeddable":true,"href":"https:\/\/amip.az\/en\/wp-json\/wp\/v2\/tags?post=10548"}],"curies":[{"name":"wp","href":"https:\/\/api.w.org\/{rel}","templated":true}]}}