{"id":10565,"date":"2026-04-26T11:50:00","date_gmt":"2026-04-26T07:50:00","guid":{"rendered":"https:\/\/amip.az\/?p=10565"},"modified":"2026-04-26T11:50:04","modified_gmt":"2026-04-26T07:50:04","slug":"zelenskinin-bakidan-verdiyi-mesaj-sulh-ucun-yeni-unvan","status":"publish","type":"post","link":"https:\/\/amip.az\/en\/2026\/04\/26\/zelenskinin-bakidan-verdiyi-mesaj-sulh-ucun-yeni-unvan\/","title":{"rendered":"Zelenskinin Bak\u0131dan verdiyi mesaj:\u00a0S\u00fclh \u00fc\u00e7\u00fcn yeni \u00fcnvan\u00a0"},"content":{"rendered":"<p><strong>\u201cAz\u0259rbaycanla Ukrayna aras\u0131nda \u0259laq\u0259l\u0259r he\u00e7 vaxt situativ \u00a0xarakter da\u015f\u0131may\u0131b, \u00a0h\u0259r zaman s\u0131x olub. \u00c7\u00fcnki \u00a0Bak\u0131 il\u0259 Kiyev aras\u0131ndak\u0131 m\u00fcnasib\u0259tl\u0259ri siyasi etimad, qar\u015f\u0131l\u0131ql\u0131 d\u0259st\u0259k, strateji t\u0259r\u0259fda\u015fl\u0131q \u00fcz\u0259rind\u0259 qurulub. H\u0259tta m\u00fcharib\u0259 \u015f\u0259raitind\u0259 bel\u0259 Bak\u0131 Kiyev\u0259 d\u0259st\u0259yini davam etdirib\u201d.<\/strong><\/p>\n\n\n\n<p>Bunu \u00d6lk\u0259.az-a a\u00e7\u0131qlamas\u0131nda <strong>Milli M\u0259clisin deputat\u0131 Arzuxan \u018flizad\u0259<\/strong> deyib.\u00a0<\/p>\n\n\n\n<p>O bildirib ki, Az\u0259rbaycan m\u00fcharib\u0259 d\u00f6vr\u00fcnd\u0259 Ukraynaya davaml\u0131 olaraq humanitar yard\u0131m, enerji v\u0259 sosial sah\u0259d\u0259 d\u0259st\u0259k verib. \u201cBu bax\u0131mdan Bak\u0131n\u0131n d\u0259st\u0259yi Kiyev t\u0259r\u0259find\u0259n y\u00fcks\u0259k qiym\u0259tl\u0259ndirilir. Bu is\u0259 onu g\u00f6st\u0259rir ki, m\u00fcnasib\u0259tl\u0259r t\u0259kc\u0259 siyasi sah\u0259d\u0259 deyil, dig\u0259r sah\u0259l\u0259rd\u0259 &nbsp; iqtisadi, enerji, k\u0259nd t\u0259s\u0259rr\u00fcfat\u0131, humanitar, h\u0259rbi-texniki sah\u0259d\u0259d\u0259 ty\u00fcks\u0259k s\u0259viyy\u0259d\u0259dir\u201d, &#8211; o vur\u011fulay\u0131b.<\/p>\n\n\n\n<p>Deputat \u0259lav\u0259 edib ki, enerji sah\u0259si Bak\u0131-Kiyev m\u00fcnasib\u0259tl\u0259rinin \u0259sas s\u00fctunlar\u0131ndan biridir. \u201cSOCAR-\u0131n Ukraynada uzun ill\u0259rdir f\u0259aliyy\u0259ti art\u0131q formala\u015fm\u0131\u015f \u0259m\u0259kda\u015fl\u0131q modelidir. Lakin bu g\u00fcn t\u0259r\u0259fl\u0259r daha ir\u0259li ged\u0259r\u0259k yeni enerji layih\u0259l\u0259ri, alternativ enerji \u0259m\u0259kda\u015fl\u0131\u011f\u0131, logistika v\u0259 t\u0259dar\u00fck z\u0259ncirl\u0259ri \u00fcz\u0259rind\u0259 i\u015fl\u0259m\u0259y\u0259 haz\u0131r olduqlar\u0131n\u0131 g\u00f6st\u0259rirl\u0259r. Bununla yana\u015f\u0131, k\u0259nd t\u0259s\u0259rr\u00fcfat\u0131, s\u0259naye, investisiya v\u0259 ticar\u0259t kimi sah\u0259l\u0259rd\u0259 d\u0259 \u0259m\u0259kda\u015fl\u0131\u011f\u0131n geni\u015fl\u0259ndirilm\u0259si g\u00fcnd\u0259md\u0259dir.<\/p>\n\n\n\n<p>\u018fn diqq\u0259t\u00e7\u0259k\u0259n istiqam\u0259tl\u0259rd\u0259n biri is\u0259 h\u0259rbi s\u0259naye sah\u0259sidir. H\u0259m Az\u0259rbaycan, h\u0259m d\u0259 Ukrayna bu sah\u0259d\u0259 ciddi potensiala malikdir. Birg\u0259 istehsal v\u0259 texnologiya m\u00fcbadil\u0259si perspektivl\u0259ri g\u00f6st\u0259rir ki, t\u0259r\u0259fda\u015fl\u0131q art\u0131q siyasi v\u0259 iqtisadi \u00e7\u0259r\u00e7iv\u0259ni a\u015faraq t\u0259hl\u00fck\u0259sizlik v\u0259 m\u00fcdafi\u0259 m\u00fcst\u0259visin\u0259 ke\u00e7ir. Bu is\u0259 m\u00fcnasib\u0259tl\u0259rin strateji s\u0259viyy\u0259sini daha da y\u00fcks\u0259ldir\u201d.<br>Az\u0259rbaycan\u0131n &nbsp;Kiyevl\u0259 Moskva aras\u0131nda dialoq platformas\u0131na \u00e7evrilm\u0259si il\u0259 ba\u011fl\u0131 Zelenskinin s\u0259sl\u0259ndirdiyi fikirl\u0259r\u0259 g\u0259ldikd\u0259 deputat qeyd edib ki, Bak\u0131n\u0131n art\u0131q bel\u0259 bir t\u0259cr\u00fcb\u0259si var v\u0259 indiy\u0259d\u0259k bir \u00e7ox m\u00fcnaqi\u015f\u0259 t\u0259r\u0259fi olan \u00f6lk\u0259l\u0259r\u0259 probleml\u0259rini h\u0259ll etm\u0259si \u00fc\u00e7\u00fcn u\u011furlu ev sahibliyi edib. \u201cOna g\u00f6r\u0259 d\u0259 Zelenskinin d\u0259 Az\u0259rbaycan\u0131n potensial dan\u0131\u015f\u0131qlar m\u0259kan\u0131 kimi \u00e7\u0131x\u0131\u015f ed\u0259 bil\u0259c\u0259yini vur\u011fulamas\u0131 t\u0259sad\u00fcfi deyil. Bu, Bak\u0131n\u0131n art\u0131q etibarl\u0131 t\u0259r\u0259fda\u015f, neytral platforma v\u0259 regional sabitlik aktoru kimi q\u0259bul edildiyini g\u00f6st\u0259rir, &#8211; o qeyd edib.<\/p>\n\n\n\n<p>Onun fikrinc\u0259, bu s\u0259f\u0259rin \u0259sas geosiyasi mesaj\u0131 ondan ibar\u0259tdir ki, Az\u0259rbaycan art\u0131q yaln\u0131z region \u00f6lk\u0259si deyil: \u201cAz\u0259rbaycan eyni zamanda &nbsp;\u015e\u0259rql\u0259 Q\u0259rb aras\u0131nda k\u00f6rp\u00fcd\u00fcr, &nbsp;enerji t\u0259hl\u00fck\u0259sizliyinin t\u0259minat\u00e7\u0131s\u0131d\u0131r &nbsp;v\u0259 diplomatik balans m\u0259rk\u0259zidir. Bu is\u0259 Bak\u0131n\u0131 h\u0259m Avropa, h\u0259m d\u0259 postsovet m\u0259kan\u0131nda strateji oyun\u00e7uya \u00e7evirir. Bu da Bak\u0131-Kiyev &nbsp; m\u00fcnasib\u0259tl\u0259rini daha da g\u00fccl\u0259ndir\u0259n amildir. Bu g\u00f6r\u00fc\u015f bir daha g\u00f6st\u0259rdi ki, Az\u0259rbaycan-Ukrayna m\u00fcnasib\u0259tl\u0259ri sabit v\u0259 davaml\u0131d\u0131r. T\u0259r\u0259fl\u0259r \u0259m\u0259kda\u015fl\u0131\u011f\u0131 b\u00fct\u00fcn sah\u0259l\u0259rd\u0259 geni\u015fl\u0259ndirm\u0259k niyy\u0259tind\u0259dir. N\u0259tic\u0259d\u0259 Bak\u0131 regional deyil, beyn\u0259lxalq s\u0259viyy\u0259d\u0259 s\u00f6z sahibin\u0259 \u00e7evrilir. \u018fn \u00f6n\u0259mlisi is\u0259 Az\u0259rbaycan art\u0131q t\u0259kc\u0259 t\u0259r\u0259fda\u015f deyil, h\u0259m d\u0259 dialoq quran, sabitlik yaradan v\u0259 prosesl\u0259ri istiqam\u0259tl\u0259ndir\u0259n aktordur. Bu is\u0259 yeni d\u00fcnya d\u00fcz\u0259nind\u0259 \u0259n b\u00f6y\u00fck \u00fcst\u00fcnl\u00fckl\u0259rd\u0259n biridir\u201d.<\/p>","protected":false},"excerpt":{"rendered":"<p>\u201cAz\u0259rbaycanla Ukrayna aras\u0131nda \u0259laq\u0259l\u0259r he\u00e7 vaxt situativ \u00a0xarakter da\u015f\u0131may\u0131b, \u00a0h\u0259r zaman s\u0131x olub. \u00c7\u00fcnki \u00a0Bak\u0131 il\u0259 Kiyev aras\u0131ndak\u0131 m\u00fcnasib\u0259tl\u0259ri siyasi etimad, qar\u015f\u0131l\u0131ql\u0131 d\u0259st\u0259k, strateji t\u0259r\u0259fda\u015fl\u0131q \u00fcz\u0259rind\u0259 qurulub. H\u0259tta m\u00fcharib\u0259 \u015f\u0259raitind\u0259 bel\u0259 Bak\u0131 Kiyev\u0259 d\u0259st\u0259yini davam etdirib\u201d. Bunu \u00d6lk\u0259.az-a a\u00e7\u0131qlamas\u0131nda Milli M\u0259clisin deputat\u0131 Arzuxan \u018flizad\u0259 deyib.\u00a0 O bildirib ki, Az\u0259rbaycan m\u00fcharib\u0259 d\u00f6vr\u00fcnd\u0259 Ukraynaya davaml\u0131 olaraq humanitar yard\u0131m, enerji v\u0259 sosial sah\u0259d\u0259 d\u0259st\u0259k verib. \u201cBu bax\u0131mdan Bak\u0131n\u0131n d\u0259st\u0259yi Kiyev t\u0259r\u0259find\u0259n y\u00fcks\u0259k qiym\u0259tl\u0259ndirilir. Bu is\u0259 onu g\u00f6st\u0259rir ki, m\u00fcnasib\u0259tl\u0259r t\u0259kc\u0259 siyasi sah\u0259d\u0259 deyil, dig\u0259r sah\u0259l\u0259rd\u0259 &nbsp; iqtisadi, [&hellip;]<\/p>","protected":false},"author":2,"featured_media":10418,"comment_status":"closed","ping_status":"closed","sticky":false,"template":"","format":"standard","meta":{"footnotes":""},"categories":[10],"tags":[],"class_list":["post-10565","post","type-post","status-publish","format-standard","has-post-thumbnail","hentry","category-kiv"],"yoast_head":"<!-- This site is optimized with the Yoast SEO plugin v23.8 - https:\/\/yoast.com\/wordpress\/plugins\/seo\/ -->\n<title>Zelenskinin Bak\u0131dan verdiyi mesaj:\u00a0S\u00fclh \u00fc\u00e7\u00fcn yeni \u00fcnvan\u00a0 - Az\u0259rbaycan Milli \u0130stiqlal Partiyas\u0131<\/title>\n<meta name=\"robots\" content=\"index, follow, max-snippet:-1, max-image-preview:large, max-video-preview:-1\" \/>\n<link rel=\"canonical\" href=\"https:\/\/amip.az\/en\/2026\/04\/26\/zelenskinin-bakidan-verdiyi-mesaj-sulh-ucun-yeni-unvan\/\" \/>\n<meta property=\"og:locale\" content=\"en_US\" \/>\n<meta property=\"og:type\" content=\"article\" \/>\n<meta property=\"og:title\" content=\"Zelenskinin Bak\u0131dan verdiyi mesaj:\u00a0S\u00fclh \u00fc\u00e7\u00fcn yeni \u00fcnvan\u00a0 - Az\u0259rbaycan Milli \u0130stiqlal Partiyas\u0131\" \/>\n<meta property=\"og:description\" content=\"\u201cAz\u0259rbaycanla Ukrayna aras\u0131nda \u0259laq\u0259l\u0259r he\u00e7 vaxt situativ \u00a0xarakter da\u015f\u0131may\u0131b, \u00a0h\u0259r zaman s\u0131x olub. \u00c7\u00fcnki \u00a0Bak\u0131 il\u0259 Kiyev aras\u0131ndak\u0131 m\u00fcnasib\u0259tl\u0259ri siyasi etimad, qar\u015f\u0131l\u0131ql\u0131 d\u0259st\u0259k, strateji t\u0259r\u0259fda\u015fl\u0131q \u00fcz\u0259rind\u0259 qurulub. H\u0259tta m\u00fcharib\u0259 \u015f\u0259raitind\u0259 bel\u0259 Bak\u0131 Kiyev\u0259 d\u0259st\u0259yini davam etdirib\u201d. Bunu \u00d6lk\u0259.az-a a\u00e7\u0131qlamas\u0131nda Milli M\u0259clisin deputat\u0131 Arzuxan \u018flizad\u0259 deyib.\u00a0 O bildirib ki, Az\u0259rbaycan m\u00fcharib\u0259 d\u00f6vr\u00fcnd\u0259 Ukraynaya davaml\u0131 olaraq humanitar yard\u0131m, enerji v\u0259 sosial sah\u0259d\u0259 d\u0259st\u0259k verib. \u201cBu bax\u0131mdan Bak\u0131n\u0131n d\u0259st\u0259yi Kiyev t\u0259r\u0259find\u0259n y\u00fcks\u0259k qiym\u0259tl\u0259ndirilir. Bu is\u0259 onu g\u00f6st\u0259rir ki, m\u00fcnasib\u0259tl\u0259r t\u0259kc\u0259 siyasi sah\u0259d\u0259 deyil, dig\u0259r sah\u0259l\u0259rd\u0259 &nbsp; iqtisadi, [&hellip;]\" \/>\n<meta property=\"og:url\" content=\"https:\/\/amip.az\/en\/2026\/04\/26\/zelenskinin-bakidan-verdiyi-mesaj-sulh-ucun-yeni-unvan\/\" \/>\n<meta property=\"og:site_name\" content=\"Az\u0259rbaycan Milli \u0130stiqlal Partiyas\u0131\" \/>\n<meta property=\"article:publisher\" content=\"https:\/\/www.facebook.com\/istiqlal91\" \/>\n<meta property=\"article:published_time\" content=\"2026-04-26T07:50:00+00:00\" \/>\n<meta property=\"article:modified_time\" content=\"2026-04-26T07:50:04+00:00\" \/>\n<meta property=\"og:image\" content=\"https:\/\/amip.az\/wp-content\/uploads\/2026\/04\/arzuxan-1.jpg\" \/>\n\t<meta property=\"og:image:width\" content=\"1144\" \/>\n\t<meta property=\"og:image:height\" content=\"1066\" \/>\n\t<meta property=\"og:image:type\" content=\"image\/jpeg\" \/>\n<meta name=\"author\" content=\"admin_amip\" \/>\n<meta name=\"twitter:card\" content=\"summary_large_image\" \/>\n<meta name=\"twitter:creator\" content=\"@APartiyas\" \/>\n<meta name=\"twitter:site\" content=\"@APartiyas\" \/>\n<meta name=\"twitter:label1\" content=\"Written by\" \/>\n\t<meta name=\"twitter:data1\" content=\"admin_amip\" \/>\n\t<meta name=\"twitter:label2\" content=\"Est. reading time\" \/>\n\t<meta name=\"twitter:data2\" content=\"3 minutes\" \/>\n<script type=\"application\/ld+json\" class=\"yoast-schema-graph\">{\"@context\":\"https:\/\/schema.org\",\"@graph\":[{\"@type\":\"Article\",\"@id\":\"https:\/\/amip.az\/2026\/04\/26\/zelenskinin-bakidan-verdiyi-mesaj-sulh-ucun-yeni-unvan\/#article\",\"isPartOf\":{\"@id\":\"https:\/\/amip.az\/2026\/04\/26\/zelenskinin-bakidan-verdiyi-mesaj-sulh-ucun-yeni-unvan\/\"},\"author\":{\"name\":\"admin_amip\",\"@id\":\"https:\/\/amip.az\/az\/#\/schema\/person\/a7055ff0b4631c41849ee16f8ff51da7\"},\"headline\":\"Zelenskinin Bak\u0131dan verdiyi mesaj:\u00a0S\u00fclh \u00fc\u00e7\u00fcn yeni \u00fcnvan\u00a0\",\"datePublished\":\"2026-04-26T07:50:00+00:00\",\"dateModified\":\"2026-04-26T07:50:04+00:00\",\"mainEntityOfPage\":{\"@id\":\"https:\/\/amip.az\/2026\/04\/26\/zelenskinin-bakidan-verdiyi-mesaj-sulh-ucun-yeni-unvan\/\"},\"wordCount\":688,\"publisher\":{\"@id\":\"https:\/\/amip.az\/az\/#organization\"},\"image\":{\"@id\":\"https:\/\/amip.az\/2026\/04\/26\/zelenskinin-bakidan-verdiyi-mesaj-sulh-ucun-yeni-unvan\/#primaryimage\"},\"thumbnailUrl\":\"https:\/\/amip.az\/wp-content\/uploads\/2026\/04\/arzuxan-1.jpg\",\"articleSection\":[\"K\u0130V\"],\"inLanguage\":\"en-US\"},{\"@type\":\"WebPage\",\"@id\":\"https:\/\/amip.az\/2026\/04\/26\/zelenskinin-bakidan-verdiyi-mesaj-sulh-ucun-yeni-unvan\/\",\"url\":\"https:\/\/amip.az\/2026\/04\/26\/zelenskinin-bakidan-verdiyi-mesaj-sulh-ucun-yeni-unvan\/\",\"name\":\"Zelenskinin Bak\u0131dan verdiyi mesaj:\u00a0S\u00fclh \u00fc\u00e7\u00fcn yeni \u00fcnvan\u00a0 - Az\u0259rbaycan Milli \u0130stiqlal Partiyas\u0131\",\"isPartOf\":{\"@id\":\"https:\/\/amip.az\/az\/#website\"},\"primaryImageOfPage\":{\"@id\":\"https:\/\/amip.az\/2026\/04\/26\/zelenskinin-bakidan-verdiyi-mesaj-sulh-ucun-yeni-unvan\/#primaryimage\"},\"image\":{\"@id\":\"https:\/\/amip.az\/2026\/04\/26\/zelenskinin-bakidan-verdiyi-mesaj-sulh-ucun-yeni-unvan\/#primaryimage\"},\"thumbnailUrl\":\"https:\/\/amip.az\/wp-content\/uploads\/2026\/04\/arzuxan-1.jpg\",\"datePublished\":\"2026-04-26T07:50:00+00:00\",\"dateModified\":\"2026-04-26T07:50:04+00:00\",\"breadcrumb\":{\"@id\":\"https:\/\/amip.az\/2026\/04\/26\/zelenskinin-bakidan-verdiyi-mesaj-sulh-ucun-yeni-unvan\/#breadcrumb\"},\"inLanguage\":\"en-US\",\"potentialAction\":[{\"@type\":\"ReadAction\",\"target\":[\"https:\/\/amip.az\/2026\/04\/26\/zelenskinin-bakidan-verdiyi-mesaj-sulh-ucun-yeni-unvan\/\"]}]},{\"@type\":\"ImageObject\",\"inLanguage\":\"en-US\",\"@id\":\"https:\/\/amip.az\/2026\/04\/26\/zelenskinin-bakidan-verdiyi-mesaj-sulh-ucun-yeni-unvan\/#primaryimage\",\"url\":\"https:\/\/amip.az\/wp-content\/uploads\/2026\/04\/arzuxan-1.jpg\",\"contentUrl\":\"https:\/\/amip.az\/wp-content\/uploads\/2026\/04\/arzuxan-1.jpg\",\"width\":1144,\"height\":1066},{\"@type\":\"BreadcrumbList\",\"@id\":\"https:\/\/amip.az\/2026\/04\/26\/zelenskinin-bakidan-verdiyi-mesaj-sulh-ucun-yeni-unvan\/#breadcrumb\",\"itemListElement\":[{\"@type\":\"ListItem\",\"position\":1,\"name\":\"Home\",\"item\":\"https:\/\/amip.az\/\"},{\"@type\":\"ListItem\",\"position\":2,\"name\":\"Zelenskinin Bak\u0131dan verdiyi mesaj:\u00a0S\u00fclh \u00fc\u00e7\u00fcn yeni \u00fcnvan\u00a0\"}]},{\"@type\":\"WebSite\",\"@id\":\"https:\/\/amip.az\/az\/#website\",\"url\":\"https:\/\/amip.az\/az\/\",\"name\":\"Az\u0259rbaycan Milli \u0130stiqlal Partiyas\u0131\",\"description\":\"AM\u0130P\",\"publisher\":{\"@id\":\"https:\/\/amip.az\/az\/#organization\"},\"potentialAction\":[{\"@type\":\"SearchAction\",\"target\":{\"@type\":\"EntryPoint\",\"urlTemplate\":\"https:\/\/amip.az\/az\/?s={search_term_string}\"},\"query-input\":{\"@type\":\"PropertyValueSpecification\",\"valueRequired\":true,\"valueName\":\"search_term_string\"}}],\"inLanguage\":\"en-US\"},{\"@type\":\"Organization\",\"@id\":\"https:\/\/amip.az\/az\/#organization\",\"name\":\"Az\u0259rbaycan Milli \u0130stiqlal Partiyas\u0131\",\"url\":\"https:\/\/amip.az\/az\/\",\"logo\":{\"@type\":\"ImageObject\",\"inLanguage\":\"en-US\",\"@id\":\"https:\/\/amip.az\/az\/#\/schema\/logo\/image\/\",\"url\":\"https:\/\/amip.az\/wp-content\/uploads\/2023\/06\/amiplogo.png\",\"contentUrl\":\"https:\/\/amip.az\/wp-content\/uploads\/2023\/06\/amiplogo.png\",\"width\":723,\"height\":423,\"caption\":\"Az\u0259rbaycan Milli \u0130stiqlal Partiyas\u0131\"},\"image\":{\"@id\":\"https:\/\/amip.az\/az\/#\/schema\/logo\/image\/\"},\"sameAs\":[\"https:\/\/www.facebook.com\/istiqlal91\",\"https:\/\/x.com\/APartiyas\",\"https:\/\/www.youtube.com\/channel\/UCF3pc8spko_xON2sr4vUC5A\"]},{\"@type\":\"Person\",\"@id\":\"https:\/\/amip.az\/az\/#\/schema\/person\/a7055ff0b4631c41849ee16f8ff51da7\",\"name\":\"admin_amip\",\"image\":{\"@type\":\"ImageObject\",\"inLanguage\":\"en-US\",\"@id\":\"https:\/\/amip.az\/az\/#\/schema\/person\/image\/\",\"url\":\"https:\/\/secure.gravatar.com\/avatar\/6c3dc6902fd066c5a5d68c8f0038dcc56ec283faa7337f8e6b219cf7e7321d3f?s=96&d=mm&r=g\",\"contentUrl\":\"https:\/\/secure.gravatar.com\/avatar\/6c3dc6902fd066c5a5d68c8f0038dcc56ec283faa7337f8e6b219cf7e7321d3f?s=96&d=mm&r=g\",\"caption\":\"admin_amip\"},\"url\":\"https:\/\/amip.az\/en\/author\/admin_amip\/\"}]}<\/script>\n<!-- \/ Yoast SEO plugin. -->","yoast_head_json":{"title":"Zelenskinin Bak\u0131dan verdiyi mesaj:\u00a0S\u00fclh \u00fc\u00e7\u00fcn yeni \u00fcnvan\u00a0 - Az\u0259rbaycan Milli \u0130stiqlal Partiyas\u0131","robots":{"index":"index","follow":"follow","max-snippet":"max-snippet:-1","max-image-preview":"max-image-preview:large","max-video-preview":"max-video-preview:-1"},"canonical":"https:\/\/amip.az\/en\/2026\/04\/26\/zelenskinin-bakidan-verdiyi-mesaj-sulh-ucun-yeni-unvan\/","og_locale":"en_US","og_type":"article","og_title":"Zelenskinin Bak\u0131dan verdiyi mesaj:\u00a0S\u00fclh \u00fc\u00e7\u00fcn yeni \u00fcnvan\u00a0 - Az\u0259rbaycan Milli \u0130stiqlal Partiyas\u0131","og_description":"\u201cAz\u0259rbaycanla Ukrayna aras\u0131nda \u0259laq\u0259l\u0259r he\u00e7 vaxt situativ \u00a0xarakter da\u015f\u0131may\u0131b, \u00a0h\u0259r zaman s\u0131x olub. \u00c7\u00fcnki \u00a0Bak\u0131 il\u0259 Kiyev aras\u0131ndak\u0131 m\u00fcnasib\u0259tl\u0259ri siyasi etimad, qar\u015f\u0131l\u0131ql\u0131 d\u0259st\u0259k, strateji t\u0259r\u0259fda\u015fl\u0131q \u00fcz\u0259rind\u0259 qurulub. H\u0259tta m\u00fcharib\u0259 \u015f\u0259raitind\u0259 bel\u0259 Bak\u0131 Kiyev\u0259 d\u0259st\u0259yini davam etdirib\u201d. Bunu \u00d6lk\u0259.az-a a\u00e7\u0131qlamas\u0131nda Milli M\u0259clisin deputat\u0131 Arzuxan \u018flizad\u0259 deyib.\u00a0 O bildirib ki, Az\u0259rbaycan m\u00fcharib\u0259 d\u00f6vr\u00fcnd\u0259 Ukraynaya davaml\u0131 olaraq humanitar yard\u0131m, enerji v\u0259 sosial sah\u0259d\u0259 d\u0259st\u0259k verib. \u201cBu bax\u0131mdan Bak\u0131n\u0131n d\u0259st\u0259yi Kiyev t\u0259r\u0259find\u0259n y\u00fcks\u0259k qiym\u0259tl\u0259ndirilir. Bu is\u0259 onu g\u00f6st\u0259rir ki, m\u00fcnasib\u0259tl\u0259r t\u0259kc\u0259 siyasi sah\u0259d\u0259 deyil, dig\u0259r sah\u0259l\u0259rd\u0259 &nbsp; iqtisadi, [&hellip;]","og_url":"https:\/\/amip.az\/en\/2026\/04\/26\/zelenskinin-bakidan-verdiyi-mesaj-sulh-ucun-yeni-unvan\/","og_site_name":"Az\u0259rbaycan Milli \u0130stiqlal Partiyas\u0131","article_publisher":"https:\/\/www.facebook.com\/istiqlal91","article_published_time":"2026-04-26T07:50:00+00:00","article_modified_time":"2026-04-26T07:50:04+00:00","og_image":[{"width":1144,"height":1066,"url":"https:\/\/amip.az\/wp-content\/uploads\/2026\/04\/arzuxan-1.jpg","type":"image\/jpeg"}],"author":"admin_amip","twitter_card":"summary_large_image","twitter_creator":"@APartiyas","twitter_site":"@APartiyas","twitter_misc":{"Written by":"admin_amip","Est. reading time":"3 minutes"},"schema":{"@context":"https:\/\/schema.org","@graph":[{"@type":"Article","@id":"https:\/\/amip.az\/2026\/04\/26\/zelenskinin-bakidan-verdiyi-mesaj-sulh-ucun-yeni-unvan\/#article","isPartOf":{"@id":"https:\/\/amip.az\/2026\/04\/26\/zelenskinin-bakidan-verdiyi-mesaj-sulh-ucun-yeni-unvan\/"},"author":{"name":"admin_amip","@id":"https:\/\/amip.az\/az\/#\/schema\/person\/a7055ff0b4631c41849ee16f8ff51da7"},"headline":"Zelenskinin Bak\u0131dan verdiyi mesaj:\u00a0S\u00fclh \u00fc\u00e7\u00fcn yeni \u00fcnvan\u00a0","datePublished":"2026-04-26T07:50:00+00:00","dateModified":"2026-04-26T07:50:04+00:00","mainEntityOfPage":{"@id":"https:\/\/amip.az\/2026\/04\/26\/zelenskinin-bakidan-verdiyi-mesaj-sulh-ucun-yeni-unvan\/"},"wordCount":688,"publisher":{"@id":"https:\/\/amip.az\/az\/#organization"},"image":{"@id":"https:\/\/amip.az\/2026\/04\/26\/zelenskinin-bakidan-verdiyi-mesaj-sulh-ucun-yeni-unvan\/#primaryimage"},"thumbnailUrl":"https:\/\/amip.az\/wp-content\/uploads\/2026\/04\/arzuxan-1.jpg","articleSection":["K\u0130V"],"inLanguage":"en-US"},{"@type":"WebPage","@id":"https:\/\/amip.az\/2026\/04\/26\/zelenskinin-bakidan-verdiyi-mesaj-sulh-ucun-yeni-unvan\/","url":"https:\/\/amip.az\/2026\/04\/26\/zelenskinin-bakidan-verdiyi-mesaj-sulh-ucun-yeni-unvan\/","name":"Zelenskinin Bak\u0131dan verdiyi mesaj:\u00a0S\u00fclh \u00fc\u00e7\u00fcn yeni \u00fcnvan\u00a0 - Az\u0259rbaycan Milli \u0130stiqlal Partiyas\u0131","isPartOf":{"@id":"https:\/\/amip.az\/az\/#website"},"primaryImageOfPage":{"@id":"https:\/\/amip.az\/2026\/04\/26\/zelenskinin-bakidan-verdiyi-mesaj-sulh-ucun-yeni-unvan\/#primaryimage"},"image":{"@id":"https:\/\/amip.az\/2026\/04\/26\/zelenskinin-bakidan-verdiyi-mesaj-sulh-ucun-yeni-unvan\/#primaryimage"},"thumbnailUrl":"https:\/\/amip.az\/wp-content\/uploads\/2026\/04\/arzuxan-1.jpg","datePublished":"2026-04-26T07:50:00+00:00","dateModified":"2026-04-26T07:50:04+00:00","breadcrumb":{"@id":"https:\/\/amip.az\/2026\/04\/26\/zelenskinin-bakidan-verdiyi-mesaj-sulh-ucun-yeni-unvan\/#breadcrumb"},"inLanguage":"en-US","potentialAction":[{"@type":"ReadAction","target":["https:\/\/amip.az\/2026\/04\/26\/zelenskinin-bakidan-verdiyi-mesaj-sulh-ucun-yeni-unvan\/"]}]},{"@type":"ImageObject","inLanguage":"en-US","@id":"https:\/\/amip.az\/2026\/04\/26\/zelenskinin-bakidan-verdiyi-mesaj-sulh-ucun-yeni-unvan\/#primaryimage","url":"https:\/\/amip.az\/wp-content\/uploads\/2026\/04\/arzuxan-1.jpg","contentUrl":"https:\/\/amip.az\/wp-content\/uploads\/2026\/04\/arzuxan-1.jpg","width":1144,"height":1066},{"@type":"BreadcrumbList","@id":"https:\/\/amip.az\/2026\/04\/26\/zelenskinin-bakidan-verdiyi-mesaj-sulh-ucun-yeni-unvan\/#breadcrumb","itemListElement":[{"@type":"ListItem","position":1,"name":"Home","item":"https:\/\/amip.az\/"},{"@type":"ListItem","position":2,"name":"Zelenskinin Bak\u0131dan verdiyi mesaj:\u00a0S\u00fclh \u00fc\u00e7\u00fcn yeni \u00fcnvan\u00a0"}]},{"@type":"WebSite","@id":"https:\/\/amip.az\/az\/#website","url":"https:\/\/amip.az\/az\/","name":"Az\u0259rbaycan Milli \u0130stiqlal Partiyas\u0131","description":"AM\u0130P","publisher":{"@id":"https:\/\/amip.az\/az\/#organization"},"potentialAction":[{"@type":"SearchAction","target":{"@type":"EntryPoint","urlTemplate":"https:\/\/amip.az\/az\/?s={search_term_string}"},"query-input":{"@type":"PropertyValueSpecification","valueRequired":true,"valueName":"search_term_string"}}],"inLanguage":"en-US"},{"@type":"Organization","@id":"https:\/\/amip.az\/az\/#organization","name":"Az\u0259rbaycan Milli \u0130stiqlal Partiyas\u0131","url":"https:\/\/amip.az\/az\/","logo":{"@type":"ImageObject","inLanguage":"en-US","@id":"https:\/\/amip.az\/az\/#\/schema\/logo\/image\/","url":"https:\/\/amip.az\/wp-content\/uploads\/2023\/06\/amiplogo.png","contentUrl":"https:\/\/amip.az\/wp-content\/uploads\/2023\/06\/amiplogo.png","width":723,"height":423,"caption":"Az\u0259rbaycan Milli \u0130stiqlal Partiyas\u0131"},"image":{"@id":"https:\/\/amip.az\/az\/#\/schema\/logo\/image\/"},"sameAs":["https:\/\/www.facebook.com\/istiqlal91","https:\/\/x.com\/APartiyas","https:\/\/www.youtube.com\/channel\/UCF3pc8spko_xON2sr4vUC5A"]},{"@type":"Person","@id":"https:\/\/amip.az\/az\/#\/schema\/person\/a7055ff0b4631c41849ee16f8ff51da7","name":"admin_amip","image":{"@type":"ImageObject","inLanguage":"en-US","@id":"https:\/\/amip.az\/az\/#\/schema\/person\/image\/","url":"https:\/\/secure.gravatar.com\/avatar\/6c3dc6902fd066c5a5d68c8f0038dcc56ec283faa7337f8e6b219cf7e7321d3f?s=96&d=mm&r=g","contentUrl":"https:\/\/secure.gravatar.com\/avatar\/6c3dc6902fd066c5a5d68c8f0038dcc56ec283faa7337f8e6b219cf7e7321d3f?s=96&d=mm&r=g","caption":"admin_amip"},"url":"https:\/\/amip.az\/en\/author\/admin_amip\/"}]}},"_links":{"self":[{"href":"https:\/\/amip.az\/en\/wp-json\/wp\/v2\/posts\/10565","targetHints":{"allow":["GET"]}}],"collection":[{"href":"https:\/\/amip.az\/en\/wp-json\/wp\/v2\/posts"}],"about":[{"href":"https:\/\/amip.az\/en\/wp-json\/wp\/v2\/types\/post"}],"author":[{"embeddable":true,"href":"https:\/\/amip.az\/en\/wp-json\/wp\/v2\/users\/2"}],"replies":[{"embeddable":true,"href":"https:\/\/amip.az\/en\/wp-json\/wp\/v2\/comments?post=10565"}],"version-history":[{"count":1,"href":"https:\/\/amip.az\/en\/wp-json\/wp\/v2\/posts\/10565\/revisions"}],"predecessor-version":[{"id":10566,"href":"https:\/\/amip.az\/en\/wp-json\/wp\/v2\/posts\/10565\/revisions\/10566"}],"wp:featuredmedia":[{"embeddable":true,"href":"https:\/\/amip.az\/en\/wp-json\/wp\/v2\/media\/10418"}],"wp:attachment":[{"href":"https:\/\/amip.az\/en\/wp-json\/wp\/v2\/media?parent=10565"}],"wp:term":[{"taxonomy":"category","embeddable":true,"href":"https:\/\/amip.az\/en\/wp-json\/wp\/v2\/categories?post=10565"},{"taxonomy":"post_tag","embeddable":true,"href":"https:\/\/amip.az\/en\/wp-json\/wp\/v2\/tags?post=10565"}],"curies":[{"name":"wp","href":"https:\/\/api.w.org\/{rel}","templated":true}]}}