{"id":10568,"date":"2026-04-27T13:58:04","date_gmt":"2026-04-27T09:58:04","guid":{"rendered":"https:\/\/amip.az\/?p=10568"},"modified":"2026-04-27T13:58:08","modified_gmt":"2026-04-27T09:58:08","slug":"r%c9%99smi-bakinin-vasit%c9%99ciliyi-il%c9%99-rusiya-v%c9%99-ukrayna-arasinda-bas-tuta-bil%c9%99c%c9%99k-gorus-n%c9%99tic%c9%99li-ola-bil%c9%99r-r%c9%99y","status":"publish","type":"post","link":"https:\/\/amip.az\/en\/2026\/04\/27\/r%c9%99smi-bakinin-vasit%c9%99ciliyi-il%c9%99-rusiya-v%c9%99-ukrayna-arasinda-bas-tuta-bil%c9%99c%c9%99k-gorus-n%c9%99tic%c9%99li-ola-bil%c9%99r-r%c9%99y\/","title":{"rendered":"R\u0259smi Bak\u0131n\u0131n vasit\u0259\u00e7iliyi il\u0259 Rusiya v\u0259 Ukrayna aras\u0131nda ba\u015f tuta bil\u0259c\u0259k g\u00f6r\u00fc\u015f n\u0259tic\u0259li ola bil\u0259r &#8211;\u00a0R\u018fY"},"content":{"rendered":"<p><strong>\u201cUkrayna Prezidenti Volodimir Zelenski Az\u0259rbaycanda c\u0259nab \u0130lham \u018fliyevl\u0259 m\u00fcxt\u0259lif m\u0259s\u0259l\u0259l\u0259ri m\u00fczakir\u0259 etdi. Zelenski t\u0259r\u0259find\u0259n t\u0259klif s\u0259sl\u0259ndirildi ki, Az\u0259rbaycan\u0131n bilavasit\u0259 vasit\u0259\u00e7iliyi il\u0259 Rusiya il\u0259 g\u00f6r\u00fc\u015f d\u0259 Az\u0259rbaycanda ba\u015f tuta bil\u0259r. Rusiya t\u0259r\u0259find\u0259n&nbsp; bununla ba\u011fl\u0131 r\u0259smi m\u00f6vqe&nbsp; Federasiya \u015euras\u0131n\u0131n beyn\u0259lxalq m\u0259s\u0259l\u0259l\u0259r \u00fczr\u0259 komit\u0259sinin birinci m\u00fcavini Vladimir Cabarov t\u0259r\u0259find\u0259n bildirilib. O, \u00fc\u00e7t\u0259r\u0259fli g\u00f6r\u00fc\u015f\u00fcn Az\u0259rbaycan vasit\u0259\u00e7iliyi il\u0259 ba\u015f tutma ehtimal\u0131n\u0131n y\u00fcks\u0259k oldu\u011funu s\u0259rgil\u0259yib. T\u0259bii ki, Vladimir Cabarov&nbsp;&nbsp; r\u0259smi \u015f\u0259xsdir, amma ist\u0259nil\u0259n halda tam olaraq m\u00fczakir\u0259l\u0259rd\u0259n ke\u00e7\u0259nd\u0259n sonra konkret t\u0259r\u0259fl\u0259rin m\u0259s\u0259l\u0259y\u0259 m\u00fcnasib\u0259ti r\u0259smi qaydada s\u0259rgil\u0259nm\u0259lidir. \u0130st\u0259nil\u0259n halda, \u00fc\u00e7t\u0259r\u0259fli g\u00f6r\u00fc\u015f\u00fcn ba\u015f tutub-tutmamas\u0131ndan as\u0131l\u0131 olmayaraq t\u0259r\u0259fl\u0259r Az\u0259rbaycan\u0131 vasit\u0259\u00e7ilik missiyas\u0131n\u0131 u\u011furlu s\u0259viyy\u0259d\u0259 h\u0259yata ke\u00e7ir\u0259 bil\u0259c\u0259k t\u0259r\u0259f kimi q\u0259bul edirl\u0259r.&nbsp; Bu, Az\u0259rbaycan\u0131n beyn\u0259lxalq s\u0259viyy\u0259d\u0259 artan n\u00fcfuzundan, el\u0259c\u0259 d\u0259 qlobal mas\u015ftabdak\u0131 n\u00fcfuzundan x\u0259b\u0259r verir\u201d.<\/strong><\/p>\n\n\n\n<p>Bu s\u00f6zl\u0259ri\u00a0Pravda.az-a a\u00e7\u0131qlamas\u0131nda <strong>Milli M\u0259clisin deputat\u0131<\/strong>\u00a0<strong>Arzuxan \u018flizad\u0259<\/strong>\u00a0deyib.<\/p>\n\n\n\n<p>Deputat bildirib ki, Az\u0259rbaycan uzun ill\u0259r \u00e7ox ciddi probleml\u0259rl\u0259 \u00fcz-\u00fcz\u0259, torpaqlar\u0131n\u0131n 30 il \u0259rzind\u0259 i\u015f\u011fal alt\u0131nda qalmas\u0131na, m\u00fcnaqi\u015f\u0259 t\u0259r\u0259fi olmas\u0131na baxmayaraq h\u0259r zaman beyn\u0259lxalq h\u00fcququn norma v\u0259 prinsipl\u0259rini \u00fcst\u00fcn tutub: \u201cN\u0259hay\u0259t, Az\u0259rbaycan bu g\u00fcn d\u0259 regionda dayan\u0131ql\u0131 s\u00fclh v\u0259 sabitliyin qarant\u0131 olaraq \u00e7\u0131x\u0131\u015f edir v\u0259 Erm\u0259nistanla s\u00fclh platformas\u0131n\u0131n formala\u015fmas\u0131nda \u0259h\u0259miyy\u0259tli rol oynay\u0131b. Az\u0259rbaycan Prezidenti t\u0259kc\u0259 regionda deyil, qlobal mas\u015ftabda da bir s\u0131ra probleml\u0259rin h\u0259lli istiqam\u0259tind\u0259 \u00f6z m\u00f6vqeyind\u0259n, n\u00fcfuzundan istifad\u0259 ed\u0259r\u0259k prosesl\u0259r\u0259 t\u0259sir etm\u0259k g\u00fcc\u00fcnd\u0259 oldu\u011funu \u0259yani sur\u0259td\u0259 n\u00fcmayi\u015f etdirib, Yax\u0131n \u015e\u0259rqd\u0259 ba\u015f ver\u0259n prosesl\u0259rd\u0259, Suriyada, el\u0259c\u0259 d\u0259 bu g\u00fcn davam etm\u0259kd\u0259 olan AB\u015e, \u0130srail v\u0259 \u0130ran aras\u0131ndak\u0131 m\u00fcharib\u0259 \u0259r\u0259f\u0259sind\u0259 d\u0259 m\u00f6vqe s\u0259rgil\u0259yib. El\u0259c\u0259 d\u0259 Rusiya-Ukrayna m\u00fcharib\u0259si d\u00f6n\u0259mind\u0259 d\u0259 d\u0259f\u0259l\u0259rl\u0259 c\u0259nab \u0130lham \u018fliyevin m\u0259s\u0259l\u0259y\u0259 yana\u015fmas\u0131 bir daha Az\u0259rbaycan\u0131n d\u00f6vl\u0259t, \u0130lham \u018fliyevin Prezident olaraq n\u00fcfuzundan x\u0259b\u0259r ver\u0259n amildir. \u00d6lk\u0259 ba\u015f\u00e7\u0131s\u0131n\u0131n prosesl\u0259r\u0259, b\u00fct\u00f6vl\u00fckd\u0259 m\u00fcnaqi\u015f\u0259l\u0259r\u0259 y\u00f6n\u0259lik beyn\u0259lxalq h\u00fcquq platformas\u0131ndan yana\u015fmas\u0131, m\u00f6vqeyi, t\u0259bii ki, dig\u0259r t\u0259r\u0259fl\u0259rin Az\u0259rbaycan\u0131 vasit\u0259\u00e7i olaraq g\u00f6rm\u0259k imkan\u0131 yarad\u0131r. Az\u0259rbaycan Ukrayna v\u0259 Rusiya il\u0259 normal m\u00fcnasib\u0259tl\u0259rd\u0259dir. Ukraynan\u0131n \u0259razi b\u00fct\u00f6vl\u00fcy\u00fc m\u00fct\u0259madi olaraq Az\u0259rbaycan t\u0259r\u0259find\u0259n d\u0259st\u0259kl\u0259nib. Ukraynaya humanitar yard\u0131mlar edilib v\u0259 edilm\u0259kd\u0259dir. Az\u0259rbaycan t\u0259r\u0259f olaraq prosesd\u0259 m\u00f6vqe s\u0259rgil\u0259mir, bit\u0259r\u0259f m\u00f6vqe s\u0259rgil\u0259m\u0259kl\u0259 beyn\u0259lxalq h\u00fcququn norma v\u0259 prinsipl\u0259rin\u0259 uy\u011fun t\u0259r\u0259fl\u0259r aras\u0131nda m\u00fcnasib\u0259tl\u0259rin normalla\u015fmas\u0131 istiqam\u0259tind\u0259 add\u0131mlar atma\u011fa haz\u0131r oldu\u011funu bildirib. Az\u0259rbaycan Prezidentinin bu sah\u0259d\u0259ki \u015f\u0259xsi n\u00fcfuzu, t\u0259bii ki, Az\u0259rbaycan\u0131n vasit\u0259\u00e7ilik missiyas\u0131n\u0131 \u00fcz\u0259rin\u0259 g\u00f6t\u00fcrm\u0259k ehtimallar\u0131n\u0131 kifay\u0259t q\u0259d\u0259r art\u0131r\u0131r. Prezident \u0130lham \u018fliyev il \u0259rzind\u0259 art\u0131q ikinci d\u0259f\u0259dir ki,&nbsp; s\u00fclh m\u00fckafat\u0131na layiq g\u00f6r\u00fcl\u00fcr. Bunlar da Az\u0259rbaycan Prezidentinin n\u00fcfuzundan, d\u00fcnyada s\u00fclh v\u0259 bar\u0131\u015fa nail olmaq istiqam\u0259tind\u0259 g\u00f6st\u0259rdiyi s\u0259yl\u0259rd\u0259n x\u0259b\u0259r verir. Bel\u0259likl\u0259, Az\u0259rbaycan\u0131n vasit\u0259\u00e7ilik missiyas\u0131n\u0131 \u00fcz\u0259rin\u0259 g\u00f6t\u00fcrm\u0259si, \u00f6lk\u0259 Prezidentinin m\u00fcharib\u0259nin dayand\u0131r\u0131lmas\u0131nda \u0259h\u0259miyy\u0259tli rol oynaya bil\u0259c\u0259yi ehtimal\u0131 kifay\u0259t q\u0259d\u0259r y\u00fcks\u0259kdir. Buna g\u00f6r\u0259 d\u0259 Az\u0259rbaycana bel\u0259 bir t\u0259klifl\u0259 \u00e7\u0131x\u0131\u015f edilib. T\u0259bii ki, Rusiya-Ukrayna m\u00fcharib\u0259sinin dayanmas\u0131nda, regionda s\u00fclh v\u0259 sabitliyin olmas\u0131nda maraql\u0131y\u0131q v\u0259 bu kontekstd\u0259 Az\u0259rbaycan \u00f6z s\u0259yl\u0259rini \u0259sirg\u0259mir. Hesab edir\u0259m, \u00fc\u00e7t\u0259r\u0259fli g\u00f6r\u00fc\u015f ba\u015f tutarsa, bundan \u0259vv\u0259lki d\u00f6n\u0259ml\u0259rd\u0259 n\u0259tic\u0259siz yekunla\u015fm\u0131\u015f g\u00f6r\u00fc\u015fl\u0259rd\u0259n f\u0259rqli olaraq r\u0259smi Bak\u0131n\u0131n vasit\u0259\u00e7iliyi il\u0259 ba\u015f tuta bil\u0259c\u0259k g\u00f6r\u00fc\u015f n\u0259tic\u0259li ola bil\u0259r. N\u0259hay\u0259t, m\u00fcharib\u0259nin dayand\u0131r\u0131lmas\u0131na \u00f6z t\u00f6hf\u0259mizi ver\u0259 bil\u0259rik\u201d.<\/p>","protected":false},"excerpt":{"rendered":"<p>\u201cUkrayna Prezidenti Volodimir Zelenski Az\u0259rbaycanda c\u0259nab \u0130lham \u018fliyevl\u0259 m\u00fcxt\u0259lif m\u0259s\u0259l\u0259l\u0259ri m\u00fczakir\u0259 etdi. Zelenski t\u0259r\u0259find\u0259n t\u0259klif s\u0259sl\u0259ndirildi ki, Az\u0259rbaycan\u0131n bilavasit\u0259 vasit\u0259\u00e7iliyi il\u0259 Rusiya il\u0259 g\u00f6r\u00fc\u015f d\u0259 Az\u0259rbaycanda ba\u015f tuta bil\u0259r. Rusiya t\u0259r\u0259find\u0259n&nbsp; bununla ba\u011fl\u0131 r\u0259smi m\u00f6vqe&nbsp; Federasiya \u015euras\u0131n\u0131n beyn\u0259lxalq m\u0259s\u0259l\u0259l\u0259r \u00fczr\u0259 komit\u0259sinin birinci m\u00fcavini Vladimir Cabarov t\u0259r\u0259find\u0259n bildirilib. O, \u00fc\u00e7t\u0259r\u0259fli g\u00f6r\u00fc\u015f\u00fcn Az\u0259rbaycan vasit\u0259\u00e7iliyi il\u0259 ba\u015f tutma ehtimal\u0131n\u0131n y\u00fcks\u0259k oldu\u011funu s\u0259rgil\u0259yib. T\u0259bii ki, Vladimir Cabarov&nbsp;&nbsp; r\u0259smi \u015f\u0259xsdir, amma ist\u0259nil\u0259n halda tam olaraq m\u00fczakir\u0259l\u0259rd\u0259n ke\u00e7\u0259nd\u0259n sonra konkret t\u0259r\u0259fl\u0259rin m\u0259s\u0259l\u0259y\u0259 m\u00fcnasib\u0259ti r\u0259smi qaydada s\u0259rgil\u0259nm\u0259lidir. \u0130st\u0259nil\u0259n halda, \u00fc\u00e7t\u0259r\u0259fli g\u00f6r\u00fc\u015f\u00fcn [&hellip;]<\/p>","protected":false},"author":2,"featured_media":7794,"comment_status":"closed","ping_status":"closed","sticky":false,"template":"","format":"standard","meta":{"footnotes":""},"categories":[10],"tags":[],"class_list":["post-10568","post","type-post","status-publish","format-standard","has-post-thumbnail","hentry","category-kiv"],"yoast_head":"<!-- This site is optimized with the Yoast SEO plugin v23.8 - https:\/\/yoast.com\/wordpress\/plugins\/seo\/ -->\n<title>R\u0259smi Bak\u0131n\u0131n vasit\u0259\u00e7iliyi il\u0259 Rusiya v\u0259 Ukrayna aras\u0131nda ba\u015f tuta bil\u0259c\u0259k g\u00f6r\u00fc\u015f n\u0259tic\u0259li ola bil\u0259r -\u00a0R\u018fY - Az\u0259rbaycan Milli \u0130stiqlal Partiyas\u0131<\/title>\n<meta name=\"robots\" content=\"index, follow, max-snippet:-1, max-image-preview:large, max-video-preview:-1\" \/>\n<link rel=\"canonical\" href=\"https:\/\/amip.az\/en\/2026\/04\/27\/r\u0259smi-bakinin-vasit\u0259ciliyi-il\u0259-rusiya-v\u0259-ukrayna-arasinda-bas-tuta-bil\u0259c\u0259k-gorus-n\u0259tic\u0259li-ola-bil\u0259r-r\u0259y\/\" \/>\n<meta property=\"og:locale\" content=\"en_US\" \/>\n<meta property=\"og:type\" content=\"article\" \/>\n<meta property=\"og:title\" content=\"R\u0259smi Bak\u0131n\u0131n vasit\u0259\u00e7iliyi il\u0259 Rusiya v\u0259 Ukrayna aras\u0131nda ba\u015f tuta bil\u0259c\u0259k g\u00f6r\u00fc\u015f n\u0259tic\u0259li ola bil\u0259r -\u00a0R\u018fY - Az\u0259rbaycan Milli \u0130stiqlal Partiyas\u0131\" \/>\n<meta property=\"og:description\" content=\"\u201cUkrayna Prezidenti Volodimir Zelenski Az\u0259rbaycanda c\u0259nab \u0130lham \u018fliyevl\u0259 m\u00fcxt\u0259lif m\u0259s\u0259l\u0259l\u0259ri m\u00fczakir\u0259 etdi. Zelenski t\u0259r\u0259find\u0259n t\u0259klif s\u0259sl\u0259ndirildi ki, Az\u0259rbaycan\u0131n bilavasit\u0259 vasit\u0259\u00e7iliyi il\u0259 Rusiya il\u0259 g\u00f6r\u00fc\u015f d\u0259 Az\u0259rbaycanda ba\u015f tuta bil\u0259r. Rusiya t\u0259r\u0259find\u0259n&nbsp; bununla ba\u011fl\u0131 r\u0259smi m\u00f6vqe&nbsp; Federasiya \u015euras\u0131n\u0131n beyn\u0259lxalq m\u0259s\u0259l\u0259l\u0259r \u00fczr\u0259 komit\u0259sinin birinci m\u00fcavini Vladimir Cabarov t\u0259r\u0259find\u0259n bildirilib. O, \u00fc\u00e7t\u0259r\u0259fli g\u00f6r\u00fc\u015f\u00fcn Az\u0259rbaycan vasit\u0259\u00e7iliyi il\u0259 ba\u015f tutma ehtimal\u0131n\u0131n y\u00fcks\u0259k oldu\u011funu s\u0259rgil\u0259yib. T\u0259bii ki, Vladimir Cabarov&nbsp;&nbsp; r\u0259smi \u015f\u0259xsdir, amma ist\u0259nil\u0259n halda tam olaraq m\u00fczakir\u0259l\u0259rd\u0259n ke\u00e7\u0259nd\u0259n sonra konkret t\u0259r\u0259fl\u0259rin m\u0259s\u0259l\u0259y\u0259 m\u00fcnasib\u0259ti r\u0259smi qaydada s\u0259rgil\u0259nm\u0259lidir. \u0130st\u0259nil\u0259n halda, \u00fc\u00e7t\u0259r\u0259fli g\u00f6r\u00fc\u015f\u00fcn [&hellip;]\" \/>\n<meta property=\"og:url\" content=\"https:\/\/amip.az\/en\/2026\/04\/27\/r\u0259smi-bakinin-vasit\u0259ciliyi-il\u0259-rusiya-v\u0259-ukrayna-arasinda-bas-tuta-bil\u0259c\u0259k-gorus-n\u0259tic\u0259li-ola-bil\u0259r-r\u0259y\/\" \/>\n<meta property=\"og:site_name\" content=\"Az\u0259rbaycan Milli \u0130stiqlal Partiyas\u0131\" \/>\n<meta property=\"article:publisher\" content=\"https:\/\/www.facebook.com\/istiqlal91\" \/>\n<meta property=\"article:published_time\" content=\"2026-04-27T09:58:04+00:00\" \/>\n<meta property=\"article:modified_time\" content=\"2026-04-27T09:58:08+00:00\" \/>\n<meta property=\"og:image\" content=\"https:\/\/amip.az\/wp-content\/uploads\/2025\/02\/arzuxan.jpg\" \/>\n\t<meta property=\"og:image:width\" content=\"1200\" \/>\n\t<meta property=\"og:image:height\" content=\"800\" \/>\n\t<meta property=\"og:image:type\" content=\"image\/jpeg\" \/>\n<meta name=\"author\" content=\"admin_amip\" \/>\n<meta name=\"twitter:card\" content=\"summary_large_image\" \/>\n<meta name=\"twitter:creator\" content=\"@APartiyas\" \/>\n<meta name=\"twitter:site\" content=\"@APartiyas\" \/>\n<meta name=\"twitter:label1\" content=\"Written by\" \/>\n\t<meta name=\"twitter:data1\" content=\"admin_amip\" \/>\n\t<meta name=\"twitter:label2\" content=\"Est. reading time\" \/>\n\t<meta name=\"twitter:data2\" content=\"3 minutes\" \/>\n<script type=\"application\/ld+json\" class=\"yoast-schema-graph\">{\"@context\":\"https:\/\/schema.org\",\"@graph\":[{\"@type\":\"Article\",\"@id\":\"https:\/\/amip.az\/2026\/04\/27\/r%c9%99smi-bakinin-vasit%c9%99ciliyi-il%c9%99-rusiya-v%c9%99-ukrayna-arasinda-bas-tuta-bil%c9%99c%c9%99k-gorus-n%c9%99tic%c9%99li-ola-bil%c9%99r-r%c9%99y\/#article\",\"isPartOf\":{\"@id\":\"https:\/\/amip.az\/2026\/04\/27\/r%c9%99smi-bakinin-vasit%c9%99ciliyi-il%c9%99-rusiya-v%c9%99-ukrayna-arasinda-bas-tuta-bil%c9%99c%c9%99k-gorus-n%c9%99tic%c9%99li-ola-bil%c9%99r-r%c9%99y\/\"},\"author\":{\"name\":\"admin_amip\",\"@id\":\"https:\/\/amip.az\/az\/#\/schema\/person\/a7055ff0b4631c41849ee16f8ff51da7\"},\"headline\":\"R\u0259smi Bak\u0131n\u0131n vasit\u0259\u00e7iliyi il\u0259 Rusiya v\u0259 Ukrayna aras\u0131nda ba\u015f tuta bil\u0259c\u0259k g\u00f6r\u00fc\u015f n\u0259tic\u0259li ola bil\u0259r &#8211;\u00a0R\u018fY\",\"datePublished\":\"2026-04-27T09:58:04+00:00\",\"dateModified\":\"2026-04-27T09:58:08+00:00\",\"mainEntityOfPage\":{\"@id\":\"https:\/\/amip.az\/2026\/04\/27\/r%c9%99smi-bakinin-vasit%c9%99ciliyi-il%c9%99-rusiya-v%c9%99-ukrayna-arasinda-bas-tuta-bil%c9%99c%c9%99k-gorus-n%c9%99tic%c9%99li-ola-bil%c9%99r-r%c9%99y\/\"},\"wordCount\":869,\"publisher\":{\"@id\":\"https:\/\/amip.az\/az\/#organization\"},\"image\":{\"@id\":\"https:\/\/amip.az\/2026\/04\/27\/r%c9%99smi-bakinin-vasit%c9%99ciliyi-il%c9%99-rusiya-v%c9%99-ukrayna-arasinda-bas-tuta-bil%c9%99c%c9%99k-gorus-n%c9%99tic%c9%99li-ola-bil%c9%99r-r%c9%99y\/#primaryimage\"},\"thumbnailUrl\":\"https:\/\/amip.az\/wp-content\/uploads\/2025\/02\/arzuxan.jpg\",\"articleSection\":[\"K\u0130V\"],\"inLanguage\":\"en-US\"},{\"@type\":\"WebPage\",\"@id\":\"https:\/\/amip.az\/2026\/04\/27\/r%c9%99smi-bakinin-vasit%c9%99ciliyi-il%c9%99-rusiya-v%c9%99-ukrayna-arasinda-bas-tuta-bil%c9%99c%c9%99k-gorus-n%c9%99tic%c9%99li-ola-bil%c9%99r-r%c9%99y\/\",\"url\":\"https:\/\/amip.az\/2026\/04\/27\/r%c9%99smi-bakinin-vasit%c9%99ciliyi-il%c9%99-rusiya-v%c9%99-ukrayna-arasinda-bas-tuta-bil%c9%99c%c9%99k-gorus-n%c9%99tic%c9%99li-ola-bil%c9%99r-r%c9%99y\/\",\"name\":\"R\u0259smi Bak\u0131n\u0131n vasit\u0259\u00e7iliyi il\u0259 Rusiya v\u0259 Ukrayna aras\u0131nda ba\u015f tuta bil\u0259c\u0259k g\u00f6r\u00fc\u015f n\u0259tic\u0259li ola bil\u0259r -\u00a0R\u018fY - Az\u0259rbaycan Milli \u0130stiqlal Partiyas\u0131\",\"isPartOf\":{\"@id\":\"https:\/\/amip.az\/az\/#website\"},\"primaryImageOfPage\":{\"@id\":\"https:\/\/amip.az\/2026\/04\/27\/r%c9%99smi-bakinin-vasit%c9%99ciliyi-il%c9%99-rusiya-v%c9%99-ukrayna-arasinda-bas-tuta-bil%c9%99c%c9%99k-gorus-n%c9%99tic%c9%99li-ola-bil%c9%99r-r%c9%99y\/#primaryimage\"},\"image\":{\"@id\":\"https:\/\/amip.az\/2026\/04\/27\/r%c9%99smi-bakinin-vasit%c9%99ciliyi-il%c9%99-rusiya-v%c9%99-ukrayna-arasinda-bas-tuta-bil%c9%99c%c9%99k-gorus-n%c9%99tic%c9%99li-ola-bil%c9%99r-r%c9%99y\/#primaryimage\"},\"thumbnailUrl\":\"https:\/\/amip.az\/wp-content\/uploads\/2025\/02\/arzuxan.jpg\",\"datePublished\":\"2026-04-27T09:58:04+00:00\",\"dateModified\":\"2026-04-27T09:58:08+00:00\",\"breadcrumb\":{\"@id\":\"https:\/\/amip.az\/2026\/04\/27\/r%c9%99smi-bakinin-vasit%c9%99ciliyi-il%c9%99-rusiya-v%c9%99-ukrayna-arasinda-bas-tuta-bil%c9%99c%c9%99k-gorus-n%c9%99tic%c9%99li-ola-bil%c9%99r-r%c9%99y\/#breadcrumb\"},\"inLanguage\":\"en-US\",\"potentialAction\":[{\"@type\":\"ReadAction\",\"target\":[\"https:\/\/amip.az\/2026\/04\/27\/r%c9%99smi-bakinin-vasit%c9%99ciliyi-il%c9%99-rusiya-v%c9%99-ukrayna-arasinda-bas-tuta-bil%c9%99c%c9%99k-gorus-n%c9%99tic%c9%99li-ola-bil%c9%99r-r%c9%99y\/\"]}]},{\"@type\":\"ImageObject\",\"inLanguage\":\"en-US\",\"@id\":\"https:\/\/amip.az\/2026\/04\/27\/r%c9%99smi-bakinin-vasit%c9%99ciliyi-il%c9%99-rusiya-v%c9%99-ukrayna-arasinda-bas-tuta-bil%c9%99c%c9%99k-gorus-n%c9%99tic%c9%99li-ola-bil%c9%99r-r%c9%99y\/#primaryimage\",\"url\":\"https:\/\/amip.az\/wp-content\/uploads\/2025\/02\/arzuxan.jpg\",\"contentUrl\":\"https:\/\/amip.az\/wp-content\/uploads\/2025\/02\/arzuxan.jpg\",\"width\":1200,\"height\":800},{\"@type\":\"BreadcrumbList\",\"@id\":\"https:\/\/amip.az\/2026\/04\/27\/r%c9%99smi-bakinin-vasit%c9%99ciliyi-il%c9%99-rusiya-v%c9%99-ukrayna-arasinda-bas-tuta-bil%c9%99c%c9%99k-gorus-n%c9%99tic%c9%99li-ola-bil%c9%99r-r%c9%99y\/#breadcrumb\",\"itemListElement\":[{\"@type\":\"ListItem\",\"position\":1,\"name\":\"Home\",\"item\":\"https:\/\/amip.az\/\"},{\"@type\":\"ListItem\",\"position\":2,\"name\":\"R\u0259smi Bak\u0131n\u0131n vasit\u0259\u00e7iliyi il\u0259 Rusiya v\u0259 Ukrayna aras\u0131nda ba\u015f tuta bil\u0259c\u0259k g\u00f6r\u00fc\u015f n\u0259tic\u0259li ola bil\u0259r &#8211;\u00a0R\u018fY\"}]},{\"@type\":\"WebSite\",\"@id\":\"https:\/\/amip.az\/az\/#website\",\"url\":\"https:\/\/amip.az\/az\/\",\"name\":\"Az\u0259rbaycan Milli \u0130stiqlal Partiyas\u0131\",\"description\":\"AM\u0130P\",\"publisher\":{\"@id\":\"https:\/\/amip.az\/az\/#organization\"},\"potentialAction\":[{\"@type\":\"SearchAction\",\"target\":{\"@type\":\"EntryPoint\",\"urlTemplate\":\"https:\/\/amip.az\/az\/?s={search_term_string}\"},\"query-input\":{\"@type\":\"PropertyValueSpecification\",\"valueRequired\":true,\"valueName\":\"search_term_string\"}}],\"inLanguage\":\"en-US\"},{\"@type\":\"Organization\",\"@id\":\"https:\/\/amip.az\/az\/#organization\",\"name\":\"Az\u0259rbaycan Milli \u0130stiqlal Partiyas\u0131\",\"url\":\"https:\/\/amip.az\/az\/\",\"logo\":{\"@type\":\"ImageObject\",\"inLanguage\":\"en-US\",\"@id\":\"https:\/\/amip.az\/az\/#\/schema\/logo\/image\/\",\"url\":\"https:\/\/amip.az\/wp-content\/uploads\/2023\/06\/amiplogo.png\",\"contentUrl\":\"https:\/\/amip.az\/wp-content\/uploads\/2023\/06\/amiplogo.png\",\"width\":723,\"height\":423,\"caption\":\"Az\u0259rbaycan Milli \u0130stiqlal Partiyas\u0131\"},\"image\":{\"@id\":\"https:\/\/amip.az\/az\/#\/schema\/logo\/image\/\"},\"sameAs\":[\"https:\/\/www.facebook.com\/istiqlal91\",\"https:\/\/x.com\/APartiyas\",\"https:\/\/www.youtube.com\/channel\/UCF3pc8spko_xON2sr4vUC5A\"]},{\"@type\":\"Person\",\"@id\":\"https:\/\/amip.az\/az\/#\/schema\/person\/a7055ff0b4631c41849ee16f8ff51da7\",\"name\":\"admin_amip\",\"image\":{\"@type\":\"ImageObject\",\"inLanguage\":\"en-US\",\"@id\":\"https:\/\/amip.az\/az\/#\/schema\/person\/image\/\",\"url\":\"https:\/\/secure.gravatar.com\/avatar\/6c3dc6902fd066c5a5d68c8f0038dcc56ec283faa7337f8e6b219cf7e7321d3f?s=96&d=mm&r=g\",\"contentUrl\":\"https:\/\/secure.gravatar.com\/avatar\/6c3dc6902fd066c5a5d68c8f0038dcc56ec283faa7337f8e6b219cf7e7321d3f?s=96&d=mm&r=g\",\"caption\":\"admin_amip\"},\"url\":\"https:\/\/amip.az\/en\/author\/admin_amip\/\"}]}<\/script>\n<!-- \/ Yoast SEO plugin. -->","yoast_head_json":{"title":"R\u0259smi Bak\u0131n\u0131n vasit\u0259\u00e7iliyi il\u0259 Rusiya v\u0259 Ukrayna aras\u0131nda ba\u015f tuta bil\u0259c\u0259k g\u00f6r\u00fc\u015f n\u0259tic\u0259li ola bil\u0259r -\u00a0R\u018fY - Az\u0259rbaycan Milli \u0130stiqlal Partiyas\u0131","robots":{"index":"index","follow":"follow","max-snippet":"max-snippet:-1","max-image-preview":"max-image-preview:large","max-video-preview":"max-video-preview:-1"},"canonical":"https:\/\/amip.az\/en\/2026\/04\/27\/r\u0259smi-bakinin-vasit\u0259ciliyi-il\u0259-rusiya-v\u0259-ukrayna-arasinda-bas-tuta-bil\u0259c\u0259k-gorus-n\u0259tic\u0259li-ola-bil\u0259r-r\u0259y\/","og_locale":"en_US","og_type":"article","og_title":"R\u0259smi Bak\u0131n\u0131n vasit\u0259\u00e7iliyi il\u0259 Rusiya v\u0259 Ukrayna aras\u0131nda ba\u015f tuta bil\u0259c\u0259k g\u00f6r\u00fc\u015f n\u0259tic\u0259li ola bil\u0259r -\u00a0R\u018fY - Az\u0259rbaycan Milli \u0130stiqlal Partiyas\u0131","og_description":"\u201cUkrayna Prezidenti Volodimir Zelenski Az\u0259rbaycanda c\u0259nab \u0130lham \u018fliyevl\u0259 m\u00fcxt\u0259lif m\u0259s\u0259l\u0259l\u0259ri m\u00fczakir\u0259 etdi. Zelenski t\u0259r\u0259find\u0259n t\u0259klif s\u0259sl\u0259ndirildi ki, Az\u0259rbaycan\u0131n bilavasit\u0259 vasit\u0259\u00e7iliyi il\u0259 Rusiya il\u0259 g\u00f6r\u00fc\u015f d\u0259 Az\u0259rbaycanda ba\u015f tuta bil\u0259r. Rusiya t\u0259r\u0259find\u0259n&nbsp; bununla ba\u011fl\u0131 r\u0259smi m\u00f6vqe&nbsp; Federasiya \u015euras\u0131n\u0131n beyn\u0259lxalq m\u0259s\u0259l\u0259l\u0259r \u00fczr\u0259 komit\u0259sinin birinci m\u00fcavini Vladimir Cabarov t\u0259r\u0259find\u0259n bildirilib. O, \u00fc\u00e7t\u0259r\u0259fli g\u00f6r\u00fc\u015f\u00fcn Az\u0259rbaycan vasit\u0259\u00e7iliyi il\u0259 ba\u015f tutma ehtimal\u0131n\u0131n y\u00fcks\u0259k oldu\u011funu s\u0259rgil\u0259yib. T\u0259bii ki, Vladimir Cabarov&nbsp;&nbsp; r\u0259smi \u015f\u0259xsdir, amma ist\u0259nil\u0259n halda tam olaraq m\u00fczakir\u0259l\u0259rd\u0259n ke\u00e7\u0259nd\u0259n sonra konkret t\u0259r\u0259fl\u0259rin m\u0259s\u0259l\u0259y\u0259 m\u00fcnasib\u0259ti r\u0259smi qaydada s\u0259rgil\u0259nm\u0259lidir. \u0130st\u0259nil\u0259n halda, \u00fc\u00e7t\u0259r\u0259fli g\u00f6r\u00fc\u015f\u00fcn [&hellip;]","og_url":"https:\/\/amip.az\/en\/2026\/04\/27\/r\u0259smi-bakinin-vasit\u0259ciliyi-il\u0259-rusiya-v\u0259-ukrayna-arasinda-bas-tuta-bil\u0259c\u0259k-gorus-n\u0259tic\u0259li-ola-bil\u0259r-r\u0259y\/","og_site_name":"Az\u0259rbaycan Milli \u0130stiqlal Partiyas\u0131","article_publisher":"https:\/\/www.facebook.com\/istiqlal91","article_published_time":"2026-04-27T09:58:04+00:00","article_modified_time":"2026-04-27T09:58:08+00:00","og_image":[{"width":1200,"height":800,"url":"https:\/\/amip.az\/wp-content\/uploads\/2025\/02\/arzuxan.jpg","type":"image\/jpeg"}],"author":"admin_amip","twitter_card":"summary_large_image","twitter_creator":"@APartiyas","twitter_site":"@APartiyas","twitter_misc":{"Written by":"admin_amip","Est. reading time":"3 minutes"},"schema":{"@context":"https:\/\/schema.org","@graph":[{"@type":"Article","@id":"https:\/\/amip.az\/2026\/04\/27\/r%c9%99smi-bakinin-vasit%c9%99ciliyi-il%c9%99-rusiya-v%c9%99-ukrayna-arasinda-bas-tuta-bil%c9%99c%c9%99k-gorus-n%c9%99tic%c9%99li-ola-bil%c9%99r-r%c9%99y\/#article","isPartOf":{"@id":"https:\/\/amip.az\/2026\/04\/27\/r%c9%99smi-bakinin-vasit%c9%99ciliyi-il%c9%99-rusiya-v%c9%99-ukrayna-arasinda-bas-tuta-bil%c9%99c%c9%99k-gorus-n%c9%99tic%c9%99li-ola-bil%c9%99r-r%c9%99y\/"},"author":{"name":"admin_amip","@id":"https:\/\/amip.az\/az\/#\/schema\/person\/a7055ff0b4631c41849ee16f8ff51da7"},"headline":"R\u0259smi Bak\u0131n\u0131n vasit\u0259\u00e7iliyi il\u0259 Rusiya v\u0259 Ukrayna aras\u0131nda ba\u015f tuta bil\u0259c\u0259k g\u00f6r\u00fc\u015f n\u0259tic\u0259li ola bil\u0259r &#8211;\u00a0R\u018fY","datePublished":"2026-04-27T09:58:04+00:00","dateModified":"2026-04-27T09:58:08+00:00","mainEntityOfPage":{"@id":"https:\/\/amip.az\/2026\/04\/27\/r%c9%99smi-bakinin-vasit%c9%99ciliyi-il%c9%99-rusiya-v%c9%99-ukrayna-arasinda-bas-tuta-bil%c9%99c%c9%99k-gorus-n%c9%99tic%c9%99li-ola-bil%c9%99r-r%c9%99y\/"},"wordCount":869,"publisher":{"@id":"https:\/\/amip.az\/az\/#organization"},"image":{"@id":"https:\/\/amip.az\/2026\/04\/27\/r%c9%99smi-bakinin-vasit%c9%99ciliyi-il%c9%99-rusiya-v%c9%99-ukrayna-arasinda-bas-tuta-bil%c9%99c%c9%99k-gorus-n%c9%99tic%c9%99li-ola-bil%c9%99r-r%c9%99y\/#primaryimage"},"thumbnailUrl":"https:\/\/amip.az\/wp-content\/uploads\/2025\/02\/arzuxan.jpg","articleSection":["K\u0130V"],"inLanguage":"en-US"},{"@type":"WebPage","@id":"https:\/\/amip.az\/2026\/04\/27\/r%c9%99smi-bakinin-vasit%c9%99ciliyi-il%c9%99-rusiya-v%c9%99-ukrayna-arasinda-bas-tuta-bil%c9%99c%c9%99k-gorus-n%c9%99tic%c9%99li-ola-bil%c9%99r-r%c9%99y\/","url":"https:\/\/amip.az\/2026\/04\/27\/r%c9%99smi-bakinin-vasit%c9%99ciliyi-il%c9%99-rusiya-v%c9%99-ukrayna-arasinda-bas-tuta-bil%c9%99c%c9%99k-gorus-n%c9%99tic%c9%99li-ola-bil%c9%99r-r%c9%99y\/","name":"R\u0259smi Bak\u0131n\u0131n vasit\u0259\u00e7iliyi il\u0259 Rusiya v\u0259 Ukrayna aras\u0131nda ba\u015f tuta bil\u0259c\u0259k g\u00f6r\u00fc\u015f n\u0259tic\u0259li ola bil\u0259r -\u00a0R\u018fY - Az\u0259rbaycan Milli \u0130stiqlal Partiyas\u0131","isPartOf":{"@id":"https:\/\/amip.az\/az\/#website"},"primaryImageOfPage":{"@id":"https:\/\/amip.az\/2026\/04\/27\/r%c9%99smi-bakinin-vasit%c9%99ciliyi-il%c9%99-rusiya-v%c9%99-ukrayna-arasinda-bas-tuta-bil%c9%99c%c9%99k-gorus-n%c9%99tic%c9%99li-ola-bil%c9%99r-r%c9%99y\/#primaryimage"},"image":{"@id":"https:\/\/amip.az\/2026\/04\/27\/r%c9%99smi-bakinin-vasit%c9%99ciliyi-il%c9%99-rusiya-v%c9%99-ukrayna-arasinda-bas-tuta-bil%c9%99c%c9%99k-gorus-n%c9%99tic%c9%99li-ola-bil%c9%99r-r%c9%99y\/#primaryimage"},"thumbnailUrl":"https:\/\/amip.az\/wp-content\/uploads\/2025\/02\/arzuxan.jpg","datePublished":"2026-04-27T09:58:04+00:00","dateModified":"2026-04-27T09:58:08+00:00","breadcrumb":{"@id":"https:\/\/amip.az\/2026\/04\/27\/r%c9%99smi-bakinin-vasit%c9%99ciliyi-il%c9%99-rusiya-v%c9%99-ukrayna-arasinda-bas-tuta-bil%c9%99c%c9%99k-gorus-n%c9%99tic%c9%99li-ola-bil%c9%99r-r%c9%99y\/#breadcrumb"},"inLanguage":"en-US","potentialAction":[{"@type":"ReadAction","target":["https:\/\/amip.az\/2026\/04\/27\/r%c9%99smi-bakinin-vasit%c9%99ciliyi-il%c9%99-rusiya-v%c9%99-ukrayna-arasinda-bas-tuta-bil%c9%99c%c9%99k-gorus-n%c9%99tic%c9%99li-ola-bil%c9%99r-r%c9%99y\/"]}]},{"@type":"ImageObject","inLanguage":"en-US","@id":"https:\/\/amip.az\/2026\/04\/27\/r%c9%99smi-bakinin-vasit%c9%99ciliyi-il%c9%99-rusiya-v%c9%99-ukrayna-arasinda-bas-tuta-bil%c9%99c%c9%99k-gorus-n%c9%99tic%c9%99li-ola-bil%c9%99r-r%c9%99y\/#primaryimage","url":"https:\/\/amip.az\/wp-content\/uploads\/2025\/02\/arzuxan.jpg","contentUrl":"https:\/\/amip.az\/wp-content\/uploads\/2025\/02\/arzuxan.jpg","width":1200,"height":800},{"@type":"BreadcrumbList","@id":"https:\/\/amip.az\/2026\/04\/27\/r%c9%99smi-bakinin-vasit%c9%99ciliyi-il%c9%99-rusiya-v%c9%99-ukrayna-arasinda-bas-tuta-bil%c9%99c%c9%99k-gorus-n%c9%99tic%c9%99li-ola-bil%c9%99r-r%c9%99y\/#breadcrumb","itemListElement":[{"@type":"ListItem","position":1,"name":"Home","item":"https:\/\/amip.az\/"},{"@type":"ListItem","position":2,"name":"R\u0259smi Bak\u0131n\u0131n vasit\u0259\u00e7iliyi il\u0259 Rusiya v\u0259 Ukrayna aras\u0131nda ba\u015f tuta bil\u0259c\u0259k g\u00f6r\u00fc\u015f n\u0259tic\u0259li ola bil\u0259r &#8211;\u00a0R\u018fY"}]},{"@type":"WebSite","@id":"https:\/\/amip.az\/az\/#website","url":"https:\/\/amip.az\/az\/","name":"Az\u0259rbaycan Milli \u0130stiqlal Partiyas\u0131","description":"AM\u0130P","publisher":{"@id":"https:\/\/amip.az\/az\/#organization"},"potentialAction":[{"@type":"SearchAction","target":{"@type":"EntryPoint","urlTemplate":"https:\/\/amip.az\/az\/?s={search_term_string}"},"query-input":{"@type":"PropertyValueSpecification","valueRequired":true,"valueName":"search_term_string"}}],"inLanguage":"en-US"},{"@type":"Organization","@id":"https:\/\/amip.az\/az\/#organization","name":"Az\u0259rbaycan Milli \u0130stiqlal Partiyas\u0131","url":"https:\/\/amip.az\/az\/","logo":{"@type":"ImageObject","inLanguage":"en-US","@id":"https:\/\/amip.az\/az\/#\/schema\/logo\/image\/","url":"https:\/\/amip.az\/wp-content\/uploads\/2023\/06\/amiplogo.png","contentUrl":"https:\/\/amip.az\/wp-content\/uploads\/2023\/06\/amiplogo.png","width":723,"height":423,"caption":"Az\u0259rbaycan Milli \u0130stiqlal Partiyas\u0131"},"image":{"@id":"https:\/\/amip.az\/az\/#\/schema\/logo\/image\/"},"sameAs":["https:\/\/www.facebook.com\/istiqlal91","https:\/\/x.com\/APartiyas","https:\/\/www.youtube.com\/channel\/UCF3pc8spko_xON2sr4vUC5A"]},{"@type":"Person","@id":"https:\/\/amip.az\/az\/#\/schema\/person\/a7055ff0b4631c41849ee16f8ff51da7","name":"admin_amip","image":{"@type":"ImageObject","inLanguage":"en-US","@id":"https:\/\/amip.az\/az\/#\/schema\/person\/image\/","url":"https:\/\/secure.gravatar.com\/avatar\/6c3dc6902fd066c5a5d68c8f0038dcc56ec283faa7337f8e6b219cf7e7321d3f?s=96&d=mm&r=g","contentUrl":"https:\/\/secure.gravatar.com\/avatar\/6c3dc6902fd066c5a5d68c8f0038dcc56ec283faa7337f8e6b219cf7e7321d3f?s=96&d=mm&r=g","caption":"admin_amip"},"url":"https:\/\/amip.az\/en\/author\/admin_amip\/"}]}},"_links":{"self":[{"href":"https:\/\/amip.az\/en\/wp-json\/wp\/v2\/posts\/10568","targetHints":{"allow":["GET"]}}],"collection":[{"href":"https:\/\/amip.az\/en\/wp-json\/wp\/v2\/posts"}],"about":[{"href":"https:\/\/amip.az\/en\/wp-json\/wp\/v2\/types\/post"}],"author":[{"embeddable":true,"href":"https:\/\/amip.az\/en\/wp-json\/wp\/v2\/users\/2"}],"replies":[{"embeddable":true,"href":"https:\/\/amip.az\/en\/wp-json\/wp\/v2\/comments?post=10568"}],"version-history":[{"count":1,"href":"https:\/\/amip.az\/en\/wp-json\/wp\/v2\/posts\/10568\/revisions"}],"predecessor-version":[{"id":10569,"href":"https:\/\/amip.az\/en\/wp-json\/wp\/v2\/posts\/10568\/revisions\/10569"}],"wp:featuredmedia":[{"embeddable":true,"href":"https:\/\/amip.az\/en\/wp-json\/wp\/v2\/media\/7794"}],"wp:attachment":[{"href":"https:\/\/amip.az\/en\/wp-json\/wp\/v2\/media?parent=10568"}],"wp:term":[{"taxonomy":"category","embeddable":true,"href":"https:\/\/amip.az\/en\/wp-json\/wp\/v2\/categories?post=10568"},{"taxonomy":"post_tag","embeddable":true,"href":"https:\/\/amip.az\/en\/wp-json\/wp\/v2\/tags?post=10568"}],"curies":[{"name":"wp","href":"https:\/\/api.w.org\/{rel}","templated":true}]}}