{"id":10581,"date":"2026-04-30T10:21:22","date_gmt":"2026-04-30T06:21:22","guid":{"rendered":"https:\/\/amip.az\/?p=10581"},"modified":"2026-04-30T10:21:27","modified_gmt":"2026-04-30T06:21:27","slug":"r%c9%99sad-bayramov-tramp-konqres%c9%99-muraci%c9%99t-edib-r%c9%99smi-icaz%c9%99-ist%c9%99s%c9%99-bu-daxili-siyasi-mubariz%c9%99ni-k%c9%99skinl%c9%99sdir%c9%99c%c9%99k","status":"publish","type":"post","link":"https:\/\/amip.az\/en\/2026\/04\/30\/r%c9%99sad-bayramov-tramp-konqres%c9%99-muraci%c9%99t-edib-r%c9%99smi-icaz%c9%99-ist%c9%99s%c9%99-bu-daxili-siyasi-mubariz%c9%99ni-k%c9%99skinl%c9%99sdir%c9%99c%c9%99k\/","title":{"rendered":"R\u0259\u015fad Bayramov: \u201cTramp Konqres\u0259 m\u00fcraci\u0259t edib r\u0259smi icaz\u0259 ist\u0259s\u0259, bu, daxili siyasi m\u00fcbariz\u0259ni k\u0259skinl\u0259\u015fdir\u0259c\u0259k\u201d"},"content":{"rendered":"<p><strong>AB\u015e prezidenti Donald Tramp\u0131n \u0130ranla ba\u011fl\u0131 h\u0259rbi \u0259m\u0259liyyatlar\u0131 davam etdirm\u0259si bax\u0131m\u0131ndan 1 may tarixi m\u00fch\u00fcm \u0259h\u0259miyy\u0259t da\u015f\u0131y\u0131r. Bel\u0259 ki, 1973-c\u00fc il M\u00fcharib\u0259 S\u0259lahiyy\u0259tl\u0259ri Qanununa \u0259sas\u0259n prezidentin Konqres t\u0259sdiqi olmadan h\u0259rbi \u0259m\u0259liyyat aparmas\u0131 \u00fc\u00e7\u00fcn n\u0259z\u0259rd\u0259 tutulan 60 g\u00fcnl\u00fck m\u00fcdd\u0259t h\u0259min g\u00fcn ba\u015fa \u00e7at\u0131r.<\/strong><\/p>\n\n\n\n<p>Va\u015finqtonda haz\u0131rda \u0259sas m\u00fczakir\u0259 m\u00f6vzusu \u0259m\u0259liyyatlar\u0131n bu tarixd\u0259n sonra Konqresin raz\u0131l\u0131\u011f\u0131 olmadan nec\u0259 davam etdiril\u0259 bil\u0259c\u0259yidir. AB\u015e Prezidenti qanuna \u0259sas\u0259n 60 g\u00fcnl\u00fck m\u00fcdd\u0259ti yaln\u0131z bir d\u0259f\u0259 \u0259lav\u0259 30 g\u00fcn uzada bil\u0259r. Bir s\u00f6zl\u0259, bundan sonra Tramp ya m\u00fcharib\u0259 elan etm\u0259lidir, ya da \u0259lav\u0259 30 g\u00fcn h\u0259rbi \u0259m\u0259liyyat\u0131 uzada bilir. Maraql\u0131d\u0131r, Tramp hans\u0131 variant\u0131 se\u00e7\u0259c\u0259k?<\/p>\n\n\n\n<p>S\u00f6z\u00fcged\u0259n m\u0259s\u0259l\u0259ni baki-xeber.com-a \u015f\u0259rh ed\u0259n<strong> AM\u0130P Ali M\u0259clisinin s\u0259dri R\u0259\u015fad Bayramovun<\/strong> fikrinc\u0259, AB\u015e siyasi sistemind\u0259 \u201cM\u00fcharib\u0259 S\u0259lahiyy\u0259tl\u0259ri Qanunu\u201d faktiki olaraq prezident v\u0259 Konqres aras\u0131nda g\u00fcc balans\u0131n\u0131n \u0259n h\u0259ssas n\u00f6qt\u0259l\u0259rind\u0259n biridir: \u201c<strong>X\u00fcsusil\u0259 \u0130ran kimi y\u00fcks\u0259k riskli istiqam\u0259td\u0259 bu m\u0259s\u0259l\u0259 daha da aktualla\u015f\u0131r. Tramp\u0131n ikinci prezidentliyi d\u00f6vr\u00fcnd\u0259 m\u00fc\u015fahid\u0259 olunan \u00fcmumi tendensiyaya baxd\u0131qda g\u00f6r\u00fcr\u00fck ki, onun siyasi \u00fcslubu institusional m\u0259hdudiyy\u0259tl\u0259ri test etm\u0259y\u0259 v\u0259 h\u00fcquqi s\u0259rh\u0259dl\u0259ri m\u00fcmk\u00fcn q\u0259d\u0259r elastik interpretasiya etm\u0259y\u0259 y\u00f6n\u0259lib. 1 may tarixinin kritikliyi ondan ibar\u0259tdir ki, bu tarixd\u0259n sonra art\u0131q m\u0259s\u0259l\u0259 yaln\u0131z h\u00fcquqi texniki prosedur deyil, siyasi m\u0259suliyy\u0259t m\u0259s\u0259l\u0259sin\u0259 \u00e7evrilir. \u018fg\u0259r Tramp Konqres\u0259 m\u00fcraci\u0259t edib r\u0259smi icaz\u0259 ist\u0259s\u0259, bu, daxili siyasi m\u00fcbariz\u0259ni k\u0259skinl\u0259\u015fdir\u0259c\u0259k. AB\u015e-da x\u00fcsusil\u0259 uzunm\u00fcdd\u0259tli m\u00fcharib\u0259l\u0259r\u0259 qar\u015f\u0131 skeptisizm g\u00fccl\u00fcd\u00fcr v\u0259 \u0130ran kimi m\u00fcr\u0259kk\u0259b aktorla a\u00e7\u0131q m\u00fcharib\u0259 q\u0259rar\u0131 h\u0259m Demokratlar, h\u0259m d\u0259 b\u0259zi Respublika\u00e7\u0131lar t\u0259r\u0259find\u0259n ciddi m\u00fcqavim\u0259tl\u0259 qar\u015f\u0131lana bil\u0259r. Bu is\u0259 Tramp\u0131n q\u0259rarverm\u0259 modelin\u0259 uy\u011fun deyil, \u00e7\u00fcnki o, siyasi n\u0259zar\u0259ti b\u00f6l\u00fc\u015fm\u0259kd\u0259 maraql\u0131 g\u00f6r\u00fcnm\u00fcr. Dig\u0259r t\u0259r\u0259fd\u0259n, 30 g\u00fcnl\u00fck uzatma variant\u0131 \u00f6z\u00fc d\u0259 daha \u00e7ox taktiki gedi\u015fdir. Bu, h\u0259m h\u0259rbi \u0259m\u0259liyyatlar\u0131n n\u0259tic\u0259l\u0259rini m\u00f6hk\u0259ml\u0259ndirm\u0259k, h\u0259m d\u0259 diplomatik dan\u0131\u015f\u0131qlar \u00fc\u00e7\u00fcn \u0259lav\u0259 zaman qazanmaq m\u0259qs\u0259di da\u015f\u0131ya bil\u0259r. Lakin bu da uzunm\u00fcdd\u0259tli \u00e7\u0131x\u0131\u015f yolu deyil v\u0259 sad\u0259c\u0259 q\u0259rar\u0131n gecikdirilm\u0259sidir. \u018fsas m\u0259s\u0259l\u0259 ondan ibar\u0259tdir ki, Tramp administrasiyas\u0131 bu m\u00fcdd\u0259td\u0259 \u0259m\u0259liyyatlar\u0131n xarakterini d\u0259yi\u015f\u0259r\u0259k onlar\u0131 tammiqyasl\u0131 m\u00fcharib\u0259 kateqoriyas\u0131ndan \u00e7\u0131xarma\u011fa \u00e7al\u0131\u015fa bil\u0259r\u201d.<\/strong><\/p>\n\n\n\n<p>R.Bayramov hesab edir ki, Tramp \u0259n\u0259n\u0259vi olaraq h\u00fcquqi \u00e7\u0259r\u00e7iv\u0259nin yenid\u0259n interpretasiyas\u0131na \u00fcst\u00fcnl\u00fck ver\u0259c\u0259k: <strong>\u201cY\u0259ni \u0259m\u0259liyyatlar formal olaraq davam ets\u0259 d\u0259, onlar m\u0259hdud h\u0259rbi f\u0259aliyy\u0259t, preventiv z\u0259rb\u0259l\u0259r v\u0259 ya m\u00fctt\u0259fiql\u0259rl\u0259 koordinasiya olunmu\u015f t\u0259hl\u00fck\u0259sizlik t\u0259dbirl\u0259ri kimi t\u0259qdim oluna bil\u0259r. Bu halda Konqres t\u0259sdiqind\u0259n faktiki olaraq yan ke\u00e7m\u0259k m\u00fcmk\u00fcn olur. AB\u015e tarixind\u0259 buna ox\u015far presedentl\u0259r m\u00f6vcuddur v\u0259 Tramp\u0131n ikinci prezidentlik d\u00f6vr\u00fcnd\u0259 icra hakimiyy\u0259tinin geni\u015fl\u0259ndirilm\u0259si tendensiyas\u0131 bunu daha ehtimal olunan edir. Eyni zamanda, geosiyasi faktorlar da se\u00e7im\u0259 t\u0259sir ed\u0259c\u0259k. \u0130ranla uzunm\u00fcdd\u0259tli m\u00fcharib\u0259 regionda geni\u015f eskalasiya riski yarad\u0131r v\u0259 AB\u015e-\u0131n dig\u0259r prioritetl\u0259rini x\u00fcsusil\u0259 \u00c7in il\u0259 r\u0259qab\u0259ti k\u00f6lg\u0259d\u0259 qoyur. \u00dcst\u0259g\u0259l, bu il h\u0259m d\u0259 AB\u015e-da Konqres\u0259 aral\u0131q se\u00e7kil\u0259rin ke\u00e7ilm\u0259si n\u0259z\u0259rd\u0259 tutulur. Bu bax\u0131mdan Tramp \u00fc\u00e7\u00fcn optimal strategiya maksimum h\u0259rbi t\u0259zyiqi minimum h\u00fcquqi v\u0259 siyasi m\u0259suliyy\u0259tl\u0259 birl\u0259\u015fdirm\u0259kdir. Y\u0259ni ba\u015fqa s\u00f6zl\u0259, des\u0259k, \u0259n real se\u00e7im m\u00fcharib\u0259 elan etm\u0259k deyil. Daha \u00e7ox ehtimal olunan odur ki, q\u0131sa m\u00fcdd\u0259tli uzatma, y\u0259ni 30 g\u00fcnl\u00fck m\u00fcdd\u0259tl\u0259 ba\u011fl\u0131 q\u0259rar olsun v\u0259 paralel olaraq \u0259m\u0259liyyatlar\u0131n h\u00fcquqi statusunun yenid\u0259n \u00e7\u0259r\u00e7iv\u0259l\u0259ndirilm\u0259si, Konqresin rolunun faktiki olaraq minimuma endirilm\u0259si istiqam\u0259tind\u0259 add\u0131mlar at\u0131ls\u0131n\u201d.<\/strong><\/p>","protected":false},"excerpt":{"rendered":"<p>AB\u015e prezidenti Donald Tramp\u0131n \u0130ranla ba\u011fl\u0131 h\u0259rbi \u0259m\u0259liyyatlar\u0131 davam etdirm\u0259si bax\u0131m\u0131ndan 1 may tarixi m\u00fch\u00fcm \u0259h\u0259miyy\u0259t da\u015f\u0131y\u0131r. Bel\u0259 ki, 1973-c\u00fc il M\u00fcharib\u0259 S\u0259lahiyy\u0259tl\u0259ri Qanununa \u0259sas\u0259n prezidentin Konqres t\u0259sdiqi olmadan h\u0259rbi \u0259m\u0259liyyat aparmas\u0131 \u00fc\u00e7\u00fcn n\u0259z\u0259rd\u0259 tutulan 60 g\u00fcnl\u00fck m\u00fcdd\u0259t h\u0259min g\u00fcn ba\u015fa \u00e7at\u0131r. Va\u015finqtonda haz\u0131rda \u0259sas m\u00fczakir\u0259 m\u00f6vzusu \u0259m\u0259liyyatlar\u0131n bu tarixd\u0259n sonra Konqresin raz\u0131l\u0131\u011f\u0131 olmadan nec\u0259 davam etdiril\u0259 bil\u0259c\u0259yidir. AB\u015e Prezidenti qanuna \u0259sas\u0259n 60 g\u00fcnl\u00fck m\u00fcdd\u0259ti yaln\u0131z bir d\u0259f\u0259 \u0259lav\u0259 30 g\u00fcn uzada bil\u0259r. Bir s\u00f6zl\u0259, bundan sonra Tramp ya m\u00fcharib\u0259 elan etm\u0259lidir, ya da [&hellip;]<\/p>","protected":false},"author":2,"featured_media":9161,"comment_status":"closed","ping_status":"closed","sticky":false,"template":"","format":"standard","meta":{"footnotes":""},"categories":[10],"tags":[],"class_list":["post-10581","post","type-post","status-publish","format-standard","has-post-thumbnail","hentry","category-kiv"],"yoast_head":"<!-- This site is optimized with the Yoast SEO plugin v23.8 - https:\/\/yoast.com\/wordpress\/plugins\/seo\/ -->\n<title>R\u0259\u015fad Bayramov: \u201cTramp Konqres\u0259 m\u00fcraci\u0259t edib r\u0259smi icaz\u0259 ist\u0259s\u0259, bu, daxili siyasi m\u00fcbariz\u0259ni k\u0259skinl\u0259\u015fdir\u0259c\u0259k\u201d - Az\u0259rbaycan Milli \u0130stiqlal Partiyas\u0131<\/title>\n<meta name=\"robots\" content=\"index, follow, max-snippet:-1, max-image-preview:large, max-video-preview:-1\" \/>\n<link rel=\"canonical\" href=\"https:\/\/amip.az\/en\/2026\/04\/30\/r\u0259sad-bayramov-tramp-konqres\u0259-muraci\u0259t-edib-r\u0259smi-icaz\u0259-ist\u0259s\u0259-bu-daxili-siyasi-mubariz\u0259ni-k\u0259skinl\u0259sdir\u0259c\u0259k\/\" \/>\n<meta property=\"og:locale\" content=\"en_US\" \/>\n<meta property=\"og:type\" content=\"article\" \/>\n<meta property=\"og:title\" content=\"R\u0259\u015fad Bayramov: \u201cTramp Konqres\u0259 m\u00fcraci\u0259t edib r\u0259smi icaz\u0259 ist\u0259s\u0259, bu, daxili siyasi m\u00fcbariz\u0259ni k\u0259skinl\u0259\u015fdir\u0259c\u0259k\u201d - Az\u0259rbaycan Milli \u0130stiqlal Partiyas\u0131\" \/>\n<meta property=\"og:description\" content=\"AB\u015e prezidenti Donald Tramp\u0131n \u0130ranla ba\u011fl\u0131 h\u0259rbi \u0259m\u0259liyyatlar\u0131 davam etdirm\u0259si bax\u0131m\u0131ndan 1 may tarixi m\u00fch\u00fcm \u0259h\u0259miyy\u0259t da\u015f\u0131y\u0131r. Bel\u0259 ki, 1973-c\u00fc il M\u00fcharib\u0259 S\u0259lahiyy\u0259tl\u0259ri Qanununa \u0259sas\u0259n prezidentin Konqres t\u0259sdiqi olmadan h\u0259rbi \u0259m\u0259liyyat aparmas\u0131 \u00fc\u00e7\u00fcn n\u0259z\u0259rd\u0259 tutulan 60 g\u00fcnl\u00fck m\u00fcdd\u0259t h\u0259min g\u00fcn ba\u015fa \u00e7at\u0131r. Va\u015finqtonda haz\u0131rda \u0259sas m\u00fczakir\u0259 m\u00f6vzusu \u0259m\u0259liyyatlar\u0131n bu tarixd\u0259n sonra Konqresin raz\u0131l\u0131\u011f\u0131 olmadan nec\u0259 davam etdiril\u0259 bil\u0259c\u0259yidir. AB\u015e Prezidenti qanuna \u0259sas\u0259n 60 g\u00fcnl\u00fck m\u00fcdd\u0259ti yaln\u0131z bir d\u0259f\u0259 \u0259lav\u0259 30 g\u00fcn uzada bil\u0259r. Bir s\u00f6zl\u0259, bundan sonra Tramp ya m\u00fcharib\u0259 elan etm\u0259lidir, ya da [&hellip;]\" \/>\n<meta property=\"og:url\" content=\"https:\/\/amip.az\/en\/2026\/04\/30\/r\u0259sad-bayramov-tramp-konqres\u0259-muraci\u0259t-edib-r\u0259smi-icaz\u0259-ist\u0259s\u0259-bu-daxili-siyasi-mubariz\u0259ni-k\u0259skinl\u0259sdir\u0259c\u0259k\/\" \/>\n<meta property=\"og:site_name\" content=\"Az\u0259rbaycan Milli \u0130stiqlal Partiyas\u0131\" \/>\n<meta property=\"article:publisher\" content=\"https:\/\/www.facebook.com\/istiqlal91\" \/>\n<meta property=\"article:published_time\" content=\"2026-04-30T06:21:22+00:00\" \/>\n<meta property=\"article:modified_time\" content=\"2026-04-30T06:21:27+00:00\" \/>\n<meta property=\"og:image\" content=\"https:\/\/amip.az\/wp-content\/uploads\/2025\/09\/resad.jpg\" \/>\n\t<meta property=\"og:image:width\" content=\"892\" \/>\n\t<meta property=\"og:image:height\" content=\"887\" \/>\n\t<meta property=\"og:image:type\" content=\"image\/jpeg\" \/>\n<meta name=\"author\" content=\"admin_amip\" \/>\n<meta name=\"twitter:card\" content=\"summary_large_image\" \/>\n<meta name=\"twitter:creator\" content=\"@APartiyas\" \/>\n<meta name=\"twitter:site\" content=\"@APartiyas\" \/>\n<meta name=\"twitter:label1\" content=\"Written by\" \/>\n\t<meta name=\"twitter:data1\" content=\"admin_amip\" \/>\n\t<meta name=\"twitter:label2\" content=\"Est. reading time\" \/>\n\t<meta name=\"twitter:data2\" content=\"3 minutes\" \/>\n<script type=\"application\/ld+json\" class=\"yoast-schema-graph\">{\"@context\":\"https:\/\/schema.org\",\"@graph\":[{\"@type\":\"Article\",\"@id\":\"https:\/\/amip.az\/2026\/04\/30\/r%c9%99sad-bayramov-tramp-konqres%c9%99-muraci%c9%99t-edib-r%c9%99smi-icaz%c9%99-ist%c9%99s%c9%99-bu-daxili-siyasi-mubariz%c9%99ni-k%c9%99skinl%c9%99sdir%c9%99c%c9%99k\/#article\",\"isPartOf\":{\"@id\":\"https:\/\/amip.az\/2026\/04\/30\/r%c9%99sad-bayramov-tramp-konqres%c9%99-muraci%c9%99t-edib-r%c9%99smi-icaz%c9%99-ist%c9%99s%c9%99-bu-daxili-siyasi-mubariz%c9%99ni-k%c9%99skinl%c9%99sdir%c9%99c%c9%99k\/\"},\"author\":{\"name\":\"admin_amip\",\"@id\":\"https:\/\/amip.az\/az\/#\/schema\/person\/a7055ff0b4631c41849ee16f8ff51da7\"},\"headline\":\"R\u0259\u015fad Bayramov: \u201cTramp Konqres\u0259 m\u00fcraci\u0259t edib r\u0259smi icaz\u0259 ist\u0259s\u0259, bu, daxili siyasi m\u00fcbariz\u0259ni k\u0259skinl\u0259\u015fdir\u0259c\u0259k\u201d\",\"datePublished\":\"2026-04-30T06:21:22+00:00\",\"dateModified\":\"2026-04-30T06:21:27+00:00\",\"mainEntityOfPage\":{\"@id\":\"https:\/\/amip.az\/2026\/04\/30\/r%c9%99sad-bayramov-tramp-konqres%c9%99-muraci%c9%99t-edib-r%c9%99smi-icaz%c9%99-ist%c9%99s%c9%99-bu-daxili-siyasi-mubariz%c9%99ni-k%c9%99skinl%c9%99sdir%c9%99c%c9%99k\/\"},\"wordCount\":812,\"publisher\":{\"@id\":\"https:\/\/amip.az\/az\/#organization\"},\"image\":{\"@id\":\"https:\/\/amip.az\/2026\/04\/30\/r%c9%99sad-bayramov-tramp-konqres%c9%99-muraci%c9%99t-edib-r%c9%99smi-icaz%c9%99-ist%c9%99s%c9%99-bu-daxili-siyasi-mubariz%c9%99ni-k%c9%99skinl%c9%99sdir%c9%99c%c9%99k\/#primaryimage\"},\"thumbnailUrl\":\"https:\/\/amip.az\/wp-content\/uploads\/2025\/09\/resad.jpg\",\"articleSection\":[\"K\u0130V\"],\"inLanguage\":\"en-US\"},{\"@type\":\"WebPage\",\"@id\":\"https:\/\/amip.az\/2026\/04\/30\/r%c9%99sad-bayramov-tramp-konqres%c9%99-muraci%c9%99t-edib-r%c9%99smi-icaz%c9%99-ist%c9%99s%c9%99-bu-daxili-siyasi-mubariz%c9%99ni-k%c9%99skinl%c9%99sdir%c9%99c%c9%99k\/\",\"url\":\"https:\/\/amip.az\/2026\/04\/30\/r%c9%99sad-bayramov-tramp-konqres%c9%99-muraci%c9%99t-edib-r%c9%99smi-icaz%c9%99-ist%c9%99s%c9%99-bu-daxili-siyasi-mubariz%c9%99ni-k%c9%99skinl%c9%99sdir%c9%99c%c9%99k\/\",\"name\":\"R\u0259\u015fad Bayramov: \u201cTramp Konqres\u0259 m\u00fcraci\u0259t edib r\u0259smi icaz\u0259 ist\u0259s\u0259, bu, daxili siyasi m\u00fcbariz\u0259ni k\u0259skinl\u0259\u015fdir\u0259c\u0259k\u201d - Az\u0259rbaycan Milli \u0130stiqlal Partiyas\u0131\",\"isPartOf\":{\"@id\":\"https:\/\/amip.az\/az\/#website\"},\"primaryImageOfPage\":{\"@id\":\"https:\/\/amip.az\/2026\/04\/30\/r%c9%99sad-bayramov-tramp-konqres%c9%99-muraci%c9%99t-edib-r%c9%99smi-icaz%c9%99-ist%c9%99s%c9%99-bu-daxili-siyasi-mubariz%c9%99ni-k%c9%99skinl%c9%99sdir%c9%99c%c9%99k\/#primaryimage\"},\"image\":{\"@id\":\"https:\/\/amip.az\/2026\/04\/30\/r%c9%99sad-bayramov-tramp-konqres%c9%99-muraci%c9%99t-edib-r%c9%99smi-icaz%c9%99-ist%c9%99s%c9%99-bu-daxili-siyasi-mubariz%c9%99ni-k%c9%99skinl%c9%99sdir%c9%99c%c9%99k\/#primaryimage\"},\"thumbnailUrl\":\"https:\/\/amip.az\/wp-content\/uploads\/2025\/09\/resad.jpg\",\"datePublished\":\"2026-04-30T06:21:22+00:00\",\"dateModified\":\"2026-04-30T06:21:27+00:00\",\"breadcrumb\":{\"@id\":\"https:\/\/amip.az\/2026\/04\/30\/r%c9%99sad-bayramov-tramp-konqres%c9%99-muraci%c9%99t-edib-r%c9%99smi-icaz%c9%99-ist%c9%99s%c9%99-bu-daxili-siyasi-mubariz%c9%99ni-k%c9%99skinl%c9%99sdir%c9%99c%c9%99k\/#breadcrumb\"},\"inLanguage\":\"en-US\",\"potentialAction\":[{\"@type\":\"ReadAction\",\"target\":[\"https:\/\/amip.az\/2026\/04\/30\/r%c9%99sad-bayramov-tramp-konqres%c9%99-muraci%c9%99t-edib-r%c9%99smi-icaz%c9%99-ist%c9%99s%c9%99-bu-daxili-siyasi-mubariz%c9%99ni-k%c9%99skinl%c9%99sdir%c9%99c%c9%99k\/\"]}]},{\"@type\":\"ImageObject\",\"inLanguage\":\"en-US\",\"@id\":\"https:\/\/amip.az\/2026\/04\/30\/r%c9%99sad-bayramov-tramp-konqres%c9%99-muraci%c9%99t-edib-r%c9%99smi-icaz%c9%99-ist%c9%99s%c9%99-bu-daxili-siyasi-mubariz%c9%99ni-k%c9%99skinl%c9%99sdir%c9%99c%c9%99k\/#primaryimage\",\"url\":\"https:\/\/amip.az\/wp-content\/uploads\/2025\/09\/resad.jpg\",\"contentUrl\":\"https:\/\/amip.az\/wp-content\/uploads\/2025\/09\/resad.jpg\",\"width\":892,\"height\":887},{\"@type\":\"BreadcrumbList\",\"@id\":\"https:\/\/amip.az\/2026\/04\/30\/r%c9%99sad-bayramov-tramp-konqres%c9%99-muraci%c9%99t-edib-r%c9%99smi-icaz%c9%99-ist%c9%99s%c9%99-bu-daxili-siyasi-mubariz%c9%99ni-k%c9%99skinl%c9%99sdir%c9%99c%c9%99k\/#breadcrumb\",\"itemListElement\":[{\"@type\":\"ListItem\",\"position\":1,\"name\":\"Home\",\"item\":\"https:\/\/amip.az\/\"},{\"@type\":\"ListItem\",\"position\":2,\"name\":\"R\u0259\u015fad Bayramov: \u201cTramp Konqres\u0259 m\u00fcraci\u0259t edib r\u0259smi icaz\u0259 ist\u0259s\u0259, bu, daxili siyasi m\u00fcbariz\u0259ni k\u0259skinl\u0259\u015fdir\u0259c\u0259k\u201d\"}]},{\"@type\":\"WebSite\",\"@id\":\"https:\/\/amip.az\/az\/#website\",\"url\":\"https:\/\/amip.az\/az\/\",\"name\":\"Az\u0259rbaycan Milli \u0130stiqlal Partiyas\u0131\",\"description\":\"AM\u0130P\",\"publisher\":{\"@id\":\"https:\/\/amip.az\/az\/#organization\"},\"potentialAction\":[{\"@type\":\"SearchAction\",\"target\":{\"@type\":\"EntryPoint\",\"urlTemplate\":\"https:\/\/amip.az\/az\/?s={search_term_string}\"},\"query-input\":{\"@type\":\"PropertyValueSpecification\",\"valueRequired\":true,\"valueName\":\"search_term_string\"}}],\"inLanguage\":\"en-US\"},{\"@type\":\"Organization\",\"@id\":\"https:\/\/amip.az\/az\/#organization\",\"name\":\"Az\u0259rbaycan Milli \u0130stiqlal Partiyas\u0131\",\"url\":\"https:\/\/amip.az\/az\/\",\"logo\":{\"@type\":\"ImageObject\",\"inLanguage\":\"en-US\",\"@id\":\"https:\/\/amip.az\/az\/#\/schema\/logo\/image\/\",\"url\":\"https:\/\/amip.az\/wp-content\/uploads\/2023\/06\/amiplogo.png\",\"contentUrl\":\"https:\/\/amip.az\/wp-content\/uploads\/2023\/06\/amiplogo.png\",\"width\":723,\"height\":423,\"caption\":\"Az\u0259rbaycan Milli \u0130stiqlal Partiyas\u0131\"},\"image\":{\"@id\":\"https:\/\/amip.az\/az\/#\/schema\/logo\/image\/\"},\"sameAs\":[\"https:\/\/www.facebook.com\/istiqlal91\",\"https:\/\/x.com\/APartiyas\",\"https:\/\/www.youtube.com\/channel\/UCF3pc8spko_xON2sr4vUC5A\"]},{\"@type\":\"Person\",\"@id\":\"https:\/\/amip.az\/az\/#\/schema\/person\/a7055ff0b4631c41849ee16f8ff51da7\",\"name\":\"admin_amip\",\"image\":{\"@type\":\"ImageObject\",\"inLanguage\":\"en-US\",\"@id\":\"https:\/\/amip.az\/az\/#\/schema\/person\/image\/\",\"url\":\"https:\/\/secure.gravatar.com\/avatar\/6c3dc6902fd066c5a5d68c8f0038dcc56ec283faa7337f8e6b219cf7e7321d3f?s=96&d=mm&r=g\",\"contentUrl\":\"https:\/\/secure.gravatar.com\/avatar\/6c3dc6902fd066c5a5d68c8f0038dcc56ec283faa7337f8e6b219cf7e7321d3f?s=96&d=mm&r=g\",\"caption\":\"admin_amip\"},\"url\":\"https:\/\/amip.az\/en\/author\/admin_amip\/\"}]}<\/script>\n<!-- \/ Yoast SEO plugin. -->","yoast_head_json":{"title":"R\u0259\u015fad Bayramov: \u201cTramp Konqres\u0259 m\u00fcraci\u0259t edib r\u0259smi icaz\u0259 ist\u0259s\u0259, bu, daxili siyasi m\u00fcbariz\u0259ni k\u0259skinl\u0259\u015fdir\u0259c\u0259k\u201d - Az\u0259rbaycan Milli \u0130stiqlal Partiyas\u0131","robots":{"index":"index","follow":"follow","max-snippet":"max-snippet:-1","max-image-preview":"max-image-preview:large","max-video-preview":"max-video-preview:-1"},"canonical":"https:\/\/amip.az\/en\/2026\/04\/30\/r\u0259sad-bayramov-tramp-konqres\u0259-muraci\u0259t-edib-r\u0259smi-icaz\u0259-ist\u0259s\u0259-bu-daxili-siyasi-mubariz\u0259ni-k\u0259skinl\u0259sdir\u0259c\u0259k\/","og_locale":"en_US","og_type":"article","og_title":"R\u0259\u015fad Bayramov: \u201cTramp Konqres\u0259 m\u00fcraci\u0259t edib r\u0259smi icaz\u0259 ist\u0259s\u0259, bu, daxili siyasi m\u00fcbariz\u0259ni k\u0259skinl\u0259\u015fdir\u0259c\u0259k\u201d - Az\u0259rbaycan Milli \u0130stiqlal Partiyas\u0131","og_description":"AB\u015e prezidenti Donald Tramp\u0131n \u0130ranla ba\u011fl\u0131 h\u0259rbi \u0259m\u0259liyyatlar\u0131 davam etdirm\u0259si bax\u0131m\u0131ndan 1 may tarixi m\u00fch\u00fcm \u0259h\u0259miyy\u0259t da\u015f\u0131y\u0131r. Bel\u0259 ki, 1973-c\u00fc il M\u00fcharib\u0259 S\u0259lahiyy\u0259tl\u0259ri Qanununa \u0259sas\u0259n prezidentin Konqres t\u0259sdiqi olmadan h\u0259rbi \u0259m\u0259liyyat aparmas\u0131 \u00fc\u00e7\u00fcn n\u0259z\u0259rd\u0259 tutulan 60 g\u00fcnl\u00fck m\u00fcdd\u0259t h\u0259min g\u00fcn ba\u015fa \u00e7at\u0131r. Va\u015finqtonda haz\u0131rda \u0259sas m\u00fczakir\u0259 m\u00f6vzusu \u0259m\u0259liyyatlar\u0131n bu tarixd\u0259n sonra Konqresin raz\u0131l\u0131\u011f\u0131 olmadan nec\u0259 davam etdiril\u0259 bil\u0259c\u0259yidir. AB\u015e Prezidenti qanuna \u0259sas\u0259n 60 g\u00fcnl\u00fck m\u00fcdd\u0259ti yaln\u0131z bir d\u0259f\u0259 \u0259lav\u0259 30 g\u00fcn uzada bil\u0259r. Bir s\u00f6zl\u0259, bundan sonra Tramp ya m\u00fcharib\u0259 elan etm\u0259lidir, ya da [&hellip;]","og_url":"https:\/\/amip.az\/en\/2026\/04\/30\/r\u0259sad-bayramov-tramp-konqres\u0259-muraci\u0259t-edib-r\u0259smi-icaz\u0259-ist\u0259s\u0259-bu-daxili-siyasi-mubariz\u0259ni-k\u0259skinl\u0259sdir\u0259c\u0259k\/","og_site_name":"Az\u0259rbaycan Milli \u0130stiqlal Partiyas\u0131","article_publisher":"https:\/\/www.facebook.com\/istiqlal91","article_published_time":"2026-04-30T06:21:22+00:00","article_modified_time":"2026-04-30T06:21:27+00:00","og_image":[{"width":892,"height":887,"url":"https:\/\/amip.az\/wp-content\/uploads\/2025\/09\/resad.jpg","type":"image\/jpeg"}],"author":"admin_amip","twitter_card":"summary_large_image","twitter_creator":"@APartiyas","twitter_site":"@APartiyas","twitter_misc":{"Written by":"admin_amip","Est. reading time":"3 minutes"},"schema":{"@context":"https:\/\/schema.org","@graph":[{"@type":"Article","@id":"https:\/\/amip.az\/2026\/04\/30\/r%c9%99sad-bayramov-tramp-konqres%c9%99-muraci%c9%99t-edib-r%c9%99smi-icaz%c9%99-ist%c9%99s%c9%99-bu-daxili-siyasi-mubariz%c9%99ni-k%c9%99skinl%c9%99sdir%c9%99c%c9%99k\/#article","isPartOf":{"@id":"https:\/\/amip.az\/2026\/04\/30\/r%c9%99sad-bayramov-tramp-konqres%c9%99-muraci%c9%99t-edib-r%c9%99smi-icaz%c9%99-ist%c9%99s%c9%99-bu-daxili-siyasi-mubariz%c9%99ni-k%c9%99skinl%c9%99sdir%c9%99c%c9%99k\/"},"author":{"name":"admin_amip","@id":"https:\/\/amip.az\/az\/#\/schema\/person\/a7055ff0b4631c41849ee16f8ff51da7"},"headline":"R\u0259\u015fad Bayramov: \u201cTramp Konqres\u0259 m\u00fcraci\u0259t edib r\u0259smi icaz\u0259 ist\u0259s\u0259, bu, daxili siyasi m\u00fcbariz\u0259ni k\u0259skinl\u0259\u015fdir\u0259c\u0259k\u201d","datePublished":"2026-04-30T06:21:22+00:00","dateModified":"2026-04-30T06:21:27+00:00","mainEntityOfPage":{"@id":"https:\/\/amip.az\/2026\/04\/30\/r%c9%99sad-bayramov-tramp-konqres%c9%99-muraci%c9%99t-edib-r%c9%99smi-icaz%c9%99-ist%c9%99s%c9%99-bu-daxili-siyasi-mubariz%c9%99ni-k%c9%99skinl%c9%99sdir%c9%99c%c9%99k\/"},"wordCount":812,"publisher":{"@id":"https:\/\/amip.az\/az\/#organization"},"image":{"@id":"https:\/\/amip.az\/2026\/04\/30\/r%c9%99sad-bayramov-tramp-konqres%c9%99-muraci%c9%99t-edib-r%c9%99smi-icaz%c9%99-ist%c9%99s%c9%99-bu-daxili-siyasi-mubariz%c9%99ni-k%c9%99skinl%c9%99sdir%c9%99c%c9%99k\/#primaryimage"},"thumbnailUrl":"https:\/\/amip.az\/wp-content\/uploads\/2025\/09\/resad.jpg","articleSection":["K\u0130V"],"inLanguage":"en-US"},{"@type":"WebPage","@id":"https:\/\/amip.az\/2026\/04\/30\/r%c9%99sad-bayramov-tramp-konqres%c9%99-muraci%c9%99t-edib-r%c9%99smi-icaz%c9%99-ist%c9%99s%c9%99-bu-daxili-siyasi-mubariz%c9%99ni-k%c9%99skinl%c9%99sdir%c9%99c%c9%99k\/","url":"https:\/\/amip.az\/2026\/04\/30\/r%c9%99sad-bayramov-tramp-konqres%c9%99-muraci%c9%99t-edib-r%c9%99smi-icaz%c9%99-ist%c9%99s%c9%99-bu-daxili-siyasi-mubariz%c9%99ni-k%c9%99skinl%c9%99sdir%c9%99c%c9%99k\/","name":"R\u0259\u015fad Bayramov: \u201cTramp Konqres\u0259 m\u00fcraci\u0259t edib r\u0259smi icaz\u0259 ist\u0259s\u0259, bu, daxili siyasi m\u00fcbariz\u0259ni k\u0259skinl\u0259\u015fdir\u0259c\u0259k\u201d - Az\u0259rbaycan Milli \u0130stiqlal Partiyas\u0131","isPartOf":{"@id":"https:\/\/amip.az\/az\/#website"},"primaryImageOfPage":{"@id":"https:\/\/amip.az\/2026\/04\/30\/r%c9%99sad-bayramov-tramp-konqres%c9%99-muraci%c9%99t-edib-r%c9%99smi-icaz%c9%99-ist%c9%99s%c9%99-bu-daxili-siyasi-mubariz%c9%99ni-k%c9%99skinl%c9%99sdir%c9%99c%c9%99k\/#primaryimage"},"image":{"@id":"https:\/\/amip.az\/2026\/04\/30\/r%c9%99sad-bayramov-tramp-konqres%c9%99-muraci%c9%99t-edib-r%c9%99smi-icaz%c9%99-ist%c9%99s%c9%99-bu-daxili-siyasi-mubariz%c9%99ni-k%c9%99skinl%c9%99sdir%c9%99c%c9%99k\/#primaryimage"},"thumbnailUrl":"https:\/\/amip.az\/wp-content\/uploads\/2025\/09\/resad.jpg","datePublished":"2026-04-30T06:21:22+00:00","dateModified":"2026-04-30T06:21:27+00:00","breadcrumb":{"@id":"https:\/\/amip.az\/2026\/04\/30\/r%c9%99sad-bayramov-tramp-konqres%c9%99-muraci%c9%99t-edib-r%c9%99smi-icaz%c9%99-ist%c9%99s%c9%99-bu-daxili-siyasi-mubariz%c9%99ni-k%c9%99skinl%c9%99sdir%c9%99c%c9%99k\/#breadcrumb"},"inLanguage":"en-US","potentialAction":[{"@type":"ReadAction","target":["https:\/\/amip.az\/2026\/04\/30\/r%c9%99sad-bayramov-tramp-konqres%c9%99-muraci%c9%99t-edib-r%c9%99smi-icaz%c9%99-ist%c9%99s%c9%99-bu-daxili-siyasi-mubariz%c9%99ni-k%c9%99skinl%c9%99sdir%c9%99c%c9%99k\/"]}]},{"@type":"ImageObject","inLanguage":"en-US","@id":"https:\/\/amip.az\/2026\/04\/30\/r%c9%99sad-bayramov-tramp-konqres%c9%99-muraci%c9%99t-edib-r%c9%99smi-icaz%c9%99-ist%c9%99s%c9%99-bu-daxili-siyasi-mubariz%c9%99ni-k%c9%99skinl%c9%99sdir%c9%99c%c9%99k\/#primaryimage","url":"https:\/\/amip.az\/wp-content\/uploads\/2025\/09\/resad.jpg","contentUrl":"https:\/\/amip.az\/wp-content\/uploads\/2025\/09\/resad.jpg","width":892,"height":887},{"@type":"BreadcrumbList","@id":"https:\/\/amip.az\/2026\/04\/30\/r%c9%99sad-bayramov-tramp-konqres%c9%99-muraci%c9%99t-edib-r%c9%99smi-icaz%c9%99-ist%c9%99s%c9%99-bu-daxili-siyasi-mubariz%c9%99ni-k%c9%99skinl%c9%99sdir%c9%99c%c9%99k\/#breadcrumb","itemListElement":[{"@type":"ListItem","position":1,"name":"Home","item":"https:\/\/amip.az\/"},{"@type":"ListItem","position":2,"name":"R\u0259\u015fad Bayramov: \u201cTramp Konqres\u0259 m\u00fcraci\u0259t edib r\u0259smi icaz\u0259 ist\u0259s\u0259, bu, daxili siyasi m\u00fcbariz\u0259ni k\u0259skinl\u0259\u015fdir\u0259c\u0259k\u201d"}]},{"@type":"WebSite","@id":"https:\/\/amip.az\/az\/#website","url":"https:\/\/amip.az\/az\/","name":"Az\u0259rbaycan Milli \u0130stiqlal Partiyas\u0131","description":"AM\u0130P","publisher":{"@id":"https:\/\/amip.az\/az\/#organization"},"potentialAction":[{"@type":"SearchAction","target":{"@type":"EntryPoint","urlTemplate":"https:\/\/amip.az\/az\/?s={search_term_string}"},"query-input":{"@type":"PropertyValueSpecification","valueRequired":true,"valueName":"search_term_string"}}],"inLanguage":"en-US"},{"@type":"Organization","@id":"https:\/\/amip.az\/az\/#organization","name":"Az\u0259rbaycan Milli \u0130stiqlal Partiyas\u0131","url":"https:\/\/amip.az\/az\/","logo":{"@type":"ImageObject","inLanguage":"en-US","@id":"https:\/\/amip.az\/az\/#\/schema\/logo\/image\/","url":"https:\/\/amip.az\/wp-content\/uploads\/2023\/06\/amiplogo.png","contentUrl":"https:\/\/amip.az\/wp-content\/uploads\/2023\/06\/amiplogo.png","width":723,"height":423,"caption":"Az\u0259rbaycan Milli \u0130stiqlal Partiyas\u0131"},"image":{"@id":"https:\/\/amip.az\/az\/#\/schema\/logo\/image\/"},"sameAs":["https:\/\/www.facebook.com\/istiqlal91","https:\/\/x.com\/APartiyas","https:\/\/www.youtube.com\/channel\/UCF3pc8spko_xON2sr4vUC5A"]},{"@type":"Person","@id":"https:\/\/amip.az\/az\/#\/schema\/person\/a7055ff0b4631c41849ee16f8ff51da7","name":"admin_amip","image":{"@type":"ImageObject","inLanguage":"en-US","@id":"https:\/\/amip.az\/az\/#\/schema\/person\/image\/","url":"https:\/\/secure.gravatar.com\/avatar\/6c3dc6902fd066c5a5d68c8f0038dcc56ec283faa7337f8e6b219cf7e7321d3f?s=96&d=mm&r=g","contentUrl":"https:\/\/secure.gravatar.com\/avatar\/6c3dc6902fd066c5a5d68c8f0038dcc56ec283faa7337f8e6b219cf7e7321d3f?s=96&d=mm&r=g","caption":"admin_amip"},"url":"https:\/\/amip.az\/en\/author\/admin_amip\/"}]}},"_links":{"self":[{"href":"https:\/\/amip.az\/en\/wp-json\/wp\/v2\/posts\/10581","targetHints":{"allow":["GET"]}}],"collection":[{"href":"https:\/\/amip.az\/en\/wp-json\/wp\/v2\/posts"}],"about":[{"href":"https:\/\/amip.az\/en\/wp-json\/wp\/v2\/types\/post"}],"author":[{"embeddable":true,"href":"https:\/\/amip.az\/en\/wp-json\/wp\/v2\/users\/2"}],"replies":[{"embeddable":true,"href":"https:\/\/amip.az\/en\/wp-json\/wp\/v2\/comments?post=10581"}],"version-history":[{"count":1,"href":"https:\/\/amip.az\/en\/wp-json\/wp\/v2\/posts\/10581\/revisions"}],"predecessor-version":[{"id":10582,"href":"https:\/\/amip.az\/en\/wp-json\/wp\/v2\/posts\/10581\/revisions\/10582"}],"wp:featuredmedia":[{"embeddable":true,"href":"https:\/\/amip.az\/en\/wp-json\/wp\/v2\/media\/9161"}],"wp:attachment":[{"href":"https:\/\/amip.az\/en\/wp-json\/wp\/v2\/media?parent=10581"}],"wp:term":[{"taxonomy":"category","embeddable":true,"href":"https:\/\/amip.az\/en\/wp-json\/wp\/v2\/categories?post=10581"},{"taxonomy":"post_tag","embeddable":true,"href":"https:\/\/amip.az\/en\/wp-json\/wp\/v2\/tags?post=10581"}],"curies":[{"name":"wp","href":"https:\/\/api.w.org\/{rel}","templated":true}]}}