{"id":11524,"date":"2026-09-02T16:40:59","date_gmt":"2026-09-02T12:40:59","guid":{"rendered":"https:\/\/amip.az\/?p=11524"},"modified":"2026-09-02T16:41:03","modified_gmt":"2026-09-02T12:41:03","slug":"rusiya-h%c9%99rbi-bazasi-erm%c9%99nistani-ikiy%c9%99-bol%c9%99c%c9%99k","status":"publish","type":"post","link":"https:\/\/amip.az\/en\/2026\/09\/02\/rusiya-h%c9%99rbi-bazasi-erm%c9%99nistani-ikiy%c9%99-bol%c9%99c%c9%99k\/","title":{"rendered":"Rusiya h\u0259rbi bazas\u0131 Erm\u0259nistan\u0131 ikiy\u0259 \u201cb\u00f6l\u0259c\u0259k\u201d"},"content":{"rendered":"<p class=\"wp-block-paragraph\"><strong>Rusiya Prezidenti Vladimir Putin bildirib ki, Erm\u0259nistan G\u00fcmr\u00fcd\u0259ki Rusiya h\u0259rbi bazas\u0131n\u0131 ist\u0259mirs\u0259, Moskva \u201csabah bel\u0259\u201d \u00e7\u0131xma\u011fa haz\u0131rd\u0131r.<\/strong><\/p>\n\n\n\n<p class=\"wp-block-paragraph\">Putin deyib ki, Rusiya \u00f6z h\u0259rbi m\u00f6vcudlu\u011funu Erm\u0259nistana zorla q\u0259bul etdirm\u0259k niyy\u0259tind\u0259 deyil.<\/p>\n\n\n\n<p class=\"wp-block-paragraph\"><strong>Rusiya prezidenti qeyd edib ki, Rusiya bazas\u0131n\u0131n qalmas\u0131 il\u0259 ba\u011fl\u0131 q\u0259rar Erm\u0259nistan t\u0259r\u0259finin v\u0259 \u00f6lk\u0259 v\u0259t\u0259nda\u015flar\u0131n\u0131n m\u00f6vqeyini n\u0259z\u0259r\u0259 almal\u0131d\u0131r:<\/strong>&nbsp;\u201c\u018fg\u0259r erm\u0259ni xalq\u0131 orada hans\u0131sa Rusiya h\u0259rbi m\u00f6vcudlu\u011funu ist\u0259yirs\u0259, biz qalaca\u011f\u0131q, i\u015fl\u0259y\u0259c\u0259yik v\u0259 \u0259m\u0259kda\u015fl\u0131q ed\u0259c\u0259yik, ist\u0259m\u0259s\u0259 \u00e7\u0131xma\u011fa haz\u0131r\u0131q\u201d.<\/p>\n\n\n\n<p class=\"wp-block-paragraph\">Putin ilk d\u0259f\u0259dir ki, G\u00fcmr\u00fcd\u0259ki h\u0259rbi baza m\u0259s\u0259l\u0259si il\u0259 ba\u011fl\u0131 bu c\u00fcr dan\u0131\u015f\u0131r.<\/p>\n\n\n\n<p class=\"wp-block-paragraph\"><strong>B\u0259s, se\u00e7im Erm\u0259nistan xalq\u0131na burax\u0131lsa xalq Rusiya h\u0259rbi bazas\u0131n\u0131n \u00f6lk\u0259d\u0259 qalmas\u0131n\u0131n, yoxsa \u00e7\u0131xmas\u0131n\u0131n t\u0259r\u0259find\u0259 olar?<\/strong><\/p>\n\n\n\n<p class=\"wp-block-paragraph\"><strong>AM\u0130P s\u0259dri, deputat Arzuxan \u018flizad\u0259 <\/strong>Musavat.com-a bildirib ki, Rusiya Prezidentinin G\u00fcmr\u00fcd\u0259ki 102-ci h\u0259rbi baza il\u0259 ba\u011fl\u0131 verdiyi a\u00e7\u0131qlama t\u0259sad\u00fcfi deyil v\u0259 Moskvan\u0131n Erm\u0259nistan c\u0259miyy\u0259tind\u0259 artan anti-Rusiya meyill\u0259rini, el\u0259c\u0259 d\u0259 \u0130r\u0259van\u0131n son d\u00f6vrl\u0259rd\u0259 Q\u0259rb\u0259 inteqrasiya siyas\u0259tini diqq\u0259tl\u0259 izl\u0259diyini g\u00f6st\u0259rir:\u00a0\u201c<strong>Putin ilk d\u0259f\u0259dir ki, bu m\u0259s\u0259l\u0259 il\u0259 ba\u011fl\u0131 bu q\u0259d\u0259r a\u00e7\u0131q v\u0259 s\u0259rt m\u00f6vqe ortaya qoyur. \u018fg\u0259r m\u0259s\u0259l\u0259 h\u0259qiq\u0259t\u0259n Erm\u0259nistan xalq\u0131n\u0131n se\u00e7imin\u0259 burax\u0131larsa, c\u0259miyy\u0259td\u0259 ciddi fikir ayr\u0131l\u0131\u011f\u0131n\u0131n olaca\u011f\u0131 \u015f\u00fcbh\u0259sizdir. Erm\u0259nistan\u0131n Q\u0259rb\u0259 inteqrasiyas\u0131n\u0131 v\u0259 Rusiyan\u0131n t\u0259sirind\u0259n \u00e7\u0131xmas\u0131n\u0131 ist\u0259y\u0259n siyasi q\u00fcvv\u0259l\u0259r bazan\u0131n \u00f6lk\u0259d\u0259n \u00e7\u0131xar\u0131lmas\u0131n\u0131 d\u0259st\u0259kl\u0259y\u0259 bil\u0259rl\u0259r. Lakin Erm\u0259nistan\u0131n t\u0259hl\u00fck\u0259sizlik bax\u0131m\u0131ndan h\u0259l\u0259 d\u0259 ciddi probleml\u0259rinin m\u00f6vcud oldu\u011funu arqument kimi vur\u011fulayan m\u00fc\u0259yy\u0259n t\u0259b\u0259q\u0259l\u0259rin Rusiya h\u0259rbi bazas\u0131n\u0131n qalmas\u0131n\u0131 d\u0259st\u0259kl\u0259y\u0259c\u0259yi d\u0259 birm\u0259nal\u0131d\u0131r. Bu k\u0259sim Erm\u0259nistan\u0131n Rusiya bazas\u0131 olmadan \u00f6z t\u0259hl\u00fck\u0259sizlik sistemini hans\u0131 alternativl\u0259 \u0259v\u0259z ed\u0259 bil\u0259c\u0259yi v\u0259 h\u0259min alternativ Erm\u0259nistan\u0131n t\u0259hl\u00fck\u0259sizliyini t\u0259min ed\u0259 bil\u0259c\u0259kmi sual\u0131n\u0131 ortaya qoymaqla erm\u0259ni c\u0259miyy\u0259tinin bir hiss\u0259sini rus h\u0259rbi bazas\u0131n\u0131n \u00e7\u0131xmas\u0131n\u0131n \u0259leyhin\u0259 k\u00f6kl\u0259y\u0259c\u0259yi d\u0259 \u015f\u00fcbh\u0259sizdir.<\/strong><br>Bel\u0259 d\u0259 is\u0259 rus h\u0259rbi bazas\u0131n\u0131n \u00e7\u0131x\u0131b-\u00e7\u0131xmamas\u0131 m\u0259s\u0259l\u0259si erm\u0259ni c\u0259miyy\u0259tini ikiy\u0259 b\u00f6l\u0259 bil\u0259r\u201d.<\/p>\n\n\n\n<p class=\"wp-block-paragraph\"><strong>Deputat hesab edir ki, Putinin a\u00e7\u0131qlamas\u0131 \u0259slind\u0259 Erm\u0259nistan \u00fc\u00e7\u00fcn bir n\u00f6v siyasi s\u0131naq olmaqla yana\u015f\u0131, Erm\u0259nistandak\u0131 Rusiya meylli q\u00fcvv\u0259l\u0259r\u0259 d\u0259 a\u00e7\u0131q mesajd\u0131r. Erm\u0259nistan h\u0259m Rusiya il\u0259 h\u0259rbi-strateji \u0259laq\u0259l\u0259ri z\u0259ifl\u0259tm\u0259k, h\u0259m d\u0259 Q\u0259rbd\u0259n eyni s\u0259viyy\u0259d\u0259 real t\u0259hl\u00fck\u0259sizlik t\u0259minat\u0131 almaq imkan\u0131na malik olub-olmad\u0131\u011f\u0131n\u0131 d\u00fc\u015f\u00fcnm\u0259k zorundad\u0131r.<\/strong><\/p>","protected":false},"excerpt":{"rendered":"<p>Rusiya Prezidenti Vladimir Putin bildirib ki, Erm\u0259nistan G\u00fcmr\u00fcd\u0259ki Rusiya h\u0259rbi bazas\u0131n\u0131 ist\u0259mirs\u0259, Moskva \u201csabah bel\u0259\u201d \u00e7\u0131xma\u011fa haz\u0131rd\u0131r. Putin deyib ki, Rusiya \u00f6z h\u0259rbi m\u00f6vcudlu\u011funu Erm\u0259nistana zorla q\u0259bul etdirm\u0259k niyy\u0259tind\u0259 deyil. Rusiya prezidenti qeyd edib ki, Rusiya bazas\u0131n\u0131n qalmas\u0131 il\u0259 ba\u011fl\u0131 q\u0259rar Erm\u0259nistan t\u0259r\u0259finin v\u0259 \u00f6lk\u0259 v\u0259t\u0259nda\u015flar\u0131n\u0131n m\u00f6vqeyini n\u0259z\u0259r\u0259 almal\u0131d\u0131r:&nbsp;\u201c\u018fg\u0259r erm\u0259ni xalq\u0131 orada hans\u0131sa Rusiya h\u0259rbi m\u00f6vcudlu\u011funu ist\u0259yirs\u0259, biz qalaca\u011f\u0131q, i\u015fl\u0259y\u0259c\u0259yik v\u0259 \u0259m\u0259kda\u015fl\u0131q ed\u0259c\u0259yik, ist\u0259m\u0259s\u0259 \u00e7\u0131xma\u011fa haz\u0131r\u0131q\u201d. Putin ilk d\u0259f\u0259dir ki, G\u00fcmr\u00fcd\u0259ki h\u0259rbi baza m\u0259s\u0259l\u0259si il\u0259 ba\u011fl\u0131 bu c\u00fcr dan\u0131\u015f\u0131r. B\u0259s, se\u00e7im Erm\u0259nistan xalq\u0131na burax\u0131lsa [&hellip;]<\/p>\n","protected":false},"author":2,"featured_media":10418,"comment_status":"closed","ping_status":"closed","sticky":false,"template":"","format":"standard","meta":{"give_campaign_id":0,"footnotes":""},"categories":[10],"tags":[],"class_list":["post-11524","post","type-post","status-publish","format-standard","has-post-thumbnail","hentry","category-kiv"],"yoast_head":"<!-- This site is optimized with the Yoast SEO plugin v27.8 - https:\/\/yoast.com\/product\/yoast-seo-wordpress\/ -->\n<title>Rusiya h\u0259rbi bazas\u0131 Erm\u0259nistan\u0131 ikiy\u0259 \u201cb\u00f6l\u0259c\u0259k\u201d - Az\u0259rbaycan Milli \u0130stiqlal Partiyas\u0131<\/title>\n<meta name=\"robots\" content=\"index, follow, max-snippet:-1, max-image-preview:large, max-video-preview:-1\" \/>\n<link rel=\"canonical\" href=\"https:\/\/amip.az\/en\/2026\/09\/02\/rusiya-h\u0259rbi-bazasi-erm\u0259nistani-ikiy\u0259-bol\u0259c\u0259k\/\" \/>\n<meta property=\"og:locale\" content=\"en_US\" \/>\n<meta property=\"og:type\" content=\"article\" \/>\n<meta property=\"og:title\" content=\"Rusiya h\u0259rbi bazas\u0131 Erm\u0259nistan\u0131 ikiy\u0259 \u201cb\u00f6l\u0259c\u0259k\u201d - Az\u0259rbaycan Milli \u0130stiqlal Partiyas\u0131\" \/>\n<meta property=\"og:description\" content=\"Rusiya Prezidenti Vladimir Putin bildirib ki, Erm\u0259nistan G\u00fcmr\u00fcd\u0259ki Rusiya h\u0259rbi bazas\u0131n\u0131 ist\u0259mirs\u0259, Moskva \u201csabah bel\u0259\u201d \u00e7\u0131xma\u011fa haz\u0131rd\u0131r. Putin deyib ki, Rusiya \u00f6z h\u0259rbi m\u00f6vcudlu\u011funu Erm\u0259nistana zorla q\u0259bul etdirm\u0259k niyy\u0259tind\u0259 deyil. Rusiya prezidenti qeyd edib ki, Rusiya bazas\u0131n\u0131n qalmas\u0131 il\u0259 ba\u011fl\u0131 q\u0259rar Erm\u0259nistan t\u0259r\u0259finin v\u0259 \u00f6lk\u0259 v\u0259t\u0259nda\u015flar\u0131n\u0131n m\u00f6vqeyini n\u0259z\u0259r\u0259 almal\u0131d\u0131r:&nbsp;\u201c\u018fg\u0259r erm\u0259ni xalq\u0131 orada hans\u0131sa Rusiya h\u0259rbi m\u00f6vcudlu\u011funu ist\u0259yirs\u0259, biz qalaca\u011f\u0131q, i\u015fl\u0259y\u0259c\u0259yik v\u0259 \u0259m\u0259kda\u015fl\u0131q ed\u0259c\u0259yik, ist\u0259m\u0259s\u0259 \u00e7\u0131xma\u011fa haz\u0131r\u0131q\u201d. Putin ilk d\u0259f\u0259dir ki, G\u00fcmr\u00fcd\u0259ki h\u0259rbi baza m\u0259s\u0259l\u0259si il\u0259 ba\u011fl\u0131 bu c\u00fcr dan\u0131\u015f\u0131r. B\u0259s, se\u00e7im Erm\u0259nistan xalq\u0131na burax\u0131lsa [&hellip;]\" \/>\n<meta property=\"og:url\" content=\"https:\/\/amip.az\/en\/2026\/09\/02\/rusiya-h\u0259rbi-bazasi-erm\u0259nistani-ikiy\u0259-bol\u0259c\u0259k\/\" \/>\n<meta property=\"og:site_name\" content=\"Az\u0259rbaycan Milli \u0130stiqlal Partiyas\u0131\" \/>\n<meta property=\"article:publisher\" content=\"https:\/\/www.facebook.com\/istiqlal91\" \/>\n<meta property=\"article:published_time\" content=\"2026-09-02T12:40:59+00:00\" \/>\n<meta property=\"article:modified_time\" content=\"2026-09-02T12:41:03+00:00\" \/>\n<meta property=\"og:image\" content=\"https:\/\/amip.az\/wp-content\/uploads\/2026\/04\/arzuxan-1.jpg\" \/>\n\t<meta property=\"og:image:width\" content=\"1144\" \/>\n\t<meta property=\"og:image:height\" content=\"1066\" \/>\n\t<meta property=\"og:image:type\" content=\"image\/jpeg\" \/>\n<meta name=\"author\" content=\"admin_amip\" \/>\n<meta name=\"twitter:card\" content=\"summary_large_image\" \/>\n<meta name=\"twitter:creator\" content=\"@APartiyas\" \/>\n<meta name=\"twitter:site\" content=\"@APartiyas\" \/>\n<meta name=\"twitter:label1\" content=\"Written by\" \/>\n\t<meta name=\"twitter:data1\" content=\"admin_amip\" \/>\n\t<meta name=\"twitter:label2\" content=\"Est. reading time\" \/>\n\t<meta name=\"twitter:data2\" content=\"2 minutes\" \/>\n<script type=\"application\/ld+json\" class=\"yoast-schema-graph\">{\"@context\":\"https:\\\/\\\/schema.org\",\"@graph\":[{\"@type\":\"Article\",\"@id\":\"https:\\\/\\\/amip.az\\\/2026\\\/09\\\/02\\\/rusiya-h%c9%99rbi-bazasi-erm%c9%99nistani-ikiy%c9%99-bol%c9%99c%c9%99k\\\/#article\",\"isPartOf\":{\"@id\":\"https:\\\/\\\/amip.az\\\/2026\\\/09\\\/02\\\/rusiya-h%c9%99rbi-bazasi-erm%c9%99nistani-ikiy%c9%99-bol%c9%99c%c9%99k\\\/\"},\"author\":{\"name\":\"admin_amip\",\"@id\":\"https:\\\/\\\/amip.az\\\/az\\\/#\\\/schema\\\/person\\\/a7055ff0b4631c41849ee16f8ff51da7\"},\"headline\":\"Rusiya h\u0259rbi bazas\u0131 Erm\u0259nistan\u0131 ikiy\u0259 \u201cb\u00f6l\u0259c\u0259k\u201d\",\"datePublished\":\"2026-09-02T12:40:59+00:00\",\"dateModified\":\"2026-09-02T12:41:03+00:00\",\"mainEntityOfPage\":{\"@id\":\"https:\\\/\\\/amip.az\\\/2026\\\/09\\\/02\\\/rusiya-h%c9%99rbi-bazasi-erm%c9%99nistani-ikiy%c9%99-bol%c9%99c%c9%99k\\\/\"},\"wordCount\":572,\"publisher\":{\"@id\":\"https:\\\/\\\/amip.az\\\/az\\\/#organization\"},\"image\":{\"@id\":\"https:\\\/\\\/amip.az\\\/2026\\\/09\\\/02\\\/rusiya-h%c9%99rbi-bazasi-erm%c9%99nistani-ikiy%c9%99-bol%c9%99c%c9%99k\\\/#primaryimage\"},\"thumbnailUrl\":\"https:\\\/\\\/amip.az\\\/wp-content\\\/uploads\\\/2026\\\/04\\\/arzuxan-1.jpg\",\"articleSection\":[\"K\u0130V\"],\"inLanguage\":\"en-US\"},{\"@type\":\"WebPage\",\"@id\":\"https:\\\/\\\/amip.az\\\/2026\\\/09\\\/02\\\/rusiya-h%c9%99rbi-bazasi-erm%c9%99nistani-ikiy%c9%99-bol%c9%99c%c9%99k\\\/\",\"url\":\"https:\\\/\\\/amip.az\\\/2026\\\/09\\\/02\\\/rusiya-h%c9%99rbi-bazasi-erm%c9%99nistani-ikiy%c9%99-bol%c9%99c%c9%99k\\\/\",\"name\":\"Rusiya h\u0259rbi bazas\u0131 Erm\u0259nistan\u0131 ikiy\u0259 \u201cb\u00f6l\u0259c\u0259k\u201d - Az\u0259rbaycan Milli \u0130stiqlal Partiyas\u0131\",\"isPartOf\":{\"@id\":\"https:\\\/\\\/amip.az\\\/az\\\/#website\"},\"primaryImageOfPage\":{\"@id\":\"https:\\\/\\\/amip.az\\\/2026\\\/09\\\/02\\\/rusiya-h%c9%99rbi-bazasi-erm%c9%99nistani-ikiy%c9%99-bol%c9%99c%c9%99k\\\/#primaryimage\"},\"image\":{\"@id\":\"https:\\\/\\\/amip.az\\\/2026\\\/09\\\/02\\\/rusiya-h%c9%99rbi-bazasi-erm%c9%99nistani-ikiy%c9%99-bol%c9%99c%c9%99k\\\/#primaryimage\"},\"thumbnailUrl\":\"https:\\\/\\\/amip.az\\\/wp-content\\\/uploads\\\/2026\\\/04\\\/arzuxan-1.jpg\",\"datePublished\":\"2026-09-02T12:40:59+00:00\",\"dateModified\":\"2026-09-02T12:41:03+00:00\",\"breadcrumb\":{\"@id\":\"https:\\\/\\\/amip.az\\\/2026\\\/09\\\/02\\\/rusiya-h%c9%99rbi-bazasi-erm%c9%99nistani-ikiy%c9%99-bol%c9%99c%c9%99k\\\/#breadcrumb\"},\"inLanguage\":\"en-US\",\"potentialAction\":[{\"@type\":\"ReadAction\",\"target\":[\"https:\\\/\\\/amip.az\\\/2026\\\/09\\\/02\\\/rusiya-h%c9%99rbi-bazasi-erm%c9%99nistani-ikiy%c9%99-bol%c9%99c%c9%99k\\\/\"]}]},{\"@type\":\"ImageObject\",\"inLanguage\":\"en-US\",\"@id\":\"https:\\\/\\\/amip.az\\\/2026\\\/09\\\/02\\\/rusiya-h%c9%99rbi-bazasi-erm%c9%99nistani-ikiy%c9%99-bol%c9%99c%c9%99k\\\/#primaryimage\",\"url\":\"https:\\\/\\\/amip.az\\\/wp-content\\\/uploads\\\/2026\\\/04\\\/arzuxan-1.jpg\",\"contentUrl\":\"https:\\\/\\\/amip.az\\\/wp-content\\\/uploads\\\/2026\\\/04\\\/arzuxan-1.jpg\",\"width\":1144,\"height\":1066},{\"@type\":\"BreadcrumbList\",\"@id\":\"https:\\\/\\\/amip.az\\\/2026\\\/09\\\/02\\\/rusiya-h%c9%99rbi-bazasi-erm%c9%99nistani-ikiy%c9%99-bol%c9%99c%c9%99k\\\/#breadcrumb\",\"itemListElement\":[{\"@type\":\"ListItem\",\"position\":1,\"name\":\"Home\",\"item\":\"https:\\\/\\\/amip.az\\\/\"},{\"@type\":\"ListItem\",\"position\":2,\"name\":\"Rusiya h\u0259rbi bazas\u0131 Erm\u0259nistan\u0131 ikiy\u0259 \u201cb\u00f6l\u0259c\u0259k\u201d\"}]},{\"@type\":\"WebSite\",\"@id\":\"https:\\\/\\\/amip.az\\\/az\\\/#website\",\"url\":\"https:\\\/\\\/amip.az\\\/az\\\/\",\"name\":\"Az\u0259rbaycan Milli \u0130stiqlal Partiyas\u0131\",\"description\":\"AM\u0130P\",\"publisher\":{\"@id\":\"https:\\\/\\\/amip.az\\\/az\\\/#organization\"},\"potentialAction\":[{\"@type\":\"SearchAction\",\"target\":{\"@type\":\"EntryPoint\",\"urlTemplate\":\"https:\\\/\\\/amip.az\\\/az\\\/?s={search_term_string}\"},\"query-input\":{\"@type\":\"PropertyValueSpecification\",\"valueRequired\":true,\"valueName\":\"search_term_string\"}}],\"inLanguage\":\"en-US\"},{\"@type\":\"Organization\",\"@id\":\"https:\\\/\\\/amip.az\\\/az\\\/#organization\",\"name\":\"Az\u0259rbaycan Milli \u0130stiqlal Partiyas\u0131\",\"url\":\"https:\\\/\\\/amip.az\\\/az\\\/\",\"logo\":{\"@type\":\"ImageObject\",\"inLanguage\":\"en-US\",\"@id\":\"https:\\\/\\\/amip.az\\\/az\\\/#\\\/schema\\\/logo\\\/image\\\/\",\"url\":\"https:\\\/\\\/amip.az\\\/wp-content\\\/uploads\\\/2023\\\/06\\\/amiplogo.png\",\"contentUrl\":\"https:\\\/\\\/amip.az\\\/wp-content\\\/uploads\\\/2023\\\/06\\\/amiplogo.png\",\"width\":723,\"height\":423,\"caption\":\"Az\u0259rbaycan Milli \u0130stiqlal Partiyas\u0131\"},\"image\":{\"@id\":\"https:\\\/\\\/amip.az\\\/az\\\/#\\\/schema\\\/logo\\\/image\\\/\"},\"sameAs\":[\"https:\\\/\\\/www.facebook.com\\\/istiqlal91\",\"https:\\\/\\\/x.com\\\/APartiyas\",\"https:\\\/\\\/www.youtube.com\\\/channel\\\/UCF3pc8spko_xON2sr4vUC5A\"]},{\"@type\":\"Person\",\"@id\":\"https:\\\/\\\/amip.az\\\/az\\\/#\\\/schema\\\/person\\\/a7055ff0b4631c41849ee16f8ff51da7\",\"name\":\"admin_amip\",\"image\":{\"@type\":\"ImageObject\",\"inLanguage\":\"en-US\",\"@id\":\"https:\\\/\\\/secure.gravatar.com\\\/avatar\\\/6c3dc6902fd066c5a5d68c8f0038dcc56ec283faa7337f8e6b219cf7e7321d3f?s=96&d=mm&r=g\",\"url\":\"https:\\\/\\\/secure.gravatar.com\\\/avatar\\\/6c3dc6902fd066c5a5d68c8f0038dcc56ec283faa7337f8e6b219cf7e7321d3f?s=96&d=mm&r=g\",\"contentUrl\":\"https:\\\/\\\/secure.gravatar.com\\\/avatar\\\/6c3dc6902fd066c5a5d68c8f0038dcc56ec283faa7337f8e6b219cf7e7321d3f?s=96&d=mm&r=g\",\"caption\":\"admin_amip\"},\"url\":\"https:\\\/\\\/amip.az\\\/en\\\/author\\\/admin_amip\\\/\"}]}<\/script>\n<!-- \/ Yoast SEO plugin. -->","yoast_head_json":{"title":"Rusiya h\u0259rbi bazas\u0131 Erm\u0259nistan\u0131 ikiy\u0259 \u201cb\u00f6l\u0259c\u0259k\u201d - Az\u0259rbaycan Milli \u0130stiqlal Partiyas\u0131","robots":{"index":"index","follow":"follow","max-snippet":"max-snippet:-1","max-image-preview":"max-image-preview:large","max-video-preview":"max-video-preview:-1"},"canonical":"https:\/\/amip.az\/en\/2026\/09\/02\/rusiya-h\u0259rbi-bazasi-erm\u0259nistani-ikiy\u0259-bol\u0259c\u0259k\/","og_locale":"en_US","og_type":"article","og_title":"Rusiya h\u0259rbi bazas\u0131 Erm\u0259nistan\u0131 ikiy\u0259 \u201cb\u00f6l\u0259c\u0259k\u201d - Az\u0259rbaycan Milli \u0130stiqlal Partiyas\u0131","og_description":"Rusiya Prezidenti Vladimir Putin bildirib ki, Erm\u0259nistan G\u00fcmr\u00fcd\u0259ki Rusiya h\u0259rbi bazas\u0131n\u0131 ist\u0259mirs\u0259, Moskva \u201csabah bel\u0259\u201d \u00e7\u0131xma\u011fa haz\u0131rd\u0131r. Putin deyib ki, Rusiya \u00f6z h\u0259rbi m\u00f6vcudlu\u011funu Erm\u0259nistana zorla q\u0259bul etdirm\u0259k niyy\u0259tind\u0259 deyil. Rusiya prezidenti qeyd edib ki, Rusiya bazas\u0131n\u0131n qalmas\u0131 il\u0259 ba\u011fl\u0131 q\u0259rar Erm\u0259nistan t\u0259r\u0259finin v\u0259 \u00f6lk\u0259 v\u0259t\u0259nda\u015flar\u0131n\u0131n m\u00f6vqeyini n\u0259z\u0259r\u0259 almal\u0131d\u0131r:&nbsp;\u201c\u018fg\u0259r erm\u0259ni xalq\u0131 orada hans\u0131sa Rusiya h\u0259rbi m\u00f6vcudlu\u011funu ist\u0259yirs\u0259, biz qalaca\u011f\u0131q, i\u015fl\u0259y\u0259c\u0259yik v\u0259 \u0259m\u0259kda\u015fl\u0131q ed\u0259c\u0259yik, ist\u0259m\u0259s\u0259 \u00e7\u0131xma\u011fa haz\u0131r\u0131q\u201d. Putin ilk d\u0259f\u0259dir ki, G\u00fcmr\u00fcd\u0259ki h\u0259rbi baza m\u0259s\u0259l\u0259si il\u0259 ba\u011fl\u0131 bu c\u00fcr dan\u0131\u015f\u0131r. B\u0259s, se\u00e7im Erm\u0259nistan xalq\u0131na burax\u0131lsa [&hellip;]","og_url":"https:\/\/amip.az\/en\/2026\/09\/02\/rusiya-h\u0259rbi-bazasi-erm\u0259nistani-ikiy\u0259-bol\u0259c\u0259k\/","og_site_name":"Az\u0259rbaycan Milli \u0130stiqlal Partiyas\u0131","article_publisher":"https:\/\/www.facebook.com\/istiqlal91","article_published_time":"2026-09-02T12:40:59+00:00","article_modified_time":"2026-09-02T12:41:03+00:00","og_image":[{"width":1144,"height":1066,"url":"https:\/\/amip.az\/wp-content\/uploads\/2026\/04\/arzuxan-1.jpg","type":"image\/jpeg"}],"author":"admin_amip","twitter_card":"summary_large_image","twitter_creator":"@APartiyas","twitter_site":"@APartiyas","twitter_misc":{"Written by":"admin_amip","Est. reading time":"2 minutes"},"schema":{"@context":"https:\/\/schema.org","@graph":[{"@type":"Article","@id":"https:\/\/amip.az\/2026\/09\/02\/rusiya-h%c9%99rbi-bazasi-erm%c9%99nistani-ikiy%c9%99-bol%c9%99c%c9%99k\/#article","isPartOf":{"@id":"https:\/\/amip.az\/2026\/09\/02\/rusiya-h%c9%99rbi-bazasi-erm%c9%99nistani-ikiy%c9%99-bol%c9%99c%c9%99k\/"},"author":{"name":"admin_amip","@id":"https:\/\/amip.az\/az\/#\/schema\/person\/a7055ff0b4631c41849ee16f8ff51da7"},"headline":"Rusiya h\u0259rbi bazas\u0131 Erm\u0259nistan\u0131 ikiy\u0259 \u201cb\u00f6l\u0259c\u0259k\u201d","datePublished":"2026-09-02T12:40:59+00:00","dateModified":"2026-09-02T12:41:03+00:00","mainEntityOfPage":{"@id":"https:\/\/amip.az\/2026\/09\/02\/rusiya-h%c9%99rbi-bazasi-erm%c9%99nistani-ikiy%c9%99-bol%c9%99c%c9%99k\/"},"wordCount":572,"publisher":{"@id":"https:\/\/amip.az\/az\/#organization"},"image":{"@id":"https:\/\/amip.az\/2026\/09\/02\/rusiya-h%c9%99rbi-bazasi-erm%c9%99nistani-ikiy%c9%99-bol%c9%99c%c9%99k\/#primaryimage"},"thumbnailUrl":"https:\/\/amip.az\/wp-content\/uploads\/2026\/04\/arzuxan-1.jpg","articleSection":["K\u0130V"],"inLanguage":"en-US"},{"@type":"WebPage","@id":"https:\/\/amip.az\/2026\/09\/02\/rusiya-h%c9%99rbi-bazasi-erm%c9%99nistani-ikiy%c9%99-bol%c9%99c%c9%99k\/","url":"https:\/\/amip.az\/2026\/09\/02\/rusiya-h%c9%99rbi-bazasi-erm%c9%99nistani-ikiy%c9%99-bol%c9%99c%c9%99k\/","name":"Rusiya h\u0259rbi bazas\u0131 Erm\u0259nistan\u0131 ikiy\u0259 \u201cb\u00f6l\u0259c\u0259k\u201d - Az\u0259rbaycan Milli \u0130stiqlal Partiyas\u0131","isPartOf":{"@id":"https:\/\/amip.az\/az\/#website"},"primaryImageOfPage":{"@id":"https:\/\/amip.az\/2026\/09\/02\/rusiya-h%c9%99rbi-bazasi-erm%c9%99nistani-ikiy%c9%99-bol%c9%99c%c9%99k\/#primaryimage"},"image":{"@id":"https:\/\/amip.az\/2026\/09\/02\/rusiya-h%c9%99rbi-bazasi-erm%c9%99nistani-ikiy%c9%99-bol%c9%99c%c9%99k\/#primaryimage"},"thumbnailUrl":"https:\/\/amip.az\/wp-content\/uploads\/2026\/04\/arzuxan-1.jpg","datePublished":"2026-09-02T12:40:59+00:00","dateModified":"2026-09-02T12:41:03+00:00","breadcrumb":{"@id":"https:\/\/amip.az\/2026\/09\/02\/rusiya-h%c9%99rbi-bazasi-erm%c9%99nistani-ikiy%c9%99-bol%c9%99c%c9%99k\/#breadcrumb"},"inLanguage":"en-US","potentialAction":[{"@type":"ReadAction","target":["https:\/\/amip.az\/2026\/09\/02\/rusiya-h%c9%99rbi-bazasi-erm%c9%99nistani-ikiy%c9%99-bol%c9%99c%c9%99k\/"]}]},{"@type":"ImageObject","inLanguage":"en-US","@id":"https:\/\/amip.az\/2026\/09\/02\/rusiya-h%c9%99rbi-bazasi-erm%c9%99nistani-ikiy%c9%99-bol%c9%99c%c9%99k\/#primaryimage","url":"https:\/\/amip.az\/wp-content\/uploads\/2026\/04\/arzuxan-1.jpg","contentUrl":"https:\/\/amip.az\/wp-content\/uploads\/2026\/04\/arzuxan-1.jpg","width":1144,"height":1066},{"@type":"BreadcrumbList","@id":"https:\/\/amip.az\/2026\/09\/02\/rusiya-h%c9%99rbi-bazasi-erm%c9%99nistani-ikiy%c9%99-bol%c9%99c%c9%99k\/#breadcrumb","itemListElement":[{"@type":"ListItem","position":1,"name":"Home","item":"https:\/\/amip.az\/"},{"@type":"ListItem","position":2,"name":"Rusiya h\u0259rbi bazas\u0131 Erm\u0259nistan\u0131 ikiy\u0259 \u201cb\u00f6l\u0259c\u0259k\u201d"}]},{"@type":"WebSite","@id":"https:\/\/amip.az\/az\/#website","url":"https:\/\/amip.az\/az\/","name":"National Independence Party of Azerbaijan","description":"AM\u0130P","publisher":{"@id":"https:\/\/amip.az\/az\/#organization"},"potentialAction":[{"@type":"SearchAction","target":{"@type":"EntryPoint","urlTemplate":"https:\/\/amip.az\/az\/?s={search_term_string}"},"query-input":{"@type":"PropertyValueSpecification","valueRequired":true,"valueName":"search_term_string"}}],"inLanguage":"en-US"},{"@type":"Organization","@id":"https:\/\/amip.az\/az\/#organization","name":"National Independence Party of Azerbaijan","url":"https:\/\/amip.az\/az\/","logo":{"@type":"ImageObject","inLanguage":"en-US","@id":"https:\/\/amip.az\/az\/#\/schema\/logo\/image\/","url":"https:\/\/amip.az\/wp-content\/uploads\/2023\/06\/amiplogo.png","contentUrl":"https:\/\/amip.az\/wp-content\/uploads\/2023\/06\/amiplogo.png","width":723,"height":423,"caption":"Az\u0259rbaycan Milli \u0130stiqlal Partiyas\u0131"},"image":{"@id":"https:\/\/amip.az\/az\/#\/schema\/logo\/image\/"},"sameAs":["https:\/\/www.facebook.com\/istiqlal91","https:\/\/x.com\/APartiyas","https:\/\/www.youtube.com\/channel\/UCF3pc8spko_xON2sr4vUC5A"]},{"@type":"Person","@id":"https:\/\/amip.az\/az\/#\/schema\/person\/a7055ff0b4631c41849ee16f8ff51da7","name":"admin_amip","image":{"@type":"ImageObject","inLanguage":"en-US","@id":"https:\/\/secure.gravatar.com\/avatar\/6c3dc6902fd066c5a5d68c8f0038dcc56ec283faa7337f8e6b219cf7e7321d3f?s=96&d=mm&r=g","url":"https:\/\/secure.gravatar.com\/avatar\/6c3dc6902fd066c5a5d68c8f0038dcc56ec283faa7337f8e6b219cf7e7321d3f?s=96&d=mm&r=g","contentUrl":"https:\/\/secure.gravatar.com\/avatar\/6c3dc6902fd066c5a5d68c8f0038dcc56ec283faa7337f8e6b219cf7e7321d3f?s=96&d=mm&r=g","caption":"admin_amip"},"url":"https:\/\/amip.az\/en\/author\/admin_amip\/"}]}},"_links":{"self":[{"href":"https:\/\/amip.az\/en\/wp-json\/wp\/v2\/posts\/11524","targetHints":{"allow":["GET"]}}],"collection":[{"href":"https:\/\/amip.az\/en\/wp-json\/wp\/v2\/posts"}],"about":[{"href":"https:\/\/amip.az\/en\/wp-json\/wp\/v2\/types\/post"}],"author":[{"embeddable":true,"href":"https:\/\/amip.az\/en\/wp-json\/wp\/v2\/users\/2"}],"replies":[{"embeddable":true,"href":"https:\/\/amip.az\/en\/wp-json\/wp\/v2\/comments?post=11524"}],"version-history":[{"count":1,"href":"https:\/\/amip.az\/en\/wp-json\/wp\/v2\/posts\/11524\/revisions"}],"predecessor-version":[{"id":11525,"href":"https:\/\/amip.az\/en\/wp-json\/wp\/v2\/posts\/11524\/revisions\/11525"}],"wp:featuredmedia":[{"embeddable":true,"href":"https:\/\/amip.az\/en\/wp-json\/wp\/v2\/media\/10418"}],"wp:attachment":[{"href":"https:\/\/amip.az\/en\/wp-json\/wp\/v2\/media?parent=11524"}],"wp:term":[{"taxonomy":"category","embeddable":true,"href":"https:\/\/amip.az\/en\/wp-json\/wp\/v2\/categories?post=11524"},{"taxonomy":"post_tag","embeddable":true,"href":"https:\/\/amip.az\/en\/wp-json\/wp\/v2\/tags?post=11524"}],"curies":[{"name":"wp","href":"https:\/\/api.w.org\/{rel}","templated":true}]}}