{"id":11548,"date":"2026-09-04T18:09:29","date_gmt":"2026-09-04T14:09:29","guid":{"rendered":"https:\/\/amip.az\/?p=11548"},"modified":"2026-09-04T18:09:33","modified_gmt":"2026-09-04T14:09:33","slug":"isgaldan-azad-edil%c9%99n-%c9%99razil%c9%99rd%c9%99-t%c9%99bi%c9%99t-yenid%c9%99n-canlanir-ekoloji-b%c9%99rpa-prosesi-sur%c9%99tl%c9%99nir","status":"publish","type":"post","link":"https:\/\/amip.az\/en\/2026\/09\/04\/isgaldan-azad-edil%c9%99n-%c9%99razil%c9%99rd%c9%99-t%c9%99bi%c9%99t-yenid%c9%99n-canlanir-ekoloji-b%c9%99rpa-prosesi-sur%c9%99tl%c9%99nir\/","title":{"rendered":"\u0130\u015f\u011faldan azad edil\u0259n \u0259razil\u0259rd\u0259 t\u0259bi\u0259t yenid\u0259n canlan\u0131r \u2013 Ekoloji b\u0259rpa prosesi s\u00fcr\u0259tl\u0259nir"},"content":{"rendered":"<p class=\"wp-block-paragraph\"><strong>\u0130\u015f\u011faldan azad edilmi\u015f \u0259razil\u0259rd\u0259 Erm\u0259nistan\u0131n uzun ill\u0259r \u0259rzind\u0259 t\u00f6r\u0259tdiyi ekoloji cinay\u0259tl\u0259rin n\u0259tic\u0259l\u0259ri bu g\u00fcn d\u0259 \u00f6z\u00fcn\u00fc g\u00f6st\u0259rir. Me\u015f\u0259l\u0259rin m\u0259hv edilm\u0259si, a\u011faclar\u0131n qanunsuz k\u0259silm\u0259si, torpaqlar\u0131n \u00e7irkl\u0259ndirilm\u0259si v\u0259 t\u0259bii s\u0259rv\u0259tl\u0259r\u0259 ciddi ziyan vurulmas\u0131 h\u0259min \u0259razil\u0259rin ekoloji v\u0259ziyy\u0259tin\u0259 m\u0259nfi t\u0259sir g\u00f6st\u0259rib.<\/strong><\/p>\n\n\n\n<p class=\"wp-block-paragraph\"><strong>Son 6 il \u0259rzind\u0259 is\u0259 azad edilmi\u015f \u0259razil\u0259rd\u0259 \u0259traf m\u00fchitin b\u0259rpas\u0131 istiqam\u0259tind\u0259 geni\u015fmiqyasl\u0131 layih\u0259l\u0259r h\u0259yata ke\u00e7irilir. A\u011fac\u0259km\u0259 aksiyalar\u0131 ke\u00e7irilir, yeni ya\u015f\u0131ll\u0131q zolaqlar\u0131 sal\u0131n\u0131r, me\u015f\u0259l\u0259rin b\u0259rpas\u0131 v\u0259 biom\u00fcxt\u0259lifliyin qorunmas\u0131 istiqam\u0259tind\u0259 t\u0259dbirl\u0259r g\u00f6r\u00fcl\u00fcr. Bununla yana\u015f\u0131, \u015f\u0259h\u0259r v\u0259 k\u0259ndl\u0259rin yenid\u0259n qurulmas\u0131 prosesind\u0259 ekoloji amill\u0259rin n\u0259z\u0259r\u0259 al\u0131nmas\u0131na x\u00fcsusi diqq\u0259t yetirilir.<\/strong><\/p>\n\n\n\n<p class=\"wp-block-paragraph\">Ekologiya v\u0259 t\u0259bii s\u0259rv\u0259tl\u0259r nazirinin f\u0259aliyy\u0259ti d\u00f6vr\u00fcnd\u0259 azad edilmi\u015f \u0259razil\u0259r\u0259 s\u0259f\u0259rl\u0259r v\u0259 burada ekoloji m\u0259s\u0259l\u0259l\u0259rl\u0259 ba\u011fl\u0131 g\u00f6r\u00fc\u015fl\u0259r d\u0259 diqq\u0259t \u00e7\u0259kir. Nazir 15 may 2026-c\u0131 ild\u0259 La\u00e7\u0131n rayonunda La\u00e7\u0131n v\u0259 K\u0259lb\u0259c\u0259r sakinl\u0259rini q\u0259bul edib. G\u00f6r\u00fc\u015f zaman\u0131 \u0259traf m\u00fchitin v\u0259 biom\u00fcxt\u0259lifliyin m\u00fchafiz\u0259si, ya\u015f\u0131ll\u0131qlar\u0131n qorunmas\u0131, el\u0259c\u0259 d\u0259 dig\u0259r m\u0259s\u0259l\u0259l\u0259rl\u0259 ba\u011fl\u0131 v\u0259t\u0259nda\u015flar\u0131n m\u00fcraci\u0259tl\u0259ri dinl\u0259nilib. Qald\u0131r\u0131lan probleml\u0259rin ara\u015fd\u0131r\u0131lmas\u0131 v\u0259 z\u0259ruri t\u0259dbirl\u0259rin g\u00f6r\u00fclm\u0259si \u00fc\u00e7\u00fcn nazirliyin m\u0259sul \u0259m\u0259kda\u015flar\u0131na tap\u015f\u0131r\u0131qlar verilib.<\/p>\n\n\n\n<p class=\"wp-block-paragraph\">La\u00e7\u0131nda ke\u00e7iril\u0259n bu g\u00f6r\u00fc\u015f d\u0259 azad edilmi\u015f \u0259razil\u0259rd\u0259 ekoloji m\u0259s\u0259l\u0259l\u0259rin diqq\u0259td\u0259 saxlan\u0131ld\u0131\u011f\u0131n\u0131 g\u00f6st\u0259rir. Qaraba\u011f v\u0259 \u015e\u0259rqi Z\u0259ng\u0259zurda da\u011f\u0131d\u0131lm\u0131\u015f t\u0259bi\u0259tin b\u0259rpas\u0131 uzunm\u00fcdd\u0259tli v\u0259 kompleks yana\u015fma t\u0259l\u0259b edir. Bu \u0259razil\u0259rd\u0259 me\u015f\u0259l\u0259rin yenid\u0259n sal\u0131nmas\u0131, su ehtiyatlar\u0131n\u0131n qorunmas\u0131, torpaqlar\u0131n b\u0259rpas\u0131 v\u0259 biom\u00fcxt\u0259lifliyin m\u00fchafiz\u0259si qar\u015f\u0131dak\u0131 d\u00f6vr\u00fcn \u0259sas ekoloji istiqam\u0259tl\u0259rind\u0259n biri olaraq qal\u0131r.<\/p>\n\n\n\n<p class=\"wp-block-paragraph\">Bununla ba\u011fl\u0131 <strong>Milli M\u0259clisin deputat\u0131 Arzuxan \u018flizad\u0259<\/strong>\u00a0Ekologiya.az-a a\u00e7\u0131qlamas\u0131nda bildirib ki, i\u015f\u011faldan azad edilmi\u015f \u0259razil\u0259rd\u0259 Erm\u0259nistan\u0131n uzun ill\u0259r \u0259rzind\u0259 t\u00f6r\u0259tdiyi ekoloji cinay\u0259tl\u0259rin f\u0259sadlar\u0131 bu g\u00fcn d\u0259 a\u00e7\u0131q \u015f\u0259kild\u0259 m\u00fc\u015fahid\u0259 olunur:<\/p>\n\n\n\n<p class=\"wp-block-paragraph\"><strong>\u201cMe\u015f\u0259l\u0259rin m\u0259hv edilm\u0259si, a\u011faclar\u0131n k\u00fctl\u0259vi v\u0259 qanunsuz \u015f\u0259kild\u0259 k\u0259silm\u0259si, torpaqlar\u0131n v\u0259 su ehtiyatlar\u0131n\u0131n \u00e7irkl\u0259ndirilm\u0259si h\u0259min \u0259razil\u0259rin ekoloji tarazl\u0131\u011f\u0131na ciddi z\u0259rb\u0259 vurub. Buna g\u00f6r\u0259 d\u0259 \u0259razil\u0259rin b\u0259rpas\u0131 yaln\u0131z infrastrukturun yenid\u0259n qurulmas\u0131 deyil, eyni zamanda t\u0259bi\u0259tin \u00f6z\u00fcn\u00fcn b\u0259rpas\u0131n\u0131 da \u0259hat\u0259 ed\u0259n uzunm\u00fcdd\u0259tli prosesdir. Son alt\u0131 ild\u0259 h\u0259yata ke\u00e7iril\u0259n a\u011fac\u0259km\u0259 v\u0259 ya\u015f\u0131lla\u015fd\u0131rma aksiyalar\u0131 bu bax\u0131mdan m\u00fch\u00fcm \u0259h\u0259miyy\u0259t da\u015f\u0131y\u0131r. Yeni me\u015f\u0259 massivl\u0259rinin v\u0259 ya\u015f\u0131ll\u0131q zolaqlar\u0131n\u0131n sal\u0131nmas\u0131, su ehtiyatlar\u0131n\u0131n qorunmas\u0131, torpaqlar\u0131n b\u0259rpas\u0131 v\u0259 ekosistemin yenid\u0259n canland\u0131r\u0131lmas\u0131 azad edilmi\u015f \u0259razil\u0259rin g\u0259l\u0259c\u0259kd\u0259 daha sa\u011flam v\u0259 dayan\u0131ql\u0131 ya\u015fay\u0131\u015f m\u0259kanlar\u0131na \u00e7evrilm\u0259sin\u0259 xidm\u0259t edir\u201d.<\/strong><\/p>\n\n\n\n<p class=\"wp-block-paragraph\">O deyib ki, burada \u0259sas m\u0259qs\u0259d sad\u0259c\u0259 da\u011f\u0131d\u0131lm\u0131\u015f \u0259razil\u0259ri \u0259vv\u0259lki v\u0259ziyy\u0259tin\u0259 qaytarmaq deyil, m\u00fcasir ekoloji standartlara cavab ver\u0259n yeni bir m\u00fchit formala\u015fd\u0131rmaqd\u0131r:<\/p>\n\n\n\n<p class=\"wp-block-paragraph\"><strong>\u201cEyni zamanda, geni\u015fmiqyasl\u0131 tikinti v\u0259 b\u0259rpa i\u015fl\u0259rinin \u0259traf m\u00fchit\u0259 t\u0259sirinin minimuma endirilm\u0259si x\u00fcsusi diqq\u0259t t\u0259l\u0259b edir. Yeni \u015f\u0259h\u0259r v\u0259 k\u0259ndl\u0259rin sal\u0131nmas\u0131 zaman\u0131 ya\u015f\u0131ll\u0131qlar\u0131n qorunmas\u0131, su v\u0259 enerji resurslar\u0131ndan s\u0259m\u0259r\u0259li istifad\u0259, tullant\u0131lar\u0131n idar\u0259 olunmas\u0131 v\u0259 ekoloji standartlara riay\u0259t olunmas\u0131 vacibdir. Hesab edir\u0259m ki, Qaraba\u011f v\u0259 \u015e\u0259rqi Z\u0259ng\u0259zurun b\u0259rpas\u0131 h\u0259m d\u0259 Az\u0259rbaycan\u0131n ekoloji siyas\u0259tinin praktik n\u00fcmun\u0259sin\u0259 \u00e7evrilm\u0259lidir. Bu \u0259razil\u0259rin yenid\u0259n qurulmas\u0131 il\u0259 yana\u015f\u0131, t\u0259bi\u0259tin b\u0259rpas\u0131 da g\u0259l\u0259c\u0259k n\u0259sill\u0259r qar\u015f\u0131s\u0131nda m\u00fch\u00fcm m\u0259suliyy\u0259timizdir\u201d.<\/strong><\/p>\n\n\n\n<p class=\"wp-block-paragraph\"><\/p>","protected":false},"excerpt":{"rendered":"<p>\u0130\u015f\u011faldan azad edilmi\u015f \u0259razil\u0259rd\u0259 Erm\u0259nistan\u0131n uzun ill\u0259r \u0259rzind\u0259 t\u00f6r\u0259tdiyi ekoloji cinay\u0259tl\u0259rin n\u0259tic\u0259l\u0259ri bu g\u00fcn d\u0259 \u00f6z\u00fcn\u00fc g\u00f6st\u0259rir. Me\u015f\u0259l\u0259rin m\u0259hv edilm\u0259si, a\u011faclar\u0131n qanunsuz k\u0259silm\u0259si, torpaqlar\u0131n \u00e7irkl\u0259ndirilm\u0259si v\u0259 t\u0259bii s\u0259rv\u0259tl\u0259r\u0259 ciddi ziyan vurulmas\u0131 h\u0259min \u0259razil\u0259rin ekoloji v\u0259ziyy\u0259tin\u0259 m\u0259nfi t\u0259sir g\u00f6st\u0259rib. Son 6 il \u0259rzind\u0259 is\u0259 azad edilmi\u015f \u0259razil\u0259rd\u0259 \u0259traf m\u00fchitin b\u0259rpas\u0131 istiqam\u0259tind\u0259 geni\u015fmiqyasl\u0131 layih\u0259l\u0259r h\u0259yata ke\u00e7irilir. A\u011fac\u0259km\u0259 aksiyalar\u0131 ke\u00e7irilir, yeni ya\u015f\u0131ll\u0131q zolaqlar\u0131 sal\u0131n\u0131r, me\u015f\u0259l\u0259rin b\u0259rpas\u0131 v\u0259 biom\u00fcxt\u0259lifliyin qorunmas\u0131 istiqam\u0259tind\u0259 t\u0259dbirl\u0259r g\u00f6r\u00fcl\u00fcr. Bununla yana\u015f\u0131, \u015f\u0259h\u0259r v\u0259 k\u0259ndl\u0259rin yenid\u0259n qurulmas\u0131 prosesind\u0259 ekoloji amill\u0259rin n\u0259z\u0259r\u0259 al\u0131nmas\u0131na x\u00fcsusi diqq\u0259t yetirilir. [&hellip;]<\/p>\n","protected":false},"author":2,"featured_media":9112,"comment_status":"closed","ping_status":"closed","sticky":false,"template":"","format":"standard","meta":{"give_campaign_id":0,"footnotes":""},"categories":[10],"tags":[],"class_list":["post-11548","post","type-post","status-publish","format-standard","has-post-thumbnail","hentry","category-kiv"],"yoast_head":"<!-- This site is optimized with the Yoast SEO plugin v27.8 - https:\/\/yoast.com\/product\/yoast-seo-wordpress\/ -->\n<title>\u0130\u015f\u011faldan azad edil\u0259n \u0259razil\u0259rd\u0259 t\u0259bi\u0259t yenid\u0259n canlan\u0131r \u2013 Ekoloji b\u0259rpa prosesi s\u00fcr\u0259tl\u0259nir - Az\u0259rbaycan Milli \u0130stiqlal Partiyas\u0131<\/title>\n<meta name=\"robots\" content=\"index, follow, max-snippet:-1, max-image-preview:large, max-video-preview:-1\" \/>\n<link rel=\"canonical\" href=\"https:\/\/amip.az\/en\/2026\/09\/04\/isgaldan-azad-edil\u0259n-\u0259razil\u0259rd\u0259-t\u0259bi\u0259t-yenid\u0259n-canlanir-ekoloji-b\u0259rpa-prosesi-sur\u0259tl\u0259nir\/\" \/>\n<meta property=\"og:locale\" content=\"en_US\" \/>\n<meta property=\"og:type\" content=\"article\" \/>\n<meta property=\"og:title\" content=\"\u0130\u015f\u011faldan azad edil\u0259n \u0259razil\u0259rd\u0259 t\u0259bi\u0259t yenid\u0259n canlan\u0131r \u2013 Ekoloji b\u0259rpa prosesi s\u00fcr\u0259tl\u0259nir - Az\u0259rbaycan Milli \u0130stiqlal Partiyas\u0131\" \/>\n<meta property=\"og:description\" content=\"\u0130\u015f\u011faldan azad edilmi\u015f \u0259razil\u0259rd\u0259 Erm\u0259nistan\u0131n uzun ill\u0259r \u0259rzind\u0259 t\u00f6r\u0259tdiyi ekoloji cinay\u0259tl\u0259rin n\u0259tic\u0259l\u0259ri bu g\u00fcn d\u0259 \u00f6z\u00fcn\u00fc g\u00f6st\u0259rir. Me\u015f\u0259l\u0259rin m\u0259hv edilm\u0259si, a\u011faclar\u0131n qanunsuz k\u0259silm\u0259si, torpaqlar\u0131n \u00e7irkl\u0259ndirilm\u0259si v\u0259 t\u0259bii s\u0259rv\u0259tl\u0259r\u0259 ciddi ziyan vurulmas\u0131 h\u0259min \u0259razil\u0259rin ekoloji v\u0259ziyy\u0259tin\u0259 m\u0259nfi t\u0259sir g\u00f6st\u0259rib. Son 6 il \u0259rzind\u0259 is\u0259 azad edilmi\u015f \u0259razil\u0259rd\u0259 \u0259traf m\u00fchitin b\u0259rpas\u0131 istiqam\u0259tind\u0259 geni\u015fmiqyasl\u0131 layih\u0259l\u0259r h\u0259yata ke\u00e7irilir. A\u011fac\u0259km\u0259 aksiyalar\u0131 ke\u00e7irilir, yeni ya\u015f\u0131ll\u0131q zolaqlar\u0131 sal\u0131n\u0131r, me\u015f\u0259l\u0259rin b\u0259rpas\u0131 v\u0259 biom\u00fcxt\u0259lifliyin qorunmas\u0131 istiqam\u0259tind\u0259 t\u0259dbirl\u0259r g\u00f6r\u00fcl\u00fcr. Bununla yana\u015f\u0131, \u015f\u0259h\u0259r v\u0259 k\u0259ndl\u0259rin yenid\u0259n qurulmas\u0131 prosesind\u0259 ekoloji amill\u0259rin n\u0259z\u0259r\u0259 al\u0131nmas\u0131na x\u00fcsusi diqq\u0259t yetirilir. [&hellip;]\" \/>\n<meta property=\"og:url\" content=\"https:\/\/amip.az\/en\/2026\/09\/04\/isgaldan-azad-edil\u0259n-\u0259razil\u0259rd\u0259-t\u0259bi\u0259t-yenid\u0259n-canlanir-ekoloji-b\u0259rpa-prosesi-sur\u0259tl\u0259nir\/\" \/>\n<meta property=\"og:site_name\" content=\"Az\u0259rbaycan Milli \u0130stiqlal Partiyas\u0131\" \/>\n<meta property=\"article:publisher\" content=\"https:\/\/www.facebook.com\/istiqlal91\" \/>\n<meta property=\"article:published_time\" content=\"2026-09-04T14:09:29+00:00\" \/>\n<meta property=\"article:modified_time\" content=\"2026-09-04T14:09:33+00:00\" \/>\n<meta property=\"og:image\" content=\"https:\/\/amip.az\/wp-content\/uploads\/2025\/09\/68ca92fe2b92468ca92fe2b925175810636668ca92fe2b92268ca92fe2b923-1.jpeg\" \/>\n\t<meta property=\"og:image:width\" content=\"749\" \/>\n\t<meta property=\"og:image:height\" content=\"480\" \/>\n\t<meta property=\"og:image:type\" content=\"image\/jpeg\" \/>\n<meta name=\"author\" content=\"admin_amip\" \/>\n<meta name=\"twitter:card\" content=\"summary_large_image\" \/>\n<meta name=\"twitter:creator\" content=\"@APartiyas\" \/>\n<meta name=\"twitter:site\" content=\"@APartiyas\" \/>\n<meta name=\"twitter:label1\" content=\"Written by\" \/>\n\t<meta name=\"twitter:data1\" content=\"admin_amip\" \/>\n\t<meta name=\"twitter:label2\" content=\"Est. reading time\" \/>\n\t<meta name=\"twitter:data2\" content=\"3 minutes\" \/>\n<script type=\"application\/ld+json\" class=\"yoast-schema-graph\">{\"@context\":\"https:\\\/\\\/schema.org\",\"@graph\":[{\"@type\":\"Article\",\"@id\":\"https:\\\/\\\/amip.az\\\/2026\\\/09\\\/04\\\/isgaldan-azad-edil%c9%99n-%c9%99razil%c9%99rd%c9%99-t%c9%99bi%c9%99t-yenid%c9%99n-canlanir-ekoloji-b%c9%99rpa-prosesi-sur%c9%99tl%c9%99nir\\\/#article\",\"isPartOf\":{\"@id\":\"https:\\\/\\\/amip.az\\\/2026\\\/09\\\/04\\\/isgaldan-azad-edil%c9%99n-%c9%99razil%c9%99rd%c9%99-t%c9%99bi%c9%99t-yenid%c9%99n-canlanir-ekoloji-b%c9%99rpa-prosesi-sur%c9%99tl%c9%99nir\\\/\"},\"author\":{\"name\":\"admin_amip\",\"@id\":\"https:\\\/\\\/amip.az\\\/az\\\/#\\\/schema\\\/person\\\/a7055ff0b4631c41849ee16f8ff51da7\"},\"headline\":\"\u0130\u015f\u011faldan azad edil\u0259n \u0259razil\u0259rd\u0259 t\u0259bi\u0259t yenid\u0259n canlan\u0131r \u2013 Ekoloji b\u0259rpa prosesi s\u00fcr\u0259tl\u0259nir\",\"datePublished\":\"2026-09-04T14:09:29+00:00\",\"dateModified\":\"2026-09-04T14:09:33+00:00\",\"mainEntityOfPage\":{\"@id\":\"https:\\\/\\\/amip.az\\\/2026\\\/09\\\/04\\\/isgaldan-azad-edil%c9%99n-%c9%99razil%c9%99rd%c9%99-t%c9%99bi%c9%99t-yenid%c9%99n-canlanir-ekoloji-b%c9%99rpa-prosesi-sur%c9%99tl%c9%99nir\\\/\"},\"wordCount\":767,\"publisher\":{\"@id\":\"https:\\\/\\\/amip.az\\\/az\\\/#organization\"},\"image\":{\"@id\":\"https:\\\/\\\/amip.az\\\/2026\\\/09\\\/04\\\/isgaldan-azad-edil%c9%99n-%c9%99razil%c9%99rd%c9%99-t%c9%99bi%c9%99t-yenid%c9%99n-canlanir-ekoloji-b%c9%99rpa-prosesi-sur%c9%99tl%c9%99nir\\\/#primaryimage\"},\"thumbnailUrl\":\"https:\\\/\\\/amip.az\\\/wp-content\\\/uploads\\\/2025\\\/09\\\/68ca92fe2b92468ca92fe2b925175810636668ca92fe2b92268ca92fe2b923-1.jpeg\",\"articleSection\":[\"K\u0130V\"],\"inLanguage\":\"en-US\"},{\"@type\":\"WebPage\",\"@id\":\"https:\\\/\\\/amip.az\\\/2026\\\/09\\\/04\\\/isgaldan-azad-edil%c9%99n-%c9%99razil%c9%99rd%c9%99-t%c9%99bi%c9%99t-yenid%c9%99n-canlanir-ekoloji-b%c9%99rpa-prosesi-sur%c9%99tl%c9%99nir\\\/\",\"url\":\"https:\\\/\\\/amip.az\\\/2026\\\/09\\\/04\\\/isgaldan-azad-edil%c9%99n-%c9%99razil%c9%99rd%c9%99-t%c9%99bi%c9%99t-yenid%c9%99n-canlanir-ekoloji-b%c9%99rpa-prosesi-sur%c9%99tl%c9%99nir\\\/\",\"name\":\"\u0130\u015f\u011faldan azad edil\u0259n \u0259razil\u0259rd\u0259 t\u0259bi\u0259t yenid\u0259n canlan\u0131r \u2013 Ekoloji b\u0259rpa prosesi s\u00fcr\u0259tl\u0259nir - Az\u0259rbaycan Milli \u0130stiqlal Partiyas\u0131\",\"isPartOf\":{\"@id\":\"https:\\\/\\\/amip.az\\\/az\\\/#website\"},\"primaryImageOfPage\":{\"@id\":\"https:\\\/\\\/amip.az\\\/2026\\\/09\\\/04\\\/isgaldan-azad-edil%c9%99n-%c9%99razil%c9%99rd%c9%99-t%c9%99bi%c9%99t-yenid%c9%99n-canlanir-ekoloji-b%c9%99rpa-prosesi-sur%c9%99tl%c9%99nir\\\/#primaryimage\"},\"image\":{\"@id\":\"https:\\\/\\\/amip.az\\\/2026\\\/09\\\/04\\\/isgaldan-azad-edil%c9%99n-%c9%99razil%c9%99rd%c9%99-t%c9%99bi%c9%99t-yenid%c9%99n-canlanir-ekoloji-b%c9%99rpa-prosesi-sur%c9%99tl%c9%99nir\\\/#primaryimage\"},\"thumbnailUrl\":\"https:\\\/\\\/amip.az\\\/wp-content\\\/uploads\\\/2025\\\/09\\\/68ca92fe2b92468ca92fe2b925175810636668ca92fe2b92268ca92fe2b923-1.jpeg\",\"datePublished\":\"2026-09-04T14:09:29+00:00\",\"dateModified\":\"2026-09-04T14:09:33+00:00\",\"breadcrumb\":{\"@id\":\"https:\\\/\\\/amip.az\\\/2026\\\/09\\\/04\\\/isgaldan-azad-edil%c9%99n-%c9%99razil%c9%99rd%c9%99-t%c9%99bi%c9%99t-yenid%c9%99n-canlanir-ekoloji-b%c9%99rpa-prosesi-sur%c9%99tl%c9%99nir\\\/#breadcrumb\"},\"inLanguage\":\"en-US\",\"potentialAction\":[{\"@type\":\"ReadAction\",\"target\":[\"https:\\\/\\\/amip.az\\\/2026\\\/09\\\/04\\\/isgaldan-azad-edil%c9%99n-%c9%99razil%c9%99rd%c9%99-t%c9%99bi%c9%99t-yenid%c9%99n-canlanir-ekoloji-b%c9%99rpa-prosesi-sur%c9%99tl%c9%99nir\\\/\"]}]},{\"@type\":\"ImageObject\",\"inLanguage\":\"en-US\",\"@id\":\"https:\\\/\\\/amip.az\\\/2026\\\/09\\\/04\\\/isgaldan-azad-edil%c9%99n-%c9%99razil%c9%99rd%c9%99-t%c9%99bi%c9%99t-yenid%c9%99n-canlanir-ekoloji-b%c9%99rpa-prosesi-sur%c9%99tl%c9%99nir\\\/#primaryimage\",\"url\":\"https:\\\/\\\/amip.az\\\/wp-content\\\/uploads\\\/2025\\\/09\\\/68ca92fe2b92468ca92fe2b925175810636668ca92fe2b92268ca92fe2b923-1.jpeg\",\"contentUrl\":\"https:\\\/\\\/amip.az\\\/wp-content\\\/uploads\\\/2025\\\/09\\\/68ca92fe2b92468ca92fe2b925175810636668ca92fe2b92268ca92fe2b923-1.jpeg\",\"width\":749,\"height\":480},{\"@type\":\"BreadcrumbList\",\"@id\":\"https:\\\/\\\/amip.az\\\/2026\\\/09\\\/04\\\/isgaldan-azad-edil%c9%99n-%c9%99razil%c9%99rd%c9%99-t%c9%99bi%c9%99t-yenid%c9%99n-canlanir-ekoloji-b%c9%99rpa-prosesi-sur%c9%99tl%c9%99nir\\\/#breadcrumb\",\"itemListElement\":[{\"@type\":\"ListItem\",\"position\":1,\"name\":\"Home\",\"item\":\"https:\\\/\\\/amip.az\\\/\"},{\"@type\":\"ListItem\",\"position\":2,\"name\":\"\u0130\u015f\u011faldan azad edil\u0259n \u0259razil\u0259rd\u0259 t\u0259bi\u0259t yenid\u0259n canlan\u0131r \u2013 Ekoloji b\u0259rpa prosesi s\u00fcr\u0259tl\u0259nir\"}]},{\"@type\":\"WebSite\",\"@id\":\"https:\\\/\\\/amip.az\\\/az\\\/#website\",\"url\":\"https:\\\/\\\/amip.az\\\/az\\\/\",\"name\":\"Az\u0259rbaycan Milli \u0130stiqlal Partiyas\u0131\",\"description\":\"AM\u0130P\",\"publisher\":{\"@id\":\"https:\\\/\\\/amip.az\\\/az\\\/#organization\"},\"potentialAction\":[{\"@type\":\"SearchAction\",\"target\":{\"@type\":\"EntryPoint\",\"urlTemplate\":\"https:\\\/\\\/amip.az\\\/az\\\/?s={search_term_string}\"},\"query-input\":{\"@type\":\"PropertyValueSpecification\",\"valueRequired\":true,\"valueName\":\"search_term_string\"}}],\"inLanguage\":\"en-US\"},{\"@type\":\"Organization\",\"@id\":\"https:\\\/\\\/amip.az\\\/az\\\/#organization\",\"name\":\"Az\u0259rbaycan Milli \u0130stiqlal Partiyas\u0131\",\"url\":\"https:\\\/\\\/amip.az\\\/az\\\/\",\"logo\":{\"@type\":\"ImageObject\",\"inLanguage\":\"en-US\",\"@id\":\"https:\\\/\\\/amip.az\\\/az\\\/#\\\/schema\\\/logo\\\/image\\\/\",\"url\":\"https:\\\/\\\/amip.az\\\/wp-content\\\/uploads\\\/2023\\\/06\\\/amiplogo.png\",\"contentUrl\":\"https:\\\/\\\/amip.az\\\/wp-content\\\/uploads\\\/2023\\\/06\\\/amiplogo.png\",\"width\":723,\"height\":423,\"caption\":\"Az\u0259rbaycan Milli \u0130stiqlal Partiyas\u0131\"},\"image\":{\"@id\":\"https:\\\/\\\/amip.az\\\/az\\\/#\\\/schema\\\/logo\\\/image\\\/\"},\"sameAs\":[\"https:\\\/\\\/www.facebook.com\\\/istiqlal91\",\"https:\\\/\\\/x.com\\\/APartiyas\",\"https:\\\/\\\/www.youtube.com\\\/channel\\\/UCF3pc8spko_xON2sr4vUC5A\"]},{\"@type\":\"Person\",\"@id\":\"https:\\\/\\\/amip.az\\\/az\\\/#\\\/schema\\\/person\\\/a7055ff0b4631c41849ee16f8ff51da7\",\"name\":\"admin_amip\",\"image\":{\"@type\":\"ImageObject\",\"inLanguage\":\"en-US\",\"@id\":\"https:\\\/\\\/secure.gravatar.com\\\/avatar\\\/6c3dc6902fd066c5a5d68c8f0038dcc56ec283faa7337f8e6b219cf7e7321d3f?s=96&d=mm&r=g\",\"url\":\"https:\\\/\\\/secure.gravatar.com\\\/avatar\\\/6c3dc6902fd066c5a5d68c8f0038dcc56ec283faa7337f8e6b219cf7e7321d3f?s=96&d=mm&r=g\",\"contentUrl\":\"https:\\\/\\\/secure.gravatar.com\\\/avatar\\\/6c3dc6902fd066c5a5d68c8f0038dcc56ec283faa7337f8e6b219cf7e7321d3f?s=96&d=mm&r=g\",\"caption\":\"admin_amip\"},\"url\":\"https:\\\/\\\/amip.az\\\/en\\\/author\\\/admin_amip\\\/\"}]}<\/script>\n<!-- \/ Yoast SEO plugin. -->","yoast_head_json":{"title":"\u0130\u015f\u011faldan azad edil\u0259n \u0259razil\u0259rd\u0259 t\u0259bi\u0259t yenid\u0259n canlan\u0131r \u2013 Ekoloji b\u0259rpa prosesi s\u00fcr\u0259tl\u0259nir - Az\u0259rbaycan Milli \u0130stiqlal Partiyas\u0131","robots":{"index":"index","follow":"follow","max-snippet":"max-snippet:-1","max-image-preview":"max-image-preview:large","max-video-preview":"max-video-preview:-1"},"canonical":"https:\/\/amip.az\/en\/2026\/09\/04\/isgaldan-azad-edil\u0259n-\u0259razil\u0259rd\u0259-t\u0259bi\u0259t-yenid\u0259n-canlanir-ekoloji-b\u0259rpa-prosesi-sur\u0259tl\u0259nir\/","og_locale":"en_US","og_type":"article","og_title":"\u0130\u015f\u011faldan azad edil\u0259n \u0259razil\u0259rd\u0259 t\u0259bi\u0259t yenid\u0259n canlan\u0131r \u2013 Ekoloji b\u0259rpa prosesi s\u00fcr\u0259tl\u0259nir - Az\u0259rbaycan Milli \u0130stiqlal Partiyas\u0131","og_description":"\u0130\u015f\u011faldan azad edilmi\u015f \u0259razil\u0259rd\u0259 Erm\u0259nistan\u0131n uzun ill\u0259r \u0259rzind\u0259 t\u00f6r\u0259tdiyi ekoloji cinay\u0259tl\u0259rin n\u0259tic\u0259l\u0259ri bu g\u00fcn d\u0259 \u00f6z\u00fcn\u00fc g\u00f6st\u0259rir. Me\u015f\u0259l\u0259rin m\u0259hv edilm\u0259si, a\u011faclar\u0131n qanunsuz k\u0259silm\u0259si, torpaqlar\u0131n \u00e7irkl\u0259ndirilm\u0259si v\u0259 t\u0259bii s\u0259rv\u0259tl\u0259r\u0259 ciddi ziyan vurulmas\u0131 h\u0259min \u0259razil\u0259rin ekoloji v\u0259ziyy\u0259tin\u0259 m\u0259nfi t\u0259sir g\u00f6st\u0259rib. Son 6 il \u0259rzind\u0259 is\u0259 azad edilmi\u015f \u0259razil\u0259rd\u0259 \u0259traf m\u00fchitin b\u0259rpas\u0131 istiqam\u0259tind\u0259 geni\u015fmiqyasl\u0131 layih\u0259l\u0259r h\u0259yata ke\u00e7irilir. A\u011fac\u0259km\u0259 aksiyalar\u0131 ke\u00e7irilir, yeni ya\u015f\u0131ll\u0131q zolaqlar\u0131 sal\u0131n\u0131r, me\u015f\u0259l\u0259rin b\u0259rpas\u0131 v\u0259 biom\u00fcxt\u0259lifliyin qorunmas\u0131 istiqam\u0259tind\u0259 t\u0259dbirl\u0259r g\u00f6r\u00fcl\u00fcr. Bununla yana\u015f\u0131, \u015f\u0259h\u0259r v\u0259 k\u0259ndl\u0259rin yenid\u0259n qurulmas\u0131 prosesind\u0259 ekoloji amill\u0259rin n\u0259z\u0259r\u0259 al\u0131nmas\u0131na x\u00fcsusi diqq\u0259t yetirilir. [&hellip;]","og_url":"https:\/\/amip.az\/en\/2026\/09\/04\/isgaldan-azad-edil\u0259n-\u0259razil\u0259rd\u0259-t\u0259bi\u0259t-yenid\u0259n-canlanir-ekoloji-b\u0259rpa-prosesi-sur\u0259tl\u0259nir\/","og_site_name":"Az\u0259rbaycan Milli \u0130stiqlal Partiyas\u0131","article_publisher":"https:\/\/www.facebook.com\/istiqlal91","article_published_time":"2026-09-04T14:09:29+00:00","article_modified_time":"2026-09-04T14:09:33+00:00","og_image":[{"width":749,"height":480,"url":"https:\/\/amip.az\/wp-content\/uploads\/2025\/09\/68ca92fe2b92468ca92fe2b925175810636668ca92fe2b92268ca92fe2b923-1.jpeg","type":"image\/jpeg"}],"author":"admin_amip","twitter_card":"summary_large_image","twitter_creator":"@APartiyas","twitter_site":"@APartiyas","twitter_misc":{"Written by":"admin_amip","Est. reading time":"3 minutes"},"schema":{"@context":"https:\/\/schema.org","@graph":[{"@type":"Article","@id":"https:\/\/amip.az\/2026\/09\/04\/isgaldan-azad-edil%c9%99n-%c9%99razil%c9%99rd%c9%99-t%c9%99bi%c9%99t-yenid%c9%99n-canlanir-ekoloji-b%c9%99rpa-prosesi-sur%c9%99tl%c9%99nir\/#article","isPartOf":{"@id":"https:\/\/amip.az\/2026\/09\/04\/isgaldan-azad-edil%c9%99n-%c9%99razil%c9%99rd%c9%99-t%c9%99bi%c9%99t-yenid%c9%99n-canlanir-ekoloji-b%c9%99rpa-prosesi-sur%c9%99tl%c9%99nir\/"},"author":{"name":"admin_amip","@id":"https:\/\/amip.az\/az\/#\/schema\/person\/a7055ff0b4631c41849ee16f8ff51da7"},"headline":"\u0130\u015f\u011faldan azad edil\u0259n \u0259razil\u0259rd\u0259 t\u0259bi\u0259t yenid\u0259n canlan\u0131r \u2013 Ekoloji b\u0259rpa prosesi s\u00fcr\u0259tl\u0259nir","datePublished":"2026-09-04T14:09:29+00:00","dateModified":"2026-09-04T14:09:33+00:00","mainEntityOfPage":{"@id":"https:\/\/amip.az\/2026\/09\/04\/isgaldan-azad-edil%c9%99n-%c9%99razil%c9%99rd%c9%99-t%c9%99bi%c9%99t-yenid%c9%99n-canlanir-ekoloji-b%c9%99rpa-prosesi-sur%c9%99tl%c9%99nir\/"},"wordCount":767,"publisher":{"@id":"https:\/\/amip.az\/az\/#organization"},"image":{"@id":"https:\/\/amip.az\/2026\/09\/04\/isgaldan-azad-edil%c9%99n-%c9%99razil%c9%99rd%c9%99-t%c9%99bi%c9%99t-yenid%c9%99n-canlanir-ekoloji-b%c9%99rpa-prosesi-sur%c9%99tl%c9%99nir\/#primaryimage"},"thumbnailUrl":"https:\/\/amip.az\/wp-content\/uploads\/2025\/09\/68ca92fe2b92468ca92fe2b925175810636668ca92fe2b92268ca92fe2b923-1.jpeg","articleSection":["K\u0130V"],"inLanguage":"en-US"},{"@type":"WebPage","@id":"https:\/\/amip.az\/2026\/09\/04\/isgaldan-azad-edil%c9%99n-%c9%99razil%c9%99rd%c9%99-t%c9%99bi%c9%99t-yenid%c9%99n-canlanir-ekoloji-b%c9%99rpa-prosesi-sur%c9%99tl%c9%99nir\/","url":"https:\/\/amip.az\/2026\/09\/04\/isgaldan-azad-edil%c9%99n-%c9%99razil%c9%99rd%c9%99-t%c9%99bi%c9%99t-yenid%c9%99n-canlanir-ekoloji-b%c9%99rpa-prosesi-sur%c9%99tl%c9%99nir\/","name":"\u0130\u015f\u011faldan azad edil\u0259n \u0259razil\u0259rd\u0259 t\u0259bi\u0259t yenid\u0259n canlan\u0131r \u2013 Ekoloji b\u0259rpa prosesi s\u00fcr\u0259tl\u0259nir - Az\u0259rbaycan Milli \u0130stiqlal Partiyas\u0131","isPartOf":{"@id":"https:\/\/amip.az\/az\/#website"},"primaryImageOfPage":{"@id":"https:\/\/amip.az\/2026\/09\/04\/isgaldan-azad-edil%c9%99n-%c9%99razil%c9%99rd%c9%99-t%c9%99bi%c9%99t-yenid%c9%99n-canlanir-ekoloji-b%c9%99rpa-prosesi-sur%c9%99tl%c9%99nir\/#primaryimage"},"image":{"@id":"https:\/\/amip.az\/2026\/09\/04\/isgaldan-azad-edil%c9%99n-%c9%99razil%c9%99rd%c9%99-t%c9%99bi%c9%99t-yenid%c9%99n-canlanir-ekoloji-b%c9%99rpa-prosesi-sur%c9%99tl%c9%99nir\/#primaryimage"},"thumbnailUrl":"https:\/\/amip.az\/wp-content\/uploads\/2025\/09\/68ca92fe2b92468ca92fe2b925175810636668ca92fe2b92268ca92fe2b923-1.jpeg","datePublished":"2026-09-04T14:09:29+00:00","dateModified":"2026-09-04T14:09:33+00:00","breadcrumb":{"@id":"https:\/\/amip.az\/2026\/09\/04\/isgaldan-azad-edil%c9%99n-%c9%99razil%c9%99rd%c9%99-t%c9%99bi%c9%99t-yenid%c9%99n-canlanir-ekoloji-b%c9%99rpa-prosesi-sur%c9%99tl%c9%99nir\/#breadcrumb"},"inLanguage":"en-US","potentialAction":[{"@type":"ReadAction","target":["https:\/\/amip.az\/2026\/09\/04\/isgaldan-azad-edil%c9%99n-%c9%99razil%c9%99rd%c9%99-t%c9%99bi%c9%99t-yenid%c9%99n-canlanir-ekoloji-b%c9%99rpa-prosesi-sur%c9%99tl%c9%99nir\/"]}]},{"@type":"ImageObject","inLanguage":"en-US","@id":"https:\/\/amip.az\/2026\/09\/04\/isgaldan-azad-edil%c9%99n-%c9%99razil%c9%99rd%c9%99-t%c9%99bi%c9%99t-yenid%c9%99n-canlanir-ekoloji-b%c9%99rpa-prosesi-sur%c9%99tl%c9%99nir\/#primaryimage","url":"https:\/\/amip.az\/wp-content\/uploads\/2025\/09\/68ca92fe2b92468ca92fe2b925175810636668ca92fe2b92268ca92fe2b923-1.jpeg","contentUrl":"https:\/\/amip.az\/wp-content\/uploads\/2025\/09\/68ca92fe2b92468ca92fe2b925175810636668ca92fe2b92268ca92fe2b923-1.jpeg","width":749,"height":480},{"@type":"BreadcrumbList","@id":"https:\/\/amip.az\/2026\/09\/04\/isgaldan-azad-edil%c9%99n-%c9%99razil%c9%99rd%c9%99-t%c9%99bi%c9%99t-yenid%c9%99n-canlanir-ekoloji-b%c9%99rpa-prosesi-sur%c9%99tl%c9%99nir\/#breadcrumb","itemListElement":[{"@type":"ListItem","position":1,"name":"Home","item":"https:\/\/amip.az\/"},{"@type":"ListItem","position":2,"name":"\u0130\u015f\u011faldan azad edil\u0259n \u0259razil\u0259rd\u0259 t\u0259bi\u0259t yenid\u0259n canlan\u0131r \u2013 Ekoloji b\u0259rpa prosesi s\u00fcr\u0259tl\u0259nir"}]},{"@type":"WebSite","@id":"https:\/\/amip.az\/az\/#website","url":"https:\/\/amip.az\/az\/","name":"National Independence Party of Azerbaijan","description":"AM\u0130P","publisher":{"@id":"https:\/\/amip.az\/az\/#organization"},"potentialAction":[{"@type":"SearchAction","target":{"@type":"EntryPoint","urlTemplate":"https:\/\/amip.az\/az\/?s={search_term_string}"},"query-input":{"@type":"PropertyValueSpecification","valueRequired":true,"valueName":"search_term_string"}}],"inLanguage":"en-US"},{"@type":"Organization","@id":"https:\/\/amip.az\/az\/#organization","name":"National Independence Party of Azerbaijan","url":"https:\/\/amip.az\/az\/","logo":{"@type":"ImageObject","inLanguage":"en-US","@id":"https:\/\/amip.az\/az\/#\/schema\/logo\/image\/","url":"https:\/\/amip.az\/wp-content\/uploads\/2023\/06\/amiplogo.png","contentUrl":"https:\/\/amip.az\/wp-content\/uploads\/2023\/06\/amiplogo.png","width":723,"height":423,"caption":"Az\u0259rbaycan Milli \u0130stiqlal Partiyas\u0131"},"image":{"@id":"https:\/\/amip.az\/az\/#\/schema\/logo\/image\/"},"sameAs":["https:\/\/www.facebook.com\/istiqlal91","https:\/\/x.com\/APartiyas","https:\/\/www.youtube.com\/channel\/UCF3pc8spko_xON2sr4vUC5A"]},{"@type":"Person","@id":"https:\/\/amip.az\/az\/#\/schema\/person\/a7055ff0b4631c41849ee16f8ff51da7","name":"admin_amip","image":{"@type":"ImageObject","inLanguage":"en-US","@id":"https:\/\/secure.gravatar.com\/avatar\/6c3dc6902fd066c5a5d68c8f0038dcc56ec283faa7337f8e6b219cf7e7321d3f?s=96&d=mm&r=g","url":"https:\/\/secure.gravatar.com\/avatar\/6c3dc6902fd066c5a5d68c8f0038dcc56ec283faa7337f8e6b219cf7e7321d3f?s=96&d=mm&r=g","contentUrl":"https:\/\/secure.gravatar.com\/avatar\/6c3dc6902fd066c5a5d68c8f0038dcc56ec283faa7337f8e6b219cf7e7321d3f?s=96&d=mm&r=g","caption":"admin_amip"},"url":"https:\/\/amip.az\/en\/author\/admin_amip\/"}]}},"_links":{"self":[{"href":"https:\/\/amip.az\/en\/wp-json\/wp\/v2\/posts\/11548","targetHints":{"allow":["GET"]}}],"collection":[{"href":"https:\/\/amip.az\/en\/wp-json\/wp\/v2\/posts"}],"about":[{"href":"https:\/\/amip.az\/en\/wp-json\/wp\/v2\/types\/post"}],"author":[{"embeddable":true,"href":"https:\/\/amip.az\/en\/wp-json\/wp\/v2\/users\/2"}],"replies":[{"embeddable":true,"href":"https:\/\/amip.az\/en\/wp-json\/wp\/v2\/comments?post=11548"}],"version-history":[{"count":1,"href":"https:\/\/amip.az\/en\/wp-json\/wp\/v2\/posts\/11548\/revisions"}],"predecessor-version":[{"id":11549,"href":"https:\/\/amip.az\/en\/wp-json\/wp\/v2\/posts\/11548\/revisions\/11549"}],"wp:featuredmedia":[{"embeddable":true,"href":"https:\/\/amip.az\/en\/wp-json\/wp\/v2\/media\/9112"}],"wp:attachment":[{"href":"https:\/\/amip.az\/en\/wp-json\/wp\/v2\/media?parent=11548"}],"wp:term":[{"taxonomy":"category","embeddable":true,"href":"https:\/\/amip.az\/en\/wp-json\/wp\/v2\/categories?post=11548"},{"taxonomy":"post_tag","embeddable":true,"href":"https:\/\/amip.az\/en\/wp-json\/wp\/v2\/tags?post=11548"}],"curies":[{"name":"wp","href":"https:\/\/api.w.org\/{rel}","templated":true}]}}