{"id":5818,"date":"2023-05-24T14:07:28","date_gmt":"2023-05-24T10:07:28","guid":{"rendered":"https:\/\/amip.az\/?p=5818"},"modified":"2023-05-24T14:07:31","modified_gmt":"2023-05-24T10:07:31","slug":"r%c9%99smi-ir%c9%99van-%c9%99vv%c9%99l-s%c9%99rgil%c9%99diyi-movqel%c9%99r%c9%99-geri-c%c9%99kilir-arzuxan-%c9%99lizad%c9%99","status":"publish","type":"post","link":"https:\/\/amip.az\/en\/2023\/05\/24\/r%c9%99smi-ir%c9%99van-%c9%99vv%c9%99l-s%c9%99rgil%c9%99diyi-movqel%c9%99r%c9%99-geri-c%c9%99kilir-arzuxan-%c9%99lizad%c9%99\/","title":{"rendered":"&#8220;R\u0259smi \u0130r\u0259van \u0259vv\u0259l s\u0259rgil\u0259diyi m\u00f6vqel\u0259r\u0259 geri \u00e7\u0259kilir&#8221; &#8211; Arzuxan \u018flizad\u0259"},"content":{"rendered":"<p><strong>\u201cAz\u0259rbaycan\u0131n t\u0259klif kimi ir\u0259li s\u00fcrd\u00fcy\u00fc \u015f\u0259rtl\u0259r beyn\u0259lxalq h\u00fcququn norma v\u0259 prinsipl\u0259rin\u0259 \u0259saslan\u0131r. Erm\u0259nistan\u0131n bu prinsipl\u0259rd\u0259n k\u0259nara durmas\u0131 v\u0259 imtina etm\u0259si m\u00fcmk\u00fcn deyil\u201d.<\/strong><\/p>\n\n\n\n<p>Bu fikirl\u0259ri\u00a0Cebhe.info-ya a\u00e7\u0131qlama ver\u0259n Az\u0259rbaycan Milli \u0130stiqlal Partiyas\u0131n\u0131n s\u0259dri Arzuxan \u018flizad\u0259 deyib.<\/p>\n\n\n\n<p>O bildirib ki, Az\u0259rbaycan\u0131n ir\u0259li s\u00fcrd\u00fcy\u00fc t\u0259klifl\u0259r beyn\u0259lxalq t\u0259\u015fkilatlar v\u0259 xarici \u00f6lk\u0259l\u0259r t\u0259r\u0259find\u0259n d\u0259 d\u0259st\u0259kl\u0259nir:<\/p>\n\n\n\n<p><strong>\u201cT\u0259\u0259ss\u00fcfl\u0259r olsun ki, Erm\u0259nistan bu m\u0259s\u0259l\u0259d\u0259 m\u00fcst\u0259qil deyil. Nikol Pa\u015finyan dan\u0131\u015f\u0131qlar prosesind\u0259 m\u00fcxt\u0259lif m\u0259s\u0259l\u0259l\u0259rl\u0259 ba\u011fl\u0131 raz\u0131l\u0131q vers\u0259 d\u0259, sonradan qeyri-konstruktiv m\u00f6vqe s\u0259rgil\u0259yir.<\/strong><\/p>\n\n\n\n<p><strong>R\u0259smi \u0130r\u0259van faktiki olaraq, \u0259vv\u0259l s\u0259rgil\u0259diyi m\u00f6vqel\u0259r\u0259 geri \u00e7\u0259kilir. Bu da prosesin uzanma\u011f\u0131na s\u0259b\u0259b olur. G\u00f6r\u00fcn\u00fcr, Erm\u0259nistan\u0131 buna t\u0259hrik ed\u0259n g\u00fccl\u0259r var. \u018fslind\u0259, Rusiyan\u0131n Erm\u0259nistana t\u0259siri daha g\u00fccl\u00fcd\u00fcr. Biz bu prosesd\u0259 o n\u0259tic\u0259d\u0259yik ki, Rusiya da Erm\u0259nistan-Az\u0259rbaycan aras\u0131ndak\u0131 m\u00fcnasib\u0259tl\u0259rin tezlikl\u0259 normalla\u015fmas\u0131nda maraql\u0131 deyil.<\/strong><\/p>\n\n\n\n<p><strong>\u00c7\u00fcnki b\u00f6lg\u0259d\u0259 g\u0259rginlik qald\u0131qca, Rusiyan\u0131n m\u00f6vcudlu\u011fu da ehtiyac yaran\u0131r. Bu m\u0259nada, r\u0259smi Moskva prosesl\u0259ri uzatmaq siyas\u0259ti y\u00fcr\u00fcd\u00fcr. H\u0259tta b\u0259zi hallarda raz\u0131la\u015fmalar olmas\u0131na baxmayaraq, p\u0259rd\u0259 arxas\u0131ndan \u0130r\u0259vana t\u0259zyiq etm\u0259kl\u0259, el\u0259c\u0259 d\u0259 Pa\u015finyana m\u00fcxalif olan q\u00fcvv\u0259l\u0259ri idar\u0259 etm\u0259kl\u0259 prosesi \u0259ng\u0259ll\u0259m\u0259y\u0259 v\u0259 uzatma\u011fa \u00e7al\u0131\u015f\u0131r. Rusiya bu add\u0131mlar\u0131 il\u0259 \u00f6z\u00fcn\u00fcn b\u00f6lg\u0259d\u0259 daha uzun m\u00fcdd\u0259t qalmas\u0131na r\u0259vac verilm\u0259sini ist\u0259yir\u201d.<\/strong><\/p>\n\n\n\n<p>Partiya s\u0259dri diqq\u0259t\u0259 \u00e7atd\u0131r\u0131b ki, Erm\u0259nistan \u0259vv\u0259l-ax\u0131r Az\u0259rbaycan\u0131n ir\u0259li s\u00fcrd\u00fcy\u00fc t\u0259klifl\u0259ri q\u0259bul etm\u0259lidir:<\/p>\n\n\n\n<p><strong>\u201cBu t\u0259klifl\u0259r q\u0259bul edil\u0259c\u0259yi v\u0259 Erm\u0259nistan\u0131n konstruktiv m\u00f6vqe s\u0259rgil\u0259y\u0259c\u0259yi t\u0259qdird\u0259, t\u0259r\u0259fl\u0259r aras\u0131nda m\u00fcnaisb\u0259tl\u0259r normalla\u015fa bil\u0259r. Bununla da b\u00f6lg\u0259y\u0259 s\u00fclh v\u0259 sabitlik g\u0259l\u0259r. Eyni zamanda, kommunikasiya x\u0259tl\u0259ri a\u00e7\u0131la bil\u0259r. Bundan is\u0259 t\u0259kc\u0259 Az\u0259rbaycan deyil, el\u0259c\u0259 d\u0259 Erm\u0259nistan v\u0259 b\u00f6lg\u0259d\u0259 olan dig\u0259r d\u00f6vl\u0259tl\u0259r d\u0259 h\u0259m iqtisadi, h\u0259m d\u0259 siyasi dvidentl\u0259r \u0259ld\u0259 ed\u0259 bil\u0259rl\u0259r.&nbsp;<\/strong><\/p>\n\n\n\n<p><strong>\u0130st\u0259rdik ki, bu tezlikl\u0259 ba\u015f versin v\u0259 Erm\u0259nistan daha m\u00fcst\u0259qil siyas\u0259t y\u00fcr\u00fctm\u0259k imkanlar\u0131na malik olsun ki, t\u0259r\u0259fl\u0259r aras\u0131nda h\u0259m s\u00fclh m\u00fcqavil\u0259si imzalans\u0131n, h\u0259m d\u0259 normalla\u015fma m\u00fchiti formala\u015fs\u0131n. Bel\u0259likl\u0259, g\u0259l\u0259c\u0259kd\u0259 b\u00f6lg\u0259nin inki\u015faf\u0131 \u00fc\u00e7\u00fcn d\u0259st\u0259k verilmi\u015f olar\u201d.&nbsp;<\/strong><\/p>\n\n\n\n<p><strong>Elmir Mustafa<br><a href=\"https:\/\/cebheinfo.az\/siyaset\/rus-seddi-resmi-irevan-evvel-sergilediyi-movqelere-geri-cekilir\" target=\"_blank\" rel=\"noreferrer noopener\">Cebhe.info<\/a><\/strong><\/p>","protected":false},"excerpt":{"rendered":"<p>\u201cAz\u0259rbaycan\u0131n t\u0259klif kimi ir\u0259li s\u00fcrd\u00fcy\u00fc \u015f\u0259rtl\u0259r beyn\u0259lxalq h\u00fcququn norma v\u0259 prinsipl\u0259rin\u0259 \u0259saslan\u0131r. Erm\u0259nistan\u0131n bu prinsipl\u0259rd\u0259n k\u0259nara durmas\u0131 v\u0259 imtina etm\u0259si m\u00fcmk\u00fcn deyil\u201d. Bu fikirl\u0259ri\u00a0Cebhe.info-ya a\u00e7\u0131qlama ver\u0259n Az\u0259rbaycan Milli \u0130stiqlal Partiyas\u0131n\u0131n s\u0259dri Arzuxan \u018flizad\u0259 deyib. O bildirib ki, Az\u0259rbaycan\u0131n ir\u0259li s\u00fcrd\u00fcy\u00fc t\u0259klifl\u0259r beyn\u0259lxalq t\u0259\u015fkilatlar v\u0259 xarici \u00f6lk\u0259l\u0259r t\u0259r\u0259find\u0259n d\u0259 d\u0259st\u0259kl\u0259nir: \u201cT\u0259\u0259ss\u00fcfl\u0259r olsun ki, Erm\u0259nistan bu m\u0259s\u0259l\u0259d\u0259 m\u00fcst\u0259qil deyil. Nikol Pa\u015finyan dan\u0131\u015f\u0131qlar prosesind\u0259 m\u00fcxt\u0259lif m\u0259s\u0259l\u0259l\u0259rl\u0259 ba\u011fl\u0131 raz\u0131l\u0131q vers\u0259 d\u0259, sonradan qeyri-konstruktiv m\u00f6vqe s\u0259rgil\u0259yir. R\u0259smi \u0130r\u0259van faktiki olaraq, \u0259vv\u0259l s\u0259rgil\u0259diyi m\u00f6vqel\u0259r\u0259 geri \u00e7\u0259kilir. Bu da prosesin uzanma\u011f\u0131na [&hellip;]<\/p>","protected":false},"author":2,"featured_media":4119,"comment_status":"closed","ping_status":"closed","sticky":false,"template":"","format":"standard","meta":{"footnotes":""},"categories":[10],"tags":[],"class_list":["post-5818","post","type-post","status-publish","format-standard","has-post-thumbnail","hentry","category-kiv"],"yoast_head":"<!-- This site is optimized with the Yoast SEO plugin v23.8 - https:\/\/yoast.com\/wordpress\/plugins\/seo\/ -->\n<title>&quot;R\u0259smi \u0130r\u0259van \u0259vv\u0259l s\u0259rgil\u0259diyi m\u00f6vqel\u0259r\u0259 geri \u00e7\u0259kilir&quot; - Arzuxan \u018flizad\u0259 - Az\u0259rbaycan Milli \u0130stiqlal Partiyas\u0131<\/title>\n<meta name=\"robots\" content=\"index, follow, max-snippet:-1, max-image-preview:large, max-video-preview:-1\" \/>\n<link rel=\"canonical\" href=\"https:\/\/amip.az\/en\/2023\/05\/24\/r\u0259smi-ir\u0259van-\u0259vv\u0259l-s\u0259rgil\u0259diyi-movqel\u0259r\u0259-geri-c\u0259kilir-arzuxan-\u0259lizad\u0259\/\" \/>\n<meta property=\"og:locale\" content=\"en_US\" \/>\n<meta property=\"og:type\" content=\"article\" \/>\n<meta property=\"og:title\" content=\"&quot;R\u0259smi \u0130r\u0259van \u0259vv\u0259l s\u0259rgil\u0259diyi m\u00f6vqel\u0259r\u0259 geri \u00e7\u0259kilir&quot; - Arzuxan \u018flizad\u0259 - Az\u0259rbaycan Milli \u0130stiqlal Partiyas\u0131\" \/>\n<meta property=\"og:description\" content=\"\u201cAz\u0259rbaycan\u0131n t\u0259klif kimi ir\u0259li s\u00fcrd\u00fcy\u00fc \u015f\u0259rtl\u0259r beyn\u0259lxalq h\u00fcququn norma v\u0259 prinsipl\u0259rin\u0259 \u0259saslan\u0131r. Erm\u0259nistan\u0131n bu prinsipl\u0259rd\u0259n k\u0259nara durmas\u0131 v\u0259 imtina etm\u0259si m\u00fcmk\u00fcn deyil\u201d. Bu fikirl\u0259ri\u00a0Cebhe.info-ya a\u00e7\u0131qlama ver\u0259n Az\u0259rbaycan Milli \u0130stiqlal Partiyas\u0131n\u0131n s\u0259dri Arzuxan \u018flizad\u0259 deyib. O bildirib ki, Az\u0259rbaycan\u0131n ir\u0259li s\u00fcrd\u00fcy\u00fc t\u0259klifl\u0259r beyn\u0259lxalq t\u0259\u015fkilatlar v\u0259 xarici \u00f6lk\u0259l\u0259r t\u0259r\u0259find\u0259n d\u0259 d\u0259st\u0259kl\u0259nir: \u201cT\u0259\u0259ss\u00fcfl\u0259r olsun ki, Erm\u0259nistan bu m\u0259s\u0259l\u0259d\u0259 m\u00fcst\u0259qil deyil. Nikol Pa\u015finyan dan\u0131\u015f\u0131qlar prosesind\u0259 m\u00fcxt\u0259lif m\u0259s\u0259l\u0259l\u0259rl\u0259 ba\u011fl\u0131 raz\u0131l\u0131q vers\u0259 d\u0259, sonradan qeyri-konstruktiv m\u00f6vqe s\u0259rgil\u0259yir. R\u0259smi \u0130r\u0259van faktiki olaraq, \u0259vv\u0259l s\u0259rgil\u0259diyi m\u00f6vqel\u0259r\u0259 geri \u00e7\u0259kilir. Bu da prosesin uzanma\u011f\u0131na [&hellip;]\" \/>\n<meta property=\"og:url\" content=\"https:\/\/amip.az\/en\/2023\/05\/24\/r\u0259smi-ir\u0259van-\u0259vv\u0259l-s\u0259rgil\u0259diyi-movqel\u0259r\u0259-geri-c\u0259kilir-arzuxan-\u0259lizad\u0259\/\" \/>\n<meta property=\"og:site_name\" content=\"Az\u0259rbaycan Milli \u0130stiqlal Partiyas\u0131\" \/>\n<meta property=\"article:publisher\" content=\"https:\/\/www.facebook.com\/istiqlal91\" \/>\n<meta property=\"article:published_time\" content=\"2023-05-24T10:07:28+00:00\" \/>\n<meta property=\"article:modified_time\" content=\"2023-05-24T10:07:31+00:00\" \/>\n<meta property=\"og:image\" content=\"https:\/\/amip.az\/wp-content\/uploads\/2022\/06\/Arzuxan_Alizade_01.jpg\" \/>\n\t<meta property=\"og:image:width\" content=\"960\" \/>\n\t<meta property=\"og:image:height\" content=\"640\" \/>\n\t<meta property=\"og:image:type\" content=\"image\/jpeg\" \/>\n<meta name=\"author\" content=\"admin_amip\" \/>\n<meta name=\"twitter:card\" content=\"summary_large_image\" \/>\n<meta name=\"twitter:creator\" content=\"@APartiyas\" \/>\n<meta name=\"twitter:site\" content=\"@APartiyas\" \/>\n<meta name=\"twitter:label1\" content=\"Written by\" \/>\n\t<meta name=\"twitter:data1\" content=\"admin_amip\" \/>\n\t<meta name=\"twitter:label2\" content=\"Est. reading time\" \/>\n\t<meta name=\"twitter:data2\" content=\"3 minutes\" \/>\n<script type=\"application\/ld+json\" class=\"yoast-schema-graph\">{\"@context\":\"https:\/\/schema.org\",\"@graph\":[{\"@type\":\"Article\",\"@id\":\"https:\/\/amip.az\/2023\/05\/24\/r%c9%99smi-ir%c9%99van-%c9%99vv%c9%99l-s%c9%99rgil%c9%99diyi-movqel%c9%99r%c9%99-geri-c%c9%99kilir-arzuxan-%c9%99lizad%c9%99\/#article\",\"isPartOf\":{\"@id\":\"https:\/\/amip.az\/2023\/05\/24\/r%c9%99smi-ir%c9%99van-%c9%99vv%c9%99l-s%c9%99rgil%c9%99diyi-movqel%c9%99r%c9%99-geri-c%c9%99kilir-arzuxan-%c9%99lizad%c9%99\/\"},\"author\":{\"name\":\"admin_amip\",\"@id\":\"https:\/\/amip.az\/az\/#\/schema\/person\/a7055ff0b4631c41849ee16f8ff51da7\"},\"headline\":\"&#8220;R\u0259smi \u0130r\u0259van \u0259vv\u0259l s\u0259rgil\u0259diyi m\u00f6vqel\u0259r\u0259 geri \u00e7\u0259kilir&#8221; &#8211; Arzuxan \u018flizad\u0259\",\"datePublished\":\"2023-05-24T10:07:28+00:00\",\"dateModified\":\"2023-05-24T10:07:31+00:00\",\"mainEntityOfPage\":{\"@id\":\"https:\/\/amip.az\/2023\/05\/24\/r%c9%99smi-ir%c9%99van-%c9%99vv%c9%99l-s%c9%99rgil%c9%99diyi-movqel%c9%99r%c9%99-geri-c%c9%99kilir-arzuxan-%c9%99lizad%c9%99\/\"},\"wordCount\":535,\"publisher\":{\"@id\":\"https:\/\/amip.az\/az\/#organization\"},\"image\":{\"@id\":\"https:\/\/amip.az\/2023\/05\/24\/r%c9%99smi-ir%c9%99van-%c9%99vv%c9%99l-s%c9%99rgil%c9%99diyi-movqel%c9%99r%c9%99-geri-c%c9%99kilir-arzuxan-%c9%99lizad%c9%99\/#primaryimage\"},\"thumbnailUrl\":\"https:\/\/amip.az\/wp-content\/uploads\/2022\/06\/Arzuxan_Alizade_01.jpg\",\"articleSection\":[\"K\u0130V\"],\"inLanguage\":\"en-US\"},{\"@type\":\"WebPage\",\"@id\":\"https:\/\/amip.az\/2023\/05\/24\/r%c9%99smi-ir%c9%99van-%c9%99vv%c9%99l-s%c9%99rgil%c9%99diyi-movqel%c9%99r%c9%99-geri-c%c9%99kilir-arzuxan-%c9%99lizad%c9%99\/\",\"url\":\"https:\/\/amip.az\/2023\/05\/24\/r%c9%99smi-ir%c9%99van-%c9%99vv%c9%99l-s%c9%99rgil%c9%99diyi-movqel%c9%99r%c9%99-geri-c%c9%99kilir-arzuxan-%c9%99lizad%c9%99\/\",\"name\":\"\\\"R\u0259smi \u0130r\u0259van \u0259vv\u0259l s\u0259rgil\u0259diyi m\u00f6vqel\u0259r\u0259 geri \u00e7\u0259kilir\\\" - Arzuxan \u018flizad\u0259 - Az\u0259rbaycan Milli \u0130stiqlal Partiyas\u0131\",\"isPartOf\":{\"@id\":\"https:\/\/amip.az\/az\/#website\"},\"primaryImageOfPage\":{\"@id\":\"https:\/\/amip.az\/2023\/05\/24\/r%c9%99smi-ir%c9%99van-%c9%99vv%c9%99l-s%c9%99rgil%c9%99diyi-movqel%c9%99r%c9%99-geri-c%c9%99kilir-arzuxan-%c9%99lizad%c9%99\/#primaryimage\"},\"image\":{\"@id\":\"https:\/\/amip.az\/2023\/05\/24\/r%c9%99smi-ir%c9%99van-%c9%99vv%c9%99l-s%c9%99rgil%c9%99diyi-movqel%c9%99r%c9%99-geri-c%c9%99kilir-arzuxan-%c9%99lizad%c9%99\/#primaryimage\"},\"thumbnailUrl\":\"https:\/\/amip.az\/wp-content\/uploads\/2022\/06\/Arzuxan_Alizade_01.jpg\",\"datePublished\":\"2023-05-24T10:07:28+00:00\",\"dateModified\":\"2023-05-24T10:07:31+00:00\",\"breadcrumb\":{\"@id\":\"https:\/\/amip.az\/2023\/05\/24\/r%c9%99smi-ir%c9%99van-%c9%99vv%c9%99l-s%c9%99rgil%c9%99diyi-movqel%c9%99r%c9%99-geri-c%c9%99kilir-arzuxan-%c9%99lizad%c9%99\/#breadcrumb\"},\"inLanguage\":\"en-US\",\"potentialAction\":[{\"@type\":\"ReadAction\",\"target\":[\"https:\/\/amip.az\/2023\/05\/24\/r%c9%99smi-ir%c9%99van-%c9%99vv%c9%99l-s%c9%99rgil%c9%99diyi-movqel%c9%99r%c9%99-geri-c%c9%99kilir-arzuxan-%c9%99lizad%c9%99\/\"]}]},{\"@type\":\"ImageObject\",\"inLanguage\":\"en-US\",\"@id\":\"https:\/\/amip.az\/2023\/05\/24\/r%c9%99smi-ir%c9%99van-%c9%99vv%c9%99l-s%c9%99rgil%c9%99diyi-movqel%c9%99r%c9%99-geri-c%c9%99kilir-arzuxan-%c9%99lizad%c9%99\/#primaryimage\",\"url\":\"https:\/\/amip.az\/wp-content\/uploads\/2022\/06\/Arzuxan_Alizade_01.jpg\",\"contentUrl\":\"https:\/\/amip.az\/wp-content\/uploads\/2022\/06\/Arzuxan_Alizade_01.jpg\",\"width\":960,\"height\":640},{\"@type\":\"BreadcrumbList\",\"@id\":\"https:\/\/amip.az\/2023\/05\/24\/r%c9%99smi-ir%c9%99van-%c9%99vv%c9%99l-s%c9%99rgil%c9%99diyi-movqel%c9%99r%c9%99-geri-c%c9%99kilir-arzuxan-%c9%99lizad%c9%99\/#breadcrumb\",\"itemListElement\":[{\"@type\":\"ListItem\",\"position\":1,\"name\":\"Home\",\"item\":\"https:\/\/amip.az\/\"},{\"@type\":\"ListItem\",\"position\":2,\"name\":\"&#8220;R\u0259smi \u0130r\u0259van \u0259vv\u0259l s\u0259rgil\u0259diyi m\u00f6vqel\u0259r\u0259 geri \u00e7\u0259kilir&#8221; &#8211; Arzuxan \u018flizad\u0259\"}]},{\"@type\":\"WebSite\",\"@id\":\"https:\/\/amip.az\/az\/#website\",\"url\":\"https:\/\/amip.az\/az\/\",\"name\":\"Az\u0259rbaycan Milli \u0130stiqlal Partiyas\u0131\",\"description\":\"AM\u0130P\",\"publisher\":{\"@id\":\"https:\/\/amip.az\/az\/#organization\"},\"potentialAction\":[{\"@type\":\"SearchAction\",\"target\":{\"@type\":\"EntryPoint\",\"urlTemplate\":\"https:\/\/amip.az\/az\/?s={search_term_string}\"},\"query-input\":{\"@type\":\"PropertyValueSpecification\",\"valueRequired\":true,\"valueName\":\"search_term_string\"}}],\"inLanguage\":\"en-US\"},{\"@type\":\"Organization\",\"@id\":\"https:\/\/amip.az\/az\/#organization\",\"name\":\"Az\u0259rbaycan Milli \u0130stiqlal Partiyas\u0131\",\"url\":\"https:\/\/amip.az\/az\/\",\"logo\":{\"@type\":\"ImageObject\",\"inLanguage\":\"en-US\",\"@id\":\"https:\/\/amip.az\/az\/#\/schema\/logo\/image\/\",\"url\":\"https:\/\/amip.az\/wp-content\/uploads\/2023\/06\/amiplogo.png\",\"contentUrl\":\"https:\/\/amip.az\/wp-content\/uploads\/2023\/06\/amiplogo.png\",\"width\":723,\"height\":423,\"caption\":\"Az\u0259rbaycan Milli \u0130stiqlal Partiyas\u0131\"},\"image\":{\"@id\":\"https:\/\/amip.az\/az\/#\/schema\/logo\/image\/\"},\"sameAs\":[\"https:\/\/www.facebook.com\/istiqlal91\",\"https:\/\/x.com\/APartiyas\",\"https:\/\/www.youtube.com\/channel\/UCF3pc8spko_xON2sr4vUC5A\"]},{\"@type\":\"Person\",\"@id\":\"https:\/\/amip.az\/az\/#\/schema\/person\/a7055ff0b4631c41849ee16f8ff51da7\",\"name\":\"admin_amip\",\"image\":{\"@type\":\"ImageObject\",\"inLanguage\":\"en-US\",\"@id\":\"https:\/\/amip.az\/az\/#\/schema\/person\/image\/\",\"url\":\"https:\/\/secure.gravatar.com\/avatar\/6c3dc6902fd066c5a5d68c8f0038dcc56ec283faa7337f8e6b219cf7e7321d3f?s=96&d=mm&r=g\",\"contentUrl\":\"https:\/\/secure.gravatar.com\/avatar\/6c3dc6902fd066c5a5d68c8f0038dcc56ec283faa7337f8e6b219cf7e7321d3f?s=96&d=mm&r=g\",\"caption\":\"admin_amip\"},\"url\":\"https:\/\/amip.az\/en\/author\/admin_amip\/\"}]}<\/script>\n<!-- \/ Yoast SEO plugin. -->","yoast_head_json":{"title":"\"R\u0259smi \u0130r\u0259van \u0259vv\u0259l s\u0259rgil\u0259diyi m\u00f6vqel\u0259r\u0259 geri \u00e7\u0259kilir\" - Arzuxan \u018flizad\u0259 - Az\u0259rbaycan Milli \u0130stiqlal Partiyas\u0131","robots":{"index":"index","follow":"follow","max-snippet":"max-snippet:-1","max-image-preview":"max-image-preview:large","max-video-preview":"max-video-preview:-1"},"canonical":"https:\/\/amip.az\/en\/2023\/05\/24\/r\u0259smi-ir\u0259van-\u0259vv\u0259l-s\u0259rgil\u0259diyi-movqel\u0259r\u0259-geri-c\u0259kilir-arzuxan-\u0259lizad\u0259\/","og_locale":"en_US","og_type":"article","og_title":"\"R\u0259smi \u0130r\u0259van \u0259vv\u0259l s\u0259rgil\u0259diyi m\u00f6vqel\u0259r\u0259 geri \u00e7\u0259kilir\" - Arzuxan \u018flizad\u0259 - Az\u0259rbaycan Milli \u0130stiqlal Partiyas\u0131","og_description":"\u201cAz\u0259rbaycan\u0131n t\u0259klif kimi ir\u0259li s\u00fcrd\u00fcy\u00fc \u015f\u0259rtl\u0259r beyn\u0259lxalq h\u00fcququn norma v\u0259 prinsipl\u0259rin\u0259 \u0259saslan\u0131r. Erm\u0259nistan\u0131n bu prinsipl\u0259rd\u0259n k\u0259nara durmas\u0131 v\u0259 imtina etm\u0259si m\u00fcmk\u00fcn deyil\u201d. Bu fikirl\u0259ri\u00a0Cebhe.info-ya a\u00e7\u0131qlama ver\u0259n Az\u0259rbaycan Milli \u0130stiqlal Partiyas\u0131n\u0131n s\u0259dri Arzuxan \u018flizad\u0259 deyib. O bildirib ki, Az\u0259rbaycan\u0131n ir\u0259li s\u00fcrd\u00fcy\u00fc t\u0259klifl\u0259r beyn\u0259lxalq t\u0259\u015fkilatlar v\u0259 xarici \u00f6lk\u0259l\u0259r t\u0259r\u0259find\u0259n d\u0259 d\u0259st\u0259kl\u0259nir: \u201cT\u0259\u0259ss\u00fcfl\u0259r olsun ki, Erm\u0259nistan bu m\u0259s\u0259l\u0259d\u0259 m\u00fcst\u0259qil deyil. Nikol Pa\u015finyan dan\u0131\u015f\u0131qlar prosesind\u0259 m\u00fcxt\u0259lif m\u0259s\u0259l\u0259l\u0259rl\u0259 ba\u011fl\u0131 raz\u0131l\u0131q vers\u0259 d\u0259, sonradan qeyri-konstruktiv m\u00f6vqe s\u0259rgil\u0259yir. R\u0259smi \u0130r\u0259van faktiki olaraq, \u0259vv\u0259l s\u0259rgil\u0259diyi m\u00f6vqel\u0259r\u0259 geri \u00e7\u0259kilir. Bu da prosesin uzanma\u011f\u0131na [&hellip;]","og_url":"https:\/\/amip.az\/en\/2023\/05\/24\/r\u0259smi-ir\u0259van-\u0259vv\u0259l-s\u0259rgil\u0259diyi-movqel\u0259r\u0259-geri-c\u0259kilir-arzuxan-\u0259lizad\u0259\/","og_site_name":"Az\u0259rbaycan Milli \u0130stiqlal Partiyas\u0131","article_publisher":"https:\/\/www.facebook.com\/istiqlal91","article_published_time":"2023-05-24T10:07:28+00:00","article_modified_time":"2023-05-24T10:07:31+00:00","og_image":[{"width":960,"height":640,"url":"https:\/\/amip.az\/wp-content\/uploads\/2022\/06\/Arzuxan_Alizade_01.jpg","type":"image\/jpeg"}],"author":"admin_amip","twitter_card":"summary_large_image","twitter_creator":"@APartiyas","twitter_site":"@APartiyas","twitter_misc":{"Written by":"admin_amip","Est. reading time":"3 minutes"},"schema":{"@context":"https:\/\/schema.org","@graph":[{"@type":"Article","@id":"https:\/\/amip.az\/2023\/05\/24\/r%c9%99smi-ir%c9%99van-%c9%99vv%c9%99l-s%c9%99rgil%c9%99diyi-movqel%c9%99r%c9%99-geri-c%c9%99kilir-arzuxan-%c9%99lizad%c9%99\/#article","isPartOf":{"@id":"https:\/\/amip.az\/2023\/05\/24\/r%c9%99smi-ir%c9%99van-%c9%99vv%c9%99l-s%c9%99rgil%c9%99diyi-movqel%c9%99r%c9%99-geri-c%c9%99kilir-arzuxan-%c9%99lizad%c9%99\/"},"author":{"name":"admin_amip","@id":"https:\/\/amip.az\/az\/#\/schema\/person\/a7055ff0b4631c41849ee16f8ff51da7"},"headline":"&#8220;R\u0259smi \u0130r\u0259van \u0259vv\u0259l s\u0259rgil\u0259diyi m\u00f6vqel\u0259r\u0259 geri \u00e7\u0259kilir&#8221; &#8211; Arzuxan \u018flizad\u0259","datePublished":"2023-05-24T10:07:28+00:00","dateModified":"2023-05-24T10:07:31+00:00","mainEntityOfPage":{"@id":"https:\/\/amip.az\/2023\/05\/24\/r%c9%99smi-ir%c9%99van-%c9%99vv%c9%99l-s%c9%99rgil%c9%99diyi-movqel%c9%99r%c9%99-geri-c%c9%99kilir-arzuxan-%c9%99lizad%c9%99\/"},"wordCount":535,"publisher":{"@id":"https:\/\/amip.az\/az\/#organization"},"image":{"@id":"https:\/\/amip.az\/2023\/05\/24\/r%c9%99smi-ir%c9%99van-%c9%99vv%c9%99l-s%c9%99rgil%c9%99diyi-movqel%c9%99r%c9%99-geri-c%c9%99kilir-arzuxan-%c9%99lizad%c9%99\/#primaryimage"},"thumbnailUrl":"https:\/\/amip.az\/wp-content\/uploads\/2022\/06\/Arzuxan_Alizade_01.jpg","articleSection":["K\u0130V"],"inLanguage":"en-US"},{"@type":"WebPage","@id":"https:\/\/amip.az\/2023\/05\/24\/r%c9%99smi-ir%c9%99van-%c9%99vv%c9%99l-s%c9%99rgil%c9%99diyi-movqel%c9%99r%c9%99-geri-c%c9%99kilir-arzuxan-%c9%99lizad%c9%99\/","url":"https:\/\/amip.az\/2023\/05\/24\/r%c9%99smi-ir%c9%99van-%c9%99vv%c9%99l-s%c9%99rgil%c9%99diyi-movqel%c9%99r%c9%99-geri-c%c9%99kilir-arzuxan-%c9%99lizad%c9%99\/","name":"\"R\u0259smi \u0130r\u0259van \u0259vv\u0259l s\u0259rgil\u0259diyi m\u00f6vqel\u0259r\u0259 geri \u00e7\u0259kilir\" - Arzuxan \u018flizad\u0259 - Az\u0259rbaycan Milli \u0130stiqlal Partiyas\u0131","isPartOf":{"@id":"https:\/\/amip.az\/az\/#website"},"primaryImageOfPage":{"@id":"https:\/\/amip.az\/2023\/05\/24\/r%c9%99smi-ir%c9%99van-%c9%99vv%c9%99l-s%c9%99rgil%c9%99diyi-movqel%c9%99r%c9%99-geri-c%c9%99kilir-arzuxan-%c9%99lizad%c9%99\/#primaryimage"},"image":{"@id":"https:\/\/amip.az\/2023\/05\/24\/r%c9%99smi-ir%c9%99van-%c9%99vv%c9%99l-s%c9%99rgil%c9%99diyi-movqel%c9%99r%c9%99-geri-c%c9%99kilir-arzuxan-%c9%99lizad%c9%99\/#primaryimage"},"thumbnailUrl":"https:\/\/amip.az\/wp-content\/uploads\/2022\/06\/Arzuxan_Alizade_01.jpg","datePublished":"2023-05-24T10:07:28+00:00","dateModified":"2023-05-24T10:07:31+00:00","breadcrumb":{"@id":"https:\/\/amip.az\/2023\/05\/24\/r%c9%99smi-ir%c9%99van-%c9%99vv%c9%99l-s%c9%99rgil%c9%99diyi-movqel%c9%99r%c9%99-geri-c%c9%99kilir-arzuxan-%c9%99lizad%c9%99\/#breadcrumb"},"inLanguage":"en-US","potentialAction":[{"@type":"ReadAction","target":["https:\/\/amip.az\/2023\/05\/24\/r%c9%99smi-ir%c9%99van-%c9%99vv%c9%99l-s%c9%99rgil%c9%99diyi-movqel%c9%99r%c9%99-geri-c%c9%99kilir-arzuxan-%c9%99lizad%c9%99\/"]}]},{"@type":"ImageObject","inLanguage":"en-US","@id":"https:\/\/amip.az\/2023\/05\/24\/r%c9%99smi-ir%c9%99van-%c9%99vv%c9%99l-s%c9%99rgil%c9%99diyi-movqel%c9%99r%c9%99-geri-c%c9%99kilir-arzuxan-%c9%99lizad%c9%99\/#primaryimage","url":"https:\/\/amip.az\/wp-content\/uploads\/2022\/06\/Arzuxan_Alizade_01.jpg","contentUrl":"https:\/\/amip.az\/wp-content\/uploads\/2022\/06\/Arzuxan_Alizade_01.jpg","width":960,"height":640},{"@type":"BreadcrumbList","@id":"https:\/\/amip.az\/2023\/05\/24\/r%c9%99smi-ir%c9%99van-%c9%99vv%c9%99l-s%c9%99rgil%c9%99diyi-movqel%c9%99r%c9%99-geri-c%c9%99kilir-arzuxan-%c9%99lizad%c9%99\/#breadcrumb","itemListElement":[{"@type":"ListItem","position":1,"name":"Home","item":"https:\/\/amip.az\/"},{"@type":"ListItem","position":2,"name":"&#8220;R\u0259smi \u0130r\u0259van \u0259vv\u0259l s\u0259rgil\u0259diyi m\u00f6vqel\u0259r\u0259 geri \u00e7\u0259kilir&#8221; &#8211; Arzuxan \u018flizad\u0259"}]},{"@type":"WebSite","@id":"https:\/\/amip.az\/az\/#website","url":"https:\/\/amip.az\/az\/","name":"Az\u0259rbaycan Milli \u0130stiqlal Partiyas\u0131","description":"AM\u0130P","publisher":{"@id":"https:\/\/amip.az\/az\/#organization"},"potentialAction":[{"@type":"SearchAction","target":{"@type":"EntryPoint","urlTemplate":"https:\/\/amip.az\/az\/?s={search_term_string}"},"query-input":{"@type":"PropertyValueSpecification","valueRequired":true,"valueName":"search_term_string"}}],"inLanguage":"en-US"},{"@type":"Organization","@id":"https:\/\/amip.az\/az\/#organization","name":"Az\u0259rbaycan Milli \u0130stiqlal Partiyas\u0131","url":"https:\/\/amip.az\/az\/","logo":{"@type":"ImageObject","inLanguage":"en-US","@id":"https:\/\/amip.az\/az\/#\/schema\/logo\/image\/","url":"https:\/\/amip.az\/wp-content\/uploads\/2023\/06\/amiplogo.png","contentUrl":"https:\/\/amip.az\/wp-content\/uploads\/2023\/06\/amiplogo.png","width":723,"height":423,"caption":"Az\u0259rbaycan Milli \u0130stiqlal Partiyas\u0131"},"image":{"@id":"https:\/\/amip.az\/az\/#\/schema\/logo\/image\/"},"sameAs":["https:\/\/www.facebook.com\/istiqlal91","https:\/\/x.com\/APartiyas","https:\/\/www.youtube.com\/channel\/UCF3pc8spko_xON2sr4vUC5A"]},{"@type":"Person","@id":"https:\/\/amip.az\/az\/#\/schema\/person\/a7055ff0b4631c41849ee16f8ff51da7","name":"admin_amip","image":{"@type":"ImageObject","inLanguage":"en-US","@id":"https:\/\/amip.az\/az\/#\/schema\/person\/image\/","url":"https:\/\/secure.gravatar.com\/avatar\/6c3dc6902fd066c5a5d68c8f0038dcc56ec283faa7337f8e6b219cf7e7321d3f?s=96&d=mm&r=g","contentUrl":"https:\/\/secure.gravatar.com\/avatar\/6c3dc6902fd066c5a5d68c8f0038dcc56ec283faa7337f8e6b219cf7e7321d3f?s=96&d=mm&r=g","caption":"admin_amip"},"url":"https:\/\/amip.az\/en\/author\/admin_amip\/"}]}},"_links":{"self":[{"href":"https:\/\/amip.az\/en\/wp-json\/wp\/v2\/posts\/5818","targetHints":{"allow":["GET"]}}],"collection":[{"href":"https:\/\/amip.az\/en\/wp-json\/wp\/v2\/posts"}],"about":[{"href":"https:\/\/amip.az\/en\/wp-json\/wp\/v2\/types\/post"}],"author":[{"embeddable":true,"href":"https:\/\/amip.az\/en\/wp-json\/wp\/v2\/users\/2"}],"replies":[{"embeddable":true,"href":"https:\/\/amip.az\/en\/wp-json\/wp\/v2\/comments?post=5818"}],"version-history":[{"count":1,"href":"https:\/\/amip.az\/en\/wp-json\/wp\/v2\/posts\/5818\/revisions"}],"predecessor-version":[{"id":5819,"href":"https:\/\/amip.az\/en\/wp-json\/wp\/v2\/posts\/5818\/revisions\/5819"}],"wp:featuredmedia":[{"embeddable":true,"href":"https:\/\/amip.az\/en\/wp-json\/wp\/v2\/media\/4119"}],"wp:attachment":[{"href":"https:\/\/amip.az\/en\/wp-json\/wp\/v2\/media?parent=5818"}],"wp:term":[{"taxonomy":"category","embeddable":true,"href":"https:\/\/amip.az\/en\/wp-json\/wp\/v2\/categories?post=5818"},{"taxonomy":"post_tag","embeddable":true,"href":"https:\/\/amip.az\/en\/wp-json\/wp\/v2\/tags?post=5818"}],"curies":[{"name":"wp","href":"https:\/\/api.w.org\/{rel}","templated":true}]}}