{"id":9965,"date":"2026-02-07T09:57:50","date_gmt":"2026-02-07T05:57:50","guid":{"rendered":"https:\/\/amip.az\/?p=9965"},"modified":"2026-02-07T09:57:54","modified_gmt":"2026-02-07T05:57:54","slug":"hec-bir-cinay%c9%99t-zamanin-arxasinda-gizl%c9%99n%c9%99-bilm%c9%99z","status":"publish","type":"post","link":"https:\/\/amip.az\/en\/2026\/02\/07\/hec-bir-cinay%c9%99t-zamanin-arxasinda-gizl%c9%99n%c9%99-bilm%c9%99z\/","title":{"rendered":"He\u00e7 bir cinay\u0259t zaman\u0131n arxas\u0131nda gizl\u0259n\u0259 bilm\u0259z"},"content":{"rendered":"<p><strong>Az\u0259rbaycan\u0131n son ill\u0259rd\u0259 atd\u0131\u011f\u0131 add\u0131mlar t\u0259kc\u0259 h\u0259rbi v\u0259 siyasi q\u0259l\u0259b\u0259 il\u0259 m\u0259hdudla\u015fm\u0131r, eyni zamanda h\u00fcquqi v\u0259 m\u0259n\u0259vi \u0259dal\u0259tin b\u0259rpas\u0131na y\u00f6n\u0259lmi\u015f ard\u0131c\u0131l bir prosesi \u0259hat\u0259 edir. M\u00fcnaqi\u015f\u0259d\u0259n sonrak\u0131 d\u00f6vrd\u0259 regionda formala\u015fan yeni reall\u0131qlar fonunda m\u00fcharib\u0259 cinay\u0259tl\u0259rin\u0259 h\u00fcquqi qiym\u0259t verilm\u0259si v\u0259 m\u0259sul \u015f\u0259xsl\u0259rin cavabdehliy\u0259 c\u0259lb olunmas\u0131 m\u0259s\u0259l\u0259si \u0259sas g\u00fcnd\u0259m m\u00f6vzular\u0131ndan birin\u0259 \u00e7evrilib. Bu proses yaln\u0131z ke\u00e7mi\u015fin hesab\u0131n\u0131n sorulmas\u0131 deyil, h\u0259m d\u0259 g\u0259l\u0259c\u0259y\u0259 \u00fcnvanlanan a\u00e7\u0131q mesajd\u0131r.<\/strong><\/p>\n\n\n\n<p>T\u00f6r\u0259dil\u0259n he\u00e7 bir cinay\u0259t zaman\u0131n arxas\u0131nda gizl\u0259n\u0259 bilm\u0259z.<\/p>\n\n\n\n<p>Eyni il\u0259 \u00f6lk\u0259 r\u0259hb\u0259rimiz C\u0259nab \u0130lham \u018fliyevin \u201che\u00e7 bir cinay\u0259t c\u0259zas\u0131z qalmayacaq\u201d fikrind\u0259 ifad\u0259 olundu\u011fu kimi.<\/p>\n\n\n\n<p>Moderator.az\u00a0m\u00f6vzu il\u0259 ba\u011fl\u0131 m\u00f6vcud v\u0259ziyy\u0259ti v\u0259 apar\u0131lan m\u0259hk\u0259m\u0259 prosesl\u0259rinin mahiyy\u0259tini <strong>Milli M\u0259clisin deputat\u0131 Arzuxan \u018flizad\u0259<\/strong> il\u0259 m\u00fczakir\u0259 edib.<\/p>\n\n\n\n<p><strong>Deputat bildirib ki, bu istiqam\u0259td\u0259 at\u0131lan add\u0131mlar beyn\u0259lxalq h\u00fcquqa \u0259saslan\u0131r v\u0259 Az\u0259rbaycan\u0131n prinsipial m\u00f6vqeyinin bariz n\u00fcmun\u0259sidir:<\/strong><\/p>\n\n\n\n<p>\u201cAz\u0259rbaycan 30 il\u0259 yax\u0131n m\u00fcdd\u0259t \u0259rzind\u0259 i\u015f\u011fal alt\u0131nda qalan torpaqlar\u0131n\u0131 azad etm\u0259kl\u0259 h\u0259m suverenliyini, h\u0259m d\u0259 \u0259razi b\u00fct\u00f6vl\u00fcy\u00fcn\u00fc b\u0259rpa etdi.<\/p>\n\n\n\n<p>&nbsp;Bununla da regionda tamamil\u0259 yeni reall\u0131qlar formala\u015fd\u0131. Vaxtil\u0259 Az\u0259rbaycana t\u0259zyiq g\u00f6st\u0259r\u0259n v\u0259 reall\u0131qla bar\u0131\u015fma\u011fa \u00e7a\u011f\u0131ran bir s\u0131ra q\u00fcvv\u0259l\u0259r bu g\u00fcn Az\u0259rbaycan\u0131n \u00f6z g\u00fcc\u00fc il\u0259 yaratd\u0131\u011f\u0131 reall\u0131qlar\u0131 q\u0259bul etm\u0259k m\u0259cburiyy\u0259tind\u0259 qal\u0131blar.<\/p>\n\n\n\n<p>Otuz il \u0259rzind\u0259 Az\u0259rbaycan d\u00f6vl\u0259tin\u0259 v\u0259 xalq\u0131na qar\u015f\u0131 a\u011f\u0131r t\u0259cav\u00fczl\u0259r v\u0259 cinay\u0259tl\u0259r t\u00f6r\u0259dilib. Torpaqlar\u0131m\u0131z\u0131n i\u015f\u011fal\u0131 il\u0259 yana\u015f\u0131, h\u0259min \u0259razil\u0259r yerl\u0259-yeksan edilib, bir milyona yax\u0131n qa\u00e7q\u0131n v\u0259 m\u0259cburi k\u00f6\u00e7k\u00fcn problemi yaran\u0131b. \u0130nsanl\u0131q \u0259leyhin\u0259 cinay\u0259tl\u0259r, Xocal\u0131 v\u0259 dig\u0259r b\u00f6lg\u0259l\u0259rd\u0259 soyq\u0131r\u0131mlar\u0131 ba\u015f verib. Az\u0259rbaycan 30 ild\u0259n sonra tarixi v\u0259 ilahi \u0259dal\u0259ti b\u0259rpa etm\u0259kl\u0259 yana\u015f\u0131, bu cinay\u0259tl\u0259ri t\u00f6r\u0259d\u0259n v\u0259 onlara \u015f\u0259rait yaradan \u015f\u0259xsl\u0259ri d\u0259 m\u0259suliyy\u0259t\u0259 c\u0259lb edib. T\u0259\u0259ss\u00fcf ki, onlar\u0131n ham\u0131s\u0131 h\u0259l\u0259 m\u0259suliyy\u0259t\u0259 c\u0259lb olunmay\u0131b, lakin bu prosesl\u0259r\u0259 r\u0259hb\u0259rlik ed\u0259nl\u0259rin \u0259h\u0259miyy\u0259tli bir hiss\u0259si art\u0131q h\u0259bs olunub v\u0259 bu g\u00fcn Az\u0259rbaycan m\u0259hk\u0259m\u0259l\u0259ri qar\u015f\u0131s\u0131nda cavab verirl\u0259r&#8221;.<\/p>\n\n\n\n<p><strong>Mill\u0259t v\u0259kili \u0259lav\u0259 olaraq qeyd edib ki, buna baxmayaraq, bu g\u00fcn d\u0259 Az\u0259rbaycana qar\u015f\u0131 \u0259dal\u0259tsiz m\u00f6vqel\u0259rin \u015fahidi olunmaqdad\u0131r:<\/strong><\/p>\n\n\n\n<p>\u201cAvropa Parlamenti v\u0259 b\u0259zi dig\u0259r qurumlar m\u00fcharib\u0259 cinay\u0259tl\u0259ri t\u00f6r\u0259tmi\u015f, bu cinay\u0259tl\u0259ri m\u0259hk\u0259m\u0259l\u0259rd\u0259 v\u0259 istintaq zaman\u0131 etiraf etmi\u015f h\u0259rbi cinay\u0259tkarlar\u0131n azadl\u0131\u011fa burax\u0131lmas\u0131, onlar\u0131n siyasi m\u0259hbus kimi t\u0259qdim edilm\u0259si istiqam\u0259tind\u0259, dem\u0259k olar ki, yar\u0131\u015fa giribl\u0259r. Lakin b\u00fct\u00fcn bunlara baxmayaraq, Az\u0259rbaycan \u00f6z g\u00fcc\u00fc il\u0259 reall\u0131qlar\u0131 d\u0259yi\u015fdiyi kimi, bu g\u00fcn d\u0259 h\u0259min cinay\u0259tkarlar m\u00fchakim\u0259 olunur v\u0259 sona q\u0259d\u0259r layiq olduqlar\u0131 c\u0259zan\u0131 alacaqlar.<\/p>\n\n\n\n<p>Prezident \u0130lham \u018fliyevin ill\u0259r \u0259vv\u0259l s\u0259sl\u0259ndirdiyi \u201che\u00e7 bir cinay\u0259t c\u0259zas\u0131z qalmayacaq\u201d fikri bu g\u00fcn h\u0259yata ke\u00e7iril\u0259n m\u0259hk\u0259m\u0259 prosesl\u0259rind\u0259 art\u0131q \u00f6z t\u0259sdiqini tap\u0131r. Az\u0259rbaycan g\u0259l\u0259c\u0259kd\u0259 d\u0259 \u00f6lk\u0259miz\u0259 v\u0259 xalq\u0131m\u0131za qar\u015f\u0131 cinay\u0259tl\u0259r t\u00f6r\u0259tmi\u015f, haz\u0131rda azadl\u0131qda olan \u015f\u0259xsl\u0259rin d\u0259 \u0259dal\u0259t qar\u015f\u0131s\u0131nda cavab verm\u0259si \u00fc\u00e7\u00fcn israrl\u0131 add\u0131mlar atacaq&#8221;.<\/p>","protected":false},"excerpt":{"rendered":"<p>Az\u0259rbaycan\u0131n son ill\u0259rd\u0259 atd\u0131\u011f\u0131 add\u0131mlar t\u0259kc\u0259 h\u0259rbi v\u0259 siyasi q\u0259l\u0259b\u0259 il\u0259 m\u0259hdudla\u015fm\u0131r, eyni zamanda h\u00fcquqi v\u0259 m\u0259n\u0259vi \u0259dal\u0259tin b\u0259rpas\u0131na y\u00f6n\u0259lmi\u015f ard\u0131c\u0131l bir prosesi \u0259hat\u0259 edir. M\u00fcnaqi\u015f\u0259d\u0259n sonrak\u0131 d\u00f6vrd\u0259 regionda formala\u015fan yeni reall\u0131qlar fonunda m\u00fcharib\u0259 cinay\u0259tl\u0259rin\u0259 h\u00fcquqi qiym\u0259t verilm\u0259si v\u0259 m\u0259sul \u015f\u0259xsl\u0259rin cavabdehliy\u0259 c\u0259lb olunmas\u0131 m\u0259s\u0259l\u0259si \u0259sas g\u00fcnd\u0259m m\u00f6vzular\u0131ndan birin\u0259 \u00e7evrilib. Bu proses yaln\u0131z ke\u00e7mi\u015fin hesab\u0131n\u0131n sorulmas\u0131 deyil, h\u0259m d\u0259 g\u0259l\u0259c\u0259y\u0259 \u00fcnvanlanan a\u00e7\u0131q mesajd\u0131r. T\u00f6r\u0259dil\u0259n he\u00e7 bir cinay\u0259t zaman\u0131n arxas\u0131nda gizl\u0259n\u0259 bilm\u0259z. Eyni il\u0259 \u00f6lk\u0259 r\u0259hb\u0259rimiz C\u0259nab \u0130lham \u018fliyevin \u201che\u00e7 bir cinay\u0259t c\u0259zas\u0131z qalmayacaq\u201d fikrind\u0259 [&hellip;]<\/p>","protected":false},"author":2,"featured_media":7794,"comment_status":"closed","ping_status":"open","sticky":false,"template":"","format":"standard","meta":{"footnotes":""},"categories":[10],"tags":[],"class_list":["post-9965","post","type-post","status-publish","format-standard","has-post-thumbnail","hentry","category-kiv"],"yoast_head":"<!-- This site is optimized with the Yoast SEO plugin v23.8 - https:\/\/yoast.com\/wordpress\/plugins\/seo\/ -->\n<title>He\u00e7 bir cinay\u0259t zaman\u0131n arxas\u0131nda gizl\u0259n\u0259 bilm\u0259z - Az\u0259rbaycan Milli \u0130stiqlal Partiyas\u0131<\/title>\n<meta name=\"robots\" content=\"index, follow, max-snippet:-1, max-image-preview:large, max-video-preview:-1\" \/>\n<link rel=\"canonical\" href=\"https:\/\/amip.az\/en\/2026\/02\/07\/hec-bir-cinay\u0259t-zamanin-arxasinda-gizl\u0259n\u0259-bilm\u0259z\/\" \/>\n<meta property=\"og:locale\" content=\"en_US\" \/>\n<meta property=\"og:type\" content=\"article\" \/>\n<meta property=\"og:title\" content=\"He\u00e7 bir cinay\u0259t zaman\u0131n arxas\u0131nda gizl\u0259n\u0259 bilm\u0259z - Az\u0259rbaycan Milli \u0130stiqlal Partiyas\u0131\" \/>\n<meta property=\"og:description\" content=\"Az\u0259rbaycan\u0131n son ill\u0259rd\u0259 atd\u0131\u011f\u0131 add\u0131mlar t\u0259kc\u0259 h\u0259rbi v\u0259 siyasi q\u0259l\u0259b\u0259 il\u0259 m\u0259hdudla\u015fm\u0131r, eyni zamanda h\u00fcquqi v\u0259 m\u0259n\u0259vi \u0259dal\u0259tin b\u0259rpas\u0131na y\u00f6n\u0259lmi\u015f ard\u0131c\u0131l bir prosesi \u0259hat\u0259 edir. M\u00fcnaqi\u015f\u0259d\u0259n sonrak\u0131 d\u00f6vrd\u0259 regionda formala\u015fan yeni reall\u0131qlar fonunda m\u00fcharib\u0259 cinay\u0259tl\u0259rin\u0259 h\u00fcquqi qiym\u0259t verilm\u0259si v\u0259 m\u0259sul \u015f\u0259xsl\u0259rin cavabdehliy\u0259 c\u0259lb olunmas\u0131 m\u0259s\u0259l\u0259si \u0259sas g\u00fcnd\u0259m m\u00f6vzular\u0131ndan birin\u0259 \u00e7evrilib. Bu proses yaln\u0131z ke\u00e7mi\u015fin hesab\u0131n\u0131n sorulmas\u0131 deyil, h\u0259m d\u0259 g\u0259l\u0259c\u0259y\u0259 \u00fcnvanlanan a\u00e7\u0131q mesajd\u0131r. T\u00f6r\u0259dil\u0259n he\u00e7 bir cinay\u0259t zaman\u0131n arxas\u0131nda gizl\u0259n\u0259 bilm\u0259z. Eyni il\u0259 \u00f6lk\u0259 r\u0259hb\u0259rimiz C\u0259nab \u0130lham \u018fliyevin \u201che\u00e7 bir cinay\u0259t c\u0259zas\u0131z qalmayacaq\u201d fikrind\u0259 [&hellip;]\" \/>\n<meta property=\"og:url\" content=\"https:\/\/amip.az\/en\/2026\/02\/07\/hec-bir-cinay\u0259t-zamanin-arxasinda-gizl\u0259n\u0259-bilm\u0259z\/\" \/>\n<meta property=\"og:site_name\" content=\"Az\u0259rbaycan Milli \u0130stiqlal Partiyas\u0131\" \/>\n<meta property=\"article:publisher\" content=\"https:\/\/www.facebook.com\/istiqlal91\" \/>\n<meta property=\"article:published_time\" content=\"2026-02-07T05:57:50+00:00\" \/>\n<meta property=\"article:modified_time\" content=\"2026-02-07T05:57:54+00:00\" \/>\n<meta property=\"og:image\" content=\"https:\/\/amip.az\/wp-content\/uploads\/2025\/02\/arzuxan.jpg\" \/>\n\t<meta property=\"og:image:width\" content=\"1200\" \/>\n\t<meta property=\"og:image:height\" content=\"800\" \/>\n\t<meta property=\"og:image:type\" content=\"image\/jpeg\" \/>\n<meta name=\"author\" content=\"admin_amip\" \/>\n<meta name=\"twitter:card\" content=\"summary_large_image\" \/>\n<meta name=\"twitter:creator\" content=\"@APartiyas\" \/>\n<meta name=\"twitter:site\" content=\"@APartiyas\" \/>\n<meta name=\"twitter:label1\" content=\"Written by\" \/>\n\t<meta name=\"twitter:data1\" content=\"admin_amip\" \/>\n\t<meta name=\"twitter:label2\" content=\"Est. reading time\" \/>\n\t<meta name=\"twitter:data2\" content=\"3 minutes\" \/>\n<script type=\"application\/ld+json\" class=\"yoast-schema-graph\">{\"@context\":\"https:\/\/schema.org\",\"@graph\":[{\"@type\":\"Article\",\"@id\":\"https:\/\/amip.az\/2026\/02\/07\/hec-bir-cinay%c9%99t-zamanin-arxasinda-gizl%c9%99n%c9%99-bilm%c9%99z\/#article\",\"isPartOf\":{\"@id\":\"https:\/\/amip.az\/2026\/02\/07\/hec-bir-cinay%c9%99t-zamanin-arxasinda-gizl%c9%99n%c9%99-bilm%c9%99z\/\"},\"author\":{\"name\":\"admin_amip\",\"@id\":\"https:\/\/amip.az\/az\/#\/schema\/person\/a7055ff0b4631c41849ee16f8ff51da7\"},\"headline\":\"He\u00e7 bir cinay\u0259t zaman\u0131n arxas\u0131nda gizl\u0259n\u0259 bilm\u0259z\",\"datePublished\":\"2026-02-07T05:57:50+00:00\",\"dateModified\":\"2026-02-07T05:57:54+00:00\",\"mainEntityOfPage\":{\"@id\":\"https:\/\/amip.az\/2026\/02\/07\/hec-bir-cinay%c9%99t-zamanin-arxasinda-gizl%c9%99n%c9%99-bilm%c9%99z\/\"},\"wordCount\":687,\"publisher\":{\"@id\":\"https:\/\/amip.az\/az\/#organization\"},\"image\":{\"@id\":\"https:\/\/amip.az\/2026\/02\/07\/hec-bir-cinay%c9%99t-zamanin-arxasinda-gizl%c9%99n%c9%99-bilm%c9%99z\/#primaryimage\"},\"thumbnailUrl\":\"https:\/\/amip.az\/wp-content\/uploads\/2025\/02\/arzuxan.jpg\",\"articleSection\":[\"K\u0130V\"],\"inLanguage\":\"en-US\"},{\"@type\":\"WebPage\",\"@id\":\"https:\/\/amip.az\/2026\/02\/07\/hec-bir-cinay%c9%99t-zamanin-arxasinda-gizl%c9%99n%c9%99-bilm%c9%99z\/\",\"url\":\"https:\/\/amip.az\/2026\/02\/07\/hec-bir-cinay%c9%99t-zamanin-arxasinda-gizl%c9%99n%c9%99-bilm%c9%99z\/\",\"name\":\"He\u00e7 bir cinay\u0259t zaman\u0131n arxas\u0131nda gizl\u0259n\u0259 bilm\u0259z - Az\u0259rbaycan Milli \u0130stiqlal Partiyas\u0131\",\"isPartOf\":{\"@id\":\"https:\/\/amip.az\/az\/#website\"},\"primaryImageOfPage\":{\"@id\":\"https:\/\/amip.az\/2026\/02\/07\/hec-bir-cinay%c9%99t-zamanin-arxasinda-gizl%c9%99n%c9%99-bilm%c9%99z\/#primaryimage\"},\"image\":{\"@id\":\"https:\/\/amip.az\/2026\/02\/07\/hec-bir-cinay%c9%99t-zamanin-arxasinda-gizl%c9%99n%c9%99-bilm%c9%99z\/#primaryimage\"},\"thumbnailUrl\":\"https:\/\/amip.az\/wp-content\/uploads\/2025\/02\/arzuxan.jpg\",\"datePublished\":\"2026-02-07T05:57:50+00:00\",\"dateModified\":\"2026-02-07T05:57:54+00:00\",\"breadcrumb\":{\"@id\":\"https:\/\/amip.az\/2026\/02\/07\/hec-bir-cinay%c9%99t-zamanin-arxasinda-gizl%c9%99n%c9%99-bilm%c9%99z\/#breadcrumb\"},\"inLanguage\":\"en-US\",\"potentialAction\":[{\"@type\":\"ReadAction\",\"target\":[\"https:\/\/amip.az\/2026\/02\/07\/hec-bir-cinay%c9%99t-zamanin-arxasinda-gizl%c9%99n%c9%99-bilm%c9%99z\/\"]}]},{\"@type\":\"ImageObject\",\"inLanguage\":\"en-US\",\"@id\":\"https:\/\/amip.az\/2026\/02\/07\/hec-bir-cinay%c9%99t-zamanin-arxasinda-gizl%c9%99n%c9%99-bilm%c9%99z\/#primaryimage\",\"url\":\"https:\/\/amip.az\/wp-content\/uploads\/2025\/02\/arzuxan.jpg\",\"contentUrl\":\"https:\/\/amip.az\/wp-content\/uploads\/2025\/02\/arzuxan.jpg\",\"width\":1200,\"height\":800},{\"@type\":\"BreadcrumbList\",\"@id\":\"https:\/\/amip.az\/2026\/02\/07\/hec-bir-cinay%c9%99t-zamanin-arxasinda-gizl%c9%99n%c9%99-bilm%c9%99z\/#breadcrumb\",\"itemListElement\":[{\"@type\":\"ListItem\",\"position\":1,\"name\":\"Home\",\"item\":\"https:\/\/amip.az\/\"},{\"@type\":\"ListItem\",\"position\":2,\"name\":\"He\u00e7 bir cinay\u0259t zaman\u0131n arxas\u0131nda gizl\u0259n\u0259 bilm\u0259z\"}]},{\"@type\":\"WebSite\",\"@id\":\"https:\/\/amip.az\/az\/#website\",\"url\":\"https:\/\/amip.az\/az\/\",\"name\":\"Az\u0259rbaycan Milli \u0130stiqlal Partiyas\u0131\",\"description\":\"AM\u0130P\",\"publisher\":{\"@id\":\"https:\/\/amip.az\/az\/#organization\"},\"potentialAction\":[{\"@type\":\"SearchAction\",\"target\":{\"@type\":\"EntryPoint\",\"urlTemplate\":\"https:\/\/amip.az\/az\/?s={search_term_string}\"},\"query-input\":{\"@type\":\"PropertyValueSpecification\",\"valueRequired\":true,\"valueName\":\"search_term_string\"}}],\"inLanguage\":\"en-US\"},{\"@type\":\"Organization\",\"@id\":\"https:\/\/amip.az\/az\/#organization\",\"name\":\"Az\u0259rbaycan Milli \u0130stiqlal Partiyas\u0131\",\"url\":\"https:\/\/amip.az\/az\/\",\"logo\":{\"@type\":\"ImageObject\",\"inLanguage\":\"en-US\",\"@id\":\"https:\/\/amip.az\/az\/#\/schema\/logo\/image\/\",\"url\":\"https:\/\/amip.az\/wp-content\/uploads\/2023\/06\/amiplogo.png\",\"contentUrl\":\"https:\/\/amip.az\/wp-content\/uploads\/2023\/06\/amiplogo.png\",\"width\":723,\"height\":423,\"caption\":\"Az\u0259rbaycan Milli \u0130stiqlal Partiyas\u0131\"},\"image\":{\"@id\":\"https:\/\/amip.az\/az\/#\/schema\/logo\/image\/\"},\"sameAs\":[\"https:\/\/www.facebook.com\/istiqlal91\",\"https:\/\/x.com\/APartiyas\",\"https:\/\/www.youtube.com\/channel\/UCF3pc8spko_xON2sr4vUC5A\"]},{\"@type\":\"Person\",\"@id\":\"https:\/\/amip.az\/az\/#\/schema\/person\/a7055ff0b4631c41849ee16f8ff51da7\",\"name\":\"admin_amip\",\"image\":{\"@type\":\"ImageObject\",\"inLanguage\":\"en-US\",\"@id\":\"https:\/\/amip.az\/az\/#\/schema\/person\/image\/\",\"url\":\"https:\/\/secure.gravatar.com\/avatar\/6c3dc6902fd066c5a5d68c8f0038dcc56ec283faa7337f8e6b219cf7e7321d3f?s=96&d=mm&r=g\",\"contentUrl\":\"https:\/\/secure.gravatar.com\/avatar\/6c3dc6902fd066c5a5d68c8f0038dcc56ec283faa7337f8e6b219cf7e7321d3f?s=96&d=mm&r=g\",\"caption\":\"admin_amip\"},\"url\":\"https:\/\/amip.az\/en\/author\/admin_amip\/\"}]}<\/script>\n<!-- \/ Yoast SEO plugin. -->","yoast_head_json":{"title":"He\u00e7 bir cinay\u0259t zaman\u0131n arxas\u0131nda gizl\u0259n\u0259 bilm\u0259z - Az\u0259rbaycan Milli \u0130stiqlal Partiyas\u0131","robots":{"index":"index","follow":"follow","max-snippet":"max-snippet:-1","max-image-preview":"max-image-preview:large","max-video-preview":"max-video-preview:-1"},"canonical":"https:\/\/amip.az\/en\/2026\/02\/07\/hec-bir-cinay\u0259t-zamanin-arxasinda-gizl\u0259n\u0259-bilm\u0259z\/","og_locale":"en_US","og_type":"article","og_title":"He\u00e7 bir cinay\u0259t zaman\u0131n arxas\u0131nda gizl\u0259n\u0259 bilm\u0259z - Az\u0259rbaycan Milli \u0130stiqlal Partiyas\u0131","og_description":"Az\u0259rbaycan\u0131n son ill\u0259rd\u0259 atd\u0131\u011f\u0131 add\u0131mlar t\u0259kc\u0259 h\u0259rbi v\u0259 siyasi q\u0259l\u0259b\u0259 il\u0259 m\u0259hdudla\u015fm\u0131r, eyni zamanda h\u00fcquqi v\u0259 m\u0259n\u0259vi \u0259dal\u0259tin b\u0259rpas\u0131na y\u00f6n\u0259lmi\u015f ard\u0131c\u0131l bir prosesi \u0259hat\u0259 edir. M\u00fcnaqi\u015f\u0259d\u0259n sonrak\u0131 d\u00f6vrd\u0259 regionda formala\u015fan yeni reall\u0131qlar fonunda m\u00fcharib\u0259 cinay\u0259tl\u0259rin\u0259 h\u00fcquqi qiym\u0259t verilm\u0259si v\u0259 m\u0259sul \u015f\u0259xsl\u0259rin cavabdehliy\u0259 c\u0259lb olunmas\u0131 m\u0259s\u0259l\u0259si \u0259sas g\u00fcnd\u0259m m\u00f6vzular\u0131ndan birin\u0259 \u00e7evrilib. Bu proses yaln\u0131z ke\u00e7mi\u015fin hesab\u0131n\u0131n sorulmas\u0131 deyil, h\u0259m d\u0259 g\u0259l\u0259c\u0259y\u0259 \u00fcnvanlanan a\u00e7\u0131q mesajd\u0131r. T\u00f6r\u0259dil\u0259n he\u00e7 bir cinay\u0259t zaman\u0131n arxas\u0131nda gizl\u0259n\u0259 bilm\u0259z. Eyni il\u0259 \u00f6lk\u0259 r\u0259hb\u0259rimiz C\u0259nab \u0130lham \u018fliyevin \u201che\u00e7 bir cinay\u0259t c\u0259zas\u0131z qalmayacaq\u201d fikrind\u0259 [&hellip;]","og_url":"https:\/\/amip.az\/en\/2026\/02\/07\/hec-bir-cinay\u0259t-zamanin-arxasinda-gizl\u0259n\u0259-bilm\u0259z\/","og_site_name":"Az\u0259rbaycan Milli \u0130stiqlal Partiyas\u0131","article_publisher":"https:\/\/www.facebook.com\/istiqlal91","article_published_time":"2026-02-07T05:57:50+00:00","article_modified_time":"2026-02-07T05:57:54+00:00","og_image":[{"width":1200,"height":800,"url":"https:\/\/amip.az\/wp-content\/uploads\/2025\/02\/arzuxan.jpg","type":"image\/jpeg"}],"author":"admin_amip","twitter_card":"summary_large_image","twitter_creator":"@APartiyas","twitter_site":"@APartiyas","twitter_misc":{"Written by":"admin_amip","Est. reading time":"3 minutes"},"schema":{"@context":"https:\/\/schema.org","@graph":[{"@type":"Article","@id":"https:\/\/amip.az\/2026\/02\/07\/hec-bir-cinay%c9%99t-zamanin-arxasinda-gizl%c9%99n%c9%99-bilm%c9%99z\/#article","isPartOf":{"@id":"https:\/\/amip.az\/2026\/02\/07\/hec-bir-cinay%c9%99t-zamanin-arxasinda-gizl%c9%99n%c9%99-bilm%c9%99z\/"},"author":{"name":"admin_amip","@id":"https:\/\/amip.az\/az\/#\/schema\/person\/a7055ff0b4631c41849ee16f8ff51da7"},"headline":"He\u00e7 bir cinay\u0259t zaman\u0131n arxas\u0131nda gizl\u0259n\u0259 bilm\u0259z","datePublished":"2026-02-07T05:57:50+00:00","dateModified":"2026-02-07T05:57:54+00:00","mainEntityOfPage":{"@id":"https:\/\/amip.az\/2026\/02\/07\/hec-bir-cinay%c9%99t-zamanin-arxasinda-gizl%c9%99n%c9%99-bilm%c9%99z\/"},"wordCount":687,"publisher":{"@id":"https:\/\/amip.az\/az\/#organization"},"image":{"@id":"https:\/\/amip.az\/2026\/02\/07\/hec-bir-cinay%c9%99t-zamanin-arxasinda-gizl%c9%99n%c9%99-bilm%c9%99z\/#primaryimage"},"thumbnailUrl":"https:\/\/amip.az\/wp-content\/uploads\/2025\/02\/arzuxan.jpg","articleSection":["K\u0130V"],"inLanguage":"en-US"},{"@type":"WebPage","@id":"https:\/\/amip.az\/2026\/02\/07\/hec-bir-cinay%c9%99t-zamanin-arxasinda-gizl%c9%99n%c9%99-bilm%c9%99z\/","url":"https:\/\/amip.az\/2026\/02\/07\/hec-bir-cinay%c9%99t-zamanin-arxasinda-gizl%c9%99n%c9%99-bilm%c9%99z\/","name":"He\u00e7 bir cinay\u0259t zaman\u0131n arxas\u0131nda gizl\u0259n\u0259 bilm\u0259z - Az\u0259rbaycan Milli \u0130stiqlal Partiyas\u0131","isPartOf":{"@id":"https:\/\/amip.az\/az\/#website"},"primaryImageOfPage":{"@id":"https:\/\/amip.az\/2026\/02\/07\/hec-bir-cinay%c9%99t-zamanin-arxasinda-gizl%c9%99n%c9%99-bilm%c9%99z\/#primaryimage"},"image":{"@id":"https:\/\/amip.az\/2026\/02\/07\/hec-bir-cinay%c9%99t-zamanin-arxasinda-gizl%c9%99n%c9%99-bilm%c9%99z\/#primaryimage"},"thumbnailUrl":"https:\/\/amip.az\/wp-content\/uploads\/2025\/02\/arzuxan.jpg","datePublished":"2026-02-07T05:57:50+00:00","dateModified":"2026-02-07T05:57:54+00:00","breadcrumb":{"@id":"https:\/\/amip.az\/2026\/02\/07\/hec-bir-cinay%c9%99t-zamanin-arxasinda-gizl%c9%99n%c9%99-bilm%c9%99z\/#breadcrumb"},"inLanguage":"en-US","potentialAction":[{"@type":"ReadAction","target":["https:\/\/amip.az\/2026\/02\/07\/hec-bir-cinay%c9%99t-zamanin-arxasinda-gizl%c9%99n%c9%99-bilm%c9%99z\/"]}]},{"@type":"ImageObject","inLanguage":"en-US","@id":"https:\/\/amip.az\/2026\/02\/07\/hec-bir-cinay%c9%99t-zamanin-arxasinda-gizl%c9%99n%c9%99-bilm%c9%99z\/#primaryimage","url":"https:\/\/amip.az\/wp-content\/uploads\/2025\/02\/arzuxan.jpg","contentUrl":"https:\/\/amip.az\/wp-content\/uploads\/2025\/02\/arzuxan.jpg","width":1200,"height":800},{"@type":"BreadcrumbList","@id":"https:\/\/amip.az\/2026\/02\/07\/hec-bir-cinay%c9%99t-zamanin-arxasinda-gizl%c9%99n%c9%99-bilm%c9%99z\/#breadcrumb","itemListElement":[{"@type":"ListItem","position":1,"name":"Home","item":"https:\/\/amip.az\/"},{"@type":"ListItem","position":2,"name":"He\u00e7 bir cinay\u0259t zaman\u0131n arxas\u0131nda gizl\u0259n\u0259 bilm\u0259z"}]},{"@type":"WebSite","@id":"https:\/\/amip.az\/az\/#website","url":"https:\/\/amip.az\/az\/","name":"Az\u0259rbaycan Milli \u0130stiqlal Partiyas\u0131","description":"AM\u0130P","publisher":{"@id":"https:\/\/amip.az\/az\/#organization"},"potentialAction":[{"@type":"SearchAction","target":{"@type":"EntryPoint","urlTemplate":"https:\/\/amip.az\/az\/?s={search_term_string}"},"query-input":{"@type":"PropertyValueSpecification","valueRequired":true,"valueName":"search_term_string"}}],"inLanguage":"en-US"},{"@type":"Organization","@id":"https:\/\/amip.az\/az\/#organization","name":"Az\u0259rbaycan Milli \u0130stiqlal Partiyas\u0131","url":"https:\/\/amip.az\/az\/","logo":{"@type":"ImageObject","inLanguage":"en-US","@id":"https:\/\/amip.az\/az\/#\/schema\/logo\/image\/","url":"https:\/\/amip.az\/wp-content\/uploads\/2023\/06\/amiplogo.png","contentUrl":"https:\/\/amip.az\/wp-content\/uploads\/2023\/06\/amiplogo.png","width":723,"height":423,"caption":"Az\u0259rbaycan Milli \u0130stiqlal Partiyas\u0131"},"image":{"@id":"https:\/\/amip.az\/az\/#\/schema\/logo\/image\/"},"sameAs":["https:\/\/www.facebook.com\/istiqlal91","https:\/\/x.com\/APartiyas","https:\/\/www.youtube.com\/channel\/UCF3pc8spko_xON2sr4vUC5A"]},{"@type":"Person","@id":"https:\/\/amip.az\/az\/#\/schema\/person\/a7055ff0b4631c41849ee16f8ff51da7","name":"admin_amip","image":{"@type":"ImageObject","inLanguage":"en-US","@id":"https:\/\/amip.az\/az\/#\/schema\/person\/image\/","url":"https:\/\/secure.gravatar.com\/avatar\/6c3dc6902fd066c5a5d68c8f0038dcc56ec283faa7337f8e6b219cf7e7321d3f?s=96&d=mm&r=g","contentUrl":"https:\/\/secure.gravatar.com\/avatar\/6c3dc6902fd066c5a5d68c8f0038dcc56ec283faa7337f8e6b219cf7e7321d3f?s=96&d=mm&r=g","caption":"admin_amip"},"url":"https:\/\/amip.az\/en\/author\/admin_amip\/"}]}},"_links":{"self":[{"href":"https:\/\/amip.az\/en\/wp-json\/wp\/v2\/posts\/9965","targetHints":{"allow":["GET"]}}],"collection":[{"href":"https:\/\/amip.az\/en\/wp-json\/wp\/v2\/posts"}],"about":[{"href":"https:\/\/amip.az\/en\/wp-json\/wp\/v2\/types\/post"}],"author":[{"embeddable":true,"href":"https:\/\/amip.az\/en\/wp-json\/wp\/v2\/users\/2"}],"replies":[{"embeddable":true,"href":"https:\/\/amip.az\/en\/wp-json\/wp\/v2\/comments?post=9965"}],"version-history":[{"count":1,"href":"https:\/\/amip.az\/en\/wp-json\/wp\/v2\/posts\/9965\/revisions"}],"predecessor-version":[{"id":9966,"href":"https:\/\/amip.az\/en\/wp-json\/wp\/v2\/posts\/9965\/revisions\/9966"}],"wp:featuredmedia":[{"embeddable":true,"href":"https:\/\/amip.az\/en\/wp-json\/wp\/v2\/media\/7794"}],"wp:attachment":[{"href":"https:\/\/amip.az\/en\/wp-json\/wp\/v2\/media?parent=9965"}],"wp:term":[{"taxonomy":"category","embeddable":true,"href":"https:\/\/amip.az\/en\/wp-json\/wp\/v2\/categories?post=9965"},{"taxonomy":"post_tag","embeddable":true,"href":"https:\/\/amip.az\/en\/wp-json\/wp\/v2\/tags?post=9965"}],"curies":[{"name":"wp","href":"https:\/\/api.w.org\/{rel}","templated":true}]}}